{"id":2658,"date":"2009-04-19T08:00:24","date_gmt":"2009-04-19T14:00:24","guid":{"rendered":"http:\/\/quechilero.com\/blog\/?p=2658"},"modified":"2009-04-19T08:00:24","modified_gmt":"2009-04-19T14:00:24","slug":"en-memoria","status":"publish","type":"post","link":"https:\/\/quechilero.com\/blog\/2009\/04\/19\/en-memoria\/","title":{"rendered":"En memoria"},"content":{"rendered":"<p>En tanto tengas algo, en tanto tengas alguien, g\u00f3zalo con plenitud&#8230; Luego,  cuando deje de ser, con mente inteligente, aunque al principio duele, dalo de  baja en tu haber, y con amor conf\u00fandelo contigo mismo, dale vida en ti mismo&#8230;  por ti mismo&#8230; cont\u00e1giale la vida que t\u00fa tienes, evitando con ello, que su  ausencia, acabe con tu vida.<\/p>\n<p>Todo tiene su tiempo, s\u00f3lo el que ama es eterno, s\u00f3lo al que aman se vuelve  eternidad.<\/p>\n<p>En mi memoria y en mi nombre vivan su vida con valent\u00eda y con una  sonrisa.<\/p>\n","protected":false},"excerpt":{"rendered":"<p>En tanto tengas algo, en tanto tengas alguien, g\u00f3zalo con plenitud&#8230; Luego, cuando deje de ser, con mente inteligente, aunque al principio duele, dalo de baja en tu haber, y con amor conf\u00fandelo contigo mismo, dale vida en ti mismo&#8230; por ti mismo&#8230; cont\u00e1giale la vida que t\u00fa tienes, evitando con ello, que su ausencia, &#8230; <a title=\"En memoria\" class=\"read-more\" href=\"https:\/\/quechilero.com\/blog\/2009\/04\/19\/en-memoria\/\" aria-label=\"Leer m\u00e1s sobre En memoria\">Leer m\u00e1s<\/a><\/p>\n","protected":false},"author":1,"featured_media":0,"comment_status":"open","ping_status":"open","sticky":false,"template":"","format":"standard","meta":{"advanced_seo_description":"","jetpack_seo_html_title":"","jetpack_seo_noindex":false,"jetpack_seo_schema_type":"","episode_type":"","audio_file":"","podmotor_file_id":"","podmotor_episode_id":"","cover_image":"","cover_image_id":"","duration":"","filesize":"","filesize_raw":"","date_recorded":"","explicit":"","block":"","_jetpack_newsletter_access":"","_jetpack_dont_email_post_to_subs":false,"_jetpack_newsletter_tier_id":0,"_jetpack_memberships_contains_paywalled_content":false,"_jetpack_feature_clip_id":0,"_jetpack_memberships_contains_paid_content":false,"footnotes":"","jetpack_publicize_message":"","jetpack_publicize_feature_enabled":true,"jetpack_social_post_already_shared":false,"jetpack_social_options":{"image_generator_settings":{"template":"highway","default_image_id":0,"font":"","enabled":false},"version":2},"jetpack_post_was_ever_published":false},"categories":[2],"tags":[15,5,24],"series":[],"class_list":["post-2658","post","type-post","status-publish","format-standard","hentry","category-limones","tag-amor","tag-tiempo","tag-vida"],"episode_featured_image":false,"episode_player_image":"https:\/\/i0.wp.com\/quechilero.com\/blog\/imagenes\/podcast.png?fit=1831%2C1831&ssl=1","download_link":"","player_link":"","audio_player":false,"episode_data":{"playerMode":"dark","subscribeUrls":{"amazon":{"key":"amazon","url":"","label":"Amazon","class":"amazon","icon":"amazon.png"},"apple_podcasts":{"key":"apple_podcasts","url":"","label":"Apple Podcasts","class":"apple_podcasts","icon":"apple-podcasts.png"},"castbox":{"key":"castbox","url":"","label":"CastBox","class":"castbox","icon":"castbox.png"},"deezer":{"key":"deezer","url":"","label":"Deezer","class":"deezer","icon":"deezer.png"},"google_podcasts":{"key":"google_podcasts","url":"","label":"Google Podcasts","class":"google_podcasts","icon":"google-podcasts.png"},"listen_notes":{"key":"listen_notes","url":"","label":"Listen Notes","class":"listen_notes","icon":"listen-notes.png"},"pandora":{"key":"pandora","url":"","label":"Pandora","class":"pandora","icon":"pandora.png"},"podbean":{"key":"podbean","url":"","label":"Podbean","class":"podbean","icon":"podbean.png"},"podcast_republic":{"key":"podcast_republic","url":"","label":"Podcast Republic","class":"podcast_republic","icon":"podcast-republic.png"},"rss":{"key":"rss","url":"","label":"RSS","class":"rss","icon":"rss.png"},"spotify":{"key":"spotify","url":"","label":"Spotify","class":"spotify","icon":"spotify.png"},"stitcher":{"key":"stitcher","url":"","label":"Stitcher","class":"stitcher","icon":"stitcher.png"},"tunein":{"key":"tunein","url":"","label":"TuneIn","class":"tunein","icon":"tunein.png"},"youtube":{"key":"youtube","url":"","label":"YouTube","class":"youtube","icon":"youtube.png"},"iheartradio":{"key":"iheartradio","url":"","label":"iHeartRadio","class":"iheartradio","icon":"iheartradio.png"},"ivoox":{"key":"ivoox","url":"","label":"iVoox","class":"ivoox","icon":"ivoox.png"}},"rssFeedUrl":"https:\/\/quechilero.com\/blog\/feed\/podcast\/si-la-vida-nos-da-limones","embedCode":"<blockquote class=\"wp-embedded-content\" data-secret=\"txtH0HKf5R\"><a href=\"https:\/\/quechilero.com\/blog\/2009\/04\/19\/en-memoria\/\">En memoria<\/a><\/blockquote><iframe sandbox=\"allow-scripts\" security=\"restricted\" src=\"https:\/\/quechilero.com\/blog\/2009\/04\/19\/en-memoria\/embed\/#?secret=txtH0HKf5R\" width=\"500\" height=\"350\" title=\"\u00abEn memoria\u00bb \u2014 Si la Vida nos da Limones...\" data-secret=\"txtH0HKf5R\" frameborder=\"0\" marginwidth=\"0\" marginheight=\"0\" scrolling=\"no\" class=\"wp-embedded-content\"><\/iframe><script>\n\/*! This file is auto-generated *\/\n!function(d,l){\"use strict\";l.querySelector&&d.addEventListener&&\"undefined\"!=typeof URL&&(d.wp=d.wp||{},d.wp.receiveEmbedMessage||(d.wp.receiveEmbedMessage=function(e){var t=e.data;if((t||t.secret||t.message||t.value)&&!\/[^a-zA-Z0-9]\/.test(t.secret)){for(var s,r,n,a=l.querySelectorAll('iframe[data-secret=\"'+t.secret+'\"]'),o=l.querySelectorAll('blockquote[data-secret=\"'+t.secret+'\"]'),c=new RegExp(\"^https?:$\",\"i\"),i=0;i<o.length;i++)o[i].style.display=\"none\";for(i=0;i<a.length;i++)s=a[i],e.source===s.contentWindow&&(s.removeAttribute(\"style\"),\"height\"===t.message?(1e3<(r=parseInt(t.value,10))?r=1e3:~~r<200&&(r=200),s.height=r):\"link\"===t.message&&(r=new URL(s.getAttribute(\"src\")),n=new URL(t.value),c.test(n.protocol))&&n.host===r.host&&l.activeElement===s&&(d.top.location.href=t.value))}},d.addEventListener(\"message\",d.wp.receiveEmbedMessage,!1),l.addEventListener(\"DOMContentLoaded\",function(){for(var e,t,s=l.querySelectorAll(\"iframe.wp-embedded-content\"),r=0;r<s.length;r++)(t=(e=s[r]).getAttribute(\"data-secret\"))||(t=Math.random().toString(36).substring(2,12),e.src+=\"#?secret=\"+t,e.setAttribute(\"data-secret\",t)),e.contentWindow.postMessage({message:\"ready\",secret:t},\"*\")},!1)))}(window,document);\n\/\/# sourceURL=https:\/\/quechilero.com\/blog\/wp-includes\/js\/wp-embed.min.js\n<\/script>\n"},"jetpack_publicize_connections":[],"jetpack_shortlink":"https:\/\/wp.me\/pDKli-GS","jetpack_sharing_enabled":true,"jetpack-related-posts":[{"id":4853,"url":"https:\/\/quechilero.com\/blog\/2010\/06\/04\/oracion-2\/","url_meta":{"origin":2658,"position":0},"title":"Oraci\u00f3n","author":"Pepe Barrascout Ortiz","date":"4 junio 2010","format":false,"excerpt":"T\u00fa sabes, Se\u00f1or, que la persona que est\u00e1 leyendo esto es muy especial para m\u00ed. Por eso, mi Se\u00f1or, te pido para ella que derrames Tu gran Misericordia en su vida. Llena su coraz\u00f3n de Amor, de Paz y de Alegr\u00eda. Toca su mente, sus emociones, sus recuerdos... Elimina sus\u2026","rel":"","context":"En \u00abLimones\u00bb","block_context":{"text":"Limones","link":"https:\/\/quechilero.com\/blog\/category\/limones\/"},"img":{"alt_text":"","src":"","width":0,"height":0},"classes":[]},{"id":4248,"url":"https:\/\/quechilero.com\/blog\/2010\/01\/15\/senor-de-esquipulas-3\/","url_meta":{"origin":2658,"position":1},"title":"Se\u00f1or de Esquipulas","author":"Pepe Barrascout Ortiz","date":"15 enero 2010","format":false,"excerpt":"Se\u00f1or Jes\u00fas, creemos que est\u00e1s vivo y resucitado. Creemos que est\u00e1s realmente presente en el Sant\u00edsimo Sacramento del altar y en cada uno de nosotros. Te alabamos y te adoramos. Te damos gracias, Se\u00f1or, por venir hasta nosotros como pan vivo bajado del cielo. T\u00fa eres la plenitud de la\u2026","rel":"","context":"En \u00abLimones\u00bb","block_context":{"text":"Limones","link":"https:\/\/quechilero.com\/blog\/category\/limones\/"},"img":{"alt_text":"","src":"","width":0,"height":0},"classes":[]},{"id":7125,"url":"https:\/\/quechilero.com\/blog\/2011\/03\/04\/el-fin-de-la-pelea\/","url_meta":{"origin":2658,"position":2},"title":"El fin de la pelea","author":"Pepe Barrascout Ortiz","date":"4 marzo 2011","format":false,"excerpt":"El titular del peri\u00f3dico dec\u00eda: No Hay Fin al Ciclo de Venganza en el Medio Oriente. A ra\u00edz de bombardeos suicidas y represalias militares, el art\u00edculo hablaba de un hombre de 28 a\u00f1os consumido por la venganza de la muerte de su t\u00edo. \"Cuando matan a alguien a quien t\u00fa\u2026","rel":"","context":"En \u00abLimones\u00bb","block_context":{"text":"Limones","link":"https:\/\/quechilero.com\/blog\/category\/limones\/"},"img":{"alt_text":"","src":"","width":0,"height":0},"classes":[]},{"id":6708,"url":"https:\/\/quechilero.com\/blog\/2011\/01\/19\/adelanto-del-cielo\/","url_meta":{"origin":2658,"position":3},"title":"Adelanto del Cielo","author":"Pepe Barrascout Ortiz","date":"19 enero 2011","format":false,"excerpt":"Ocurri\u00f3 durante un mes de voluntariado en las vacaciones de verano. Cuando llegamos a Nairobi (Kenya) nos pregunt\u00e1bamos c\u00f3mo nosotros, inexpertos universitarios, podr\u00edamos ayudar en aquella \u00c1frica sucia, polvorienta y calurosa. Quiz\u00e1 arreglando tejados... pero no ten\u00edamos experiencia en construcci\u00f3n. Quiz\u00e1 pintando un colegio... pero no sab\u00edamos de pintura. Lo\u2026","rel":"","context":"En \u00abLimones\u00bb","block_context":{"text":"Limones","link":"https:\/\/quechilero.com\/blog\/category\/limones\/"},"img":{"alt_text":"","src":"","width":0,"height":0},"classes":[]},{"id":16758,"url":"https:\/\/quechilero.com\/blog\/2013\/06\/11\/aparcar-al-sol\/","url_meta":{"origin":2658,"position":4},"title":"Aparcar al sol","author":"Pepe Barrascout Ortiz","date":"11 junio 2013","format":false,"excerpt":"Verdaderamente, yo no camino largo tiempo sobre la tierra. Entre la eternidad que ha precedido a mi nacimiento y la eternidad que seguir\u00e1 a mi muerte, tengo justo el tiempo de aparcar sobre nuestro peque\u00f1o planeta. Tengo un \"disco horario\". No puedo modificar la duraci\u00f3n de una hora. Mi estancia\u2026","rel":"","context":"En \u00abLimones\u00bb","block_context":{"text":"Limones","link":"https:\/\/quechilero.com\/blog\/category\/limones\/"},"img":{"alt_text":"","src":"","width":0,"height":0},"classes":[]},{"id":3954,"url":"https:\/\/quechilero.com\/blog\/2009\/11\/14\/solo-el-amor-de-una-madre\/","url_meta":{"origin":2658,"position":5},"title":"S\u00f3lo el amor de una madre","author":"Pepe Barrascout Ortiz","date":"14 noviembre 2009","format":false,"excerpt":"S\u00f3lo el amor de una madre S\u00f3lo el amor de una Madre apoyar\u00e1, cuando todo el mundo deja de hacerlo. S\u00f3lo el amor de una Madre confiar\u00e1, cuando nadie otro cree. S\u00f3lo el amor de una Madre perdonar\u00e1, cuando ninguno otro entender\u00e1. S\u00f3lo el amor de una Madre honrar\u00e1, no\u2026","rel":"","context":"En \u00abLimones\u00bb","block_context":{"text":"Limones","link":"https:\/\/quechilero.com\/blog\/category\/limones\/"},"img":{"alt_text":"","src":"","width":0,"height":0},"classes":[]}],"jetpack_featured_media_url":"","_links":{"self":[{"href":"https:\/\/quechilero.com\/blog\/wp-json\/wp\/v2\/posts\/2658","targetHints":{"allow":["GET"]}}],"collection":[{"href":"https:\/\/quechilero.com\/blog\/wp-json\/wp\/v2\/posts"}],"about":[{"href":"https:\/\/quechilero.com\/blog\/wp-json\/wp\/v2\/types\/post"}],"author":[{"embeddable":true,"href":"https:\/\/quechilero.com\/blog\/wp-json\/wp\/v2\/users\/1"}],"replies":[{"embeddable":true,"href":"https:\/\/quechilero.com\/blog\/wp-json\/wp\/v2\/comments?post=2658"}],"version-history":[{"count":0,"href":"https:\/\/quechilero.com\/blog\/wp-json\/wp\/v2\/posts\/2658\/revisions"}],"wp:attachment":[{"href":"https:\/\/quechilero.com\/blog\/wp-json\/wp\/v2\/media?parent=2658"}],"wp:term":[{"taxonomy":"category","embeddable":true,"href":"https:\/\/quechilero.com\/blog\/wp-json\/wp\/v2\/categories?post=2658"},{"taxonomy":"post_tag","embeddable":true,"href":"https:\/\/quechilero.com\/blog\/wp-json\/wp\/v2\/tags?post=2658"},{"taxonomy":"series","embeddable":true,"href":"https:\/\/quechilero.com\/blog\/wp-json\/wp\/v2\/series?post=2658"}],"curies":[{"name":"wp","href":"https:\/\/api.w.org\/{rel}","templated":true}]}}