{"id":261,"date":"2006-09-30T07:17:27","date_gmt":"2006-09-30T13:17:27","guid":{"rendered":"http:\/\/quechilero.com\/blog\/2006\/09\/30\/el-senor-es-mi-pastor\/"},"modified":"2006-09-30T07:17:27","modified_gmt":"2006-09-30T13:17:27","slug":"el-senor-es-mi-pastor","status":"publish","type":"post","link":"https:\/\/quechilero.com\/blog\/2006\/09\/30\/el-senor-es-mi-pastor\/","title":{"rendered":"El Se\u00f1or es mi Pastor"},"content":{"rendered":"<p align=\"center\"><a target=\"new\" title=\"Photo Sharing\" href=\"http:\/\/www.flickr.com\/photos\/pepejaguar\/254081967\/\"><img data-recalc-dims=\"1\" loading=\"lazy\" decoding=\"async\" width=\"395\" height=\"500\" border=\"0\" alt=\"Jes\u00fas el Buen Pastor\" src=\"https:\/\/i0.wp.com\/static.flickr.com\/118\/254081967_566cb58e0b.jpg?resize=395%2C500\" \/><\/a><\/p>\n<p align=\"center\">El Se\u00f1or es mi Pastor; nada me faltar\u00e1.<br \/>\nEn lugares de delicados pastos me har\u00e1 descansar;<br \/>\njunto a aguas de reposo me pastorear\u00e1.<\/p>\n<p align=\"center\">Confortar\u00e1                 mi alma; me guiar\u00e1 por sendas<br \/>\nde justicia por amor de su nombre.<\/p>\n<p align=\"center\">Aunque                 ande en valle de sombra de muerte,<br \/>\nno temer\u00e9 mal alguno, porque T\u00fa estar\u00e1s conmigo;<br \/>\ntu vara y tu cayado me infundir\u00e1n aliento.<\/p>\n<p align=\"center\">Aderezas                 mesa delante de m\u00ed en presencia<br \/>\nde mis angustiadores; unges mi cabeza con<br \/>\naceite; mi copa est\u00e1 rebosando.<\/p>\n<p align=\"center\">Ciertamente                 el bien y la misericordia me<br \/>\nseguir\u00e1n todos los d\u00edas de mi vida, y en la<br \/>\ncasa del Se\u00f1or morar\u00e9 por largos d\u00edas.<\/p>\n<p align=\"center\"><strong>SALMO                 23<\/strong><\/p>\n<p>Muchos conocen el Salmo del Pastor, pero no todos conocen al Pastor del Salmo. \u00abYo soy el buen Pastor; el buen Pastor su vida da por las ovejas\u00bb (Jn.10:11)  \u00c9l conoce cada una de sus ovejas por nombre y \u00e9stas le siguen porque conocen Su voz. \u00abMis ovejas oyen mi voz, y Yo las conozco y me siguen,  y Yo les doy vida eterna; y no perecer\u00e1n jam\u00e1s, ni nadie las arrebatar\u00e1 de mi mano.\u00bb (Jn.10:27-28) El que le sigue jam\u00e1s se extraviar\u00e1; al extra\u00f1o no seguir\u00e1 porque no conoce la voz de los extra\u00f1os; solo conoce la voz de su Pastor. \u00a1Que bueno saber que porque \u00c9l es mi Pastor &#8230; Nada me faltar\u00e1!<\/p>\n<p>Nada mejor que empezar esta nueva etapa, con unas palabaras de aliento de nuestro Se\u00f1or el buen pastor, el que me gu\u00eda, el que me protege, el que me conforta, el que me cuida.<\/p>\n","protected":false},"excerpt":{"rendered":"<p>El Se\u00f1or es mi Pastor; nada me faltar\u00e1. En lugares de delicados pastos me har\u00e1 descansar; junto a aguas de reposo me pastorear\u00e1. Confortar\u00e1 mi alma; me guiar\u00e1 por sendas de justicia por amor de su nombre. Aunque ande en valle de sombra de muerte, no temer\u00e9 mal alguno, porque T\u00fa estar\u00e1s conmigo; tu vara &#8230; <a title=\"El Se\u00f1or es mi Pastor\" class=\"read-more\" href=\"https:\/\/quechilero.com\/blog\/2006\/09\/30\/el-senor-es-mi-pastor\/\" aria-label=\"Leer m\u00e1s sobre El Se\u00f1or es mi Pastor\">Leer m\u00e1s<\/a><\/p>\n","protected":false},"author":1,"featured_media":0,"comment_status":"open","ping_status":"open","sticky":false,"template":"","format":"standard","meta":{"advanced_seo_description":"","jetpack_seo_html_title":"","jetpack_seo_noindex":false,"jetpack_seo_schema_type":"","episode_type":"","audio_file":"","podmotor_file_id":"","podmotor_episode_id":"","cover_image":"","cover_image_id":"","duration":"","filesize":"","filesize_raw":"","date_recorded":"","explicit":"","block":"","_jetpack_newsletter_access":"","_jetpack_dont_email_post_to_subs":false,"_jetpack_newsletter_tier_id":0,"_jetpack_memberships_contains_paywalled_content":false,"_jetpack_feature_clip_id":0,"_jetpack_memberships_contains_paid_content":false,"footnotes":"","jetpack_publicize_message":"","jetpack_publicize_feature_enabled":true,"jetpack_social_post_already_shared":false,"jetpack_social_options":{"image_generator_settings":{"template":"highway","default_image_id":0,"font":"","enabled":false},"version":2},"jetpack_post_was_ever_published":false},"categories":[2],"tags":[15,74,50,24],"series":[],"class_list":["post-261","post","type-post","status-publish","format-standard","hentry","category-limones","tag-amor","tag-jesus","tag-muerte","tag-vida"],"episode_featured_image":false,"episode_player_image":"https:\/\/i0.wp.com\/quechilero.com\/blog\/imagenes\/podcast.png?fit=1831%2C1831&ssl=1","download_link":"","player_link":"","audio_player":false,"episode_data":{"playerMode":"dark","subscribeUrls":{"amazon":{"key":"amazon","url":"","label":"Amazon","class":"amazon","icon":"amazon.png"},"apple_podcasts":{"key":"apple_podcasts","url":"","label":"Apple Podcasts","class":"apple_podcasts","icon":"apple-podcasts.png"},"castbox":{"key":"castbox","url":"","label":"CastBox","class":"castbox","icon":"castbox.png"},"deezer":{"key":"deezer","url":"","label":"Deezer","class":"deezer","icon":"deezer.png"},"google_podcasts":{"key":"google_podcasts","url":"","label":"Google Podcasts","class":"google_podcasts","icon":"google-podcasts.png"},"listen_notes":{"key":"listen_notes","url":"","label":"Listen Notes","class":"listen_notes","icon":"listen-notes.png"},"pandora":{"key":"pandora","url":"","label":"Pandora","class":"pandora","icon":"pandora.png"},"podbean":{"key":"podbean","url":"","label":"Podbean","class":"podbean","icon":"podbean.png"},"podcast_republic":{"key":"podcast_republic","url":"","label":"Podcast Republic","class":"podcast_republic","icon":"podcast-republic.png"},"rss":{"key":"rss","url":"","label":"RSS","class":"rss","icon":"rss.png"},"spotify":{"key":"spotify","url":"","label":"Spotify","class":"spotify","icon":"spotify.png"},"stitcher":{"key":"stitcher","url":"","label":"Stitcher","class":"stitcher","icon":"stitcher.png"},"tunein":{"key":"tunein","url":"","label":"TuneIn","class":"tunein","icon":"tunein.png"},"youtube":{"key":"youtube","url":"","label":"YouTube","class":"youtube","icon":"youtube.png"},"iheartradio":{"key":"iheartradio","url":"","label":"iHeartRadio","class":"iheartradio","icon":"iheartradio.png"},"ivoox":{"key":"ivoox","url":"","label":"iVoox","class":"ivoox","icon":"ivoox.png"}},"rssFeedUrl":"https:\/\/quechilero.com\/blog\/feed\/podcast\/si-la-vida-nos-da-limones","embedCode":"<blockquote class=\"wp-embedded-content\" data-secret=\"StEUmP0aqy\"><a href=\"https:\/\/quechilero.com\/blog\/2006\/09\/30\/el-senor-es-mi-pastor\/\">El Se\u00f1or es mi Pastor<\/a><\/blockquote><iframe sandbox=\"allow-scripts\" security=\"restricted\" src=\"https:\/\/quechilero.com\/blog\/2006\/09\/30\/el-senor-es-mi-pastor\/embed\/#?secret=StEUmP0aqy\" width=\"500\" height=\"350\" title=\"\u00abEl Se\u00f1or es mi Pastor\u00bb \u2014 Si la Vida nos da Limones...\" data-secret=\"StEUmP0aqy\" frameborder=\"0\" marginwidth=\"0\" marginheight=\"0\" scrolling=\"no\" class=\"wp-embedded-content\"><\/iframe><script>\n\/*! This file is auto-generated *\/\n!function(d,l){\"use strict\";l.querySelector&&d.addEventListener&&\"undefined\"!=typeof URL&&(d.wp=d.wp||{},d.wp.receiveEmbedMessage||(d.wp.receiveEmbedMessage=function(e){var t=e.data;if((t||t.secret||t.message||t.value)&&!\/[^a-zA-Z0-9]\/.test(t.secret)){for(var s,r,n,a=l.querySelectorAll('iframe[data-secret=\"'+t.secret+'\"]'),o=l.querySelectorAll('blockquote[data-secret=\"'+t.secret+'\"]'),c=new RegExp(\"^https?:$\",\"i\"),i=0;i<o.length;i++)o[i].style.display=\"none\";for(i=0;i<a.length;i++)s=a[i],e.source===s.contentWindow&&(s.removeAttribute(\"style\"),\"height\"===t.message?(1e3<(r=parseInt(t.value,10))?r=1e3:~~r<200&&(r=200),s.height=r):\"link\"===t.message&&(r=new URL(s.getAttribute(\"src\")),n=new URL(t.value),c.test(n.protocol))&&n.host===r.host&&l.activeElement===s&&(d.top.location.href=t.value))}},d.addEventListener(\"message\",d.wp.receiveEmbedMessage,!1),l.addEventListener(\"DOMContentLoaded\",function(){for(var e,t,s=l.querySelectorAll(\"iframe.wp-embedded-content\"),r=0;r<s.length;r++)(t=(e=s[r]).getAttribute(\"data-secret\"))||(t=Math.random().toString(36).substring(2,12),e.src+=\"#?secret=\"+t,e.setAttribute(\"data-secret\",t)),e.contentWindow.postMessage({message:\"ready\",secret:t},\"*\")},!1)))}(window,document);\n\/\/# sourceURL=https:\/\/quechilero.com\/blog\/wp-includes\/js\/wp-embed.min.js\n<\/script>\n"},"jetpack_publicize_connections":[],"jetpack_shortlink":"https:\/\/wp.me\/pDKli-4d","jetpack_sharing_enabled":true,"jetpack-related-posts":[{"id":920,"url":"https:\/\/quechilero.com\/blog\/2008\/04\/02\/dos-salmos-23\/","url_meta":{"origin":261,"position":0},"title":"Dos Salmos 23","author":"Pepe Barrascout Ortiz","date":"2 abril 2008","format":false,"excerpt":"En la vida hay dos tipos de personas y cada uno de estos tipos expresan su estilo de vida a trav\u00e9s de un Salmo. Un Salmo es una expresi\u00f3n del alma que revela lo que impera en lo rec\u00f3ndito del alma. Quiero presentarte los dos tipos de personas y podr\u00e1s\u2026","rel":"","context":"En \u00abLimones\u00bb","block_context":{"text":"Limones","link":"https:\/\/quechilero.com\/blog\/category\/limones\/"},"img":{"alt_text":"","src":"","width":0,"height":0},"classes":[]},{"id":12811,"url":"https:\/\/quechilero.com\/blog\/2012\/03\/18\/que-tenga-un-muy-buen-dia\/","url_meta":{"origin":261,"position":1},"title":"\u00a1Que tenga un muy buen d\u00eda!","author":"Pepe Barrascout Ortiz","date":"18 marzo 2012","format":false,"excerpt":"Un d\u00eda me encontraba en la fila de una tienda de provisiones detr\u00e1s de un hombre que estaba pagando su compra. Cuando termin\u00f3, el empleado lo despidi\u00f3 diciendo alegremente: \"\u00a1Que tenga muy buen d\u00eda!\" Para sorpresa del empleado (y m\u00eda tambi\u00e9n), el hombre explot\u00f3 en ira: \"\u00c9ste es uno de\u2026","rel":"","context":"En \u00abLimones\u00bb","block_context":{"text":"Limones","link":"https:\/\/quechilero.com\/blog\/category\/limones\/"},"img":{"alt_text":"","src":"","width":0,"height":0},"classes":[]},{"id":21503,"url":"https:\/\/quechilero.com\/blog\/2015\/08\/24\/a-salvo-en-casa\/","url_meta":{"origin":261,"position":2},"title":"\u00a1A salvo en casa!","author":"Pepe Barrascout Ortiz","date":"24 agosto 2015","format":false,"excerpt":"En Portugal, un misionero ingl\u00e9s llamado Eric Barker sirvi\u00f3 al Se\u00f1or por m\u00e1s de 50 a\u00f1os. Durante la Segunda Guerra Mundial la situaci\u00f3n era tan cr\u00edtica que fue aconsejado a que enviara a su esposa y sus ocho hijos a Inglaterra para que estuvieran m\u00e1s seguros. Tambi\u00e9n su hermana y\u2026","rel":"","context":"En \u00abLimones\u00bb","block_context":{"text":"Limones","link":"https:\/\/quechilero.com\/blog\/category\/limones\/"},"img":{"alt_text":"","src":"","width":0,"height":0},"classes":[]},{"id":232,"url":"https:\/\/quechilero.com\/blog\/2006\/09\/27\/la-prision-de-la-necesidad\/","url_meta":{"origin":261,"position":3},"title":"La Prisi\u00f3n de la Necesidad","author":"Pepe Barrascout Ortiz","date":"27 septiembre 2006","format":false,"excerpt":"La prisi\u00f3n de la necesidad. \u00bfHa visto sus prisioneros? Tienen \"necesidad\". Siempre necesitan algo... Quieren algo m\u00e1s grande... M\u00e1s hermoso... M\u00e1s r\u00e1pido... M\u00e1s delgado. Necesitan. No es mucho lo que necesitan. S\u00f3lo quieren una cosa: Un nuevo trabajo.... Un nuevo autom\u00f3vil... Una nueva casa... Una nueva esposa... No quieren mucho..\u2026","rel":"","context":"En \u00abLimones\u00bb","block_context":{"text":"Limones","link":"https:\/\/quechilero.com\/blog\/category\/limones\/"},"img":{"alt_text":"","src":"","width":0,"height":0},"classes":[]},{"id":21572,"url":"https:\/\/quechilero.com\/blog\/2015\/09\/08\/una-casa-mejor\/","url_meta":{"origin":261,"position":4},"title":"Una casa mejor","author":"Pepe Barrascout Ortiz","date":"8 septiembre 2015","format":false,"excerpt":"Un viejo predicador, secretamente hab\u00eda temido siempre a la muerte, por lo que carec\u00eda del poder alentador para consolar a aquellos que afrontaban el paso a la eternidad. Un d\u00eda se mud\u00f3 de aquel sitio en que hab\u00eda ejercido el pastor por tan largo tiempo. Pero cuando todos sus bienes\u2026","rel":"","context":"En \u00abLimones\u00bb","block_context":{"text":"Limones","link":"https:\/\/quechilero.com\/blog\/category\/limones\/"},"img":{"alt_text":"","src":"","width":0,"height":0},"classes":[]},{"id":12450,"url":"https:\/\/quechilero.com\/blog\/2012\/06\/18\/epifania-del-senor\/","url_meta":{"origin":261,"position":5},"title":"Epifan\u00eda del Se\u00f1or","author":"Pepe Barrascout Ortiz","date":"18 junio 2012","format":false,"excerpt":"Con los pastores pas\u00f3 hace unos d\u00edas un acontecimiento extra\u00f1o que result\u00f3 bien. Cuidaban sus reba\u00f1os cumpliendo su rudo oficio cuando vieron una tan extra\u00f1a como clara visi\u00f3n de \u00e1ngeles que les dec\u00edan cosas al principio incomprensibles y al poco rato comprobadas. S\u00ed, all\u00ed, en una casucha, estaba el Ni\u00f1o\u2026","rel":"","context":"En \u00abLimones\u00bb","block_context":{"text":"Limones","link":"https:\/\/quechilero.com\/blog\/category\/limones\/"},"img":{"alt_text":"","src":"","width":0,"height":0},"classes":[]}],"jetpack_featured_media_url":"","_links":{"self":[{"href":"https:\/\/quechilero.com\/blog\/wp-json\/wp\/v2\/posts\/261","targetHints":{"allow":["GET"]}}],"collection":[{"href":"https:\/\/quechilero.com\/blog\/wp-json\/wp\/v2\/posts"}],"about":[{"href":"https:\/\/quechilero.com\/blog\/wp-json\/wp\/v2\/types\/post"}],"author":[{"embeddable":true,"href":"https:\/\/quechilero.com\/blog\/wp-json\/wp\/v2\/users\/1"}],"replies":[{"embeddable":true,"href":"https:\/\/quechilero.com\/blog\/wp-json\/wp\/v2\/comments?post=261"}],"version-history":[{"count":0,"href":"https:\/\/quechilero.com\/blog\/wp-json\/wp\/v2\/posts\/261\/revisions"}],"wp:attachment":[{"href":"https:\/\/quechilero.com\/blog\/wp-json\/wp\/v2\/media?parent=261"}],"wp:term":[{"taxonomy":"category","embeddable":true,"href":"https:\/\/quechilero.com\/blog\/wp-json\/wp\/v2\/categories?post=261"},{"taxonomy":"post_tag","embeddable":true,"href":"https:\/\/quechilero.com\/blog\/wp-json\/wp\/v2\/tags?post=261"},{"taxonomy":"series","embeddable":true,"href":"https:\/\/quechilero.com\/blog\/wp-json\/wp\/v2\/series?post=261"}],"curies":[{"name":"wp","href":"https:\/\/api.w.org\/{rel}","templated":true}]}}