{"id":2608,"date":"2009-04-01T08:00:17","date_gmt":"2009-04-01T14:00:17","guid":{"rendered":"http:\/\/quechilero.com\/blog\/?p=2608"},"modified":"2009-04-01T08:00:17","modified_gmt":"2009-04-01T14:00:17","slug":"hablar-bien","status":"publish","type":"post","link":"https:\/\/quechilero.com\/blog\/2009\/04\/01\/hablar-bien\/","title":{"rendered":"Hablar bien"},"content":{"rendered":"<p>Se cuenta que alguien le dijo a Jacinto Benavente:<\/p>\n<p>&#8211; <em>Usted, don Jacinto, siempre habla bien de Valle-Incl\u00e1n, y en cambio \u00e9l  siempre habla mal de usted.<\/em><\/p>\n<p>&#8211; <em>Tal vez los dos estemos equivocados -contest\u00f3 Benavente.<\/em><\/p>\n","protected":false},"excerpt":{"rendered":"<p>Se cuenta que alguien le dijo a Jacinto Benavente: &#8211; Usted, don Jacinto, siempre habla bien de Valle-Incl\u00e1n, y en cambio \u00e9l siempre habla mal de usted. &#8211; Tal vez los dos estemos equivocados -contest\u00f3 Benavente.<\/p>\n","protected":false},"author":1,"featured_media":0,"comment_status":"open","ping_status":"open","sticky":false,"template":"","format":"standard","meta":{"advanced_seo_description":"","jetpack_seo_html_title":"","jetpack_seo_noindex":false,"jetpack_seo_schema_type":"","episode_type":"","audio_file":"","podmotor_file_id":"","podmotor_episode_id":"","cover_image":"","cover_image_id":"","duration":"","filesize":"","filesize_raw":"","date_recorded":"","explicit":"","block":"","_jetpack_newsletter_access":"","_jetpack_dont_email_post_to_subs":false,"_jetpack_newsletter_tier_id":0,"_jetpack_memberships_contains_paywalled_content":false,"_jetpack_feature_clip_id":0,"_jetpack_memberships_contains_paid_content":false,"footnotes":"","jetpack_publicize_message":"","jetpack_publicize_feature_enabled":true,"jetpack_social_post_already_shared":false,"jetpack_social_options":{"image_generator_settings":{"template":"highway","default_image_id":0,"font":"","enabled":false},"version":2},"jetpack_post_was_ever_published":false},"categories":[2],"tags":[],"series":[],"class_list":["post-2608","post","type-post","status-publish","format-standard","hentry","category-limones"],"episode_featured_image":false,"episode_player_image":"https:\/\/i0.wp.com\/quechilero.com\/blog\/imagenes\/podcast.png?fit=1831%2C1831&ssl=1","download_link":"","player_link":"","audio_player":false,"episode_data":{"playerMode":"dark","subscribeUrls":{"amazon":{"key":"amazon","url":"","label":"Amazon","class":"amazon","icon":"amazon.png"},"apple_podcasts":{"key":"apple_podcasts","url":"","label":"Apple Podcasts","class":"apple_podcasts","icon":"apple-podcasts.png"},"castbox":{"key":"castbox","url":"","label":"CastBox","class":"castbox","icon":"castbox.png"},"deezer":{"key":"deezer","url":"","label":"Deezer","class":"deezer","icon":"deezer.png"},"google_podcasts":{"key":"google_podcasts","url":"","label":"Google Podcasts","class":"google_podcasts","icon":"google-podcasts.png"},"listen_notes":{"key":"listen_notes","url":"","label":"Listen Notes","class":"listen_notes","icon":"listen-notes.png"},"pandora":{"key":"pandora","url":"","label":"Pandora","class":"pandora","icon":"pandora.png"},"podbean":{"key":"podbean","url":"","label":"Podbean","class":"podbean","icon":"podbean.png"},"podcast_republic":{"key":"podcast_republic","url":"","label":"Podcast Republic","class":"podcast_republic","icon":"podcast-republic.png"},"rss":{"key":"rss","url":"","label":"RSS","class":"rss","icon":"rss.png"},"spotify":{"key":"spotify","url":"","label":"Spotify","class":"spotify","icon":"spotify.png"},"stitcher":{"key":"stitcher","url":"","label":"Stitcher","class":"stitcher","icon":"stitcher.png"},"tunein":{"key":"tunein","url":"","label":"TuneIn","class":"tunein","icon":"tunein.png"},"youtube":{"key":"youtube","url":"","label":"YouTube","class":"youtube","icon":"youtube.png"},"iheartradio":{"key":"iheartradio","url":"","label":"iHeartRadio","class":"iheartradio","icon":"iheartradio.png"},"ivoox":{"key":"ivoox","url":"","label":"iVoox","class":"ivoox","icon":"ivoox.png"}},"rssFeedUrl":"https:\/\/quechilero.com\/blog\/feed\/podcast\/si-la-vida-nos-da-limones","embedCode":"<blockquote class=\"wp-embedded-content\" data-secret=\"u63Ss3DQRr\"><a href=\"https:\/\/quechilero.com\/blog\/2009\/04\/01\/hablar-bien\/\">Hablar bien<\/a><\/blockquote><iframe sandbox=\"allow-scripts\" security=\"restricted\" src=\"https:\/\/quechilero.com\/blog\/2009\/04\/01\/hablar-bien\/embed\/#?secret=u63Ss3DQRr\" width=\"500\" height=\"350\" title=\"\u00abHablar bien\u00bb \u2014 Si la Vida nos da Limones...\" data-secret=\"u63Ss3DQRr\" frameborder=\"0\" marginwidth=\"0\" marginheight=\"0\" scrolling=\"no\" class=\"wp-embedded-content\"><\/iframe><script>\n\/*! This file is auto-generated *\/\n!function(d,l){\"use strict\";l.querySelector&&d.addEventListener&&\"undefined\"!=typeof URL&&(d.wp=d.wp||{},d.wp.receiveEmbedMessage||(d.wp.receiveEmbedMessage=function(e){var t=e.data;if((t||t.secret||t.message||t.value)&&!\/[^a-zA-Z0-9]\/.test(t.secret)){for(var s,r,n,a=l.querySelectorAll('iframe[data-secret=\"'+t.secret+'\"]'),o=l.querySelectorAll('blockquote[data-secret=\"'+t.secret+'\"]'),c=new RegExp(\"^https?:$\",\"i\"),i=0;i<o.length;i++)o[i].style.display=\"none\";for(i=0;i<a.length;i++)s=a[i],e.source===s.contentWindow&&(s.removeAttribute(\"style\"),\"height\"===t.message?(1e3<(r=parseInt(t.value,10))?r=1e3:~~r<200&&(r=200),s.height=r):\"link\"===t.message&&(r=new URL(s.getAttribute(\"src\")),n=new URL(t.value),c.test(n.protocol))&&n.host===r.host&&l.activeElement===s&&(d.top.location.href=t.value))}},d.addEventListener(\"message\",d.wp.receiveEmbedMessage,!1),l.addEventListener(\"DOMContentLoaded\",function(){for(var e,t,s=l.querySelectorAll(\"iframe.wp-embedded-content\"),r=0;r<s.length;r++)(t=(e=s[r]).getAttribute(\"data-secret\"))||(t=Math.random().toString(36).substring(2,12),e.src+=\"#?secret=\"+t,e.setAttribute(\"data-secret\",t)),e.contentWindow.postMessage({message:\"ready\",secret:t},\"*\")},!1)))}(window,document);\n\/\/# sourceURL=https:\/\/quechilero.com\/blog\/wp-includes\/js\/wp-embed.min.js\n<\/script>\n"},"jetpack_publicize_connections":[],"jetpack_shortlink":"https:\/\/wp.me\/pDKli-G4","jetpack_sharing_enabled":true,"jetpack-related-posts":[{"id":2104,"url":"https:\/\/quechilero.com\/blog\/2009\/02\/20\/limonada-73\/","url_meta":{"origin":2608,"position":0},"title":"Limonada # 73","author":"Pepe Barrascout Ortiz","date":"20 febrero 2009","format":false,"excerpt":"El verdadero amor no se conoce por lo que exige, sino por lo que ofrece. Jacinto Benavente","rel":"","context":"En \u00abLimonadas\u00bb","block_context":{"text":"Limonadas","link":"https:\/\/quechilero.com\/blog\/category\/limonadas\/"},"img":{"alt_text":"Libros","src":"https:\/\/i0.wp.com\/static.flickr.com\/57\/216091344_c2ca864164_m.jpg?resize=350%2C200","width":350,"height":200},"classes":[]},{"id":19678,"url":"https:\/\/quechilero.com\/blog\/2015\/01\/23\/el-mensaje-de-fatima-es-un-llamado-la-conversion\/","url_meta":{"origin":2608,"position":1},"title":"El mensaje de F\u00e1tima es un llamado a la conversi\u00f3n","author":"Pepe Barrascout Ortiz","date":"23 enero 2015","format":false,"excerpt":"La meta \u00faltima del hombre es el Cielo, su verdadera casa donde el Padre Celeste, en su amor misericordioso, por todos espera. Dios no quiere que nadie se pierda, por eso hace dos mil a\u00f1os mand\u00f3 a la tierra a su hijo \"buscar y salvar lo que estaba perdido\" (Lc\u2026","rel":"","context":"En \u00abLimones\u00bb","block_context":{"text":"Limones","link":"https:\/\/quechilero.com\/blog\/category\/limones\/"},"img":{"alt_text":"","src":"","width":0,"height":0},"classes":[]},{"id":19644,"url":"https:\/\/quechilero.com\/blog\/2015\/01\/06\/no-hay-acepcion-de-personas\/","url_meta":{"origin":2608,"position":2},"title":"No hay acepci\u00f3n de personas","author":"Pepe Barrascout Ortiz","date":"6 enero 2015","format":false,"excerpt":"Cierto pastor dijo que en su congregaci\u00f3n hab\u00eda un hombre muy rico, que si \u00e9ste hubiera sido pobre \u00e9l le habr\u00eda hablado acerca de la salvaci\u00f3n de su alma, pero que \u00e9l como pastor cre\u00eda que ser\u00eda presuntuoso hablarle de eso a dicho rico. Un d\u00eda uno de los miembros\u2026","rel":"","context":"En \u00abLimones\u00bb","block_context":{"text":"Limones","link":"https:\/\/quechilero.com\/blog\/category\/limones\/"},"img":{"alt_text":"","src":"","width":0,"height":0},"classes":[]},{"id":865,"url":"https:\/\/quechilero.com\/blog\/2008\/02\/12\/cuaresma-evangelio-del-dia-12-feb-08\/","url_meta":{"origin":2608,"position":3},"title":"Cuaresma &#8211; Evangelio 12 feb 08","author":"Pepe Barrascout Ortiz","date":"12 febrero 2008","format":false,"excerpt":"Evangelio seg\u00fan San Mateo 6,7-15. Cuando oren, no hablen mucho, como hacen los paganos: ellos creen que por mucho hablar ser\u00e1n escuchados. No hagan como ellos, porque el Padre que est\u00e1 en el cielo sabe bien qu\u00e9 es lo que les hace falta, antes de que se lo pidan. Ustedes\u2026","rel":"","context":"En \u00abLimones\u00bb","block_context":{"text":"Limones","link":"https:\/\/quechilero.com\/blog\/category\/limones\/"},"img":{"alt_text":"","src":"","width":0,"height":0},"classes":[]},{"id":4324,"url":"https:\/\/quechilero.com\/blog\/2010\/02\/09\/por-si-acaso\/","url_meta":{"origin":2608,"position":4},"title":"Por si acaso","author":"Pepe Barrascout Ortiz","date":"9 febrero 2010","format":false,"excerpt":"Un anciano est\u00e1 haciendo cola para subir al autob\u00fas y un joven que est\u00e1 detr\u00e1s de \u00e9l, le pregunta: - \"Perdone, \u00bftiene fuego?\" - \"\u00a1No!\" -le contesta algo enfadado el anciano. El joven piensa: \"No me muerdas\", y pide fuego a otra persona. Unos minutos m\u00e1s tarde, el anciano que\u2026","rel":"","context":"En \u00abLimones\u00bb","block_context":{"text":"Limones","link":"https:\/\/quechilero.com\/blog\/category\/limones\/"},"img":{"alt_text":"","src":"","width":0,"height":0},"classes":[]},{"id":19917,"url":"https:\/\/quechilero.com\/blog\/2015\/03\/11\/cinco-maneras-de-percibir-la-honradez\/","url_meta":{"origin":2608,"position":5},"title":"Cinco maneras de percibir la honradez","author":"Pepe Barrascout Ortiz","date":"11 marzo 2015","format":false,"excerpt":"\u00a1Felicitaciones! Usted est\u00e1 leyendo esto porque cree que la honradez es la mejor manera de estar en la vida y tiene toda la raz\u00f3n. Orienta su vida con la honradez como un par\u00e1metro de comportamiento y as\u00ed mismo desea que sean sus v\u00ednculos tanto personales como de negocios. \u00bfPor qu\u00e9\u2026","rel":"","context":"En \u00abLimones\u00bb","block_context":{"text":"Limones","link":"https:\/\/quechilero.com\/blog\/category\/limones\/"},"img":{"alt_text":"","src":"","width":0,"height":0},"classes":[]}],"jetpack_featured_media_url":"","_links":{"self":[{"href":"https:\/\/quechilero.com\/blog\/wp-json\/wp\/v2\/posts\/2608","targetHints":{"allow":["GET"]}}],"collection":[{"href":"https:\/\/quechilero.com\/blog\/wp-json\/wp\/v2\/posts"}],"about":[{"href":"https:\/\/quechilero.com\/blog\/wp-json\/wp\/v2\/types\/post"}],"author":[{"embeddable":true,"href":"https:\/\/quechilero.com\/blog\/wp-json\/wp\/v2\/users\/1"}],"replies":[{"embeddable":true,"href":"https:\/\/quechilero.com\/blog\/wp-json\/wp\/v2\/comments?post=2608"}],"version-history":[{"count":0,"href":"https:\/\/quechilero.com\/blog\/wp-json\/wp\/v2\/posts\/2608\/revisions"}],"wp:attachment":[{"href":"https:\/\/quechilero.com\/blog\/wp-json\/wp\/v2\/media?parent=2608"}],"wp:term":[{"taxonomy":"category","embeddable":true,"href":"https:\/\/quechilero.com\/blog\/wp-json\/wp\/v2\/categories?post=2608"},{"taxonomy":"post_tag","embeddable":true,"href":"https:\/\/quechilero.com\/blog\/wp-json\/wp\/v2\/tags?post=2608"},{"taxonomy":"series","embeddable":true,"href":"https:\/\/quechilero.com\/blog\/wp-json\/wp\/v2\/series?post=2608"}],"curies":[{"name":"wp","href":"https:\/\/api.w.org\/{rel}","templated":true}]}}