{"id":2603,"date":"2009-03-29T08:00:24","date_gmt":"2009-03-29T14:00:24","guid":{"rendered":"http:\/\/quechilero.com\/blog\/?p=2603"},"modified":"2009-03-29T08:00:24","modified_gmt":"2009-03-29T14:00:24","slug":"el-labrador-y-sus-hijos","status":"publish","type":"post","link":"https:\/\/quechilero.com\/blog\/2009\/03\/29\/el-labrador-y-sus-hijos\/","title":{"rendered":"El labrador y sus hijos"},"content":{"rendered":"<p>Un labrador anciano, que se sinti\u00f3 morir, deseaba que sus hijos no se  ocupasen m\u00e1s que de la agricultura; y para inculcarles con eficacia este  precepto, les llam\u00f3 a su lado y les dijo:<\/p>\n<p>&#8211; <em>Es llegada, \u00a1oh hijos m\u00edos!, la hora de mi muerte. Buscad en la vi\u00f1a y  encontrar\u00e9is cuanto he guardado en toda una vida de trabajo.<\/em><\/p>\n<p>Los hijos, creyendo que estar\u00eda escondido un tesoro en la vi\u00f1a, comenzaron a  cavar en todas las direcciones, derramando abundante sudor de sus frentes. Nada  obtuvieron, sin embargo, que se pareciese a un tesoro; pero como hab\u00edan removido  con tanta diligencia la tierra, aquel a\u00f1o apenas les cupieron las uvas en el  lagar.<\/p>\n<p><strong><em>Esopo<\/em><\/strong><\/p>\n","protected":false},"excerpt":{"rendered":"<p>Un labrador anciano, que se sinti\u00f3 morir, deseaba que sus hijos no se ocupasen m\u00e1s que de la agricultura; y para inculcarles con eficacia este precepto, les llam\u00f3 a su lado y les dijo: &#8211; Es llegada, \u00a1oh hijos m\u00edos!, la hora de mi muerte. Buscad en la vi\u00f1a y encontrar\u00e9is cuanto he guardado en &#8230; <a title=\"El labrador y sus hijos\" class=\"read-more\" href=\"https:\/\/quechilero.com\/blog\/2009\/03\/29\/el-labrador-y-sus-hijos\/\" aria-label=\"Leer m\u00e1s sobre El labrador y sus hijos\">Leer m\u00e1s<\/a><\/p>\n","protected":false},"author":1,"featured_media":0,"comment_status":"open","ping_status":"open","sticky":false,"template":"","format":"standard","meta":{"advanced_seo_description":"","jetpack_seo_html_title":"","jetpack_seo_noindex":false,"jetpack_seo_schema_type":"","episode_type":"","audio_file":"","podmotor_file_id":"","podmotor_episode_id":"","cover_image":"","cover_image_id":"","duration":"","filesize":"","filesize_raw":"","date_recorded":"","explicit":"","block":"","_jetpack_newsletter_access":"","_jetpack_dont_email_post_to_subs":false,"_jetpack_newsletter_tier_id":0,"_jetpack_memberships_contains_paywalled_content":false,"_jetpack_feature_clip_id":0,"_jetpack_memberships_contains_paid_content":false,"footnotes":"","jetpack_publicize_message":"","jetpack_publicize_feature_enabled":true,"jetpack_social_post_already_shared":false,"jetpack_social_options":{"image_generator_settings":{"template":"highway","default_image_id":0,"font":"","enabled":false},"version":2},"jetpack_post_was_ever_published":false},"categories":[2],"tags":[50,36,24],"series":[],"class_list":["post-2603","post","type-post","status-publish","format-standard","hentry","category-limones","tag-muerte","tag-trabajo","tag-vida"],"episode_featured_image":false,"episode_player_image":"https:\/\/i0.wp.com\/quechilero.com\/blog\/imagenes\/podcast.png?fit=1831%2C1831&ssl=1","download_link":"","player_link":"","audio_player":false,"episode_data":{"playerMode":"dark","subscribeUrls":{"amazon":{"key":"amazon","url":"","label":"Amazon","class":"amazon","icon":"amazon.png"},"apple_podcasts":{"key":"apple_podcasts","url":"","label":"Apple Podcasts","class":"apple_podcasts","icon":"apple-podcasts.png"},"castbox":{"key":"castbox","url":"","label":"CastBox","class":"castbox","icon":"castbox.png"},"deezer":{"key":"deezer","url":"","label":"Deezer","class":"deezer","icon":"deezer.png"},"google_podcasts":{"key":"google_podcasts","url":"","label":"Google Podcasts","class":"google_podcasts","icon":"google-podcasts.png"},"listen_notes":{"key":"listen_notes","url":"","label":"Listen Notes","class":"listen_notes","icon":"listen-notes.png"},"pandora":{"key":"pandora","url":"","label":"Pandora","class":"pandora","icon":"pandora.png"},"podbean":{"key":"podbean","url":"","label":"Podbean","class":"podbean","icon":"podbean.png"},"podcast_republic":{"key":"podcast_republic","url":"","label":"Podcast Republic","class":"podcast_republic","icon":"podcast-republic.png"},"rss":{"key":"rss","url":"","label":"RSS","class":"rss","icon":"rss.png"},"spotify":{"key":"spotify","url":"","label":"Spotify","class":"spotify","icon":"spotify.png"},"stitcher":{"key":"stitcher","url":"","label":"Stitcher","class":"stitcher","icon":"stitcher.png"},"tunein":{"key":"tunein","url":"","label":"TuneIn","class":"tunein","icon":"tunein.png"},"youtube":{"key":"youtube","url":"","label":"YouTube","class":"youtube","icon":"youtube.png"},"iheartradio":{"key":"iheartradio","url":"","label":"iHeartRadio","class":"iheartradio","icon":"iheartradio.png"},"ivoox":{"key":"ivoox","url":"","label":"iVoox","class":"ivoox","icon":"ivoox.png"}},"rssFeedUrl":"https:\/\/quechilero.com\/blog\/feed\/podcast\/si-la-vida-nos-da-limones","embedCode":"<blockquote class=\"wp-embedded-content\" data-secret=\"uishwyslux\"><a href=\"https:\/\/quechilero.com\/blog\/2009\/03\/29\/el-labrador-y-sus-hijos\/\">El labrador y sus hijos<\/a><\/blockquote><iframe sandbox=\"allow-scripts\" security=\"restricted\" src=\"https:\/\/quechilero.com\/blog\/2009\/03\/29\/el-labrador-y-sus-hijos\/embed\/#?secret=uishwyslux\" width=\"500\" height=\"350\" title=\"\u00abEl labrador y sus hijos\u00bb \u2014 Si la Vida nos da Limones...\" data-secret=\"uishwyslux\" frameborder=\"0\" marginwidth=\"0\" marginheight=\"0\" scrolling=\"no\" class=\"wp-embedded-content\"><\/iframe><script>\n\/*! This file is auto-generated *\/\n!function(d,l){\"use strict\";l.querySelector&&d.addEventListener&&\"undefined\"!=typeof URL&&(d.wp=d.wp||{},d.wp.receiveEmbedMessage||(d.wp.receiveEmbedMessage=function(e){var t=e.data;if((t||t.secret||t.message||t.value)&&!\/[^a-zA-Z0-9]\/.test(t.secret)){for(var s,r,n,a=l.querySelectorAll('iframe[data-secret=\"'+t.secret+'\"]'),o=l.querySelectorAll('blockquote[data-secret=\"'+t.secret+'\"]'),c=new RegExp(\"^https?:$\",\"i\"),i=0;i<o.length;i++)o[i].style.display=\"none\";for(i=0;i<a.length;i++)s=a[i],e.source===s.contentWindow&&(s.removeAttribute(\"style\"),\"height\"===t.message?(1e3<(r=parseInt(t.value,10))?r=1e3:~~r<200&&(r=200),s.height=r):\"link\"===t.message&&(r=new URL(s.getAttribute(\"src\")),n=new URL(t.value),c.test(n.protocol))&&n.host===r.host&&l.activeElement===s&&(d.top.location.href=t.value))}},d.addEventListener(\"message\",d.wp.receiveEmbedMessage,!1),l.addEventListener(\"DOMContentLoaded\",function(){for(var e,t,s=l.querySelectorAll(\"iframe.wp-embedded-content\"),r=0;r<s.length;r++)(t=(e=s[r]).getAttribute(\"data-secret\"))||(t=Math.random().toString(36).substring(2,12),e.src+=\"#?secret=\"+t,e.setAttribute(\"data-secret\",t)),e.contentWindow.postMessage({message:\"ready\",secret:t},\"*\")},!1)))}(window,document);\n\/\/# sourceURL=https:\/\/quechilero.com\/blog\/wp-includes\/js\/wp-embed.min.js\n<\/script>\n"},"jetpack_publicize_connections":[],"jetpack_shortlink":"https:\/\/wp.me\/pDKli-FZ","jetpack_sharing_enabled":true,"jetpack-related-posts":[{"id":14891,"url":"https:\/\/quechilero.com\/blog\/2012\/10\/26\/el-labrador-y-sus-hijos-2\/","url_meta":{"origin":2603,"position":0},"title":"El Labrador y sus Hijos","author":"Pepe Barrascout Ortiz","date":"26 octubre 2012","format":false,"excerpt":"Un labrador anciano ten\u00eda varios hijos j\u00f3venes que se llevaban mal entre s\u00ed, peleaban constantemente. Un d\u00eda les congreg\u00f3 a todos y mand\u00f3 traer unas cu\u00e1ntas varas, las coloc\u00f3 todas juntas e hizo un haz con ellas, les pregunt\u00f3 cu\u00e1l de ellos se atrev\u00eda a romperlo. Uno tras otro todos\u2026","rel":"","context":"En \u00abLimones\u00bb","block_context":{"text":"Limones","link":"https:\/\/quechilero.com\/blog\/category\/limones\/"},"img":{"alt_text":"","src":"","width":0,"height":0},"classes":[]},{"id":6707,"url":"https:\/\/quechilero.com\/blog\/2011\/01\/17\/el-labrador-y-los-perros\/","url_meta":{"origin":2603,"position":1},"title":"El labrador y los perros","author":"Pepe Barrascout Ortiz","date":"17 enero 2011","format":false,"excerpt":"Aprision\u00f3 el mal tiempo a un labrador en su cuadra. No pudiendo salir para buscar comida, empez\u00f3 por devorar a sus carneros; luego, como el mal tiempo segu\u00eda, comi\u00f3 tambi\u00e9n a las cabras; y en fin, como no paraba el temporal, acab\u00f3 con sus propios bueyes. Viendo entonces los perros\u2026","rel":"","context":"En \u00abLimones\u00bb","block_context":{"text":"Limones","link":"https:\/\/quechilero.com\/blog\/category\/limones\/"},"img":{"alt_text":"","src":"","width":0,"height":0},"classes":[]},{"id":14382,"url":"https:\/\/quechilero.com\/blog\/2012\/08\/28\/la-zorra-y-el-hombre-labrador\/","url_meta":{"origin":2603,"position":2},"title":"La zorra y el hombre labrador","author":"Pepe Barrascout Ortiz","date":"28 agosto 2012","format":false,"excerpt":"Hab\u00eda un hombre que odiaba a una zorra porque le ocasionaba algunos da\u00f1os ocasionalmente. Despu\u00e9s de mucho intentarlo, pudo al fin cogerla y, buscando vengarse de ella, le at\u00f3 a la cola una mecha empapada en aceite y le prendi\u00f3 fuego. Pero un dios llev\u00f3 a la zorra a los\u2026","rel":"","context":"En \u00abLimones\u00bb","block_context":{"text":"Limones","link":"https:\/\/quechilero.com\/blog\/category\/limones\/"},"img":{"alt_text":"","src":"","width":0,"height":0},"classes":[]},{"id":14626,"url":"https:\/\/quechilero.com\/blog\/2012\/10\/10\/el-labrador-y-el-arbol\/","url_meta":{"origin":2603,"position":3},"title":"El labrador y el \u00e1rbol","author":"Pepe Barrascout Ortiz","date":"10 octubre 2012","format":false,"excerpt":"En el campo de un labriego hab\u00eda un \u00e1rbol est\u00e9ril que \u00fanicamente serv\u00eda de refugio a los gorriones y a las cigarras ruidosas. El labrador, viendo su esterilidad, se dispuso a abatirlo y descarg\u00f3 contra \u00e9l su hacha. Suplic\u00e1ronle los gorriones y las cigarras que no abatiera su asilo, para\u2026","rel":"","context":"En \u00abLimones\u00bb","block_context":{"text":"Limones","link":"https:\/\/quechilero.com\/blog\/category\/limones\/"},"img":{"alt_text":"","src":"","width":0,"height":0},"classes":[]},{"id":356,"url":"https:\/\/quechilero.com\/blog\/2006\/12\/20\/los-padres-y-la-vocacion-de-los-hijos\/","url_meta":{"origin":2603,"position":4},"title":"Los padres y la vocaci\u00f3n de los hijos","author":"Pepe Barrascout Ortiz","date":"20 diciembre 2006","format":false,"excerpt":"La vocaci\u00f3n es iniciativa divina; \u00c9l sabe qu\u00e9 es lo mejor para el que llama y para la familia. Los padres son colaboradores de Dios, y es ley de vida que los hijos abandonen un d\u00eda el hogar paterno para formar un nuevo hogar, por motivos de trabajo o de\u2026","rel":"","context":"En \u00abLimones\u00bb","block_context":{"text":"Limones","link":"https:\/\/quechilero.com\/blog\/category\/limones\/"},"img":{"alt_text":"","src":"","width":0,"height":0},"classes":[]},{"id":19676,"url":"https:\/\/quechilero.com\/blog\/2015\/02\/02\/la-herencia\/","url_meta":{"origin":2603,"position":5},"title":"La herencia","author":"Pepe Barrascout Ortiz","date":"2 febrero 2015","format":false,"excerpt":"Pertenec\u00eda a su bisabuela y \u00e9l sab\u00eda que deb\u00eda ser muy cuidadoso. El jarr\u00f3n era uno de los tesoros m\u00e1s preciados de su madre. As\u00ed se lo hab\u00eda afirmado. El jarr\u00f3n, puesto en alto, estaba fuera del alcance de sus peque\u00f1as manos, pero de alguna manera lo logr\u00f3. Solamente quer\u00eda\u2026","rel":"","context":"En \u00abLimones\u00bb","block_context":{"text":"Limones","link":"https:\/\/quechilero.com\/blog\/category\/limones\/"},"img":{"alt_text":"","src":"","width":0,"height":0},"classes":[]}],"jetpack_featured_media_url":"","_links":{"self":[{"href":"https:\/\/quechilero.com\/blog\/wp-json\/wp\/v2\/posts\/2603","targetHints":{"allow":["GET"]}}],"collection":[{"href":"https:\/\/quechilero.com\/blog\/wp-json\/wp\/v2\/posts"}],"about":[{"href":"https:\/\/quechilero.com\/blog\/wp-json\/wp\/v2\/types\/post"}],"author":[{"embeddable":true,"href":"https:\/\/quechilero.com\/blog\/wp-json\/wp\/v2\/users\/1"}],"replies":[{"embeddable":true,"href":"https:\/\/quechilero.com\/blog\/wp-json\/wp\/v2\/comments?post=2603"}],"version-history":[{"count":0,"href":"https:\/\/quechilero.com\/blog\/wp-json\/wp\/v2\/posts\/2603\/revisions"}],"wp:attachment":[{"href":"https:\/\/quechilero.com\/blog\/wp-json\/wp\/v2\/media?parent=2603"}],"wp:term":[{"taxonomy":"category","embeddable":true,"href":"https:\/\/quechilero.com\/blog\/wp-json\/wp\/v2\/categories?post=2603"},{"taxonomy":"post_tag","embeddable":true,"href":"https:\/\/quechilero.com\/blog\/wp-json\/wp\/v2\/tags?post=2603"},{"taxonomy":"series","embeddable":true,"href":"https:\/\/quechilero.com\/blog\/wp-json\/wp\/v2\/series?post=2603"}],"curies":[{"name":"wp","href":"https:\/\/api.w.org\/{rel}","templated":true}]}}