{"id":2572,"date":"2009-05-31T08:00:16","date_gmt":"2009-05-31T14:00:16","guid":{"rendered":"http:\/\/quechilero.com\/blog\/?p=2572"},"modified":"2009-05-31T08:00:16","modified_gmt":"2009-05-31T14:00:16","slug":"oi-amiga","status":"publish","type":"post","link":"https:\/\/quechilero.com\/blog\/2009\/05\/31\/oi-amiga\/","title":{"rendered":"Oi amiga!"},"content":{"rendered":"<p>Tem uma coisa que preciso lhe dizer&#8230;<\/p>\n<p>Quando tudo parece n\u00e3o ter mais sentido,<br \/>\nEis que Deus nos manda um anjo,<br \/>\npra ficar no nosso p\u00e9!<\/p>\n<p>Pra nos dar um colo, quando<br \/>\numa nuvenzinha escura,<br \/>\nQuer amea\u00e7ar chover dentro de n\u00f3s.<\/p>\n<p>Pra puxar nossas orelhas,<br \/>\nquando caminhamos<br \/>\nEm caminhos tortos,<br \/>\nE com carinho nos levam na<br \/>\ndire\u00e7\u00e3o certa.<\/p>\n<p>Pra sorrir conosco, comemorar<br \/>\nnossas conquistas<br \/>\nE nos motivar a continuar<br \/>\ncaminhando.<\/p>\n<p>Ainda t\u00eam a miss\u00e3o de abrir<br \/>\nnossos olhos<br \/>\nE nossos ouvidos, para vermos<br \/>\ne ouvirmos,<br \/>\nTudo de bom que temos a<br \/>\nnossa volta.<\/p>\n<p>A esse anjo,<br \/>\nDeus chamou de amigo,<br \/>\nE colocou em nossas vidas<br \/>\npara nos mostrar<br \/>\nQue as coisas n\u00e3o s\u00e3o t\u00e3o<br \/>\nruins quanto possam parecer<br \/>\nE que, mesmo que seja dif\u00edcil<\/p>\n<p>Esse anjo sempre vai dar<br \/>\num jeitinho<br \/>\nDe nos fazer sentir melhor<br \/>\nE de nos mostrar que por<br \/>\nmais tristes<\/p>\n<p>Que possamos estar, sempre<br \/>\nvai ter algu\u00e9m<br \/>\nQue nos ama e faria tudo<br \/>\npra nos ver sorrir!!!<\/p>\n<p>Obrigado por me fazer sorrir!<\/p>\n","protected":false},"excerpt":{"rendered":"<p>Tem uma coisa que preciso lhe dizer&#8230; Quando tudo parece n\u00e3o ter mais sentido, Eis que Deus nos manda um anjo, pra ficar no nosso p\u00e9! Pra nos dar um colo, quando uma nuvenzinha escura, Quer amea\u00e7ar chover dentro de n\u00f3s. Pra puxar nossas orelhas, quando caminhamos Em caminhos tortos, E com carinho nos levam &#8230; <a title=\"Oi amiga!\" class=\"read-more\" href=\"https:\/\/quechilero.com\/blog\/2009\/05\/31\/oi-amiga\/\" aria-label=\"Leer m\u00e1s sobre Oi amiga!\">Leer m\u00e1s<\/a><\/p>\n","protected":false},"author":1,"featured_media":0,"comment_status":"open","ping_status":"open","sticky":false,"template":"","format":"standard","meta":{"advanced_seo_description":"","jetpack_seo_html_title":"","jetpack_seo_noindex":false,"jetpack_seo_schema_type":"","episode_type":"","audio_file":"","podmotor_file_id":"","podmotor_episode_id":"","cover_image":"","cover_image_id":"","duration":"","filesize":"","filesize_raw":"","date_recorded":"","explicit":"","block":"","_jetpack_newsletter_access":"","_jetpack_dont_email_post_to_subs":false,"_jetpack_newsletter_tier_id":0,"_jetpack_memberships_contains_paywalled_content":false,"_jetpack_feature_clip_id":0,"_jetpack_memberships_contains_paid_content":false,"footnotes":"","jetpack_publicize_message":"","jetpack_publicize_feature_enabled":true,"jetpack_social_post_already_shared":false,"jetpack_social_options":{"image_generator_settings":{"template":"highway","default_image_id":0,"font":"","enabled":false},"version":2},"jetpack_post_was_ever_published":false},"categories":[2],"tags":[11,97,54,109,106,24],"series":[],"class_list":["post-2572","post","type-post","status-publish","format-standard","hentry","category-limones","tag-amigo","tag-deus","tag-kiki","tag-obrigado","tag-portugues","tag-vida"],"episode_featured_image":false,"episode_player_image":"https:\/\/i0.wp.com\/quechilero.com\/blog\/imagenes\/podcast.png?fit=1831%2C1831&ssl=1","download_link":"","player_link":"","audio_player":false,"episode_data":{"playerMode":"dark","subscribeUrls":{"amazon":{"key":"amazon","url":"","label":"Amazon","class":"amazon","icon":"amazon.png"},"apple_podcasts":{"key":"apple_podcasts","url":"","label":"Apple Podcasts","class":"apple_podcasts","icon":"apple-podcasts.png"},"castbox":{"key":"castbox","url":"","label":"CastBox","class":"castbox","icon":"castbox.png"},"deezer":{"key":"deezer","url":"","label":"Deezer","class":"deezer","icon":"deezer.png"},"google_podcasts":{"key":"google_podcasts","url":"","label":"Google Podcasts","class":"google_podcasts","icon":"google-podcasts.png"},"listen_notes":{"key":"listen_notes","url":"","label":"Listen Notes","class":"listen_notes","icon":"listen-notes.png"},"pandora":{"key":"pandora","url":"","label":"Pandora","class":"pandora","icon":"pandora.png"},"podbean":{"key":"podbean","url":"","label":"Podbean","class":"podbean","icon":"podbean.png"},"podcast_republic":{"key":"podcast_republic","url":"","label":"Podcast Republic","class":"podcast_republic","icon":"podcast-republic.png"},"rss":{"key":"rss","url":"","label":"RSS","class":"rss","icon":"rss.png"},"spotify":{"key":"spotify","url":"","label":"Spotify","class":"spotify","icon":"spotify.png"},"stitcher":{"key":"stitcher","url":"","label":"Stitcher","class":"stitcher","icon":"stitcher.png"},"tunein":{"key":"tunein","url":"","label":"TuneIn","class":"tunein","icon":"tunein.png"},"youtube":{"key":"youtube","url":"","label":"YouTube","class":"youtube","icon":"youtube.png"},"iheartradio":{"key":"iheartradio","url":"","label":"iHeartRadio","class":"iheartradio","icon":"iheartradio.png"},"ivoox":{"key":"ivoox","url":"","label":"iVoox","class":"ivoox","icon":"ivoox.png"}},"rssFeedUrl":"https:\/\/quechilero.com\/blog\/feed\/podcast\/si-la-vida-nos-da-limones","embedCode":"<blockquote class=\"wp-embedded-content\" data-secret=\"9z8cYC4Vnt\"><a href=\"https:\/\/quechilero.com\/blog\/2009\/05\/31\/oi-amiga\/\">Oi amiga!<\/a><\/blockquote><iframe sandbox=\"allow-scripts\" security=\"restricted\" src=\"https:\/\/quechilero.com\/blog\/2009\/05\/31\/oi-amiga\/embed\/#?secret=9z8cYC4Vnt\" width=\"500\" height=\"350\" title=\"\u00abOi amiga!\u00bb \u2014 Si la Vida nos da Limones...\" data-secret=\"9z8cYC4Vnt\" frameborder=\"0\" marginwidth=\"0\" marginheight=\"0\" scrolling=\"no\" class=\"wp-embedded-content\"><\/iframe><script>\n\/*! This file is auto-generated *\/\n!function(d,l){\"use strict\";l.querySelector&&d.addEventListener&&\"undefined\"!=typeof URL&&(d.wp=d.wp||{},d.wp.receiveEmbedMessage||(d.wp.receiveEmbedMessage=function(e){var t=e.data;if((t||t.secret||t.message||t.value)&&!\/[^a-zA-Z0-9]\/.test(t.secret)){for(var s,r,n,a=l.querySelectorAll('iframe[data-secret=\"'+t.secret+'\"]'),o=l.querySelectorAll('blockquote[data-secret=\"'+t.secret+'\"]'),c=new RegExp(\"^https?:$\",\"i\"),i=0;i<o.length;i++)o[i].style.display=\"none\";for(i=0;i<a.length;i++)s=a[i],e.source===s.contentWindow&&(s.removeAttribute(\"style\"),\"height\"===t.message?(1e3<(r=parseInt(t.value,10))?r=1e3:~~r<200&&(r=200),s.height=r):\"link\"===t.message&&(r=new URL(s.getAttribute(\"src\")),n=new URL(t.value),c.test(n.protocol))&&n.host===r.host&&l.activeElement===s&&(d.top.location.href=t.value))}},d.addEventListener(\"message\",d.wp.receiveEmbedMessage,!1),l.addEventListener(\"DOMContentLoaded\",function(){for(var e,t,s=l.querySelectorAll(\"iframe.wp-embedded-content\"),r=0;r<s.length;r++)(t=(e=s[r]).getAttribute(\"data-secret\"))||(t=Math.random().toString(36).substring(2,12),e.src+=\"#?secret=\"+t,e.setAttribute(\"data-secret\",t)),e.contentWindow.postMessage({message:\"ready\",secret:t},\"*\")},!1)))}(window,document);\n\/\/# sourceURL=https:\/\/quechilero.com\/blog\/wp-includes\/js\/wp-embed.min.js\n<\/script>\n"},"jetpack_publicize_connections":[],"jetpack_shortlink":"https:\/\/wp.me\/pDKli-Fu","jetpack_sharing_enabled":true,"jetpack-related-posts":[{"id":2558,"url":"https:\/\/quechilero.com\/blog\/2009\/05\/27\/amigos-para-sempre\/","url_meta":{"origin":2572,"position":0},"title":"Amigos para Sempre","author":"Pepe Barrascout Ortiz","date":"27 mayo 2009","format":false,"excerpt":"Amigo \u00e9 uma pessoa querida, na qual podemos pensar em voz alta. \u00c9 um anjo que nos abriga em suas asas doces e aconchegantes, \u00e9 a melhor coisa que Deus nos deu. Dif\u00edcil poder definir aquilo que chamamos de amigo. Amigo \u00e9 mente aberta, cora\u00e7\u00e3o pulsante, costas largas. \u00c9 aquele\u2026","rel":"","context":"En \u00abLimones\u00bb","block_context":{"text":"Limones","link":"https:\/\/quechilero.com\/blog\/category\/limones\/"},"img":{"alt_text":"","src":"","width":0,"height":0},"classes":[]},{"id":2470,"url":"https:\/\/quechilero.com\/blog\/2009\/05\/02\/nos-sempre-estaremos-juntos\/","url_meta":{"origin":2572,"position":1},"title":"N\u00f3s sempre estaremos juntos","author":"Pepe Barrascout Ortiz","date":"2 mayo 2009","format":false,"excerpt":"S\u00e3o em momentos de mais tristezas que paramos para pensar em o que aconteceu em nossas vidas. As pessoas que por elas passaram; as coisas que fizemos e tudo que aprendemos. S\u00e3o nesses momentos que come\u00e7amos a lembrar de grandes amizades, que sempre estiveram presentes conosco quando precis\u00e1vamos e que\u2026","rel":"","context":"En \u00abLimones\u00bb","block_context":{"text":"Limones","link":"https:\/\/quechilero.com\/blog\/category\/limones\/"},"img":{"alt_text":"","src":"","width":0,"height":0},"classes":[]},{"id":2553,"url":"https:\/\/quechilero.com\/blog\/2009\/05\/25\/a-quimica-da-amizade\/","url_meta":{"origin":2572,"position":2},"title":"A Qu\u00edmica da Amizade","author":"Pepe Barrascout Ortiz","date":"25 mayo 2009","format":false,"excerpt":"Nossa amizade \u00e9 como a liga\u00e7\u00e3o covalente, sempre compartilhando alegrias, tristezas... Nunca surgir\u00e1 um radical, porque essa liga\u00e7\u00e3o jamais se quebrar\u00e1! Sei que em alguns momentos ser\u00e1 necess\u00e1rio, ver, analisar algo errado e balancear a equa\u00e7\u00e3o, buscando o equil\u00edbrio qu\u00edmico entre a gente. O meu cora\u00e7\u00e3o para voc\u00ea, sempre ser\u00e1\u2026","rel":"","context":"En \u00abLimones\u00bb","block_context":{"text":"Limones","link":"https:\/\/quechilero.com\/blog\/category\/limones\/"},"img":{"alt_text":"","src":"","width":0,"height":0},"classes":[]},{"id":2551,"url":"https:\/\/quechilero.com\/blog\/2009\/05\/24\/a-amizade-e-o-ouro\/","url_meta":{"origin":2572,"position":3},"title":"A amizade e o ouro","author":"Pepe Barrascout Ortiz","date":"24 mayo 2009","format":false,"excerpt":"A amizade \u00e9 um presente sem pre\u00e7o, que n\u00e3o pode ser comprado ou vendido, mas o seu valor \u00e9 muito maior do que uma montanha feita de ouro. Porque o ouro \u00e9 frio e sem vida, n\u00e3o pode ver nem ouvir, e em nossas fases dif\u00edceis nada podemos compartilhar com\u2026","rel":"","context":"En \u00abLimones\u00bb","block_context":{"text":"Limones","link":"https:\/\/quechilero.com\/blog\/category\/limones\/"},"img":{"alt_text":"","src":"","width":0,"height":0},"classes":[]},{"id":2492,"url":"https:\/\/quechilero.com\/blog\/2009\/05\/06\/tenha-a-leveza-dos-passaros\/","url_meta":{"origin":2572,"position":4},"title":"Tenha a leveza dos p\u00e1ssaros","author":"Pepe Barrascout Ortiz","date":"6 mayo 2009","format":false,"excerpt":"\u201cApesar de todas indiferen\u00e7as, n\u00e3o guardo rancor e jamais guardarei e continuarei amando o meu pr\u00f3ximo como sempre. Amei\u201d. N\u00e3o temas as fantasias nem os desejos mais profundos. A melhor express\u00e3o da energia do amor e da confian\u00e7a em qualquer rela\u00e7\u00e3o \u00e9 quando se pode falar e demonstrar tudo o\u2026","rel":"","context":"En \u00abLimones\u00bb","block_context":{"text":"Limones","link":"https:\/\/quechilero.com\/blog\/category\/limones\/"},"img":{"alt_text":"","src":"","width":0,"height":0},"classes":[]},{"id":2544,"url":"https:\/\/quechilero.com\/blog\/2009\/05\/21\/poema-de-pescador\/","url_meta":{"origin":2572,"position":5},"title":"Poema de pescador","author":"Pepe Barrascout Ortiz","date":"21 mayo 2009","format":false,"excerpt":"Preto velho de olho triste O que foi que aconteceu... Ele desolado me disse Foi a estrela do mar que desapareceu. Com ela tamb\u00e9m evadiu-se A branca onda do mar Escondeu toda meiguice De um barco a vela a navegar Sereia t\u00e3o encantada Sumiu com seu canto de amor Deixando\u2026","rel":"","context":"En \u00abLimones\u00bb","block_context":{"text":"Limones","link":"https:\/\/quechilero.com\/blog\/category\/limones\/"},"img":{"alt_text":"","src":"","width":0,"height":0},"classes":[]}],"jetpack_featured_media_url":"","_links":{"self":[{"href":"https:\/\/quechilero.com\/blog\/wp-json\/wp\/v2\/posts\/2572","targetHints":{"allow":["GET"]}}],"collection":[{"href":"https:\/\/quechilero.com\/blog\/wp-json\/wp\/v2\/posts"}],"about":[{"href":"https:\/\/quechilero.com\/blog\/wp-json\/wp\/v2\/types\/post"}],"author":[{"embeddable":true,"href":"https:\/\/quechilero.com\/blog\/wp-json\/wp\/v2\/users\/1"}],"replies":[{"embeddable":true,"href":"https:\/\/quechilero.com\/blog\/wp-json\/wp\/v2\/comments?post=2572"}],"version-history":[{"count":0,"href":"https:\/\/quechilero.com\/blog\/wp-json\/wp\/v2\/posts\/2572\/revisions"}],"wp:attachment":[{"href":"https:\/\/quechilero.com\/blog\/wp-json\/wp\/v2\/media?parent=2572"}],"wp:term":[{"taxonomy":"category","embeddable":true,"href":"https:\/\/quechilero.com\/blog\/wp-json\/wp\/v2\/categories?post=2572"},{"taxonomy":"post_tag","embeddable":true,"href":"https:\/\/quechilero.com\/blog\/wp-json\/wp\/v2\/tags?post=2572"},{"taxonomy":"series","embeddable":true,"href":"https:\/\/quechilero.com\/blog\/wp-json\/wp\/v2\/series?post=2572"}],"curies":[{"name":"wp","href":"https:\/\/api.w.org\/{rel}","templated":true}]}}