{"id":257,"date":"2006-10-02T19:47:17","date_gmt":"2006-10-03T01:47:17","guid":{"rendered":"http:\/\/quechilero.com\/blog\/2006\/10\/02\/19-de-marzo-1979\/"},"modified":"2006-10-02T19:47:17","modified_gmt":"2006-10-03T01:47:17","slug":"19-de-marzo-1979","status":"publish","type":"post","link":"https:\/\/quechilero.com\/blog\/2006\/10\/02\/19-de-marzo-1979\/","title":{"rendered":"19 de marzo 1979"},"content":{"rendered":"<p>Para esta fecha yo apenas contaba con 6 a\u00f1os y medio mas o menos y en la revista francesa, <strong>Le Point<\/strong>, publicaban en la edici\u00f3n 339 una publicidad de la l\u00ednea aerea pakistan\u00ed <strong>PIA<\/strong> (Pakistan International Airlines) donde invitan a volar a New York a trav\u00e9s de sus servicios.<\/p>\n<p>M\u00e1s de 20 a\u00f1os despu\u00e9s se iba a hacer realidad, literalmente, esa imagen, aunque la hora les fall\u00f3.<\/p>\n<p>Click en la imagen para ampliar.<\/p>\n<p><a target=\"new\" title=\"Photo Sharing\" href=\"http:\/\/www.flickr.com\/photos\/pepejaguar\/253712867\/\"><img data-recalc-dims=\"1\" loading=\"lazy\" decoding=\"async\" width=\"367\" height=\"500\" border=\"0\" alt=\"Le Point\" src=\"https:\/\/i0.wp.com\/static.flickr.com\/86\/253712867_a831a01726.jpg?resize=367%2C500\" \/><\/a><\/p>\n","protected":false},"excerpt":{"rendered":"<p>Para esta fecha yo apenas contaba con 6 a\u00f1os y medio mas o menos y en la revista francesa, Le Point, publicaban en la edici\u00f3n 339 una publicidad de la l\u00ednea aerea pakistan\u00ed PIA (Pakistan International Airlines) donde invitan a volar a New York a trav\u00e9s de sus servicios. M\u00e1s de 20 a\u00f1os despu\u00e9s se &#8230; <a title=\"19 de marzo 1979\" class=\"read-more\" href=\"https:\/\/quechilero.com\/blog\/2006\/10\/02\/19-de-marzo-1979\/\" aria-label=\"Leer m\u00e1s sobre 19 de marzo 1979\">Leer m\u00e1s<\/a><\/p>\n","protected":false},"author":1,"featured_media":0,"comment_status":"open","ping_status":"open","sticky":false,"template":"","format":"standard","meta":{"advanced_seo_description":"","jetpack_seo_html_title":"","jetpack_seo_noindex":false,"jetpack_seo_schema_type":"","episode_type":"","audio_file":"","podmotor_file_id":"","podmotor_episode_id":"","cover_image":"","cover_image_id":"","duration":"","filesize":"","filesize_raw":"","date_recorded":"","explicit":"","block":"","_jetpack_newsletter_access":"","_jetpack_dont_email_post_to_subs":false,"_jetpack_newsletter_tier_id":0,"_jetpack_memberships_contains_paywalled_content":false,"_jetpack_feature_clip_id":0,"_jetpack_memberships_contains_paid_content":false,"footnotes":"","jetpack_publicize_message":"","jetpack_publicize_feature_enabled":true,"jetpack_social_post_already_shared":false,"jetpack_social_options":{"image_generator_settings":{"template":"highway","default_image_id":0,"font":"","enabled":false},"version":2},"jetpack_post_was_ever_published":false},"categories":[2],"tags":[],"series":[],"class_list":["post-257","post","type-post","status-publish","format-standard","hentry","category-limones"],"episode_featured_image":false,"episode_player_image":"https:\/\/i0.wp.com\/quechilero.com\/blog\/imagenes\/podcast.png?fit=1831%2C1831&ssl=1","download_link":"","player_link":"","audio_player":false,"episode_data":{"playerMode":"dark","subscribeUrls":{"amazon":{"key":"amazon","url":"","label":"Amazon","class":"amazon","icon":"amazon.png"},"apple_podcasts":{"key":"apple_podcasts","url":"","label":"Apple Podcasts","class":"apple_podcasts","icon":"apple-podcasts.png"},"castbox":{"key":"castbox","url":"","label":"CastBox","class":"castbox","icon":"castbox.png"},"deezer":{"key":"deezer","url":"","label":"Deezer","class":"deezer","icon":"deezer.png"},"google_podcasts":{"key":"google_podcasts","url":"","label":"Google Podcasts","class":"google_podcasts","icon":"google-podcasts.png"},"listen_notes":{"key":"listen_notes","url":"","label":"Listen Notes","class":"listen_notes","icon":"listen-notes.png"},"pandora":{"key":"pandora","url":"","label":"Pandora","class":"pandora","icon":"pandora.png"},"podbean":{"key":"podbean","url":"","label":"Podbean","class":"podbean","icon":"podbean.png"},"podcast_republic":{"key":"podcast_republic","url":"","label":"Podcast Republic","class":"podcast_republic","icon":"podcast-republic.png"},"rss":{"key":"rss","url":"","label":"RSS","class":"rss","icon":"rss.png"},"spotify":{"key":"spotify","url":"","label":"Spotify","class":"spotify","icon":"spotify.png"},"stitcher":{"key":"stitcher","url":"","label":"Stitcher","class":"stitcher","icon":"stitcher.png"},"tunein":{"key":"tunein","url":"","label":"TuneIn","class":"tunein","icon":"tunein.png"},"youtube":{"key":"youtube","url":"","label":"YouTube","class":"youtube","icon":"youtube.png"},"iheartradio":{"key":"iheartradio","url":"","label":"iHeartRadio","class":"iheartradio","icon":"iheartradio.png"},"ivoox":{"key":"ivoox","url":"","label":"iVoox","class":"ivoox","icon":"ivoox.png"}},"rssFeedUrl":"https:\/\/quechilero.com\/blog\/feed\/podcast\/si-la-vida-nos-da-limones","embedCode":"<blockquote class=\"wp-embedded-content\" data-secret=\"RhxB4yXCjE\"><a href=\"https:\/\/quechilero.com\/blog\/2006\/10\/02\/19-de-marzo-1979\/\">19 de marzo 1979<\/a><\/blockquote><iframe sandbox=\"allow-scripts\" security=\"restricted\" src=\"https:\/\/quechilero.com\/blog\/2006\/10\/02\/19-de-marzo-1979\/embed\/#?secret=RhxB4yXCjE\" width=\"500\" height=\"350\" title=\"\u00ab19 de marzo 1979\u00bb \u2014 Si la Vida nos da Limones...\" data-secret=\"RhxB4yXCjE\" frameborder=\"0\" marginwidth=\"0\" marginheight=\"0\" scrolling=\"no\" class=\"wp-embedded-content\"><\/iframe><script>\n\/*! This file is auto-generated *\/\n!function(d,l){\"use strict\";l.querySelector&&d.addEventListener&&\"undefined\"!=typeof URL&&(d.wp=d.wp||{},d.wp.receiveEmbedMessage||(d.wp.receiveEmbedMessage=function(e){var t=e.data;if((t||t.secret||t.message||t.value)&&!\/[^a-zA-Z0-9]\/.test(t.secret)){for(var s,r,n,a=l.querySelectorAll('iframe[data-secret=\"'+t.secret+'\"]'),o=l.querySelectorAll('blockquote[data-secret=\"'+t.secret+'\"]'),c=new RegExp(\"^https?:$\",\"i\"),i=0;i<o.length;i++)o[i].style.display=\"none\";for(i=0;i<a.length;i++)s=a[i],e.source===s.contentWindow&&(s.removeAttribute(\"style\"),\"height\"===t.message?(1e3<(r=parseInt(t.value,10))?r=1e3:~~r<200&&(r=200),s.height=r):\"link\"===t.message&&(r=new URL(s.getAttribute(\"src\")),n=new URL(t.value),c.test(n.protocol))&&n.host===r.host&&l.activeElement===s&&(d.top.location.href=t.value))}},d.addEventListener(\"message\",d.wp.receiveEmbedMessage,!1),l.addEventListener(\"DOMContentLoaded\",function(){for(var e,t,s=l.querySelectorAll(\"iframe.wp-embedded-content\"),r=0;r<s.length;r++)(t=(e=s[r]).getAttribute(\"data-secret\"))||(t=Math.random().toString(36).substring(2,12),e.src+=\"#?secret=\"+t,e.setAttribute(\"data-secret\",t)),e.contentWindow.postMessage({message:\"ready\",secret:t},\"*\")},!1)))}(window,document);\n\/\/# sourceURL=https:\/\/quechilero.com\/blog\/wp-includes\/js\/wp-embed.min.js\n<\/script>\n"},"jetpack_publicize_connections":[],"jetpack_shortlink":"https:\/\/wp.me\/pDKli-49","jetpack_sharing_enabled":true,"jetpack-related-posts":[{"id":2137,"url":"https:\/\/quechilero.com\/blog\/2008\/12\/28\/especial-navideno-70-anos-de-creatividad-2005-2006\/","url_meta":{"origin":257,"position":0},"title":"Especial navide\u00f1o, 70 a\u00f1os de creatividad: 2005-2006","author":"Pepe Barrascout Ortiz","date":"28 diciembre 2008","format":false,"excerpt":"La cuarta entrega de este especial navide\u00f1o, dedicado a la creatividad en la publicidad de la \u00e9poca, corresponde ahora ver el per\u00edodo de 2006 a 2007 Absolut 24th. 25 years, 2005: el consumismo explotado en su m\u00e1xima expresi\u00f3n, es a lo que apuesta Absolut, en el que convina la imagen\u2026","rel":"","context":"En \u00abLimones por mano\u00bb","block_context":{"text":"Limones por mano","link":"https:\/\/quechilero.com\/blog\/category\/limones-por-mano\/"},"img":{"alt_text":"","src":"","width":0,"height":0},"classes":[]},{"id":2135,"url":"https:\/\/quechilero.com\/blog\/2008\/12\/26\/especial-navideno-70-anos-de-creatividad-1951-1956\/","url_meta":{"origin":257,"position":1},"title":"Especial navide\u00f1o, 70 a\u00f1os de creatividad: 1951-1956","author":"Pepe Barrascout Ortiz","date":"26 diciembre 2008","format":false,"excerpt":"Continuando con este especial navide\u00f1o, veremos ahora algunas de las piezas publicitarias que fueron usadas durante el per\u00edo de 1951 a 1956. Pall Mall Cigarettes, 1951: con una imagen por dem\u00e1s grotesca, donde Santa Claus tiene un cigarro en su mano invitando a consumirlo, es la forma en la que\u2026","rel":"","context":"En \u00abLimones por mano\u00bb","block_context":{"text":"Limones por mano","link":"https:\/\/quechilero.com\/blog\/category\/limones-por-mano\/"},"img":{"alt_text":"","src":"","width":0,"height":0},"classes":[]},{"id":2136,"url":"https:\/\/quechilero.com\/blog\/2008\/12\/27\/especial-navideno-70-anos-de-creatividad-1970-2004\/","url_meta":{"origin":257,"position":2},"title":"Especial navide\u00f1o, 70 a\u00f1os de creatividad: 1970-2004","author":"Pepe Barrascout Ortiz","date":"27 diciembre 2008","format":false,"excerpt":"La tercera parte del especial navide\u00f1o nos remonta al per\u00edodo de 1970 a 2006, donde la evoluci\u00f3n de la conceptualizaci\u00f3n de los elementos, toma un gran avance de lo complejo, para dar paso a los conceptos basados en la simpleza puntual del mensaje que quiere enviar. \"Deck the halls with\u2026","rel":"","context":"En \u00abLimones por mano\u00bb","block_context":{"text":"Limones por mano","link":"https:\/\/quechilero.com\/blog\/category\/limones-por-mano\/"},"img":{"alt_text":"","src":"","width":0,"height":0},"classes":[]},{"id":2160,"url":"https:\/\/quechilero.com\/blog\/2008\/12\/31\/especial-navideno-70-anos-de-creatividad-2007-2008\/","url_meta":{"origin":257,"position":3},"title":"Especial navide\u00f1o, 70 a\u00f1os de creatividad: 2007-2008","author":"Pepe Barrascout Ortiz","date":"31 diciembre 2008","format":false,"excerpt":"Finalizando este especial navide\u00f1o de la publicidad en la \u00e9poca de fin de a\u00f1o, presento las \u00faltimas piezas publicitarias correspondientes a los a\u00f1os 2007 y 2008, caracterizadas algunas por ideas muy poco creativas y otras por remarcar la tendencia de a\u00f1os anteriores al utilizar los \u00edconos cl\u00e1sicos de la \u00e9poca.\u2026","rel":"","context":"En \u00abLimones por mano\u00bb","block_context":{"text":"Limones por mano","link":"https:\/\/quechilero.com\/blog\/category\/limones-por-mano\/"},"img":{"alt_text":"","src":"","width":0,"height":0},"classes":[]},{"id":2146,"url":"https:\/\/quechilero.com\/blog\/2008\/12\/29\/especial-navideno-70-anos-de-creatividad-2006-2007\/","url_meta":{"origin":257,"position":4},"title":"Especial navide\u00f1o, 70 a\u00f1os de creatividad: 2006-2007","author":"Pepe Barrascout Ortiz","date":"29 diciembre 2008","format":false,"excerpt":"El especial navide\u00f1o, dedicado a la publicidad de la \u00e9poca, contin\u00faa con el per\u00edodo de 2006 al 2007, con algunos conceptos retomados de a\u00f1os anteriores. The Salvation Army 2006 Christmas Ad Campaign, Canada. El mensaje que transmite es profundo y se logra a trav\u00e9s de elementos sencillos, con una especie\u2026","rel":"","context":"En \u00abLimones por mano\u00bb","block_context":{"text":"Limones por mano","link":"https:\/\/quechilero.com\/blog\/category\/limones-por-mano\/"},"img":{"alt_text":"","src":"","width":0,"height":0},"classes":[]},{"id":5123,"url":"https:\/\/quechilero.com\/blog\/2010\/07\/19\/maraton-de-blogs-2010\/","url_meta":{"origin":257,"position":5},"title":"Marat\u00f3n de Blogs 2010","author":"Pepe Barrascout Ortiz","date":"19 julio 2010","format":false,"excerpt":"Por quinto a\u00f1o consecutivo llega la Marat\u00f3n de Blogs, para este 2010, he preparado algunas variantes, que son consecuencia de la evoluci\u00f3n que ha tenido esta tradici\u00f3n. Como siempre, el objetivo principal es la\u00a0difusi\u00f3n de los blogs, aunado a las actividades promovidas por el\u00a0\u201cBlog Day\u201c. Invito a quienes tengan alg\u00fan\u2026","rel":"","context":"En \u00abBlogs de Guatemala\u00bb","block_context":{"text":"Blogs de Guatemala","link":"https:\/\/quechilero.com\/blog\/category\/blogs-de-guatemala\/"},"img":{"alt_text":"","src":"https:\/\/i0.wp.com\/i392.photobucket.com\/albums\/pp7\/pepejaguar\/maraton\/maraton468x602010.jpg?resize=350%2C200","width":350,"height":200},"classes":[]}],"jetpack_featured_media_url":"","_links":{"self":[{"href":"https:\/\/quechilero.com\/blog\/wp-json\/wp\/v2\/posts\/257","targetHints":{"allow":["GET"]}}],"collection":[{"href":"https:\/\/quechilero.com\/blog\/wp-json\/wp\/v2\/posts"}],"about":[{"href":"https:\/\/quechilero.com\/blog\/wp-json\/wp\/v2\/types\/post"}],"author":[{"embeddable":true,"href":"https:\/\/quechilero.com\/blog\/wp-json\/wp\/v2\/users\/1"}],"replies":[{"embeddable":true,"href":"https:\/\/quechilero.com\/blog\/wp-json\/wp\/v2\/comments?post=257"}],"version-history":[{"count":0,"href":"https:\/\/quechilero.com\/blog\/wp-json\/wp\/v2\/posts\/257\/revisions"}],"wp:attachment":[{"href":"https:\/\/quechilero.com\/blog\/wp-json\/wp\/v2\/media?parent=257"}],"wp:term":[{"taxonomy":"category","embeddable":true,"href":"https:\/\/quechilero.com\/blog\/wp-json\/wp\/v2\/categories?post=257"},{"taxonomy":"post_tag","embeddable":true,"href":"https:\/\/quechilero.com\/blog\/wp-json\/wp\/v2\/tags?post=257"},{"taxonomy":"series","embeddable":true,"href":"https:\/\/quechilero.com\/blog\/wp-json\/wp\/v2\/series?post=257"}],"curies":[{"name":"wp","href":"https:\/\/api.w.org\/{rel}","templated":true}]}}