{"id":2558,"date":"2009-05-27T08:00:53","date_gmt":"2009-05-27T14:00:53","guid":{"rendered":"http:\/\/quechilero.com\/blog\/?p=2558"},"modified":"2009-05-27T08:00:53","modified_gmt":"2009-05-27T14:00:53","slug":"amigos-para-sempre","status":"publish","type":"post","link":"https:\/\/quechilero.com\/blog\/2009\/05\/27\/amigos-para-sempre\/","title":{"rendered":"Amigos para Sempre"},"content":{"rendered":"<p>Amigo \u00e9 uma pessoa querida, na qual<br \/>\npodemos pensar em voz alta.<\/p>\n<p>\u00c9 um anjo que nos abriga em suas<br \/>\nasas doces e aconchegantes,<br \/>\n\u00e9 a melhor coisa que Deus nos deu.<\/p>\n<p>Dif\u00edcil poder definir aquilo que<br \/>\nchamamos de amigo.<\/p>\n<p>Amigo \u00e9 mente aberta, cora\u00e7\u00e3o pulsante,<br \/>\ncostas largas.<\/p>\n<p>\u00c9 aquele que ouve com olhar seu e<br \/>\ndele em sintonia telep\u00e1tica<br \/>\nmesmo quando estes mesmos olhos<br \/>\nest\u00e3o amplificando tristeza<br \/>\nexterior faz piada amenizando seus<br \/>\nproblemas que a perfei\u00e7\u00e3o \u00e9 utopia.<\/p>\n<p>\u00c9 aquele que te diz:<br \/>\nEu te amo sem medo de m\u00e1 interpreta\u00e7\u00e3o<br \/>\ne sabe que viver \u00e9 ter historia<br \/>\npra contar.<\/p>\n<p>\u00c9 quem entende seus disfarces medos<br \/>\nang\u00fastia que fica enfurecido por<br \/>\nenxergar seus erros sem motivo aparente.<\/p>\n<p>Bom se eu fosse escrever tudo aquilo<br \/>\nque um amigo de verdade<br \/>\npode ser n\u00e3o caberia nesta folha<br \/>\nsimplifiquei uma mensagem<br \/>\nno fundo do cora\u00e7\u00e3o tentando<br \/>\nmostras o quanto somos amigos<br \/>\ne o quanto podemos ser ainda mais<\/p>\n","protected":false},"excerpt":{"rendered":"<p>Amigo \u00e9 uma pessoa querida, na qual podemos pensar em voz alta. \u00c9 um anjo que nos abriga em suas asas doces e aconchegantes, \u00e9 a melhor coisa que Deus nos deu. Dif\u00edcil poder definir aquilo que chamamos de amigo. Amigo \u00e9 mente aberta, cora\u00e7\u00e3o pulsante, costas largas. \u00c9 aquele que ouve com olhar seu &#8230; <a title=\"Amigos para Sempre\" class=\"read-more\" href=\"https:\/\/quechilero.com\/blog\/2009\/05\/27\/amigos-para-sempre\/\" aria-label=\"Leer m\u00e1s sobre Amigos para Sempre\">Leer m\u00e1s<\/a><\/p>\n","protected":false},"author":1,"featured_media":0,"comment_status":"open","ping_status":"open","sticky":false,"template":"","format":"standard","meta":{"advanced_seo_description":"","jetpack_seo_html_title":"","jetpack_seo_noindex":false,"jetpack_seo_schema_type":"","episode_type":"","audio_file":"","podmotor_file_id":"","podmotor_episode_id":"","cover_image":"","cover_image_id":"","duration":"","filesize":"","filesize_raw":"","date_recorded":"","explicit":"","block":"","_jetpack_newsletter_access":"","_jetpack_dont_email_post_to_subs":false,"_jetpack_newsletter_tier_id":0,"_jetpack_memberships_contains_paywalled_content":false,"_jetpack_feature_clip_id":0,"_jetpack_memberships_contains_paid_content":false,"footnotes":"","jetpack_publicize_message":"","jetpack_publicize_feature_enabled":true,"jetpack_social_post_already_shared":false,"jetpack_social_options":{"image_generator_settings":{"template":"highway","default_image_id":0,"font":"","enabled":false},"version":2},"jetpack_post_was_ever_published":false},"categories":[2],"tags":[11,97,17,54,106,21,41],"series":[],"class_list":["post-2558","post","type-post","status-publish","format-standard","hentry","category-limones","tag-amigo","tag-deus","tag-historia","tag-kiki","tag-portugues","tag-problema","tag-verdad"],"episode_featured_image":false,"episode_player_image":"https:\/\/i0.wp.com\/quechilero.com\/blog\/imagenes\/podcast.png?fit=1831%2C1831&ssl=1","download_link":"","player_link":"","audio_player":false,"episode_data":{"playerMode":"dark","subscribeUrls":{"amazon":{"key":"amazon","url":"","label":"Amazon","class":"amazon","icon":"amazon.png"},"apple_podcasts":{"key":"apple_podcasts","url":"","label":"Apple Podcasts","class":"apple_podcasts","icon":"apple-podcasts.png"},"castbox":{"key":"castbox","url":"","label":"CastBox","class":"castbox","icon":"castbox.png"},"deezer":{"key":"deezer","url":"","label":"Deezer","class":"deezer","icon":"deezer.png"},"google_podcasts":{"key":"google_podcasts","url":"","label":"Google Podcasts","class":"google_podcasts","icon":"google-podcasts.png"},"listen_notes":{"key":"listen_notes","url":"","label":"Listen Notes","class":"listen_notes","icon":"listen-notes.png"},"pandora":{"key":"pandora","url":"","label":"Pandora","class":"pandora","icon":"pandora.png"},"podbean":{"key":"podbean","url":"","label":"Podbean","class":"podbean","icon":"podbean.png"},"podcast_republic":{"key":"podcast_republic","url":"","label":"Podcast Republic","class":"podcast_republic","icon":"podcast-republic.png"},"rss":{"key":"rss","url":"","label":"RSS","class":"rss","icon":"rss.png"},"spotify":{"key":"spotify","url":"","label":"Spotify","class":"spotify","icon":"spotify.png"},"stitcher":{"key":"stitcher","url":"","label":"Stitcher","class":"stitcher","icon":"stitcher.png"},"tunein":{"key":"tunein","url":"","label":"TuneIn","class":"tunein","icon":"tunein.png"},"youtube":{"key":"youtube","url":"","label":"YouTube","class":"youtube","icon":"youtube.png"},"iheartradio":{"key":"iheartradio","url":"","label":"iHeartRadio","class":"iheartradio","icon":"iheartradio.png"},"ivoox":{"key":"ivoox","url":"","label":"iVoox","class":"ivoox","icon":"ivoox.png"}},"rssFeedUrl":"https:\/\/quechilero.com\/blog\/feed\/podcast\/si-la-vida-nos-da-limones","embedCode":"<blockquote class=\"wp-embedded-content\" data-secret=\"2hnElNwDrA\"><a href=\"https:\/\/quechilero.com\/blog\/2009\/05\/27\/amigos-para-sempre\/\">Amigos para Sempre<\/a><\/blockquote><iframe sandbox=\"allow-scripts\" security=\"restricted\" src=\"https:\/\/quechilero.com\/blog\/2009\/05\/27\/amigos-para-sempre\/embed\/#?secret=2hnElNwDrA\" width=\"500\" height=\"350\" title=\"\u00abAmigos para Sempre\u00bb \u2014 Si la Vida nos da Limones...\" data-secret=\"2hnElNwDrA\" frameborder=\"0\" marginwidth=\"0\" marginheight=\"0\" scrolling=\"no\" class=\"wp-embedded-content\"><\/iframe><script>\n\/*! This file is auto-generated *\/\n!function(d,l){\"use strict\";l.querySelector&&d.addEventListener&&\"undefined\"!=typeof URL&&(d.wp=d.wp||{},d.wp.receiveEmbedMessage||(d.wp.receiveEmbedMessage=function(e){var t=e.data;if((t||t.secret||t.message||t.value)&&!\/[^a-zA-Z0-9]\/.test(t.secret)){for(var s,r,n,a=l.querySelectorAll('iframe[data-secret=\"'+t.secret+'\"]'),o=l.querySelectorAll('blockquote[data-secret=\"'+t.secret+'\"]'),c=new RegExp(\"^https?:$\",\"i\"),i=0;i<o.length;i++)o[i].style.display=\"none\";for(i=0;i<a.length;i++)s=a[i],e.source===s.contentWindow&&(s.removeAttribute(\"style\"),\"height\"===t.message?(1e3<(r=parseInt(t.value,10))?r=1e3:~~r<200&&(r=200),s.height=r):\"link\"===t.message&&(r=new URL(s.getAttribute(\"src\")),n=new URL(t.value),c.test(n.protocol))&&n.host===r.host&&l.activeElement===s&&(d.top.location.href=t.value))}},d.addEventListener(\"message\",d.wp.receiveEmbedMessage,!1),l.addEventListener(\"DOMContentLoaded\",function(){for(var e,t,s=l.querySelectorAll(\"iframe.wp-embedded-content\"),r=0;r<s.length;r++)(t=(e=s[r]).getAttribute(\"data-secret\"))||(t=Math.random().toString(36).substring(2,12),e.src+=\"#?secret=\"+t,e.setAttribute(\"data-secret\",t)),e.contentWindow.postMessage({message:\"ready\",secret:t},\"*\")},!1)))}(window,document);\n\/\/# sourceURL=https:\/\/quechilero.com\/blog\/wp-includes\/js\/wp-embed.min.js\n<\/script>\n"},"jetpack_publicize_connections":[],"jetpack_shortlink":"https:\/\/wp.me\/pDKli-Fg","jetpack_sharing_enabled":true,"jetpack-related-posts":[{"id":2551,"url":"https:\/\/quechilero.com\/blog\/2009\/05\/24\/a-amizade-e-o-ouro\/","url_meta":{"origin":2558,"position":0},"title":"A amizade e o ouro","author":"Pepe Barrascout Ortiz","date":"24 mayo 2009","format":false,"excerpt":"A amizade \u00e9 um presente sem pre\u00e7o, que n\u00e3o pode ser comprado ou vendido, mas o seu valor \u00e9 muito maior do que uma montanha feita de ouro. Porque o ouro \u00e9 frio e sem vida, n\u00e3o pode ver nem ouvir, e em nossas fases dif\u00edceis nada podemos compartilhar com\u2026","rel":"","context":"En \u00abLimones\u00bb","block_context":{"text":"Limones","link":"https:\/\/quechilero.com\/blog\/category\/limones\/"},"img":{"alt_text":"","src":"","width":0,"height":0},"classes":[]},{"id":2492,"url":"https:\/\/quechilero.com\/blog\/2009\/05\/06\/tenha-a-leveza-dos-passaros\/","url_meta":{"origin":2558,"position":1},"title":"Tenha a leveza dos p\u00e1ssaros","author":"Pepe Barrascout Ortiz","date":"6 mayo 2009","format":false,"excerpt":"\u201cApesar de todas indiferen\u00e7as, n\u00e3o guardo rancor e jamais guardarei e continuarei amando o meu pr\u00f3ximo como sempre. Amei\u201d. N\u00e3o temas as fantasias nem os desejos mais profundos. A melhor express\u00e3o da energia do amor e da confian\u00e7a em qualquer rela\u00e7\u00e3o \u00e9 quando se pode falar e demonstrar tudo o\u2026","rel":"","context":"En \u00abLimones\u00bb","block_context":{"text":"Limones","link":"https:\/\/quechilero.com\/blog\/category\/limones\/"},"img":{"alt_text":"","src":"","width":0,"height":0},"classes":[]},{"id":2504,"url":"https:\/\/quechilero.com\/blog\/2009\/05\/09\/voce-e-especial\/","url_meta":{"origin":2558,"position":2},"title":"Voc\u00ea \u00e9 especial","author":"Pepe Barrascout Ortiz","date":"9 mayo 2009","format":false,"excerpt":"Quando eu precisei de sua amizade, voc\u00ea foi meu amiga... Quando eu precisei de ajuda voc\u00ea estava com o cora\u00e7\u00e3o aberto... Voc\u00ea me ajudou a ver o lado bom dos problemas... Nos dias nublados Voc\u00ea me fez enxergar o sol... Quando eu fui at\u00e9 voc\u00ea para contar minhas ang\u00fastias, voc\u00ea\u2026","rel":"","context":"En \u00abLimones\u00bb","block_context":{"text":"Limones","link":"https:\/\/quechilero.com\/blog\/category\/limones\/"},"img":{"alt_text":"","src":"","width":0,"height":0},"classes":[]},{"id":2482,"url":"https:\/\/quechilero.com\/blog\/2009\/05\/12\/se-a-vida\/","url_meta":{"origin":2558,"position":3},"title":"Se a Vida&#8230;","author":"Pepe Barrascout Ortiz","date":"12 mayo 2009","format":false,"excerpt":"Se a vida fosse um sonho Eu gostaria de jamais acordar. Se a vida fosse uma can\u00e7\u00e3o Gostaria jamais deixar de ouvi-la. Se a vida fosse uma flor Gostaria que sua beleza e perfume n\u00e3o morressem. Se a vida fosse um desejo O desejo seria da eternidade... Mas a vida\u2026","rel":"","context":"En \u00abLimones\u00bb","block_context":{"text":"Limones","link":"https:\/\/quechilero.com\/blog\/category\/limones\/"},"img":{"alt_text":"","src":"","width":0,"height":0},"classes":[]},{"id":789,"url":"https:\/\/quechilero.com\/blog\/2007\/11\/29\/meu-coracao\/","url_meta":{"origin":2558,"position":4},"title":"Meu cora\u00e7\u00e3o","author":"Pepe Barrascout Ortiz","date":"29 noviembre 2007","format":false,"excerpt":"Meu cora\u00e7\u00e3o era frio, meu pensamento vazio, minha vida amarga, meu sorriso sem gra\u00e7a e a tristeza me calava... Hoje, sinto seu calor, penso em voc\u00ea com amor, me imagino um beija-flor, vivendo do seu doce amor... Voc\u00ea \u00e9 como uma flor que meu sorriso alegrou... H\u00e1 todos vou declarar...\u2026","rel":"","context":"En \u00abLimones\u00bb","block_context":{"text":"Limones","link":"https:\/\/quechilero.com\/blog\/category\/limones\/"},"img":{"alt_text":"","src":"","width":0,"height":0},"classes":[]},{"id":2525,"url":"https:\/\/quechilero.com\/blog\/2009\/05\/14\/eu-te-amo-sabia\/","url_meta":{"origin":2558,"position":5},"title":"Eu te Amo Sabia","author":"Pepe Barrascout Ortiz","date":"14 mayo 2009","format":false,"excerpt":"Engra\u00e7ado, eu te amo, sabia? Mas engra\u00e7ado por que? N\u00e3o \u00e9 t\u00e3o simples amar! Talvez eu ache engra\u00e7ado esse seu jeitinho que me faz de repente. Eu n\u00e3o te entendo, sabia? Mas talvez nem eu me entendo! N\u00e3o sei se \u00e9 porque te amo e n\u00e3o sou amado... mas o\u2026","rel":"","context":"En \u00abLimones\u00bb","block_context":{"text":"Limones","link":"https:\/\/quechilero.com\/blog\/category\/limones\/"},"img":{"alt_text":"","src":"","width":0,"height":0},"classes":[]}],"jetpack_featured_media_url":"","_links":{"self":[{"href":"https:\/\/quechilero.com\/blog\/wp-json\/wp\/v2\/posts\/2558","targetHints":{"allow":["GET"]}}],"collection":[{"href":"https:\/\/quechilero.com\/blog\/wp-json\/wp\/v2\/posts"}],"about":[{"href":"https:\/\/quechilero.com\/blog\/wp-json\/wp\/v2\/types\/post"}],"author":[{"embeddable":true,"href":"https:\/\/quechilero.com\/blog\/wp-json\/wp\/v2\/users\/1"}],"replies":[{"embeddable":true,"href":"https:\/\/quechilero.com\/blog\/wp-json\/wp\/v2\/comments?post=2558"}],"version-history":[{"count":0,"href":"https:\/\/quechilero.com\/blog\/wp-json\/wp\/v2\/posts\/2558\/revisions"}],"wp:attachment":[{"href":"https:\/\/quechilero.com\/blog\/wp-json\/wp\/v2\/media?parent=2558"}],"wp:term":[{"taxonomy":"category","embeddable":true,"href":"https:\/\/quechilero.com\/blog\/wp-json\/wp\/v2\/categories?post=2558"},{"taxonomy":"post_tag","embeddable":true,"href":"https:\/\/quechilero.com\/blog\/wp-json\/wp\/v2\/tags?post=2558"},{"taxonomy":"series","embeddable":true,"href":"https:\/\/quechilero.com\/blog\/wp-json\/wp\/v2\/series?post=2558"}],"curies":[{"name":"wp","href":"https:\/\/api.w.org\/{rel}","templated":true}]}}