{"id":2544,"date":"2009-05-21T08:00:21","date_gmt":"2009-05-21T14:00:21","guid":{"rendered":"http:\/\/quechilero.com\/blog\/?p=2544"},"modified":"2009-05-21T08:00:21","modified_gmt":"2009-05-21T14:00:21","slug":"poema-de-pescador","status":"publish","type":"post","link":"https:\/\/quechilero.com\/blog\/2009\/05\/21\/poema-de-pescador\/","title":{"rendered":"Poema de pescador"},"content":{"rendered":"<p>Preto velho de olho triste<br \/>\nO que foi que aconteceu&#8230;<br \/>\nEle desolado me disse<br \/>\nFoi a estrela do mar que desapareceu.<\/p>\n<p>Com ela tamb\u00e9m evadiu-se<br \/>\nA branca onda do mar<br \/>\nEscondeu toda meiguice<br \/>\nDe um barco a vela a navegar<\/p>\n<p>Sereia t\u00e3o encantada<br \/>\nSumiu com seu canto de amor<br \/>\nDeixando essa dor arretada<br \/>\nNo pobre do pescador<\/p>\n<p>Azul que no c\u00e9u brilhou<br \/>\nA chuva foi carregar<br \/>\nA \u00e1gua tudo lavou<br \/>\nLevando a estrela do mar<\/p>\n<p>O mar ficou agitado<br \/>\nE o vento vel\u00f3z soprou<br \/>\nParecia estar t\u00e3o irado<br \/>\nQue a m\u00e3e natureza zangou&#8230;<\/p>\n<p>Veio ent\u00e3o das profundezas<br \/>\nT\u00e3o bela que fez marejar<br \/>\nAos olhos das realezas<br \/>\nA nossa m\u00e3e Iemanj\u00e1<\/p>\n<p>Subiu em sua altura<br \/>\nEncontrando com outra artes\u00e3<br \/>\nQue comanda a terra com sua bravura<br \/>\nA minha m\u00e3e Ians\u00e3<\/p>\n<p>E entre deuses supremos<br \/>\nEm seu cavalo sem medo algum<br \/>\nGuerreando entre terrenos<br \/>\nS\u00e3o Jorge, \u00absarav\u00e1 Ogum\u00bb<\/p>\n<p>Esses entre tantos divinos<br \/>\nE muitos que n\u00e3o consigo lembrar<br \/>\nS\u00e3o nossos guias t\u00e3o lindos<br \/>\nE suas coroas a nos rodiar<\/p>\n<p>Os olhos perdidos daquele ser<br \/>\nNum suspiro que se fez notar<br \/>\nA gota t\u00e3o clara eu pude ver<br \/>\nBem no canto do seu olhar<\/p>\n<p>Pensou&#8230; entre a terra e o c\u00e9u<br \/>\nTem tanto mist\u00e9rio pra mostr\u00e1<br \/>\nE com um sorriso olhou ao l\u00e9u<br \/>\nAgradeceu ao pai Oxal\u00e1!<\/p>\n","protected":false},"excerpt":{"rendered":"<p>Preto velho de olho triste O que foi que aconteceu&#8230; Ele desolado me disse Foi a estrela do mar que desapareceu. Com ela tamb\u00e9m evadiu-se A branca onda do mar Escondeu toda meiguice De um barco a vela a navegar Sereia t\u00e3o encantada Sumiu com seu canto de amor Deixando essa dor arretada No pobre &#8230; <a title=\"Poema de pescador\" class=\"read-more\" href=\"https:\/\/quechilero.com\/blog\/2009\/05\/21\/poema-de-pescador\/\" aria-label=\"Leer m\u00e1s sobre Poema de pescador\">Leer m\u00e1s<\/a><\/p>\n","protected":false},"author":1,"featured_media":0,"comment_status":"open","ping_status":"open","sticky":false,"template":"","format":"standard","meta":{"advanced_seo_description":"","jetpack_seo_html_title":"","jetpack_seo_noindex":false,"jetpack_seo_schema_type":"","episode_type":"","audio_file":"","podmotor_file_id":"","podmotor_episode_id":"","cover_image":"","cover_image_id":"","duration":"","filesize":"","filesize_raw":"","date_recorded":"","explicit":"","block":"","_jetpack_newsletter_access":"","_jetpack_dont_email_post_to_subs":false,"_jetpack_newsletter_tier_id":0,"_jetpack_memberships_contains_paywalled_content":false,"_jetpack_feature_clip_id":0,"_jetpack_memberships_contains_paid_content":false,"footnotes":"","jetpack_publicize_message":"","jetpack_publicize_feature_enabled":true,"jetpack_social_post_already_shared":false,"jetpack_social_options":{"image_generator_settings":{"template":"highway","default_image_id":0,"font":"","enabled":false},"version":2},"jetpack_post_was_ever_published":false},"categories":[2],"tags":[15,97,54,106],"series":[],"class_list":["post-2544","post","type-post","status-publish","format-standard","hentry","category-limones","tag-amor","tag-deus","tag-kiki","tag-portugues"],"episode_featured_image":false,"episode_player_image":"https:\/\/i0.wp.com\/quechilero.com\/blog\/imagenes\/podcast.png?fit=1831%2C1831&ssl=1","download_link":"","player_link":"","audio_player":false,"episode_data":{"playerMode":"dark","subscribeUrls":{"amazon":{"key":"amazon","url":"","label":"Amazon","class":"amazon","icon":"amazon.png"},"apple_podcasts":{"key":"apple_podcasts","url":"","label":"Apple Podcasts","class":"apple_podcasts","icon":"apple-podcasts.png"},"castbox":{"key":"castbox","url":"","label":"CastBox","class":"castbox","icon":"castbox.png"},"deezer":{"key":"deezer","url":"","label":"Deezer","class":"deezer","icon":"deezer.png"},"google_podcasts":{"key":"google_podcasts","url":"","label":"Google Podcasts","class":"google_podcasts","icon":"google-podcasts.png"},"listen_notes":{"key":"listen_notes","url":"","label":"Listen Notes","class":"listen_notes","icon":"listen-notes.png"},"pandora":{"key":"pandora","url":"","label":"Pandora","class":"pandora","icon":"pandora.png"},"podbean":{"key":"podbean","url":"","label":"Podbean","class":"podbean","icon":"podbean.png"},"podcast_republic":{"key":"podcast_republic","url":"","label":"Podcast Republic","class":"podcast_republic","icon":"podcast-republic.png"},"rss":{"key":"rss","url":"","label":"RSS","class":"rss","icon":"rss.png"},"spotify":{"key":"spotify","url":"","label":"Spotify","class":"spotify","icon":"spotify.png"},"stitcher":{"key":"stitcher","url":"","label":"Stitcher","class":"stitcher","icon":"stitcher.png"},"tunein":{"key":"tunein","url":"","label":"TuneIn","class":"tunein","icon":"tunein.png"},"youtube":{"key":"youtube","url":"","label":"YouTube","class":"youtube","icon":"youtube.png"},"iheartradio":{"key":"iheartradio","url":"","label":"iHeartRadio","class":"iheartradio","icon":"iheartradio.png"},"ivoox":{"key":"ivoox","url":"","label":"iVoox","class":"ivoox","icon":"ivoox.png"}},"rssFeedUrl":"https:\/\/quechilero.com\/blog\/feed\/podcast\/si-la-vida-nos-da-limones","embedCode":"<blockquote class=\"wp-embedded-content\" data-secret=\"OCg3tgGnKf\"><a href=\"https:\/\/quechilero.com\/blog\/2009\/05\/21\/poema-de-pescador\/\">Poema de pescador<\/a><\/blockquote><iframe sandbox=\"allow-scripts\" security=\"restricted\" src=\"https:\/\/quechilero.com\/blog\/2009\/05\/21\/poema-de-pescador\/embed\/#?secret=OCg3tgGnKf\" width=\"500\" height=\"350\" title=\"\u00abPoema de pescador\u00bb \u2014 Si la Vida nos da Limones...\" data-secret=\"OCg3tgGnKf\" frameborder=\"0\" marginwidth=\"0\" marginheight=\"0\" scrolling=\"no\" class=\"wp-embedded-content\"><\/iframe><script>\n\/*! This file is auto-generated *\/\n!function(d,l){\"use strict\";l.querySelector&&d.addEventListener&&\"undefined\"!=typeof URL&&(d.wp=d.wp||{},d.wp.receiveEmbedMessage||(d.wp.receiveEmbedMessage=function(e){var t=e.data;if((t||t.secret||t.message||t.value)&&!\/[^a-zA-Z0-9]\/.test(t.secret)){for(var s,r,n,a=l.querySelectorAll('iframe[data-secret=\"'+t.secret+'\"]'),o=l.querySelectorAll('blockquote[data-secret=\"'+t.secret+'\"]'),c=new RegExp(\"^https?:$\",\"i\"),i=0;i<o.length;i++)o[i].style.display=\"none\";for(i=0;i<a.length;i++)s=a[i],e.source===s.contentWindow&&(s.removeAttribute(\"style\"),\"height\"===t.message?(1e3<(r=parseInt(t.value,10))?r=1e3:~~r<200&&(r=200),s.height=r):\"link\"===t.message&&(r=new URL(s.getAttribute(\"src\")),n=new URL(t.value),c.test(n.protocol))&&n.host===r.host&&l.activeElement===s&&(d.top.location.href=t.value))}},d.addEventListener(\"message\",d.wp.receiveEmbedMessage,!1),l.addEventListener(\"DOMContentLoaded\",function(){for(var e,t,s=l.querySelectorAll(\"iframe.wp-embedded-content\"),r=0;r<s.length;r++)(t=(e=s[r]).getAttribute(\"data-secret\"))||(t=Math.random().toString(36).substring(2,12),e.src+=\"#?secret=\"+t,e.setAttribute(\"data-secret\",t)),e.contentWindow.postMessage({message:\"ready\",secret:t},\"*\")},!1)))}(window,document);\n\/\/# sourceURL=https:\/\/quechilero.com\/blog\/wp-includes\/js\/wp-embed.min.js\n<\/script>\n"},"jetpack_publicize_connections":[],"jetpack_shortlink":"https:\/\/wp.me\/pDKli-F2","jetpack_sharing_enabled":true,"jetpack-related-posts":[{"id":2516,"url":"https:\/\/quechilero.com\/blog\/2009\/05\/11\/muito-obrigado\/","url_meta":{"origin":2544,"position":0},"title":"Muito Obrigado","author":"Pepe Barrascout Ortiz","date":"11 mayo 2009","format":false,"excerpt":"Quando a gente pensa que \u00e9 bastante forte Que nada consegue nos emocionar o suficiente para nos fazer perder o controle de nossas emo\u00e7\u00f5es Surge a inesperada surpresa! Que mensagem bonita que voc\u00ea me mandou! Como foi bom saber que existem pessoas como voc\u00ea, Que se preocupam em me fazer\u2026","rel":"","context":"En \u00abLimones\u00bb","block_context":{"text":"Limones","link":"https:\/\/quechilero.com\/blog\/category\/limones\/"},"img":{"alt_text":"","src":"","width":0,"height":0},"classes":[]},{"id":2525,"url":"https:\/\/quechilero.com\/blog\/2009\/05\/14\/eu-te-amo-sabia\/","url_meta":{"origin":2544,"position":1},"title":"Eu te Amo Sabia","author":"Pepe Barrascout Ortiz","date":"14 mayo 2009","format":false,"excerpt":"Engra\u00e7ado, eu te amo, sabia? Mas engra\u00e7ado por que? N\u00e3o \u00e9 t\u00e3o simples amar! Talvez eu ache engra\u00e7ado esse seu jeitinho que me faz de repente. Eu n\u00e3o te entendo, sabia? Mas talvez nem eu me entendo! N\u00e3o sei se \u00e9 porque te amo e n\u00e3o sou amado... mas o\u2026","rel":"","context":"En \u00abLimones\u00bb","block_context":{"text":"Limones","link":"https:\/\/quechilero.com\/blog\/category\/limones\/"},"img":{"alt_text":"","src":"","width":0,"height":0},"classes":[]},{"id":791,"url":"https:\/\/quechilero.com\/blog\/2007\/12\/04\/descobrir-o-amor\/","url_meta":{"origin":2544,"position":2},"title":"Descobrir o Amor","author":"Pepe Barrascout Ortiz","date":"4 diciembre 2007","format":false,"excerpt":"Se queres descobrir o amor em teu ser, primeiro observa o nascimento das flores sobre as pedras, o nascimento da borboleta em seu casulo t\u00e3o limitado... Observa o sol nascendo e iluminando o que h\u00e1 pouco era s\u00f3 escurid\u00e3o... Se queres conhecer o amor, observa o movimento gracioso dos ventos\u2026","rel":"","context":"En \u00abLimones\u00bb","block_context":{"text":"Limones","link":"https:\/\/quechilero.com\/blog\/category\/limones\/"},"img":{"alt_text":"","src":"","width":0,"height":0},"classes":[]},{"id":2531,"url":"https:\/\/quechilero.com\/blog\/2009\/05\/16\/sinto-falta-de-voce\/","url_meta":{"origin":2544,"position":3},"title":"Sinto falta de voc\u00ea","author":"Pepe Barrascout Ortiz","date":"16 mayo 2009","format":false,"excerpt":"Sinto falta de voc\u00ea Como o orvalho sente da flor De pairar sobre suas p\u00e9talas Sinto falta do teu amor Sinto falta De me enla\u00e7ar em seus bra\u00e7os Me fazendo viajar por entre As estrelas no espa\u00e7o Sinto falta do seu beijo que me completa Do seu amor, que se\u2026","rel":"","context":"En \u00abLimones\u00bb","block_context":{"text":"Limones","link":"https:\/\/quechilero.com\/blog\/category\/limones\/"},"img":{"alt_text":"","src":"","width":0,"height":0},"classes":[]},{"id":2507,"url":"https:\/\/quechilero.com\/blog\/2009\/05\/10\/ser-mae\/","url_meta":{"origin":2544,"position":4},"title":"Ser M\u00e3e","author":"Pepe Barrascout Ortiz","date":"10 mayo 2009","format":false,"excerpt":"Ser m\u00e3e \u00e9 desdobrar fibra por fibra o cora\u00e7\u00e3o! Ser m\u00e3e \u00e9 ter no alheio l\u00e1bio que suga, o pedestal do seio, onde a vida, onde o amor, cantando, vibra. Ser m\u00e3e \u00e9 ser um anjo que se libra sobre um ber\u00e7o dormindo! \u00c9 ser anseio, \u00e9 ser temeridade, \u00e9\u2026","rel":"","context":"En \u00abLimones\u00bb","block_context":{"text":"Limones","link":"https:\/\/quechilero.com\/blog\/category\/limones\/"},"img":{"alt_text":"","src":"","width":0,"height":0},"classes":[]},{"id":2504,"url":"https:\/\/quechilero.com\/blog\/2009\/05\/09\/voce-e-especial\/","url_meta":{"origin":2544,"position":5},"title":"Voc\u00ea \u00e9 especial","author":"Pepe Barrascout Ortiz","date":"9 mayo 2009","format":false,"excerpt":"Quando eu precisei de sua amizade, voc\u00ea foi meu amiga... Quando eu precisei de ajuda voc\u00ea estava com o cora\u00e7\u00e3o aberto... Voc\u00ea me ajudou a ver o lado bom dos problemas... Nos dias nublados Voc\u00ea me fez enxergar o sol... Quando eu fui at\u00e9 voc\u00ea para contar minhas ang\u00fastias, voc\u00ea\u2026","rel":"","context":"En \u00abLimones\u00bb","block_context":{"text":"Limones","link":"https:\/\/quechilero.com\/blog\/category\/limones\/"},"img":{"alt_text":"","src":"","width":0,"height":0},"classes":[]}],"jetpack_featured_media_url":"","_links":{"self":[{"href":"https:\/\/quechilero.com\/blog\/wp-json\/wp\/v2\/posts\/2544","targetHints":{"allow":["GET"]}}],"collection":[{"href":"https:\/\/quechilero.com\/blog\/wp-json\/wp\/v2\/posts"}],"about":[{"href":"https:\/\/quechilero.com\/blog\/wp-json\/wp\/v2\/types\/post"}],"author":[{"embeddable":true,"href":"https:\/\/quechilero.com\/blog\/wp-json\/wp\/v2\/users\/1"}],"replies":[{"embeddable":true,"href":"https:\/\/quechilero.com\/blog\/wp-json\/wp\/v2\/comments?post=2544"}],"version-history":[{"count":0,"href":"https:\/\/quechilero.com\/blog\/wp-json\/wp\/v2\/posts\/2544\/revisions"}],"wp:attachment":[{"href":"https:\/\/quechilero.com\/blog\/wp-json\/wp\/v2\/media?parent=2544"}],"wp:term":[{"taxonomy":"category","embeddable":true,"href":"https:\/\/quechilero.com\/blog\/wp-json\/wp\/v2\/categories?post=2544"},{"taxonomy":"post_tag","embeddable":true,"href":"https:\/\/quechilero.com\/blog\/wp-json\/wp\/v2\/tags?post=2544"},{"taxonomy":"series","embeddable":true,"href":"https:\/\/quechilero.com\/blog\/wp-json\/wp\/v2\/series?post=2544"}],"curies":[{"name":"wp","href":"https:\/\/api.w.org\/{rel}","templated":true}]}}