{"id":2541,"date":"2009-05-20T08:00:02","date_gmt":"2009-05-20T14:00:02","guid":{"rendered":"http:\/\/quechilero.com\/blog\/?p=2541"},"modified":"2009-05-20T08:00:02","modified_gmt":"2009-05-20T14:00:02","slug":"saudade","status":"publish","type":"post","link":"https:\/\/quechilero.com\/blog\/2009\/05\/20\/saudade\/","title":{"rendered":"Saudade"},"content":{"rendered":"<p>Se algum dia voc\u00ea n\u00e3o me achar, procure-me<br \/>\nl\u00e1 fora, serei a leve brisa da tarde<br \/>\ntocando em seu rosto&#8230;<br \/>\nSe sentir saudades e n\u00e3o consegui dormir&#8230;<br \/>\nProcure-me nas estrelas&#8230;<br \/>\nSerei a \u00faltima que voc\u00ea ver\u00e1, lhe<br \/>\ndesejando uma boa e sossegada noite&#8230;<br \/>\nMesmo voc\u00ea e eu n\u00e3o estando juntos agora,<br \/>\nsaiba que TE AMO DESESPERADAMENTE!<\/p>\n","protected":false},"excerpt":{"rendered":"<p>Se algum dia voc\u00ea n\u00e3o me achar, procure-me l\u00e1 fora, serei a leve brisa da tarde tocando em seu rosto&#8230; Se sentir saudades e n\u00e3o consegui dormir&#8230; Procure-me nas estrelas&#8230; Serei a \u00faltima que voc\u00ea ver\u00e1, lhe desejando uma boa e sossegada noite&#8230; Mesmo voc\u00ea e eu n\u00e3o estando juntos agora, saiba que TE AMO &#8230; <a title=\"Saudade\" class=\"read-more\" href=\"https:\/\/quechilero.com\/blog\/2009\/05\/20\/saudade\/\" aria-label=\"Leer m\u00e1s sobre Saudade\">Leer m\u00e1s<\/a><\/p>\n","protected":false},"author":1,"featured_media":0,"comment_status":"open","ping_status":"open","sticky":false,"template":"","format":"standard","meta":{"advanced_seo_description":"","jetpack_seo_html_title":"","jetpack_seo_noindex":false,"jetpack_seo_schema_type":"","episode_type":"","audio_file":"","podmotor_file_id":"","podmotor_episode_id":"","cover_image":"","cover_image_id":"","duration":"","filesize":"","filesize_raw":"","date_recorded":"","explicit":"","block":"","_jetpack_newsletter_access":"","_jetpack_dont_email_post_to_subs":false,"_jetpack_newsletter_tier_id":0,"_jetpack_memberships_contains_paywalled_content":false,"_jetpack_feature_clip_id":0,"_jetpack_memberships_contains_paid_content":false,"footnotes":"","jetpack_publicize_message":"","jetpack_publicize_feature_enabled":true,"jetpack_social_post_already_shared":false,"jetpack_social_options":{"image_generator_settings":{"template":"highway","default_image_id":0,"font":"","enabled":false},"version":2},"jetpack_post_was_ever_published":false},"categories":[2],"tags":[54,106,57],"series":[],"class_list":["post-2541","post","type-post","status-publish","format-standard","hentry","category-limones","tag-kiki","tag-portugues","tag-voce"],"episode_featured_image":false,"episode_player_image":"https:\/\/i0.wp.com\/quechilero.com\/blog\/imagenes\/podcast.png?fit=1831%2C1831&ssl=1","download_link":"","player_link":"","audio_player":false,"episode_data":{"playerMode":"dark","subscribeUrls":{"amazon":{"key":"amazon","url":"","label":"Amazon","class":"amazon","icon":"amazon.png"},"apple_podcasts":{"key":"apple_podcasts","url":"","label":"Apple Podcasts","class":"apple_podcasts","icon":"apple-podcasts.png"},"castbox":{"key":"castbox","url":"","label":"CastBox","class":"castbox","icon":"castbox.png"},"deezer":{"key":"deezer","url":"","label":"Deezer","class":"deezer","icon":"deezer.png"},"google_podcasts":{"key":"google_podcasts","url":"","label":"Google Podcasts","class":"google_podcasts","icon":"google-podcasts.png"},"listen_notes":{"key":"listen_notes","url":"","label":"Listen Notes","class":"listen_notes","icon":"listen-notes.png"},"pandora":{"key":"pandora","url":"","label":"Pandora","class":"pandora","icon":"pandora.png"},"podbean":{"key":"podbean","url":"","label":"Podbean","class":"podbean","icon":"podbean.png"},"podcast_republic":{"key":"podcast_republic","url":"","label":"Podcast Republic","class":"podcast_republic","icon":"podcast-republic.png"},"rss":{"key":"rss","url":"","label":"RSS","class":"rss","icon":"rss.png"},"spotify":{"key":"spotify","url":"","label":"Spotify","class":"spotify","icon":"spotify.png"},"stitcher":{"key":"stitcher","url":"","label":"Stitcher","class":"stitcher","icon":"stitcher.png"},"tunein":{"key":"tunein","url":"","label":"TuneIn","class":"tunein","icon":"tunein.png"},"youtube":{"key":"youtube","url":"","label":"YouTube","class":"youtube","icon":"youtube.png"},"iheartradio":{"key":"iheartradio","url":"","label":"iHeartRadio","class":"iheartradio","icon":"iheartradio.png"},"ivoox":{"key":"ivoox","url":"","label":"iVoox","class":"ivoox","icon":"ivoox.png"}},"rssFeedUrl":"https:\/\/quechilero.com\/blog\/feed\/podcast\/si-la-vida-nos-da-limones","embedCode":"<blockquote class=\"wp-embedded-content\" data-secret=\"YxoyEu39SX\"><a href=\"https:\/\/quechilero.com\/blog\/2009\/05\/20\/saudade\/\">Saudade<\/a><\/blockquote><iframe sandbox=\"allow-scripts\" security=\"restricted\" src=\"https:\/\/quechilero.com\/blog\/2009\/05\/20\/saudade\/embed\/#?secret=YxoyEu39SX\" width=\"500\" height=\"350\" title=\"\u00abSaudade\u00bb \u2014 Si la Vida nos da Limones...\" data-secret=\"YxoyEu39SX\" frameborder=\"0\" marginwidth=\"0\" marginheight=\"0\" scrolling=\"no\" class=\"wp-embedded-content\"><\/iframe><script>\n\/*! This file is auto-generated *\/\n!function(d,l){\"use strict\";l.querySelector&&d.addEventListener&&\"undefined\"!=typeof URL&&(d.wp=d.wp||{},d.wp.receiveEmbedMessage||(d.wp.receiveEmbedMessage=function(e){var t=e.data;if((t||t.secret||t.message||t.value)&&!\/[^a-zA-Z0-9]\/.test(t.secret)){for(var s,r,n,a=l.querySelectorAll('iframe[data-secret=\"'+t.secret+'\"]'),o=l.querySelectorAll('blockquote[data-secret=\"'+t.secret+'\"]'),c=new RegExp(\"^https?:$\",\"i\"),i=0;i<o.length;i++)o[i].style.display=\"none\";for(i=0;i<a.length;i++)s=a[i],e.source===s.contentWindow&&(s.removeAttribute(\"style\"),\"height\"===t.message?(1e3<(r=parseInt(t.value,10))?r=1e3:~~r<200&&(r=200),s.height=r):\"link\"===t.message&&(r=new URL(s.getAttribute(\"src\")),n=new URL(t.value),c.test(n.protocol))&&n.host===r.host&&l.activeElement===s&&(d.top.location.href=t.value))}},d.addEventListener(\"message\",d.wp.receiveEmbedMessage,!1),l.addEventListener(\"DOMContentLoaded\",function(){for(var e,t,s=l.querySelectorAll(\"iframe.wp-embedded-content\"),r=0;r<s.length;r++)(t=(e=s[r]).getAttribute(\"data-secret\"))||(t=Math.random().toString(36).substring(2,12),e.src+=\"#?secret=\"+t,e.setAttribute(\"data-secret\",t)),e.contentWindow.postMessage({message:\"ready\",secret:t},\"*\")},!1)))}(window,document);\n\/\/# sourceURL=https:\/\/quechilero.com\/blog\/wp-includes\/js\/wp-embed.min.js\n<\/script>\n"},"jetpack_publicize_connections":[],"jetpack_shortlink":"https:\/\/wp.me\/sDKli-saudade","jetpack_sharing_enabled":true,"jetpack-related-posts":[{"id":790,"url":"https:\/\/quechilero.com\/blog\/2007\/12\/02\/um-grande-amor\/","url_meta":{"origin":2541,"position":0},"title":"Um grande amor","author":"Pepe Barrascout Ortiz","date":"2 diciembre 2007","format":false,"excerpt":"Como \u00e9 bom sonhar sonhos lindos, nas horas de boas lembran\u00e7as, no tempo de ser feliz, em momentos de alegria, quando nem mesmo a saudade pode indicar separa\u00e7\u00e3o ! Como \u00e9 bom te ver, como \u00e9 bom te amar e sentir que a dist\u00e1ncia n\u00e3o existe ! bom \u00e9 o\u2026","rel":"","context":"En \u00abLimones\u00bb","block_context":{"text":"Limones","link":"https:\/\/quechilero.com\/blog\/category\/limones\/"},"img":{"alt_text":"","src":"","width":0,"height":0},"classes":[]},{"id":2531,"url":"https:\/\/quechilero.com\/blog\/2009\/05\/16\/sinto-falta-de-voce\/","url_meta":{"origin":2541,"position":1},"title":"Sinto falta de voc\u00ea","author":"Pepe Barrascout Ortiz","date":"16 mayo 2009","format":false,"excerpt":"Sinto falta de voc\u00ea Como o orvalho sente da flor De pairar sobre suas p\u00e9talas Sinto falta do teu amor Sinto falta De me enla\u00e7ar em seus bra\u00e7os Me fazendo viajar por entre As estrelas no espa\u00e7o Sinto falta do seu beijo que me completa Do seu amor, que se\u2026","rel":"","context":"En \u00abLimones\u00bb","block_context":{"text":"Limones","link":"https:\/\/quechilero.com\/blog\/category\/limones\/"},"img":{"alt_text":"","src":"","width":0,"height":0},"classes":[]},{"id":2520,"url":"https:\/\/quechilero.com\/blog\/2009\/05\/23\/quando-olhares-ao-ceu\/","url_meta":{"origin":2541,"position":2},"title":"Quando olhares ao c\u00e9u","author":"Pepe Barrascout Ortiz","date":"23 mayo 2009","format":false,"excerpt":"Quando olhares ao c\u00e9u e ver estrela que brilha com mais intensidade lembre-se que essa estrela \u00e9 o s\u00edmbolo do meu amor por voc\u00ea. Mais quando olhares e n\u00e3o ver nenhuma estrela n\u00e3o pense que te esqueci apenas me perdi no espa\u00e7o a procura de voc\u00ea Sabe porque? Porque amo\u2026","rel":"","context":"En \u00abLimones\u00bb","block_context":{"text":"Limones","link":"https:\/\/quechilero.com\/blog\/category\/limones\/"},"img":{"alt_text":"","src":"","width":0,"height":0},"classes":[]},{"id":2553,"url":"https:\/\/quechilero.com\/blog\/2009\/05\/25\/a-quimica-da-amizade\/","url_meta":{"origin":2541,"position":3},"title":"A Qu\u00edmica da Amizade","author":"Pepe Barrascout Ortiz","date":"25 mayo 2009","format":false,"excerpt":"Nossa amizade \u00e9 como a liga\u00e7\u00e3o covalente, sempre compartilhando alegrias, tristezas... Nunca surgir\u00e1 um radical, porque essa liga\u00e7\u00e3o jamais se quebrar\u00e1! Sei que em alguns momentos ser\u00e1 necess\u00e1rio, ver, analisar algo errado e balancear a equa\u00e7\u00e3o, buscando o equil\u00edbrio qu\u00edmico entre a gente. O meu cora\u00e7\u00e3o para voc\u00ea, sempre ser\u00e1\u2026","rel":"","context":"En \u00abLimones\u00bb","block_context":{"text":"Limones","link":"https:\/\/quechilero.com\/blog\/category\/limones\/"},"img":{"alt_text":"","src":"","width":0,"height":0},"classes":[]},{"id":13289,"url":"https:\/\/quechilero.com\/blog\/2012\/05\/12\/jorge-maravilha-chico-buarque\/","url_meta":{"origin":2541,"position":4},"title":"Jorge Maravilha &#8211; Chico Buarque","author":"Pepe Barrascout Ortiz","date":"12 mayo 2012","format":false,"excerpt":"https:\/\/youtu.be\/tYWkweKw5ME LETRA: Jorge Maravilha (Leonel Paiva, Chico Buarque) E nada como um tempo ap\u00f3s um contratempo Pro meu cora\u00e7\u00e3o E n\u00e3o vale a pena ficar, apenas ficar Chorando, resmungando, at\u00e9 quando? N\u00e3o, n\u00e3o... E como j\u00e1 dizia Jorge Maravilha Prenhe de raz\u00e3o Mais vale uma filha na m\u00e3o Do que\u2026","rel":"","context":"En \u00abLimones\u00bb","block_context":{"text":"Limones","link":"https:\/\/quechilero.com\/blog\/category\/limones\/"},"img":{"alt_text":"","src":"https:\/\/i0.wp.com\/img.youtube.com\/vi\/tYWkweKw5ME\/0.jpg?resize=350%2C200","width":350,"height":200},"classes":[]},{"id":2565,"url":"https:\/\/quechilero.com\/blog\/2009\/05\/29\/para-a-melhor-amiga\/","url_meta":{"origin":2541,"position":5},"title":"Para a melhor amiga","author":"Pepe Barrascout Ortiz","date":"29 mayo 2009","format":false,"excerpt":"Amiga, liga n\u00e3o Sou mesmo desligado E se ap\u00f3s mais de quinze anos N\u00e3o fiz festa ao te ver \u00c9 porque, de t\u00e3o imensa E intensa a amizade Inda distante me queimava Teu calor aqui colado E por vezes Levantei a minha m\u00e3o Pensando ser a tua E nesse ledo\u2026","rel":"","context":"En \u00abLimones\u00bb","block_context":{"text":"Limones","link":"https:\/\/quechilero.com\/blog\/category\/limones\/"},"img":{"alt_text":"","src":"","width":0,"height":0},"classes":[]}],"jetpack_featured_media_url":"","_links":{"self":[{"href":"https:\/\/quechilero.com\/blog\/wp-json\/wp\/v2\/posts\/2541","targetHints":{"allow":["GET"]}}],"collection":[{"href":"https:\/\/quechilero.com\/blog\/wp-json\/wp\/v2\/posts"}],"about":[{"href":"https:\/\/quechilero.com\/blog\/wp-json\/wp\/v2\/types\/post"}],"author":[{"embeddable":true,"href":"https:\/\/quechilero.com\/blog\/wp-json\/wp\/v2\/users\/1"}],"replies":[{"embeddable":true,"href":"https:\/\/quechilero.com\/blog\/wp-json\/wp\/v2\/comments?post=2541"}],"version-history":[{"count":0,"href":"https:\/\/quechilero.com\/blog\/wp-json\/wp\/v2\/posts\/2541\/revisions"}],"wp:attachment":[{"href":"https:\/\/quechilero.com\/blog\/wp-json\/wp\/v2\/media?parent=2541"}],"wp:term":[{"taxonomy":"category","embeddable":true,"href":"https:\/\/quechilero.com\/blog\/wp-json\/wp\/v2\/categories?post=2541"},{"taxonomy":"post_tag","embeddable":true,"href":"https:\/\/quechilero.com\/blog\/wp-json\/wp\/v2\/tags?post=2541"},{"taxonomy":"series","embeddable":true,"href":"https:\/\/quechilero.com\/blog\/wp-json\/wp\/v2\/series?post=2541"}],"curies":[{"name":"wp","href":"https:\/\/api.w.org\/{rel}","templated":true}]}}