{"id":2531,"date":"2009-05-16T08:00:23","date_gmt":"2009-05-16T14:00:23","guid":{"rendered":"http:\/\/quechilero.com\/blog\/?p=2531"},"modified":"2009-05-16T08:00:23","modified_gmt":"2009-05-16T14:00:23","slug":"sinto-falta-de-voce","status":"publish","type":"post","link":"https:\/\/quechilero.com\/blog\/2009\/05\/16\/sinto-falta-de-voce\/","title":{"rendered":"Sinto falta de voc\u00ea"},"content":{"rendered":"<p>Sinto falta de voc\u00ea<br \/>\nComo o orvalho sente da flor<br \/>\nDe pairar sobre suas p\u00e9talas<br \/>\nSinto falta do teu amor<\/p>\n<p>Sinto falta<br \/>\nDe me enla\u00e7ar em seus bra\u00e7os<br \/>\nMe fazendo viajar por entre<br \/>\nAs estrelas no espa\u00e7o<\/p>\n<p>Sinto falta do seu beijo que me completa<br \/>\nDo seu amor, que se encaixa perfeitamente<br \/>\nem mim<br \/>\nSinto falta do seu olhar, do seu sorriso<br \/>\nDos longos carinhos sem fim<\/p>\n<p>Sinto tanta, mais tanta saudade<br \/>\nQue n\u00e3o consigo me conter<br \/>\nGostaria de correr contra o tempo<br \/>\nPorque simplesmente, sinto falta de voc\u00ea!<\/p>\n","protected":false},"excerpt":{"rendered":"<p>Sinto falta de voc\u00ea Como o orvalho sente da flor De pairar sobre suas p\u00e9talas Sinto falta do teu amor Sinto falta De me enla\u00e7ar em seus bra\u00e7os Me fazendo viajar por entre As estrelas no espa\u00e7o Sinto falta do seu beijo que me completa Do seu amor, que se encaixa perfeitamente em mim Sinto &#8230; <a title=\"Sinto falta de voc\u00ea\" class=\"read-more\" href=\"https:\/\/quechilero.com\/blog\/2009\/05\/16\/sinto-falta-de-voce\/\" aria-label=\"Leer m\u00e1s sobre Sinto falta de voc\u00ea\">Leer m\u00e1s<\/a><\/p>\n","protected":false},"author":1,"featured_media":0,"comment_status":"open","ping_status":"open","sticky":false,"template":"","format":"standard","meta":{"advanced_seo_description":"","jetpack_seo_html_title":"","jetpack_seo_noindex":false,"jetpack_seo_schema_type":"","episode_type":"","audio_file":"","podmotor_file_id":"","podmotor_episode_id":"","cover_image":"","cover_image_id":"","duration":"","filesize":"","filesize_raw":"","date_recorded":"","explicit":"","block":"","_jetpack_newsletter_access":"","_jetpack_dont_email_post_to_subs":false,"_jetpack_newsletter_tier_id":0,"_jetpack_memberships_contains_paywalled_content":false,"_jetpack_feature_clip_id":0,"_jetpack_memberships_contains_paid_content":false,"footnotes":"","jetpack_publicize_message":"","jetpack_publicize_feature_enabled":true,"jetpack_social_post_already_shared":false,"jetpack_social_options":{"image_generator_settings":{"template":"highway","default_image_id":0,"font":"","enabled":false},"version":2},"jetpack_post_was_ever_published":false},"categories":[2],"tags":[15,103,54,106,57],"series":[],"class_list":["post-2531","post","type-post","status-publish","format-standard","hentry","category-limones","tag-amor","tag-beijo","tag-kiki","tag-portugues","tag-voce"],"episode_featured_image":false,"episode_player_image":"https:\/\/i0.wp.com\/quechilero.com\/blog\/imagenes\/podcast.png?fit=1831%2C1831&ssl=1","download_link":"","player_link":"","audio_player":false,"episode_data":{"playerMode":"dark","subscribeUrls":{"amazon":{"key":"amazon","url":"","label":"Amazon","class":"amazon","icon":"amazon.png"},"apple_podcasts":{"key":"apple_podcasts","url":"","label":"Apple Podcasts","class":"apple_podcasts","icon":"apple-podcasts.png"},"castbox":{"key":"castbox","url":"","label":"CastBox","class":"castbox","icon":"castbox.png"},"deezer":{"key":"deezer","url":"","label":"Deezer","class":"deezer","icon":"deezer.png"},"google_podcasts":{"key":"google_podcasts","url":"","label":"Google Podcasts","class":"google_podcasts","icon":"google-podcasts.png"},"listen_notes":{"key":"listen_notes","url":"","label":"Listen Notes","class":"listen_notes","icon":"listen-notes.png"},"pandora":{"key":"pandora","url":"","label":"Pandora","class":"pandora","icon":"pandora.png"},"podbean":{"key":"podbean","url":"","label":"Podbean","class":"podbean","icon":"podbean.png"},"podcast_republic":{"key":"podcast_republic","url":"","label":"Podcast Republic","class":"podcast_republic","icon":"podcast-republic.png"},"rss":{"key":"rss","url":"","label":"RSS","class":"rss","icon":"rss.png"},"spotify":{"key":"spotify","url":"","label":"Spotify","class":"spotify","icon":"spotify.png"},"stitcher":{"key":"stitcher","url":"","label":"Stitcher","class":"stitcher","icon":"stitcher.png"},"tunein":{"key":"tunein","url":"","label":"TuneIn","class":"tunein","icon":"tunein.png"},"youtube":{"key":"youtube","url":"","label":"YouTube","class":"youtube","icon":"youtube.png"},"iheartradio":{"key":"iheartradio","url":"","label":"iHeartRadio","class":"iheartradio","icon":"iheartradio.png"},"ivoox":{"key":"ivoox","url":"","label":"iVoox","class":"ivoox","icon":"ivoox.png"}},"rssFeedUrl":"https:\/\/quechilero.com\/blog\/feed\/podcast\/si-la-vida-nos-da-limones","embedCode":"<blockquote class=\"wp-embedded-content\" data-secret=\"GIrOA9Vg2Q\"><a href=\"https:\/\/quechilero.com\/blog\/2009\/05\/16\/sinto-falta-de-voce\/\">Sinto falta de voc\u00ea<\/a><\/blockquote><iframe sandbox=\"allow-scripts\" security=\"restricted\" src=\"https:\/\/quechilero.com\/blog\/2009\/05\/16\/sinto-falta-de-voce\/embed\/#?secret=GIrOA9Vg2Q\" width=\"500\" height=\"350\" title=\"\u00abSinto falta de voc\u00ea\u00bb \u2014 Si la Vida nos da Limones...\" data-secret=\"GIrOA9Vg2Q\" frameborder=\"0\" marginwidth=\"0\" marginheight=\"0\" scrolling=\"no\" class=\"wp-embedded-content\"><\/iframe><script>\n\/*! This file is auto-generated *\/\n!function(d,l){\"use strict\";l.querySelector&&d.addEventListener&&\"undefined\"!=typeof URL&&(d.wp=d.wp||{},d.wp.receiveEmbedMessage||(d.wp.receiveEmbedMessage=function(e){var t=e.data;if((t||t.secret||t.message||t.value)&&!\/[^a-zA-Z0-9]\/.test(t.secret)){for(var s,r,n,a=l.querySelectorAll('iframe[data-secret=\"'+t.secret+'\"]'),o=l.querySelectorAll('blockquote[data-secret=\"'+t.secret+'\"]'),c=new RegExp(\"^https?:$\",\"i\"),i=0;i<o.length;i++)o[i].style.display=\"none\";for(i=0;i<a.length;i++)s=a[i],e.source===s.contentWindow&&(s.removeAttribute(\"style\"),\"height\"===t.message?(1e3<(r=parseInt(t.value,10))?r=1e3:~~r<200&&(r=200),s.height=r):\"link\"===t.message&&(r=new URL(s.getAttribute(\"src\")),n=new URL(t.value),c.test(n.protocol))&&n.host===r.host&&l.activeElement===s&&(d.top.location.href=t.value))}},d.addEventListener(\"message\",d.wp.receiveEmbedMessage,!1),l.addEventListener(\"DOMContentLoaded\",function(){for(var e,t,s=l.querySelectorAll(\"iframe.wp-embedded-content\"),r=0;r<s.length;r++)(t=(e=s[r]).getAttribute(\"data-secret\"))||(t=Math.random().toString(36).substring(2,12),e.src+=\"#?secret=\"+t,e.setAttribute(\"data-secret\",t)),e.contentWindow.postMessage({message:\"ready\",secret:t},\"*\")},!1)))}(window,document);\n\/\/# sourceURL=https:\/\/quechilero.com\/blog\/wp-includes\/js\/wp-embed.min.js\n<\/script>\n"},"jetpack_publicize_connections":[],"jetpack_shortlink":"https:\/\/wp.me\/pDKli-EP","jetpack_sharing_enabled":true,"jetpack-related-posts":[{"id":789,"url":"https:\/\/quechilero.com\/blog\/2007\/11\/29\/meu-coracao\/","url_meta":{"origin":2531,"position":0},"title":"Meu cora\u00e7\u00e3o","author":"Pepe Barrascout Ortiz","date":"29 noviembre 2007","format":false,"excerpt":"Meu cora\u00e7\u00e3o era frio, meu pensamento vazio, minha vida amarga, meu sorriso sem gra\u00e7a e a tristeza me calava... Hoje, sinto seu calor, penso em voc\u00ea com amor, me imagino um beija-flor, vivendo do seu doce amor... Voc\u00ea \u00e9 como uma flor que meu sorriso alegrou... H\u00e1 todos vou declarar...\u2026","rel":"","context":"En \u00abLimones\u00bb","block_context":{"text":"Limones","link":"https:\/\/quechilero.com\/blog\/category\/limones\/"},"img":{"alt_text":"","src":"","width":0,"height":0},"classes":[]},{"id":2568,"url":"https:\/\/quechilero.com\/blog\/2009\/05\/30\/oracao-do-amigo\/","url_meta":{"origin":2531,"position":1},"title":"Ora\u00e7\u00e3o do Amigo","author":"Pepe Barrascout Ortiz","date":"30 mayo 2009","format":false,"excerpt":"Senhor, Olhai pelo meu amigo! Que as pedras sejam removidas do seu caminho, Que tenha for\u00e7as para carregar seus fardos, Que encontre coragem para resistir ao mal, Que possa ver o amor em todos os seres, Que seja abra\u00e7ado pela lealdade, Que encontre conforto e sa\u00fade se estiver doente, Que\u2026","rel":"","context":"En \u00abLimones\u00bb","block_context":{"text":"Limones","link":"https:\/\/quechilero.com\/blog\/category\/limones\/"},"img":{"alt_text":"","src":"","width":0,"height":0},"classes":[]},{"id":2562,"url":"https:\/\/quechilero.com\/blog\/2009\/05\/28\/amigos-reais\/","url_meta":{"origin":2531,"position":2},"title":"Amigos Reais","author":"Pepe Barrascout Ortiz","date":"28 mayo 2009","format":false,"excerpt":"Por tr\u00e1s de uma tela fria Aquecida por sonhos Deixo os anseios flu\u00edrem Atrav\u00e9s de uma mensagem virtual. Voc\u00ea responde a mensagem E frases s\u00e3o digitadas Fazendo-me crer, que o mundo virtual Pode ser t\u00e3o verdadeiro e \"real\". Por tr\u00e1s de uma tela fria O envolvimento virtual O controle das\u2026","rel":"","context":"En \u00abLimones\u00bb","block_context":{"text":"Limones","link":"https:\/\/quechilero.com\/blog\/category\/limones\/"},"img":{"alt_text":"","src":"","width":0,"height":0},"classes":[]},{"id":2499,"url":"https:\/\/quechilero.com\/blog\/2009\/05\/08\/a-arte-de-ser-feliz\/","url_meta":{"origin":2531,"position":3},"title":"A Arte de Ser Feliz","author":"Pepe Barrascout Ortiz","date":"8 mayo 2009","format":false,"excerpt":"Acorde todas as manh\u00e3 com um sorriso. Esta \u00e9 mais uma oportunidade que voc\u00ea tem para ser feliz. Seja seu pr\u00f3prio motor de igni\u00e7\u00e3o. O dia de hoje jamais voltar\u00e1. N\u00e3o o desperdice, pois voc\u00ea nasceu para ser feliz! Enumere as boas coisas que voc\u00ea tem na vida. Ao tomar\u2026","rel":"","context":"En \u00abLimones\u00bb","block_context":{"text":"Limones","link":"https:\/\/quechilero.com\/blog\/category\/limones\/"},"img":{"alt_text":"","src":"","width":0,"height":0},"classes":[]},{"id":788,"url":"https:\/\/quechilero.com\/blog\/2007\/11\/28\/sei-que-e-amor\/","url_meta":{"origin":2531,"position":4},"title":"Sei que \u00e9 Amor&#8230;","author":"Pepe Barrascout Ortiz","date":"28 noviembre 2007","format":false,"excerpt":"Quando olho pra voc\u00ea, Sei que \u00e9 amor... Quando sinto teu cheiro, Sei que \u00e9 amor... Quando penso em voc\u00ea, Sei que \u00e9 amor... Quando sinto aquele friozinho na barriga, Sei que \u00e9 amor... Quando um passarinho canta enquanto caminho na rua, Sei que \u00e9 amor... Quando \u00e1s vezes meu\u2026","rel":"","context":"En \u00abLimones\u00bb","block_context":{"text":"Limones","link":"https:\/\/quechilero.com\/blog\/category\/limones\/"},"img":{"alt_text":"","src":"","width":0,"height":0},"classes":[]},{"id":2525,"url":"https:\/\/quechilero.com\/blog\/2009\/05\/14\/eu-te-amo-sabia\/","url_meta":{"origin":2531,"position":5},"title":"Eu te Amo Sabia","author":"Pepe Barrascout Ortiz","date":"14 mayo 2009","format":false,"excerpt":"Engra\u00e7ado, eu te amo, sabia? Mas engra\u00e7ado por que? N\u00e3o \u00e9 t\u00e3o simples amar! Talvez eu ache engra\u00e7ado esse seu jeitinho que me faz de repente. Eu n\u00e3o te entendo, sabia? Mas talvez nem eu me entendo! N\u00e3o sei se \u00e9 porque te amo e n\u00e3o sou amado... mas o\u2026","rel":"","context":"En \u00abLimones\u00bb","block_context":{"text":"Limones","link":"https:\/\/quechilero.com\/blog\/category\/limones\/"},"img":{"alt_text":"","src":"","width":0,"height":0},"classes":[]}],"jetpack_featured_media_url":"","_links":{"self":[{"href":"https:\/\/quechilero.com\/blog\/wp-json\/wp\/v2\/posts\/2531","targetHints":{"allow":["GET"]}}],"collection":[{"href":"https:\/\/quechilero.com\/blog\/wp-json\/wp\/v2\/posts"}],"about":[{"href":"https:\/\/quechilero.com\/blog\/wp-json\/wp\/v2\/types\/post"}],"author":[{"embeddable":true,"href":"https:\/\/quechilero.com\/blog\/wp-json\/wp\/v2\/users\/1"}],"replies":[{"embeddable":true,"href":"https:\/\/quechilero.com\/blog\/wp-json\/wp\/v2\/comments?post=2531"}],"version-history":[{"count":0,"href":"https:\/\/quechilero.com\/blog\/wp-json\/wp\/v2\/posts\/2531\/revisions"}],"wp:attachment":[{"href":"https:\/\/quechilero.com\/blog\/wp-json\/wp\/v2\/media?parent=2531"}],"wp:term":[{"taxonomy":"category","embeddable":true,"href":"https:\/\/quechilero.com\/blog\/wp-json\/wp\/v2\/categories?post=2531"},{"taxonomy":"post_tag","embeddable":true,"href":"https:\/\/quechilero.com\/blog\/wp-json\/wp\/v2\/tags?post=2531"},{"taxonomy":"series","embeddable":true,"href":"https:\/\/quechilero.com\/blog\/wp-json\/wp\/v2\/series?post=2531"}],"curies":[{"name":"wp","href":"https:\/\/api.w.org\/{rel}","templated":true}]}}