{"id":253,"date":"2006-09-30T00:00:09","date_gmt":"2006-09-30T06:00:09","guid":{"rendered":"http:\/\/quechilero.com\/blog\/2006\/09\/30\/hora-vieja\/"},"modified":"2006-09-30T00:00:09","modified_gmt":"2006-09-30T06:00:09","slug":"hora-vieja","status":"publish","type":"post","link":"https:\/\/quechilero.com\/blog\/2006\/09\/30\/hora-vieja\/","title":{"rendered":"Hora vieja"},"content":{"rendered":"<p>Hoy, 30 de septiembre, a las 0:00 hrs, se hace nuevamente el cambio de hora a la <em>hora vieja<\/em>, desde hace 6 meses nuestros relojes se hab\u00edan adelantado una hora, con el fin de que hubiera un considerable ahorro energ\u00e9tico.<\/p>\n<p>Al menos en mis facturas de todo este tiempo no se vi\u00f3 reflejado el <em>ahorro<\/em> energ\u00e9tico, incluso un mes fue bastante mayor que el promedio de las anteriores ocasiones, a pesar de conservar los mismos <em>h\u00e1bitos de consumo el\u00e9ctrico<\/em>, invariablemente la factura sigui\u00f3 llegando con valores similares.<\/p>\n<p>Sin embargo las autoridades correspondientes han anunciado que hubo un ahorro de m\u00e1s de 60 millones de quetzales, que de cualquier forma fue mucho menor al proyectado por ellos mismos. Al final de cuentas <em>algo es algo<\/em> y de 60 millones a nada, pues&#8230;<\/p>\n<p>A que se debi\u00f3 que no se alcanzaron las metas propuestas, pues las razones y explicaciones de expertos abundar\u00e1n en estos d\u00edas, antes de que pase al olvido la noticia sustitu\u00edda por otra cosa <em>de moda<\/em>.<\/p>\n<p>Coincidentemente el tiempo que dur\u00f3 el adelanto de hora, lo viv\u00ed en el interior del pa\u00eds y me pude dar cuenta de que en ning\u00fan momento existi\u00f3 por parte de la poblaci\u00f3n en general, de un sentimiento de colaboraci\u00f3n a la medida y se vi\u00f3 reflejado en sus actitudes y comportamiento generalizado.<\/p>\n<p>Fue com\u00fan escuchar durante estos seis meses, comentarios como los siguientes:<\/p>\n<blockquote><p>\u00bfA qu\u00e9 hora quedamos?, a la una. \u00bfLa una de la <em>hora vieja o de la hora nueva<\/em>?<\/p>\n<p>En mi aldea nadie utiliza la <em>hora nueva<\/em> porque no nos sirve de nada.<\/p>\n<p>\u00bfLa panader\u00eda ya no la cierra a las 6?, es que la sigo cerrando con la hora vieja.<\/p><\/blockquote>\n<p>Estas son tres de las m\u00faltiples ocasiones en las que pude escuchar el rechazo inconsiente a la medida. \u00bfLa raz\u00f3n? muchas, desde llevar la contraria al gobierno, s\u00f3lo porque lo dijo el gobierno, hasta falta de conocimiento, pasando por el miedo al cambio.<\/p>\n<p>Hab\u00edan personas que despu\u00e9s de dos meses no sab\u00edan que se hab\u00eda cambiado la hora, como es eso posible. Talvez algo de todo esto tiene que ver la televisi\u00f3n. Con la l\u00f3gica excepci\u00f3n de los bancos, supermercados y una que otra franquicia, que <em>tuvieron,<\/em> como los mismos encargados dijeron, cambiar la hora. Pero es que al ver televisi\u00f3n y me refiero a la se\u00f1al por cable, nos dimos cuenta que los programas segu\u00edan transmiti\u00e9ndose a la misma <em>hora vieja<\/em>, entonces era muy dif\u00edcil seguirle el paso al cambio de hora, estoy seguro que en la capital el cambio se marc\u00f3, pero ac\u00e1 fue casi nulo.<\/p>\n<p>Otro claro ejemplo se vi\u00f3 en los mercados donde los vendedores y locatarios siguieron abriendo sus puestos a la misma <em>hora vieja<\/em> de siempre, <em>es que la gente ya est\u00e1 acostumbrada<\/em>, dec\u00edan.<\/p>\n<p>Si esta actitud se repiti\u00f3 a lo largo de todo el pa\u00eds, es l\u00f3gico ver que las metas de ahorro energ\u00e9tico no se hayan cumplido seg\u00fan las proyecciones.<\/p>\n<p>As\u00ed que para los que vivimos en este rinc\u00f3n del pa\u00eds, el famoso cambio de hora no ser\u00e1 m\u00e1s que otra nota en el noticiero de la noche y una peque\u00f1a columna en el peri\u00f3dico de ma\u00f1ana.<\/p>\n<p>Retomando lo del ahorro energ\u00e9tico y haciendo n\u00fameros a muy <em>grosso<\/em> modo, salen estos c\u00e1lculos.<\/p>\n<p>Ahorro, 60 millones, usuarios 2 millones, entonces cada usuario, en 6 meses ahorr\u00f3 30 quetzales. Lo que representa 5 quetzales al mes, (talvez por eso casi nadie percibi\u00f3 el ahorro). Los 5 quetzales m\u00e1s o menos son un poco m\u00e1s de 19 KWh lo cual es m\u00e1s o menos lo que consume un horno de micro ondas durante 25 minutos.<\/p>\n<p>Por supuesto que este c\u00e1lculo no es totalmente cierto, ya que intervienen muchos factores como la <em>tarifa social<\/em>, el distribuidor de energ\u00eda local, impuestos municipales, etc, etc, adem\u00e1s que todos los valores son burdos y muy aproximados o mejor dicho redondeados ampliamente para no entrar en detalle.<\/p>\n<p>Seg\u00fan he le\u00eddo, el Ministro de Energ\u00eda y Minas ha recomendado continuar con esta medida el pr\u00f3ximo a\u00f1o. Pues ya veremos que pasa para el pr\u00f3ximo a\u00f1o y ojal\u00e1 que la sensibilidad de la poblaci\u00f3n en el interior se vea reflejada efectivamente en el <em>ahorro energ\u00e9tico<\/em> para el pa\u00eds.<\/p>\n<p>Mientras tanto <em>ojal\u00e1<\/em> que me devolvieran los 30 quetzales que <em>ahorr\u00e9<\/em> en estos 6 meses, para ir el 4 de octubre al <em>\u00abMc D\u00eda Feliz\u00bb <\/em>y comprarme un men\u00fa para ayudar a los ni\u00f1os que son tratados por los diversos hospitales e instituciones que apoya esta actividad.<\/p>\n","protected":false},"excerpt":{"rendered":"<p>Hoy, 30 de septiembre, a las 0:00 hrs, se hace nuevamente el cambio de hora a la hora vieja, desde hace 6 meses nuestros relojes se hab\u00edan adelantado una hora, con el fin de que hubiera un considerable ahorro energ\u00e9tico. Al menos en mis facturas de todo este tiempo no se vi\u00f3 reflejado el ahorro &#8230; <a title=\"Hora vieja\" class=\"read-more\" href=\"https:\/\/quechilero.com\/blog\/2006\/09\/30\/hora-vieja\/\" aria-label=\"Leer m\u00e1s sobre Hora vieja\">Leer m\u00e1s<\/a><\/p>\n","protected":false},"author":1,"featured_media":0,"comment_status":"open","ping_status":"open","sticky":false,"template":"","format":"standard","meta":{"advanced_seo_description":"","jetpack_seo_html_title":"","jetpack_seo_noindex":false,"jetpack_seo_schema_type":"","episode_type":"","audio_file":"","podmotor_file_id":"","podmotor_episode_id":"","cover_image":"","cover_image_id":"","duration":"","filesize":"","filesize_raw":"","date_recorded":"","explicit":"","block":"","_jetpack_newsletter_access":"","_jetpack_dont_email_post_to_subs":false,"_jetpack_newsletter_tier_id":0,"_jetpack_memberships_contains_paywalled_content":false,"_jetpack_feature_clip_id":0,"_jetpack_memberships_contains_paid_content":false,"footnotes":"","jetpack_publicize_message":"","jetpack_publicize_feature_enabled":true,"jetpack_social_post_already_shared":false,"jetpack_social_options":{"image_generator_settings":{"template":"highway","default_image_id":0,"font":"","enabled":false},"version":2},"jetpack_post_was_ever_published":false},"categories":[2],"tags":[37,71,46,86,82,5,24],"series":[],"class_list":["post-253","post","type-post","status-publish","format-standard","hentry","category-limones","tag-ayuda","tag-energia","tag-feliz","tag-oracion","tag-sentimiento","tag-tiempo","tag-vida"],"episode_featured_image":false,"episode_player_image":"https:\/\/i0.wp.com\/quechilero.com\/blog\/imagenes\/podcast.png?fit=1831%2C1831&ssl=1","download_link":"","player_link":"","audio_player":false,"episode_data":{"playerMode":"dark","subscribeUrls":{"amazon":{"key":"amazon","url":"","label":"Amazon","class":"amazon","icon":"amazon.png"},"apple_podcasts":{"key":"apple_podcasts","url":"","label":"Apple Podcasts","class":"apple_podcasts","icon":"apple-podcasts.png"},"castbox":{"key":"castbox","url":"","label":"CastBox","class":"castbox","icon":"castbox.png"},"deezer":{"key":"deezer","url":"","label":"Deezer","class":"deezer","icon":"deezer.png"},"google_podcasts":{"key":"google_podcasts","url":"","label":"Google Podcasts","class":"google_podcasts","icon":"google-podcasts.png"},"listen_notes":{"key":"listen_notes","url":"","label":"Listen Notes","class":"listen_notes","icon":"listen-notes.png"},"pandora":{"key":"pandora","url":"","label":"Pandora","class":"pandora","icon":"pandora.png"},"podbean":{"key":"podbean","url":"","label":"Podbean","class":"podbean","icon":"podbean.png"},"podcast_republic":{"key":"podcast_republic","url":"","label":"Podcast Republic","class":"podcast_republic","icon":"podcast-republic.png"},"rss":{"key":"rss","url":"","label":"RSS","class":"rss","icon":"rss.png"},"spotify":{"key":"spotify","url":"","label":"Spotify","class":"spotify","icon":"spotify.png"},"stitcher":{"key":"stitcher","url":"","label":"Stitcher","class":"stitcher","icon":"stitcher.png"},"tunein":{"key":"tunein","url":"","label":"TuneIn","class":"tunein","icon":"tunein.png"},"youtube":{"key":"youtube","url":"","label":"YouTube","class":"youtube","icon":"youtube.png"},"iheartradio":{"key":"iheartradio","url":"","label":"iHeartRadio","class":"iheartradio","icon":"iheartradio.png"},"ivoox":{"key":"ivoox","url":"","label":"iVoox","class":"ivoox","icon":"ivoox.png"}},"rssFeedUrl":"https:\/\/quechilero.com\/blog\/feed\/podcast\/si-la-vida-nos-da-limones","embedCode":"<blockquote class=\"wp-embedded-content\" data-secret=\"Z15P7sVO9Y\"><a href=\"https:\/\/quechilero.com\/blog\/2006\/09\/30\/hora-vieja\/\">Hora vieja<\/a><\/blockquote><iframe sandbox=\"allow-scripts\" security=\"restricted\" src=\"https:\/\/quechilero.com\/blog\/2006\/09\/30\/hora-vieja\/embed\/#?secret=Z15P7sVO9Y\" width=\"500\" height=\"350\" title=\"\u00abHora vieja\u00bb \u2014 Si la Vida nos da Limones...\" data-secret=\"Z15P7sVO9Y\" frameborder=\"0\" marginwidth=\"0\" marginheight=\"0\" scrolling=\"no\" class=\"wp-embedded-content\"><\/iframe><script>\n\/*! This file is auto-generated *\/\n!function(d,l){\"use strict\";l.querySelector&&d.addEventListener&&\"undefined\"!=typeof URL&&(d.wp=d.wp||{},d.wp.receiveEmbedMessage||(d.wp.receiveEmbedMessage=function(e){var t=e.data;if((t||t.secret||t.message||t.value)&&!\/[^a-zA-Z0-9]\/.test(t.secret)){for(var s,r,n,a=l.querySelectorAll('iframe[data-secret=\"'+t.secret+'\"]'),o=l.querySelectorAll('blockquote[data-secret=\"'+t.secret+'\"]'),c=new RegExp(\"^https?:$\",\"i\"),i=0;i<o.length;i++)o[i].style.display=\"none\";for(i=0;i<a.length;i++)s=a[i],e.source===s.contentWindow&&(s.removeAttribute(\"style\"),\"height\"===t.message?(1e3<(r=parseInt(t.value,10))?r=1e3:~~r<200&&(r=200),s.height=r):\"link\"===t.message&&(r=new URL(s.getAttribute(\"src\")),n=new URL(t.value),c.test(n.protocol))&&n.host===r.host&&l.activeElement===s&&(d.top.location.href=t.value))}},d.addEventListener(\"message\",d.wp.receiveEmbedMessage,!1),l.addEventListener(\"DOMContentLoaded\",function(){for(var e,t,s=l.querySelectorAll(\"iframe.wp-embedded-content\"),r=0;r<s.length;r++)(t=(e=s[r]).getAttribute(\"data-secret\"))||(t=Math.random().toString(36).substring(2,12),e.src+=\"#?secret=\"+t,e.setAttribute(\"data-secret\",t)),e.contentWindow.postMessage({message:\"ready\",secret:t},\"*\")},!1)))}(window,document);\n\/\/# sourceURL=https:\/\/quechilero.com\/blog\/wp-includes\/js\/wp-embed.min.js\n<\/script>\n"},"jetpack_publicize_connections":[],"jetpack_shortlink":"https:\/\/wp.me\/pDKli-45","jetpack_sharing_enabled":true,"jetpack-related-posts":[{"id":9430,"url":"https:\/\/quechilero.com\/blog\/2012\/01\/27\/diez-cosas-que-se-deben-comprar-a-granel\/","url_meta":{"origin":253,"position":0},"title":"Diez cosas que se deben comprar a granel","author":"Pepe Barrascout Ortiz","date":"27 enero 2012","format":false,"excerpt":"Cuando se trata de comprar a granel, los ahorros pueden acertar o fallar. Abastecerse en las cosas equivocadas pueden llevar a los desechos y desperdicios.\u00a0Sin embargo, si tomas tu listado de productos de un lado y la lista de ofertas del supermercado del otro y realizas compras al por mayor\u2026","rel":"","context":"En \u00abLimones\u00bb","block_context":{"text":"Limones","link":"https:\/\/quechilero.com\/blog\/category\/limones\/"},"img":{"alt_text":"","src":"","width":0,"height":0},"classes":[]},{"id":11926,"url":"https:\/\/quechilero.com\/blog\/2012\/01\/12\/diez-y-seis-ideas-para-simplificar-la-vida\/","url_meta":{"origin":253,"position":1},"title":"Diez y seis ideas para simplificar la vida","author":"Pepe Barrascout Ortiz","date":"12 enero 2012","format":false,"excerpt":"No hay una receta m\u00e1gica, que te ayude y te lleve al \u00e9xito, pero no hay duda que la constancia, el trabajo duro y la simplificaci\u00f3n, son buenas herramientas para lograrlo. A continuaci\u00f3n, una serie de consejos,\u00a0que pueden ser \u00fatiles para simplificar y hacer mas eficientes, algunos procesos comunes, que\u2026","rel":"","context":"En \u00abLimones\u00bb","block_context":{"text":"Limones","link":"https:\/\/quechilero.com\/blog\/category\/limones\/"},"img":{"alt_text":"","src":"","width":0,"height":0},"classes":[]},{"id":3384,"url":"https:\/\/quechilero.com\/blog\/2009\/07\/30\/lo-bueno-lo-malo-lo-feo-de-la-feria-del-libro\/","url_meta":{"origin":253,"position":2},"title":"Lo bueno, lo malo, lo feo de la feria del libro","author":"Pepe Barrascout Ortiz","date":"30 julio 2009","format":false,"excerpt":"La lectura es algo que siempre me ha apasionado desde peque\u00f1o, as\u00ed que cuando se anuncia una feria del libro, me hace sentir sumamente emocionado. Este a\u00f1o se organiz\u00f3 la Feria Internacional del Libro en Guatemala durante esta semana y sin perder tiempo, aprovechando que estar\u00eda en Guatemala el s\u00e1bado\u2026","rel":"","context":"En \u00abLimones\u00bb","block_context":{"text":"Limones","link":"https:\/\/quechilero.com\/blog\/category\/limones\/"},"img":{"alt_text":"","src":"https:\/\/i0.wp.com\/i392.photobucket.com\/albums\/pp7\/pepejaguar\/blog\/Cartel_Feria_del_Libro.jpg?resize=350%2C200","width":350,"height":200},"classes":[]},{"id":31516,"url":"https:\/\/quechilero.com\/blog\/2023\/06\/17\/un-instructor-en-la-calle\/","url_meta":{"origin":253,"position":3},"title":"Un instructor en la calle","author":"Pepe Barrascout Ortiz","date":"17 junio 2023","format":false,"excerpt":"Como siempre vemos dentro del gimnasio a los instructores, personal de mantenimiento y super chicas de la recepci\u00f3n, pudiera parecer y nos da la muy equivocada percepci\u00f3n, de que ellos no tienen una vida m\u00e1s all\u00e1 del gimnasio. Amigos, por muy extra\u00f1o y dif\u00edcil de creer les digo, por favor\u2026","rel":"","context":"En \u00abDaily Gym\u00bb","block_context":{"text":"Daily Gym","link":"https:\/\/quechilero.com\/blog\/category\/podcast\/daily-gym\/"},"img":{"alt_text":"Daily Gym Podcast","src":"https:\/\/i0.wp.com\/quechilero.com\/blog\/imagenes\/DailyGym.jpg?fit=1200%2C675&ssl=1&resize=350%2C200","width":350,"height":200,"srcset":"https:\/\/i0.wp.com\/quechilero.com\/blog\/imagenes\/DailyGym.jpg?fit=1200%2C675&ssl=1&resize=350%2C200 1x, https:\/\/i0.wp.com\/quechilero.com\/blog\/imagenes\/DailyGym.jpg?fit=1200%2C675&ssl=1&resize=525%2C300 1.5x, https:\/\/i0.wp.com\/quechilero.com\/blog\/imagenes\/DailyGym.jpg?fit=1200%2C675&ssl=1&resize=700%2C400 2x, https:\/\/i0.wp.com\/quechilero.com\/blog\/imagenes\/DailyGym.jpg?fit=1200%2C675&ssl=1&resize=1050%2C600 3x"},"classes":[]},{"id":2418,"url":"https:\/\/quechilero.com\/blog\/2009\/03\/15\/regalame-un-click-por-favor\/","url_meta":{"origin":253,"position":4},"title":"Reg\u00e1lame un click, por favor","author":"Pepe Barrascout Ortiz","date":"15 marzo 2009","format":false,"excerpt":"Una curiosidad muy interesante, que a veces dejamos pasar, por su poca importancia aparente, es el n\u00famero de clicks, que hacemos mientras hacemos uso de la computadora, ya sea navegando en internet o utilizando alg\u00fan otro programa ofim\u00e1tico, o quiz\u00e1 alg\u00fan programa t\u00e9cnico espec\u00edfico. Si bien es cierto, que dependiendo\u2026","rel":"","context":"En \u00abLimones\u00bb","block_context":{"text":"Limones","link":"https:\/\/quechilero.com\/blog\/category\/limones\/"},"img":{"alt_text":"","src":"https:\/\/i0.wp.com\/i392.photobucket.com\/albums\/pp7\/pepejaguar\/blog\/primer_mouse.jpg?resize=350%2C200","width":350,"height":200},"classes":[]},{"id":11326,"url":"https:\/\/quechilero.com\/blog\/2011\/11\/10\/transporte-gratis-en-las-elecciones-sabe-quien-lo-paga\/","url_meta":{"origin":253,"position":5},"title":"Transporte Gratis en las Elecciones \u00bfsabe quien lo paga?","author":"Pepe Barrascout Ortiz","date":"10 noviembre 2011","format":false,"excerpt":"Como es ya tradici\u00f3n, una vez mas se ofreci\u00f3 transporte gratuito el d\u00eda de las elecciones. Cuando a\u00fan no ten\u00eda edad para votar, era la oportunidad para ir a dar vueltas gratis por la ciudad.\u00a0Era com\u00fan la reuni\u00f3n con amigos y nos aventur\u00e1bamos a explorar\u00a0la capital del pa\u00eds. Claro que\u2026","rel":"","context":"En \u00abLimones\u00bb","block_context":{"text":"Limones","link":"https:\/\/quechilero.com\/blog\/category\/limones\/"},"img":{"alt_text":"","src":"https:\/\/i0.wp.com\/i392.photobucket.com\/albums\/pp7\/pepejaguar\/blog\/transmetro.png?resize=350%2C200","width":350,"height":200,"srcset":"https:\/\/i0.wp.com\/i392.photobucket.com\/albums\/pp7\/pepejaguar\/blog\/transmetro.png?resize=350%2C200 1x, https:\/\/i0.wp.com\/i392.photobucket.com\/albums\/pp7\/pepejaguar\/blog\/transmetro.png?resize=525%2C300 1.5x"},"classes":[]}],"jetpack_featured_media_url":"","_links":{"self":[{"href":"https:\/\/quechilero.com\/blog\/wp-json\/wp\/v2\/posts\/253","targetHints":{"allow":["GET"]}}],"collection":[{"href":"https:\/\/quechilero.com\/blog\/wp-json\/wp\/v2\/posts"}],"about":[{"href":"https:\/\/quechilero.com\/blog\/wp-json\/wp\/v2\/types\/post"}],"author":[{"embeddable":true,"href":"https:\/\/quechilero.com\/blog\/wp-json\/wp\/v2\/users\/1"}],"replies":[{"embeddable":true,"href":"https:\/\/quechilero.com\/blog\/wp-json\/wp\/v2\/comments?post=253"}],"version-history":[{"count":0,"href":"https:\/\/quechilero.com\/blog\/wp-json\/wp\/v2\/posts\/253\/revisions"}],"wp:attachment":[{"href":"https:\/\/quechilero.com\/blog\/wp-json\/wp\/v2\/media?parent=253"}],"wp:term":[{"taxonomy":"category","embeddable":true,"href":"https:\/\/quechilero.com\/blog\/wp-json\/wp\/v2\/categories?post=253"},{"taxonomy":"post_tag","embeddable":true,"href":"https:\/\/quechilero.com\/blog\/wp-json\/wp\/v2\/tags?post=253"},{"taxonomy":"series","embeddable":true,"href":"https:\/\/quechilero.com\/blog\/wp-json\/wp\/v2\/series?post=253"}],"curies":[{"name":"wp","href":"https:\/\/api.w.org\/{rel}","templated":true}]}}