{"id":2525,"date":"2009-05-14T08:00:09","date_gmt":"2009-05-14T14:00:09","guid":{"rendered":"http:\/\/quechilero.com\/blog\/?p=2525"},"modified":"2009-05-14T08:00:09","modified_gmt":"2009-05-14T14:00:09","slug":"eu-te-amo-sabia","status":"publish","type":"post","link":"https:\/\/quechilero.com\/blog\/2009\/05\/14\/eu-te-amo-sabia\/","title":{"rendered":"Eu te Amo Sabia"},"content":{"rendered":"<p>Engra\u00e7ado, eu te amo, sabia?<br \/>\nMas engra\u00e7ado por que?<br \/>\nN\u00e3o \u00e9 t\u00e3o simples amar!<br \/>\nTalvez eu ache engra\u00e7ado<br \/>\nesse seu jeitinho<br \/>\nque me faz de repente.<\/p>\n<p>Eu n\u00e3o te entendo, sabia?<br \/>\nMas talvez nem eu me entendo!<br \/>\nN\u00e3o sei se \u00e9 porque te amo e n\u00e3o<br \/>\nsou amado&#8230;<br \/>\nmas o que importa?<br \/>\no Sol aquece e n\u00e3o \u00e9 aquecido!<\/p>\n<p>Voc\u00ea \u00e9 linda, sabia?<br \/>\nLinda, mas como \u00e9 ser linda?<br \/>\n\u00c9 ser como a Primavera que ignora<br \/>\nseu encanto,<br \/>\n\u00e9 ser como a rosa que ignora seu perfume&#8230;<br \/>\n\u00e9 ser como voc\u00ea!<\/p>\n<p>E como \u00e9 voc\u00ea?<br \/>\n\u00c9 simples como um sorriso, humilde<br \/>\ncomo a prece!<\/p>\n<p>Voc\u00ea me d\u00e1 felicidade, sabia?<br \/>\nFelicidade&#8230; mas o que \u00e9 felicidade?<br \/>\n\u00c9 esse seu sorriso lindo, \u00e9 essa sua<br \/>\nvoz que me d\u00e1 vida!<br \/>\nFoi um dia te encontrar e te amar!<\/p>\n<p>Mas, por que te amo?<br \/>\n\u00c9 porque meu cora\u00e7\u00e3o palpita quando te v\u00ea,<br \/>\n\u00e9 porque meus olhos procuram os seus,<br \/>\n\u00e9 porque minhas m\u00e3o ficam frias e s\u00f3<br \/>\nse aquecem com as suas,<br \/>\n\u00e9 porque o sorriso s\u00f3 reina em meus<br \/>\nl\u00e1bios quando tenho voc\u00ea,<br \/>\n\u00e9 porque te amar \u00e9 viver!<br \/>\nE \u00e9 por isso que estou vivo!!!<\/p>\n<p>E como \u00e9 viver?<br \/>\n\u00c9 ter esperan\u00e7a que um dia vai me amar,<br \/>\n\u00e9 ter a luz do teu olhar,<br \/>\nenfim, viver \u00e9 te amar!<\/p>\n<p>E o que \u00e9 Amar?<br \/>\n\u00c9 sentir uma ternura infinita,<br \/>\n\u00e9 sentir ser o cravo mais bonito,<br \/>\n\u00e9 sentir ser sublime como a prece,<br \/>\n\u00e9 sentir ser puro como as nuvens,<br \/>\n\u00e9 sentir-se suave como a brisa,<br \/>\n\u00e9 sentir-se lindo como o c\u00e9u&#8230;<br \/>\n\u00e9 sentir voc\u00ea em meu cora\u00e7\u00e3o!<\/p>\n<p>Eu estou chorando, sabia?<br \/>\nChorando, mas por que?<br \/>\nPorque estou feliz!<br \/>\nE quem est\u00e1 feliz chora?<br \/>\nChora sim!<br \/>\nE por que estou feliz?<br \/>\n\u00c9 porque eu te amo<\/p>\n<p>Voc\u00ea n\u00e3o sabia?<br \/>\nLoucamente<br \/>\nTe Amo<\/p>\n<p><em>Kiki eu amo voc\u00ea<\/em><\/p>\n<p><em>Por: Leamir Miranda da Costa <\/em><\/p>\n","protected":false},"excerpt":{"rendered":"<p>Engra\u00e7ado, eu te amo, sabia? Mas engra\u00e7ado por que? N\u00e3o \u00e9 t\u00e3o simples amar! Talvez eu ache engra\u00e7ado esse seu jeitinho que me faz de repente. Eu n\u00e3o te entendo, sabia? Mas talvez nem eu me entendo! N\u00e3o sei se \u00e9 porque te amo e n\u00e3o sou amado&#8230; mas o que importa? o Sol aquece &#8230; <a title=\"Eu te Amo Sabia\" class=\"read-more\" href=\"https:\/\/quechilero.com\/blog\/2009\/05\/14\/eu-te-amo-sabia\/\" aria-label=\"Leer m\u00e1s sobre Eu te Amo Sabia\">Leer m\u00e1s<\/a><\/p>\n","protected":false},"author":1,"featured_media":0,"comment_status":"open","ping_status":"open","sticky":false,"template":"","format":"standard","meta":{"advanced_seo_description":"","jetpack_seo_html_title":"","jetpack_seo_noindex":false,"jetpack_seo_schema_type":"","episode_type":"","audio_file":"","podmotor_file_id":"","podmotor_episode_id":"","cover_image":"","cover_image_id":"","duration":"","filesize":"","filesize_raw":"","date_recorded":"","explicit":"","block":"","_jetpack_newsletter_access":"","_jetpack_dont_email_post_to_subs":false,"_jetpack_newsletter_tier_id":0,"_jetpack_memberships_contains_paywalled_content":false,"_jetpack_feature_clip_id":0,"_jetpack_memberships_contains_paid_content":false,"footnotes":"","jetpack_publicize_message":"","jetpack_publicize_feature_enabled":true,"jetpack_social_post_already_shared":false,"jetpack_social_options":{"image_generator_settings":{"template":"highway","default_image_id":0,"font":"","enabled":false},"version":2},"jetpack_post_was_ever_published":false},"categories":[2],"tags":[105,46,54,106,24,57],"series":[],"class_list":["post-2525","post","type-post","status-publish","format-standard","hentry","category-limones","tag-felicidade","tag-feliz","tag-kiki","tag-portugues","tag-vida","tag-voce"],"episode_featured_image":false,"episode_player_image":"https:\/\/i0.wp.com\/quechilero.com\/blog\/imagenes\/podcast.png?fit=1831%2C1831&ssl=1","download_link":"","player_link":"","audio_player":false,"episode_data":{"playerMode":"dark","subscribeUrls":{"amazon":{"key":"amazon","url":"","label":"Amazon","class":"amazon","icon":"amazon.png"},"apple_podcasts":{"key":"apple_podcasts","url":"","label":"Apple Podcasts","class":"apple_podcasts","icon":"apple-podcasts.png"},"castbox":{"key":"castbox","url":"","label":"CastBox","class":"castbox","icon":"castbox.png"},"deezer":{"key":"deezer","url":"","label":"Deezer","class":"deezer","icon":"deezer.png"},"google_podcasts":{"key":"google_podcasts","url":"","label":"Google Podcasts","class":"google_podcasts","icon":"google-podcasts.png"},"listen_notes":{"key":"listen_notes","url":"","label":"Listen Notes","class":"listen_notes","icon":"listen-notes.png"},"pandora":{"key":"pandora","url":"","label":"Pandora","class":"pandora","icon":"pandora.png"},"podbean":{"key":"podbean","url":"","label":"Podbean","class":"podbean","icon":"podbean.png"},"podcast_republic":{"key":"podcast_republic","url":"","label":"Podcast Republic","class":"podcast_republic","icon":"podcast-republic.png"},"rss":{"key":"rss","url":"","label":"RSS","class":"rss","icon":"rss.png"},"spotify":{"key":"spotify","url":"","label":"Spotify","class":"spotify","icon":"spotify.png"},"stitcher":{"key":"stitcher","url":"","label":"Stitcher","class":"stitcher","icon":"stitcher.png"},"tunein":{"key":"tunein","url":"","label":"TuneIn","class":"tunein","icon":"tunein.png"},"youtube":{"key":"youtube","url":"","label":"YouTube","class":"youtube","icon":"youtube.png"},"iheartradio":{"key":"iheartradio","url":"","label":"iHeartRadio","class":"iheartradio","icon":"iheartradio.png"},"ivoox":{"key":"ivoox","url":"","label":"iVoox","class":"ivoox","icon":"ivoox.png"}},"rssFeedUrl":"https:\/\/quechilero.com\/blog\/feed\/podcast\/si-la-vida-nos-da-limones","embedCode":"<blockquote class=\"wp-embedded-content\" data-secret=\"d5Su9oBBEr\"><a href=\"https:\/\/quechilero.com\/blog\/2009\/05\/14\/eu-te-amo-sabia\/\">Eu te Amo Sabia<\/a><\/blockquote><iframe sandbox=\"allow-scripts\" security=\"restricted\" src=\"https:\/\/quechilero.com\/blog\/2009\/05\/14\/eu-te-amo-sabia\/embed\/#?secret=d5Su9oBBEr\" width=\"500\" height=\"350\" title=\"\u00abEu te Amo Sabia\u00bb \u2014 Si la Vida nos da Limones...\" data-secret=\"d5Su9oBBEr\" frameborder=\"0\" marginwidth=\"0\" marginheight=\"0\" scrolling=\"no\" class=\"wp-embedded-content\"><\/iframe><script>\n\/*! This file is auto-generated *\/\n!function(d,l){\"use strict\";l.querySelector&&d.addEventListener&&\"undefined\"!=typeof URL&&(d.wp=d.wp||{},d.wp.receiveEmbedMessage||(d.wp.receiveEmbedMessage=function(e){var t=e.data;if((t||t.secret||t.message||t.value)&&!\/[^a-zA-Z0-9]\/.test(t.secret)){for(var s,r,n,a=l.querySelectorAll('iframe[data-secret=\"'+t.secret+'\"]'),o=l.querySelectorAll('blockquote[data-secret=\"'+t.secret+'\"]'),c=new RegExp(\"^https?:$\",\"i\"),i=0;i<o.length;i++)o[i].style.display=\"none\";for(i=0;i<a.length;i++)s=a[i],e.source===s.contentWindow&&(s.removeAttribute(\"style\"),\"height\"===t.message?(1e3<(r=parseInt(t.value,10))?r=1e3:~~r<200&&(r=200),s.height=r):\"link\"===t.message&&(r=new URL(s.getAttribute(\"src\")),n=new URL(t.value),c.test(n.protocol))&&n.host===r.host&&l.activeElement===s&&(d.top.location.href=t.value))}},d.addEventListener(\"message\",d.wp.receiveEmbedMessage,!1),l.addEventListener(\"DOMContentLoaded\",function(){for(var e,t,s=l.querySelectorAll(\"iframe.wp-embedded-content\"),r=0;r<s.length;r++)(t=(e=s[r]).getAttribute(\"data-secret\"))||(t=Math.random().toString(36).substring(2,12),e.src+=\"#?secret=\"+t,e.setAttribute(\"data-secret\",t)),e.contentWindow.postMessage({message:\"ready\",secret:t},\"*\")},!1)))}(window,document);\n\/\/# sourceURL=https:\/\/quechilero.com\/blog\/wp-includes\/js\/wp-embed.min.js\n<\/script>\n"},"jetpack_publicize_connections":[],"jetpack_shortlink":"https:\/\/wp.me\/pDKli-EJ","jetpack_sharing_enabled":true,"jetpack-related-posts":[{"id":2499,"url":"https:\/\/quechilero.com\/blog\/2009\/05\/08\/a-arte-de-ser-feliz\/","url_meta":{"origin":2525,"position":0},"title":"A Arte de Ser Feliz","author":"Pepe Barrascout Ortiz","date":"8 mayo 2009","format":false,"excerpt":"Acorde todas as manh\u00e3 com um sorriso. Esta \u00e9 mais uma oportunidade que voc\u00ea tem para ser feliz. Seja seu pr\u00f3prio motor de igni\u00e7\u00e3o. O dia de hoje jamais voltar\u00e1. N\u00e3o o desperdice, pois voc\u00ea nasceu para ser feliz! Enumere as boas coisas que voc\u00ea tem na vida. Ao tomar\u2026","rel":"","context":"En \u00abLimones\u00bb","block_context":{"text":"Limones","link":"https:\/\/quechilero.com\/blog\/category\/limones\/"},"img":{"alt_text":"","src":"","width":0,"height":0},"classes":[]},{"id":2536,"url":"https:\/\/quechilero.com\/blog\/2009\/05\/18\/coracao-de-menina-mulher\/","url_meta":{"origin":2525,"position":1},"title":"Cora\u00e7\u00e3o de Menina-Mulher","author":"Pepe Barrascout Ortiz","date":"18 mayo 2009","format":false,"excerpt":"Eu Te Amo S\u00f3 que n\u00e3o quero Eu n\u00e3o posso, Mas o meu cora\u00e7\u00e3o te persegue Sei que n\u00e3o me amas, E sei que n\u00e3o me quer Mas o que eu fa\u00e7o Com meu cora\u00e7\u00e3o de Pequena Mulher? Ser\u00e1 que tem cura? M\u00e9dico, rem\u00e9dio? Eu pe\u00e7o, ajuda essa alma impura\u2026","rel":"","context":"En \u00abLimones\u00bb","block_context":{"text":"Limones","link":"https:\/\/quechilero.com\/blog\/category\/limones\/"},"img":{"alt_text":"","src":"","width":0,"height":0},"classes":[]},{"id":2467,"url":"https:\/\/quechilero.com\/blog\/2009\/05\/01\/te-amo-demais\/","url_meta":{"origin":2525,"position":2},"title":"Te amo demais","author":"Pepe Barrascout Ortiz","date":"1 mayo 2009","format":false,"excerpt":"Uma confiss\u00e3o... eu te amo Um desejo... estar com voc\u00ea Um voto... sua felicidade Um sonho... ter voc\u00ea eternamente Uma emo\u00e7\u00e3o... o primeiro beijo que te dei Um objetivo... uma vida a dois Um pedido... por favor me ame Um lembrete... te amarei sempre Tudo isso porque... te amo demais\u2026","rel":"","context":"En \u00abLimones\u00bb","block_context":{"text":"Limones","link":"https:\/\/quechilero.com\/blog\/category\/limones\/"},"img":{"alt_text":"","src":"","width":0,"height":0},"classes":[]},{"id":789,"url":"https:\/\/quechilero.com\/blog\/2007\/11\/29\/meu-coracao\/","url_meta":{"origin":2525,"position":3},"title":"Meu cora\u00e7\u00e3o","author":"Pepe Barrascout Ortiz","date":"29 noviembre 2007","format":false,"excerpt":"Meu cora\u00e7\u00e3o era frio, meu pensamento vazio, minha vida amarga, meu sorriso sem gra\u00e7a e a tristeza me calava... Hoje, sinto seu calor, penso em voc\u00ea com amor, me imagino um beija-flor, vivendo do seu doce amor... Voc\u00ea \u00e9 como uma flor que meu sorriso alegrou... H\u00e1 todos vou declarar...\u2026","rel":"","context":"En \u00abLimones\u00bb","block_context":{"text":"Limones","link":"https:\/\/quechilero.com\/blog\/category\/limones\/"},"img":{"alt_text":"","src":"","width":0,"height":0},"classes":[]},{"id":2475,"url":"https:\/\/quechilero.com\/blog\/2009\/05\/03\/mulher\/","url_meta":{"origin":2525,"position":4},"title":"Mulher","author":"Pepe Barrascout Ortiz","date":"3 mayo 2009","format":false,"excerpt":"O mundo poderia estar melhor, se os seres humanos descobrissem a maneira certa de viver. Como pode uma \"Mulher\" ser chamada de mulher. Se j\u00e1 impediu uma luz de nascer? Uma luz radiante. Cheio de Vida. Que iria nascer para am\u00e1-la. E cham\u00e1-la de M\u00e3e. Uma luz inocente. Que trazia\u2026","rel":"","context":"En \u00abLimones\u00bb","block_context":{"text":"Limones","link":"https:\/\/quechilero.com\/blog\/category\/limones\/"},"img":{"alt_text":"","src":"","width":0,"height":0},"classes":[]},{"id":2541,"url":"https:\/\/quechilero.com\/blog\/2009\/05\/20\/saudade\/","url_meta":{"origin":2525,"position":5},"title":"Saudade","author":"Pepe Barrascout Ortiz","date":"20 mayo 2009","format":false,"excerpt":"Se algum dia voc\u00ea n\u00e3o me achar, procure-me l\u00e1 fora, serei a leve brisa da tarde tocando em seu rosto... Se sentir saudades e n\u00e3o consegui dormir... Procure-me nas estrelas... Serei a \u00faltima que voc\u00ea ver\u00e1, lhe desejando uma boa e sossegada noite... Mesmo voc\u00ea e eu n\u00e3o estando juntos\u2026","rel":"","context":"En \u00abLimones\u00bb","block_context":{"text":"Limones","link":"https:\/\/quechilero.com\/blog\/category\/limones\/"},"img":{"alt_text":"","src":"","width":0,"height":0},"classes":[]}],"jetpack_featured_media_url":"","_links":{"self":[{"href":"https:\/\/quechilero.com\/blog\/wp-json\/wp\/v2\/posts\/2525","targetHints":{"allow":["GET"]}}],"collection":[{"href":"https:\/\/quechilero.com\/blog\/wp-json\/wp\/v2\/posts"}],"about":[{"href":"https:\/\/quechilero.com\/blog\/wp-json\/wp\/v2\/types\/post"}],"author":[{"embeddable":true,"href":"https:\/\/quechilero.com\/blog\/wp-json\/wp\/v2\/users\/1"}],"replies":[{"embeddable":true,"href":"https:\/\/quechilero.com\/blog\/wp-json\/wp\/v2\/comments?post=2525"}],"version-history":[{"count":0,"href":"https:\/\/quechilero.com\/blog\/wp-json\/wp\/v2\/posts\/2525\/revisions"}],"wp:attachment":[{"href":"https:\/\/quechilero.com\/blog\/wp-json\/wp\/v2\/media?parent=2525"}],"wp:term":[{"taxonomy":"category","embeddable":true,"href":"https:\/\/quechilero.com\/blog\/wp-json\/wp\/v2\/categories?post=2525"},{"taxonomy":"post_tag","embeddable":true,"href":"https:\/\/quechilero.com\/blog\/wp-json\/wp\/v2\/tags?post=2525"},{"taxonomy":"series","embeddable":true,"href":"https:\/\/quechilero.com\/blog\/wp-json\/wp\/v2\/series?post=2525"}],"curies":[{"name":"wp","href":"https:\/\/api.w.org\/{rel}","templated":true}]}}