{"id":2520,"date":"2009-05-23T08:00:59","date_gmt":"2009-05-23T14:00:59","guid":{"rendered":"http:\/\/quechilero.com\/blog\/?p=2520"},"modified":"2009-05-23T08:00:59","modified_gmt":"2009-05-23T14:00:59","slug":"quando-olhares-ao-ceu","status":"publish","type":"post","link":"https:\/\/quechilero.com\/blog\/2009\/05\/23\/quando-olhares-ao-ceu\/","title":{"rendered":"Quando olhares ao c\u00e9u"},"content":{"rendered":"<p>Quando olhares ao c\u00e9u e ver estrela que<br \/>\nbrilha com mais intensidade lembre-se<br \/>\nque essa estrela \u00e9 o s\u00edmbolo do meu<br \/>\namor por voc\u00ea.<\/p>\n<p>Mais quando olhares e n\u00e3o ver nenhuma<br \/>\nestrela n\u00e3o pense que te esqueci<br \/>\napenas me perdi no espa\u00e7o a procura de voc\u00ea<\/p>\n<p>Sabe porque?<\/p>\n<p>Porque amo voc\u00ea Kiki!<\/p>\n","protected":false},"excerpt":{"rendered":"<p>Quando olhares ao c\u00e9u e ver estrela que brilha com mais intensidade lembre-se que essa estrela \u00e9 o s\u00edmbolo do meu amor por voc\u00ea. Mais quando olhares e n\u00e3o ver nenhuma estrela n\u00e3o pense que te esqueci apenas me perdi no espa\u00e7o a procura de voc\u00ea Sabe porque? Porque amo voc\u00ea Kiki!<\/p>\n","protected":false},"author":1,"featured_media":0,"comment_status":"open","ping_status":"open","sticky":false,"template":"","format":"standard","meta":{"advanced_seo_description":"","jetpack_seo_html_title":"","jetpack_seo_noindex":false,"jetpack_seo_schema_type":"","episode_type":"","audio_file":"","podmotor_file_id":"","podmotor_episode_id":"","cover_image":"","cover_image_id":"","duration":"","filesize":"","filesize_raw":"","date_recorded":"","explicit":"","block":"","_jetpack_newsletter_access":"","_jetpack_dont_email_post_to_subs":false,"_jetpack_newsletter_tier_id":0,"_jetpack_memberships_contains_paywalled_content":false,"_jetpack_feature_clip_id":0,"_jetpack_memberships_contains_paid_content":false,"footnotes":"","jetpack_publicize_message":"","jetpack_publicize_feature_enabled":true,"jetpack_social_post_already_shared":false,"jetpack_social_options":{"image_generator_settings":{"template":"highway","default_image_id":0,"font":"","enabled":false},"version":2},"jetpack_post_was_ever_published":false},"categories":[2],"tags":[15,54,106,57],"series":[],"class_list":["post-2520","post","type-post","status-publish","format-standard","hentry","category-limones","tag-amor","tag-kiki","tag-portugues","tag-voce"],"episode_featured_image":false,"episode_player_image":"https:\/\/i0.wp.com\/quechilero.com\/blog\/imagenes\/podcast.png?fit=1831%2C1831&ssl=1","download_link":"","player_link":"","audio_player":false,"episode_data":{"playerMode":"dark","subscribeUrls":{"amazon":{"key":"amazon","url":"","label":"Amazon","class":"amazon","icon":"amazon.png"},"apple_podcasts":{"key":"apple_podcasts","url":"","label":"Apple Podcasts","class":"apple_podcasts","icon":"apple-podcasts.png"},"castbox":{"key":"castbox","url":"","label":"CastBox","class":"castbox","icon":"castbox.png"},"deezer":{"key":"deezer","url":"","label":"Deezer","class":"deezer","icon":"deezer.png"},"google_podcasts":{"key":"google_podcasts","url":"","label":"Google Podcasts","class":"google_podcasts","icon":"google-podcasts.png"},"listen_notes":{"key":"listen_notes","url":"","label":"Listen Notes","class":"listen_notes","icon":"listen-notes.png"},"pandora":{"key":"pandora","url":"","label":"Pandora","class":"pandora","icon":"pandora.png"},"podbean":{"key":"podbean","url":"","label":"Podbean","class":"podbean","icon":"podbean.png"},"podcast_republic":{"key":"podcast_republic","url":"","label":"Podcast Republic","class":"podcast_republic","icon":"podcast-republic.png"},"rss":{"key":"rss","url":"","label":"RSS","class":"rss","icon":"rss.png"},"spotify":{"key":"spotify","url":"","label":"Spotify","class":"spotify","icon":"spotify.png"},"stitcher":{"key":"stitcher","url":"","label":"Stitcher","class":"stitcher","icon":"stitcher.png"},"tunein":{"key":"tunein","url":"","label":"TuneIn","class":"tunein","icon":"tunein.png"},"youtube":{"key":"youtube","url":"","label":"YouTube","class":"youtube","icon":"youtube.png"},"iheartradio":{"key":"iheartradio","url":"","label":"iHeartRadio","class":"iheartradio","icon":"iheartradio.png"},"ivoox":{"key":"ivoox","url":"","label":"iVoox","class":"ivoox","icon":"ivoox.png"}},"rssFeedUrl":"https:\/\/quechilero.com\/blog\/feed\/podcast\/si-la-vida-nos-da-limones","embedCode":"<blockquote class=\"wp-embedded-content\" data-secret=\"kE0jqN3Q8E\"><a href=\"https:\/\/quechilero.com\/blog\/2009\/05\/23\/quando-olhares-ao-ceu\/\">Quando olhares ao c\u00e9u<\/a><\/blockquote><iframe sandbox=\"allow-scripts\" security=\"restricted\" src=\"https:\/\/quechilero.com\/blog\/2009\/05\/23\/quando-olhares-ao-ceu\/embed\/#?secret=kE0jqN3Q8E\" width=\"500\" height=\"350\" title=\"\u00abQuando olhares ao c\u00e9u\u00bb \u2014 Si la Vida nos da Limones...\" data-secret=\"kE0jqN3Q8E\" frameborder=\"0\" marginwidth=\"0\" marginheight=\"0\" scrolling=\"no\" class=\"wp-embedded-content\"><\/iframe><script>\n\/*! This file is auto-generated *\/\n!function(d,l){\"use strict\";l.querySelector&&d.addEventListener&&\"undefined\"!=typeof URL&&(d.wp=d.wp||{},d.wp.receiveEmbedMessage||(d.wp.receiveEmbedMessage=function(e){var t=e.data;if((t||t.secret||t.message||t.value)&&!\/[^a-zA-Z0-9]\/.test(t.secret)){for(var s,r,n,a=l.querySelectorAll('iframe[data-secret=\"'+t.secret+'\"]'),o=l.querySelectorAll('blockquote[data-secret=\"'+t.secret+'\"]'),c=new RegExp(\"^https?:$\",\"i\"),i=0;i<o.length;i++)o[i].style.display=\"none\";for(i=0;i<a.length;i++)s=a[i],e.source===s.contentWindow&&(s.removeAttribute(\"style\"),\"height\"===t.message?(1e3<(r=parseInt(t.value,10))?r=1e3:~~r<200&&(r=200),s.height=r):\"link\"===t.message&&(r=new URL(s.getAttribute(\"src\")),n=new URL(t.value),c.test(n.protocol))&&n.host===r.host&&l.activeElement===s&&(d.top.location.href=t.value))}},d.addEventListener(\"message\",d.wp.receiveEmbedMessage,!1),l.addEventListener(\"DOMContentLoaded\",function(){for(var e,t,s=l.querySelectorAll(\"iframe.wp-embedded-content\"),r=0;r<s.length;r++)(t=(e=s[r]).getAttribute(\"data-secret\"))||(t=Math.random().toString(36).substring(2,12),e.src+=\"#?secret=\"+t,e.setAttribute(\"data-secret\",t)),e.contentWindow.postMessage({message:\"ready\",secret:t},\"*\")},!1)))}(window,document);\n\/\/# sourceURL=https:\/\/quechilero.com\/blog\/wp-includes\/js\/wp-embed.min.js\n<\/script>\n"},"jetpack_publicize_connections":[],"jetpack_shortlink":"https:\/\/wp.me\/pDKli-EE","jetpack_sharing_enabled":true,"jetpack-related-posts":[{"id":2531,"url":"https:\/\/quechilero.com\/blog\/2009\/05\/16\/sinto-falta-de-voce\/","url_meta":{"origin":2520,"position":0},"title":"Sinto falta de voc\u00ea","author":"Pepe Barrascout Ortiz","date":"16 mayo 2009","format":false,"excerpt":"Sinto falta de voc\u00ea Como o orvalho sente da flor De pairar sobre suas p\u00e9talas Sinto falta do teu amor Sinto falta De me enla\u00e7ar em seus bra\u00e7os Me fazendo viajar por entre As estrelas no espa\u00e7o Sinto falta do seu beijo que me completa Do seu amor, que se\u2026","rel":"","context":"En \u00abLimones\u00bb","block_context":{"text":"Limones","link":"https:\/\/quechilero.com\/blog\/category\/limones\/"},"img":{"alt_text":"","src":"","width":0,"height":0},"classes":[]},{"id":2544,"url":"https:\/\/quechilero.com\/blog\/2009\/05\/21\/poema-de-pescador\/","url_meta":{"origin":2520,"position":1},"title":"Poema de pescador","author":"Pepe Barrascout Ortiz","date":"21 mayo 2009","format":false,"excerpt":"Preto velho de olho triste O que foi que aconteceu... Ele desolado me disse Foi a estrela do mar que desapareceu. Com ela tamb\u00e9m evadiu-se A branca onda do mar Escondeu toda meiguice De um barco a vela a navegar Sereia t\u00e3o encantada Sumiu com seu canto de amor Deixando\u2026","rel":"","context":"En \u00abLimones\u00bb","block_context":{"text":"Limones","link":"https:\/\/quechilero.com\/blog\/category\/limones\/"},"img":{"alt_text":"","src":"","width":0,"height":0},"classes":[]},{"id":2525,"url":"https:\/\/quechilero.com\/blog\/2009\/05\/14\/eu-te-amo-sabia\/","url_meta":{"origin":2520,"position":2},"title":"Eu te Amo Sabia","author":"Pepe Barrascout Ortiz","date":"14 mayo 2009","format":false,"excerpt":"Engra\u00e7ado, eu te amo, sabia? Mas engra\u00e7ado por que? N\u00e3o \u00e9 t\u00e3o simples amar! Talvez eu ache engra\u00e7ado esse seu jeitinho que me faz de repente. Eu n\u00e3o te entendo, sabia? Mas talvez nem eu me entendo! N\u00e3o sei se \u00e9 porque te amo e n\u00e3o sou amado... mas o\u2026","rel":"","context":"En \u00abLimones\u00bb","block_context":{"text":"Limones","link":"https:\/\/quechilero.com\/blog\/category\/limones\/"},"img":{"alt_text":"","src":"","width":0,"height":0},"classes":[]},{"id":788,"url":"https:\/\/quechilero.com\/blog\/2007\/11\/28\/sei-que-e-amor\/","url_meta":{"origin":2520,"position":3},"title":"Sei que \u00e9 Amor&#8230;","author":"Pepe Barrascout Ortiz","date":"28 noviembre 2007","format":false,"excerpt":"Quando olho pra voc\u00ea, Sei que \u00e9 amor... Quando sinto teu cheiro, Sei que \u00e9 amor... Quando penso em voc\u00ea, Sei que \u00e9 amor... Quando sinto aquele friozinho na barriga, Sei que \u00e9 amor... Quando um passarinho canta enquanto caminho na rua, Sei que \u00e9 amor... Quando \u00e1s vezes meu\u2026","rel":"","context":"En \u00abLimones\u00bb","block_context":{"text":"Limones","link":"https:\/\/quechilero.com\/blog\/category\/limones\/"},"img":{"alt_text":"","src":"","width":0,"height":0},"classes":[]},{"id":2529,"url":"https:\/\/quechilero.com\/blog\/2009\/05\/15\/como-eu-te-amo\/","url_meta":{"origin":2520,"position":4},"title":"Como eu Te Amo","author":"Pepe Barrascout Ortiz","date":"15 mayo 2009","format":false,"excerpt":"Como se ama o sil\u00eancio, a luz, o aroma, O orvalho numa flor, nos c\u00e9us a estrela, No largo mar a sombra de uma vela, Que l\u00e1 na extrema do horizonte assoma; Como se ama o clar\u00e3o da branca lua, Da noite na mudez os sons da flauta, As can\u00e7\u00f5es\u2026","rel":"","context":"En \u00abLimones\u00bb","block_context":{"text":"Limones","link":"https:\/\/quechilero.com\/blog\/category\/limones\/"},"img":{"alt_text":"","src":"","width":0,"height":0},"classes":[]},{"id":2541,"url":"https:\/\/quechilero.com\/blog\/2009\/05\/20\/saudade\/","url_meta":{"origin":2520,"position":5},"title":"Saudade","author":"Pepe Barrascout Ortiz","date":"20 mayo 2009","format":false,"excerpt":"Se algum dia voc\u00ea n\u00e3o me achar, procure-me l\u00e1 fora, serei a leve brisa da tarde tocando em seu rosto... Se sentir saudades e n\u00e3o consegui dormir... Procure-me nas estrelas... Serei a \u00faltima que voc\u00ea ver\u00e1, lhe desejando uma boa e sossegada noite... Mesmo voc\u00ea e eu n\u00e3o estando juntos\u2026","rel":"","context":"En \u00abLimones\u00bb","block_context":{"text":"Limones","link":"https:\/\/quechilero.com\/blog\/category\/limones\/"},"img":{"alt_text":"","src":"","width":0,"height":0},"classes":[]}],"jetpack_featured_media_url":"","_links":{"self":[{"href":"https:\/\/quechilero.com\/blog\/wp-json\/wp\/v2\/posts\/2520","targetHints":{"allow":["GET"]}}],"collection":[{"href":"https:\/\/quechilero.com\/blog\/wp-json\/wp\/v2\/posts"}],"about":[{"href":"https:\/\/quechilero.com\/blog\/wp-json\/wp\/v2\/types\/post"}],"author":[{"embeddable":true,"href":"https:\/\/quechilero.com\/blog\/wp-json\/wp\/v2\/users\/1"}],"replies":[{"embeddable":true,"href":"https:\/\/quechilero.com\/blog\/wp-json\/wp\/v2\/comments?post=2520"}],"version-history":[{"count":0,"href":"https:\/\/quechilero.com\/blog\/wp-json\/wp\/v2\/posts\/2520\/revisions"}],"wp:attachment":[{"href":"https:\/\/quechilero.com\/blog\/wp-json\/wp\/v2\/media?parent=2520"}],"wp:term":[{"taxonomy":"category","embeddable":true,"href":"https:\/\/quechilero.com\/blog\/wp-json\/wp\/v2\/categories?post=2520"},{"taxonomy":"post_tag","embeddable":true,"href":"https:\/\/quechilero.com\/blog\/wp-json\/wp\/v2\/tags?post=2520"},{"taxonomy":"series","embeddable":true,"href":"https:\/\/quechilero.com\/blog\/wp-json\/wp\/v2\/series?post=2520"}],"curies":[{"name":"wp","href":"https:\/\/api.w.org\/{rel}","templated":true}]}}