{"id":2499,"date":"2009-05-08T08:00:34","date_gmt":"2009-05-08T14:00:34","guid":{"rendered":"http:\/\/quechilero.com\/blog\/?p=2499"},"modified":"2009-05-08T08:00:34","modified_gmt":"2009-05-08T14:00:34","slug":"a-arte-de-ser-feliz","status":"publish","type":"post","link":"https:\/\/quechilero.com\/blog\/2009\/05\/08\/a-arte-de-ser-feliz\/","title":{"rendered":"A Arte de Ser Feliz"},"content":{"rendered":"<p>Acorde todas as manh\u00e3 com um sorriso.<br \/>\nEsta \u00e9 mais uma oportunidade que voc\u00ea tem para ser feliz.<br \/>\nSeja seu pr\u00f3prio motor de igni\u00e7\u00e3o.<br \/>\nO dia de hoje jamais voltar\u00e1.<\/p>\n<p>N\u00e3o o desperdice, pois voc\u00ea nasceu para ser feliz!<br \/>\nEnumere as boas coisas que voc\u00ea tem na vida.<br \/>\nAo tomar consci\u00eancia do seu valor, voc\u00ea ser\u00e1 capaz de ir em frente com muita for\u00e7a, coragem e confian\u00e7a!<br \/>\nTrace objetivos para cada dia.<\/p>\n<p>Voc\u00ea conquistar\u00e1 seu arco-\u00edris, um dia de cada vez.<br \/>\nSeja paciente.<br \/>\nN\u00e3o se queixe do seu trabalho, do t\u00e9dio, da rotina,pois \u00e9 o seu trabalho que o mant\u00e9m alerta, em constante desenvolvimento pessoal e profissional, al\u00e9m disso o ajuda a manter a dignidade.<\/p>\n<p>Acredite, seu valor est\u00e1 em voc\u00ea mesmo.<br \/>\nN\u00e3o se deixe vencer, n\u00e3o seja igual, seja diferente.<br \/>\nSe nos deixarmos vencer, n\u00e3o haver\u00e1 surpresas, nem alegrias.<br \/>\nConscientize-se que a verdadeira felicidade est\u00e1 dentro de voc\u00ea.<\/p>\n<p>A felicidade n\u00e3o \u00e9 ter ou alcan\u00e7ar, mas sim dar.<br \/>\nEstenda sua m\u00e3o. Compartilhe.<br \/>\nSorria. Abrace.<br \/>\nA felicidade \u00e9 um perfume que voc\u00ea n\u00e3o pode passar nos outros, sem que o cheiro fique um pouco em suas m\u00e3os.<\/p>\n<p>O importante de voc\u00ea ter uma atitude positiva diante da vida, ter o desejo de mostrar o que tem de melhor, \u00e9 que isso produz maravilhosos efeitos colaterais.<br \/>\nN\u00e3o s\u00f3 cria um espa\u00e7o feliz para o que est\u00e3o ao seu redor, como tamb\u00e9m encoraja outras pessoas a serem mais positivas.<\/p>\n<p>O tempo para ser feliz \u00e9 agora.<br \/>\nO lugar para ser feliz \u00e9 aqui!<\/p>\n","protected":false},"excerpt":{"rendered":"<p>Acorde todas as manh\u00e3 com um sorriso. Esta \u00e9 mais uma oportunidade que voc\u00ea tem para ser feliz. Seja seu pr\u00f3prio motor de igni\u00e7\u00e3o. O dia de hoje jamais voltar\u00e1. N\u00e3o o desperdice, pois voc\u00ea nasceu para ser feliz! Enumere as boas coisas que voc\u00ea tem na vida. Ao tomar consci\u00eancia do seu valor, voc\u00ea &#8230; <a title=\"A Arte de Ser Feliz\" class=\"read-more\" href=\"https:\/\/quechilero.com\/blog\/2009\/05\/08\/a-arte-de-ser-feliz\/\" aria-label=\"Leer m\u00e1s sobre A Arte de Ser Feliz\">Leer m\u00e1s<\/a><\/p>\n","protected":false},"author":1,"featured_media":0,"comment_status":"open","ping_status":"open","sticky":false,"template":"","format":"standard","meta":{"advanced_seo_description":"","jetpack_seo_html_title":"","jetpack_seo_noindex":false,"jetpack_seo_schema_type":"","episode_type":"","audio_file":"","podmotor_file_id":"","podmotor_episode_id":"","cover_image":"","cover_image_id":"","duration":"","filesize":"","filesize_raw":"","date_recorded":"","explicit":"","block":"","_jetpack_newsletter_access":"","_jetpack_dont_email_post_to_subs":false,"_jetpack_newsletter_tier_id":0,"_jetpack_memberships_contains_paywalled_content":false,"_jetpack_feature_clip_id":0,"_jetpack_memberships_contains_paid_content":false,"footnotes":"","jetpack_publicize_message":"","jetpack_publicize_feature_enabled":true,"jetpack_social_post_already_shared":false,"jetpack_social_options":{"image_generator_settings":{"template":"highway","default_image_id":0,"font":"","enabled":false},"version":2},"jetpack_post_was_ever_published":false},"categories":[2],"tags":[105,46,54,40,106,108,41,24,57],"series":[],"class_list":["post-2499","post","type-post","status-publish","format-standard","hentry","category-limones","tag-felicidade","tag-feliz","tag-kiki","tag-paz","tag-portugues","tag-trabalho","tag-verdad","tag-vida","tag-voce"],"episode_featured_image":false,"episode_player_image":"https:\/\/i0.wp.com\/quechilero.com\/blog\/imagenes\/podcast.png?fit=1831%2C1831&ssl=1","download_link":"","player_link":"","audio_player":false,"episode_data":{"playerMode":"dark","subscribeUrls":{"amazon":{"key":"amazon","url":"","label":"Amazon","class":"amazon","icon":"amazon.png"},"apple_podcasts":{"key":"apple_podcasts","url":"","label":"Apple Podcasts","class":"apple_podcasts","icon":"apple-podcasts.png"},"castbox":{"key":"castbox","url":"","label":"CastBox","class":"castbox","icon":"castbox.png"},"deezer":{"key":"deezer","url":"","label":"Deezer","class":"deezer","icon":"deezer.png"},"google_podcasts":{"key":"google_podcasts","url":"","label":"Google Podcasts","class":"google_podcasts","icon":"google-podcasts.png"},"listen_notes":{"key":"listen_notes","url":"","label":"Listen Notes","class":"listen_notes","icon":"listen-notes.png"},"pandora":{"key":"pandora","url":"","label":"Pandora","class":"pandora","icon":"pandora.png"},"podbean":{"key":"podbean","url":"","label":"Podbean","class":"podbean","icon":"podbean.png"},"podcast_republic":{"key":"podcast_republic","url":"","label":"Podcast Republic","class":"podcast_republic","icon":"podcast-republic.png"},"rss":{"key":"rss","url":"","label":"RSS","class":"rss","icon":"rss.png"},"spotify":{"key":"spotify","url":"","label":"Spotify","class":"spotify","icon":"spotify.png"},"stitcher":{"key":"stitcher","url":"","label":"Stitcher","class":"stitcher","icon":"stitcher.png"},"tunein":{"key":"tunein","url":"","label":"TuneIn","class":"tunein","icon":"tunein.png"},"youtube":{"key":"youtube","url":"","label":"YouTube","class":"youtube","icon":"youtube.png"},"iheartradio":{"key":"iheartradio","url":"","label":"iHeartRadio","class":"iheartradio","icon":"iheartradio.png"},"ivoox":{"key":"ivoox","url":"","label":"iVoox","class":"ivoox","icon":"ivoox.png"}},"rssFeedUrl":"https:\/\/quechilero.com\/blog\/feed\/podcast\/si-la-vida-nos-da-limones","embedCode":"<blockquote class=\"wp-embedded-content\" data-secret=\"qBuaL04cT7\"><a href=\"https:\/\/quechilero.com\/blog\/2009\/05\/08\/a-arte-de-ser-feliz\/\">A Arte de Ser Feliz<\/a><\/blockquote><iframe sandbox=\"allow-scripts\" security=\"restricted\" src=\"https:\/\/quechilero.com\/blog\/2009\/05\/08\/a-arte-de-ser-feliz\/embed\/#?secret=qBuaL04cT7\" width=\"500\" height=\"350\" title=\"\u00abA Arte de Ser Feliz\u00bb \u2014 Si la Vida nos da Limones...\" data-secret=\"qBuaL04cT7\" frameborder=\"0\" marginwidth=\"0\" marginheight=\"0\" scrolling=\"no\" class=\"wp-embedded-content\"><\/iframe><script>\n\/*! This file is auto-generated *\/\n!function(d,l){\"use strict\";l.querySelector&&d.addEventListener&&\"undefined\"!=typeof URL&&(d.wp=d.wp||{},d.wp.receiveEmbedMessage||(d.wp.receiveEmbedMessage=function(e){var t=e.data;if((t||t.secret||t.message||t.value)&&!\/[^a-zA-Z0-9]\/.test(t.secret)){for(var s,r,n,a=l.querySelectorAll('iframe[data-secret=\"'+t.secret+'\"]'),o=l.querySelectorAll('blockquote[data-secret=\"'+t.secret+'\"]'),c=new RegExp(\"^https?:$\",\"i\"),i=0;i<o.length;i++)o[i].style.display=\"none\";for(i=0;i<a.length;i++)s=a[i],e.source===s.contentWindow&&(s.removeAttribute(\"style\"),\"height\"===t.message?(1e3<(r=parseInt(t.value,10))?r=1e3:~~r<200&&(r=200),s.height=r):\"link\"===t.message&&(r=new URL(s.getAttribute(\"src\")),n=new URL(t.value),c.test(n.protocol))&&n.host===r.host&&l.activeElement===s&&(d.top.location.href=t.value))}},d.addEventListener(\"message\",d.wp.receiveEmbedMessage,!1),l.addEventListener(\"DOMContentLoaded\",function(){for(var e,t,s=l.querySelectorAll(\"iframe.wp-embedded-content\"),r=0;r<s.length;r++)(t=(e=s[r]).getAttribute(\"data-secret\"))||(t=Math.random().toString(36).substring(2,12),e.src+=\"#?secret=\"+t,e.setAttribute(\"data-secret\",t)),e.contentWindow.postMessage({message:\"ready\",secret:t},\"*\")},!1)))}(window,document);\n\/\/# sourceURL=https:\/\/quechilero.com\/blog\/wp-includes\/js\/wp-embed.min.js\n<\/script>\n"},"jetpack_publicize_connections":[],"jetpack_shortlink":"https:\/\/wp.me\/pDKli-Ej","jetpack_sharing_enabled":true,"jetpack-related-posts":[{"id":2525,"url":"https:\/\/quechilero.com\/blog\/2009\/05\/14\/eu-te-amo-sabia\/","url_meta":{"origin":2499,"position":0},"title":"Eu te Amo Sabia","author":"Pepe Barrascout Ortiz","date":"14 mayo 2009","format":false,"excerpt":"Engra\u00e7ado, eu te amo, sabia? Mas engra\u00e7ado por que? N\u00e3o \u00e9 t\u00e3o simples amar! Talvez eu ache engra\u00e7ado esse seu jeitinho que me faz de repente. Eu n\u00e3o te entendo, sabia? Mas talvez nem eu me entendo! N\u00e3o sei se \u00e9 porque te amo e n\u00e3o sou amado... mas o\u2026","rel":"","context":"En \u00abLimones\u00bb","block_context":{"text":"Limones","link":"https:\/\/quechilero.com\/blog\/category\/limones\/"},"img":{"alt_text":"","src":"","width":0,"height":0},"classes":[]},{"id":2551,"url":"https:\/\/quechilero.com\/blog\/2009\/05\/24\/a-amizade-e-o-ouro\/","url_meta":{"origin":2499,"position":1},"title":"A amizade e o ouro","author":"Pepe Barrascout Ortiz","date":"24 mayo 2009","format":false,"excerpt":"A amizade \u00e9 um presente sem pre\u00e7o, que n\u00e3o pode ser comprado ou vendido, mas o seu valor \u00e9 muito maior do que uma montanha feita de ouro. Porque o ouro \u00e9 frio e sem vida, n\u00e3o pode ver nem ouvir, e em nossas fases dif\u00edceis nada podemos compartilhar com\u2026","rel":"","context":"En \u00abLimones\u00bb","block_context":{"text":"Limones","link":"https:\/\/quechilero.com\/blog\/category\/limones\/"},"img":{"alt_text":"","src":"","width":0,"height":0},"classes":[]},{"id":2531,"url":"https:\/\/quechilero.com\/blog\/2009\/05\/16\/sinto-falta-de-voce\/","url_meta":{"origin":2499,"position":2},"title":"Sinto falta de voc\u00ea","author":"Pepe Barrascout Ortiz","date":"16 mayo 2009","format":false,"excerpt":"Sinto falta de voc\u00ea Como o orvalho sente da flor De pairar sobre suas p\u00e9talas Sinto falta do teu amor Sinto falta De me enla\u00e7ar em seus bra\u00e7os Me fazendo viajar por entre As estrelas no espa\u00e7o Sinto falta do seu beijo que me completa Do seu amor, que se\u2026","rel":"","context":"En \u00abLimones\u00bb","block_context":{"text":"Limones","link":"https:\/\/quechilero.com\/blog\/category\/limones\/"},"img":{"alt_text":"","src":"","width":0,"height":0},"classes":[]},{"id":2492,"url":"https:\/\/quechilero.com\/blog\/2009\/05\/06\/tenha-a-leveza-dos-passaros\/","url_meta":{"origin":2499,"position":3},"title":"Tenha a leveza dos p\u00e1ssaros","author":"Pepe Barrascout Ortiz","date":"6 mayo 2009","format":false,"excerpt":"\u201cApesar de todas indiferen\u00e7as, n\u00e3o guardo rancor e jamais guardarei e continuarei amando o meu pr\u00f3ximo como sempre. Amei\u201d. N\u00e3o temas as fantasias nem os desejos mais profundos. A melhor express\u00e3o da energia do amor e da confian\u00e7a em qualquer rela\u00e7\u00e3o \u00e9 quando se pode falar e demonstrar tudo o\u2026","rel":"","context":"En \u00abLimones\u00bb","block_context":{"text":"Limones","link":"https:\/\/quechilero.com\/blog\/category\/limones\/"},"img":{"alt_text":"","src":"","width":0,"height":0},"classes":[]},{"id":2541,"url":"https:\/\/quechilero.com\/blog\/2009\/05\/20\/saudade\/","url_meta":{"origin":2499,"position":4},"title":"Saudade","author":"Pepe Barrascout Ortiz","date":"20 mayo 2009","format":false,"excerpt":"Se algum dia voc\u00ea n\u00e3o me achar, procure-me l\u00e1 fora, serei a leve brisa da tarde tocando em seu rosto... Se sentir saudades e n\u00e3o consegui dormir... Procure-me nas estrelas... Serei a \u00faltima que voc\u00ea ver\u00e1, lhe desejando uma boa e sossegada noite... Mesmo voc\u00ea e eu n\u00e3o estando juntos\u2026","rel":"","context":"En \u00abLimones\u00bb","block_context":{"text":"Limones","link":"https:\/\/quechilero.com\/blog\/category\/limones\/"},"img":{"alt_text":"","src":"","width":0,"height":0},"classes":[]},{"id":2516,"url":"https:\/\/quechilero.com\/blog\/2009\/05\/11\/muito-obrigado\/","url_meta":{"origin":2499,"position":5},"title":"Muito Obrigado","author":"Pepe Barrascout Ortiz","date":"11 mayo 2009","format":false,"excerpt":"Quando a gente pensa que \u00e9 bastante forte Que nada consegue nos emocionar o suficiente para nos fazer perder o controle de nossas emo\u00e7\u00f5es Surge a inesperada surpresa! Que mensagem bonita que voc\u00ea me mandou! Como foi bom saber que existem pessoas como voc\u00ea, Que se preocupam em me fazer\u2026","rel":"","context":"En \u00abLimones\u00bb","block_context":{"text":"Limones","link":"https:\/\/quechilero.com\/blog\/category\/limones\/"},"img":{"alt_text":"","src":"","width":0,"height":0},"classes":[]}],"jetpack_featured_media_url":"","_links":{"self":[{"href":"https:\/\/quechilero.com\/blog\/wp-json\/wp\/v2\/posts\/2499","targetHints":{"allow":["GET"]}}],"collection":[{"href":"https:\/\/quechilero.com\/blog\/wp-json\/wp\/v2\/posts"}],"about":[{"href":"https:\/\/quechilero.com\/blog\/wp-json\/wp\/v2\/types\/post"}],"author":[{"embeddable":true,"href":"https:\/\/quechilero.com\/blog\/wp-json\/wp\/v2\/users\/1"}],"replies":[{"embeddable":true,"href":"https:\/\/quechilero.com\/blog\/wp-json\/wp\/v2\/comments?post=2499"}],"version-history":[{"count":0,"href":"https:\/\/quechilero.com\/blog\/wp-json\/wp\/v2\/posts\/2499\/revisions"}],"wp:attachment":[{"href":"https:\/\/quechilero.com\/blog\/wp-json\/wp\/v2\/media?parent=2499"}],"wp:term":[{"taxonomy":"category","embeddable":true,"href":"https:\/\/quechilero.com\/blog\/wp-json\/wp\/v2\/categories?post=2499"},{"taxonomy":"post_tag","embeddable":true,"href":"https:\/\/quechilero.com\/blog\/wp-json\/wp\/v2\/tags?post=2499"},{"taxonomy":"series","embeddable":true,"href":"https:\/\/quechilero.com\/blog\/wp-json\/wp\/v2\/series?post=2499"}],"curies":[{"name":"wp","href":"https:\/\/api.w.org\/{rel}","templated":true}]}}