{"id":2492,"date":"2009-05-06T08:00:17","date_gmt":"2009-05-06T14:00:17","guid":{"rendered":"http:\/\/quechilero.com\/blog\/?p=2492"},"modified":"2009-05-06T08:00:17","modified_gmt":"2009-05-06T14:00:17","slug":"tenha-a-leveza-dos-passaros","status":"publish","type":"post","link":"https:\/\/quechilero.com\/blog\/2009\/05\/06\/tenha-a-leveza-dos-passaros\/","title":{"rendered":"Tenha a leveza dos p\u00e1ssaros"},"content":{"rendered":"<p><em>\u201cApesar de todas indiferen\u00e7as, n\u00e3o guardo rancor e jamais guardarei e continuarei amando o meu pr\u00f3ximo como sempre. Amei\u201d.<\/em><\/p>\n<p>N\u00e3o temas as fantasias nem os desejos mais profundos. A melhor express\u00e3o da energia do amor e da confian\u00e7a em qualquer rela\u00e7\u00e3o \u00e9 quando se pode falar e demonstrar tudo o que sente.<\/p>\n<p>Apesar das inquieta\u00e7\u00f5es que a vida provoca sempre h\u00e1 a necessidade de manter a calma para resolver tudo<br \/>\no que for necess\u00e1rio. Quando conhecemos novos lugares, fazemos novas amizades \u00e0 alma se renova, parece que aquela tristeza que incessante que est\u00e1 dentro de n\u00f3s se dissipa por algumas horas.<\/p>\n<p>Se for poss\u00edvel, ficar por alguns minutos sozinho ter\u00e1 a oportunidade de resolver muitos problemas que muitas vezes s\u00e3o provocadas por n\u00f3s mesmos. Fa\u00e7a uma caminhada e admire a natureza. Isso nos faz bem porque, nos divertimos<br \/>\num pouco mais, paramos de pensar somente em trabalho ou em outros problemas que nos angustia.<\/p>\n<p>Fique longe das provoca\u00e7\u00f5es e nem pretenda convencer as pessoas sobre seus pontos de vista. Procure encarar as opini\u00f5es alheias com mais aceita\u00e7\u00e3o. Ou\u00e7a mais opinando menos. Traga um pouco mais de romantismo e amor para sua vida&#8230;<\/p>\n<p><strong>Especialistas dizem que o abra\u00e7o \u00e9 um ato que n\u00e3o gasta energia e ajuda a nos aproximar de quem amamos e admiramos.<\/strong><\/p>\n<p>Ent\u00e3o&#8230;<\/p>\n<p>Fa\u00e7a isso sempre que tiver oportunidade. E quando te oferecerem todos espinhos da rosa receba-as sem queixumes. E retribua sua parte oferecendo a rosa sem os espinhos.<\/p>\n<p>Tenha a leveza dos p\u00e1ssaros&#8230; Colocando em sua alma, a beleza, a pureza e a liberdade. Traga para o seu cora\u00e7\u00e3o a alegria de viver e a infinita paz de esp\u00edrito.<\/p>\n<p><em>S.Bernardelli <\/em><\/p>\n","protected":false},"excerpt":{"rendered":"<p>\u201cApesar de todas indiferen\u00e7as, n\u00e3o guardo rancor e jamais guardarei e continuarei amando o meu pr\u00f3ximo como sempre. Amei\u201d. N\u00e3o temas as fantasias nem os desejos mais profundos. A melhor express\u00e3o da energia do amor e da confian\u00e7a em qualquer rela\u00e7\u00e3o \u00e9 quando se pode falar e demonstrar tudo o que sente. Apesar das inquieta\u00e7\u00f5es &#8230; <a title=\"Tenha a leveza dos p\u00e1ssaros\" class=\"read-more\" href=\"https:\/\/quechilero.com\/blog\/2009\/05\/06\/tenha-a-leveza-dos-passaros\/\" aria-label=\"Leer m\u00e1s sobre Tenha a leveza dos p\u00e1ssaros\">Leer m\u00e1s<\/a><\/p>\n","protected":false},"author":1,"featured_media":0,"comment_status":"open","ping_status":"open","sticky":false,"template":"","format":"standard","meta":{"advanced_seo_description":"","jetpack_seo_html_title":"","jetpack_seo_noindex":false,"jetpack_seo_schema_type":"","episode_type":"","audio_file":"","podmotor_file_id":"","podmotor_episode_id":"","cover_image":"","cover_image_id":"","duration":"","filesize":"","filesize_raw":"","date_recorded":"","explicit":"","block":"","_jetpack_newsletter_access":"","_jetpack_dont_email_post_to_subs":false,"_jetpack_newsletter_tier_id":0,"_jetpack_memberships_contains_paywalled_content":false,"_jetpack_feature_clip_id":0,"_jetpack_memberships_contains_paid_content":false,"footnotes":"","jetpack_publicize_message":"","jetpack_publicize_feature_enabled":true,"jetpack_social_post_already_shared":false,"jetpack_social_options":{"image_generator_settings":{"template":"highway","default_image_id":0,"font":"","enabled":false},"version":2},"jetpack_post_was_ever_published":false},"categories":[2],"tags":[107,15,32,54,40,106,21,108,24],"series":[],"class_list":["post-2492","post","type-post","status-publish","format-standard","hentry","category-limones","tag-amizade","tag-amor","tag-especial","tag-kiki","tag-paz","tag-portugues","tag-problema","tag-trabalho","tag-vida"],"episode_featured_image":false,"episode_player_image":"https:\/\/i0.wp.com\/quechilero.com\/blog\/imagenes\/podcast.png?fit=1831%2C1831&ssl=1","download_link":"","player_link":"","audio_player":false,"episode_data":{"playerMode":"dark","subscribeUrls":{"amazon":{"key":"amazon","url":"","label":"Amazon","class":"amazon","icon":"amazon.png"},"apple_podcasts":{"key":"apple_podcasts","url":"","label":"Apple Podcasts","class":"apple_podcasts","icon":"apple-podcasts.png"},"castbox":{"key":"castbox","url":"","label":"CastBox","class":"castbox","icon":"castbox.png"},"deezer":{"key":"deezer","url":"","label":"Deezer","class":"deezer","icon":"deezer.png"},"google_podcasts":{"key":"google_podcasts","url":"","label":"Google Podcasts","class":"google_podcasts","icon":"google-podcasts.png"},"listen_notes":{"key":"listen_notes","url":"","label":"Listen Notes","class":"listen_notes","icon":"listen-notes.png"},"pandora":{"key":"pandora","url":"","label":"Pandora","class":"pandora","icon":"pandora.png"},"podbean":{"key":"podbean","url":"","label":"Podbean","class":"podbean","icon":"podbean.png"},"podcast_republic":{"key":"podcast_republic","url":"","label":"Podcast Republic","class":"podcast_republic","icon":"podcast-republic.png"},"rss":{"key":"rss","url":"","label":"RSS","class":"rss","icon":"rss.png"},"spotify":{"key":"spotify","url":"","label":"Spotify","class":"spotify","icon":"spotify.png"},"stitcher":{"key":"stitcher","url":"","label":"Stitcher","class":"stitcher","icon":"stitcher.png"},"tunein":{"key":"tunein","url":"","label":"TuneIn","class":"tunein","icon":"tunein.png"},"youtube":{"key":"youtube","url":"","label":"YouTube","class":"youtube","icon":"youtube.png"},"iheartradio":{"key":"iheartradio","url":"","label":"iHeartRadio","class":"iheartradio","icon":"iheartradio.png"},"ivoox":{"key":"ivoox","url":"","label":"iVoox","class":"ivoox","icon":"ivoox.png"}},"rssFeedUrl":"https:\/\/quechilero.com\/blog\/feed\/podcast\/si-la-vida-nos-da-limones","embedCode":"<blockquote class=\"wp-embedded-content\" data-secret=\"vr2fCMLHhF\"><a href=\"https:\/\/quechilero.com\/blog\/2009\/05\/06\/tenha-a-leveza-dos-passaros\/\">Tenha a leveza dos p\u00e1ssaros<\/a><\/blockquote><iframe sandbox=\"allow-scripts\" security=\"restricted\" src=\"https:\/\/quechilero.com\/blog\/2009\/05\/06\/tenha-a-leveza-dos-passaros\/embed\/#?secret=vr2fCMLHhF\" width=\"500\" height=\"350\" title=\"\u00abTenha a leveza dos p\u00e1ssaros\u00bb \u2014 Si la Vida nos da Limones...\" data-secret=\"vr2fCMLHhF\" frameborder=\"0\" marginwidth=\"0\" marginheight=\"0\" scrolling=\"no\" class=\"wp-embedded-content\"><\/iframe><script>\n\/*! This file is auto-generated *\/\n!function(d,l){\"use strict\";l.querySelector&&d.addEventListener&&\"undefined\"!=typeof URL&&(d.wp=d.wp||{},d.wp.receiveEmbedMessage||(d.wp.receiveEmbedMessage=function(e){var t=e.data;if((t||t.secret||t.message||t.value)&&!\/[^a-zA-Z0-9]\/.test(t.secret)){for(var s,r,n,a=l.querySelectorAll('iframe[data-secret=\"'+t.secret+'\"]'),o=l.querySelectorAll('blockquote[data-secret=\"'+t.secret+'\"]'),c=new RegExp(\"^https?:$\",\"i\"),i=0;i<o.length;i++)o[i].style.display=\"none\";for(i=0;i<a.length;i++)s=a[i],e.source===s.contentWindow&&(s.removeAttribute(\"style\"),\"height\"===t.message?(1e3<(r=parseInt(t.value,10))?r=1e3:~~r<200&&(r=200),s.height=r):\"link\"===t.message&&(r=new URL(s.getAttribute(\"src\")),n=new URL(t.value),c.test(n.protocol))&&n.host===r.host&&l.activeElement===s&&(d.top.location.href=t.value))}},d.addEventListener(\"message\",d.wp.receiveEmbedMessage,!1),l.addEventListener(\"DOMContentLoaded\",function(){for(var e,t,s=l.querySelectorAll(\"iframe.wp-embedded-content\"),r=0;r<s.length;r++)(t=(e=s[r]).getAttribute(\"data-secret\"))||(t=Math.random().toString(36).substring(2,12),e.src+=\"#?secret=\"+t,e.setAttribute(\"data-secret\",t)),e.contentWindow.postMessage({message:\"ready\",secret:t},\"*\")},!1)))}(window,document);\n\/\/# sourceURL=https:\/\/quechilero.com\/blog\/wp-includes\/js\/wp-embed.min.js\n<\/script>\n"},"jetpack_publicize_connections":[],"jetpack_shortlink":"https:\/\/wp.me\/pDKli-Ec","jetpack_sharing_enabled":true,"jetpack-related-posts":[{"id":2470,"url":"https:\/\/quechilero.com\/blog\/2009\/05\/02\/nos-sempre-estaremos-juntos\/","url_meta":{"origin":2492,"position":0},"title":"N\u00f3s sempre estaremos juntos","author":"Pepe Barrascout Ortiz","date":"2 mayo 2009","format":false,"excerpt":"S\u00e3o em momentos de mais tristezas que paramos para pensar em o que aconteceu em nossas vidas. As pessoas que por elas passaram; as coisas que fizemos e tudo que aprendemos. S\u00e3o nesses momentos que come\u00e7amos a lembrar de grandes amizades, que sempre estiveram presentes conosco quando precis\u00e1vamos e que\u2026","rel":"","context":"En \u00abLimones\u00bb","block_context":{"text":"Limones","link":"https:\/\/quechilero.com\/blog\/category\/limones\/"},"img":{"alt_text":"","src":"","width":0,"height":0},"classes":[]},{"id":2553,"url":"https:\/\/quechilero.com\/blog\/2009\/05\/25\/a-quimica-da-amizade\/","url_meta":{"origin":2492,"position":1},"title":"A Qu\u00edmica da Amizade","author":"Pepe Barrascout Ortiz","date":"25 mayo 2009","format":false,"excerpt":"Nossa amizade \u00e9 como a liga\u00e7\u00e3o covalente, sempre compartilhando alegrias, tristezas... Nunca surgir\u00e1 um radical, porque essa liga\u00e7\u00e3o jamais se quebrar\u00e1! Sei que em alguns momentos ser\u00e1 necess\u00e1rio, ver, analisar algo errado e balancear a equa\u00e7\u00e3o, buscando o equil\u00edbrio qu\u00edmico entre a gente. O meu cora\u00e7\u00e3o para voc\u00ea, sempre ser\u00e1\u2026","rel":"","context":"En \u00abLimones\u00bb","block_context":{"text":"Limones","link":"https:\/\/quechilero.com\/blog\/category\/limones\/"},"img":{"alt_text":"","src":"","width":0,"height":0},"classes":[]},{"id":2551,"url":"https:\/\/quechilero.com\/blog\/2009\/05\/24\/a-amizade-e-o-ouro\/","url_meta":{"origin":2492,"position":2},"title":"A amizade e o ouro","author":"Pepe Barrascout Ortiz","date":"24 mayo 2009","format":false,"excerpt":"A amizade \u00e9 um presente sem pre\u00e7o, que n\u00e3o pode ser comprado ou vendido, mas o seu valor \u00e9 muito maior do que uma montanha feita de ouro. Porque o ouro \u00e9 frio e sem vida, n\u00e3o pode ver nem ouvir, e em nossas fases dif\u00edceis nada podemos compartilhar com\u2026","rel":"","context":"En \u00abLimones\u00bb","block_context":{"text":"Limones","link":"https:\/\/quechilero.com\/blog\/category\/limones\/"},"img":{"alt_text":"","src":"","width":0,"height":0},"classes":[]},{"id":2572,"url":"https:\/\/quechilero.com\/blog\/2009\/05\/31\/oi-amiga\/","url_meta":{"origin":2492,"position":3},"title":"Oi amiga!","author":"Pepe Barrascout Ortiz","date":"31 mayo 2009","format":false,"excerpt":"Tem uma coisa que preciso lhe dizer... Quando tudo parece n\u00e3o ter mais sentido, Eis que Deus nos manda um anjo, pra ficar no nosso p\u00e9! Pra nos dar um colo, quando uma nuvenzinha escura, Quer amea\u00e7ar chover dentro de n\u00f3s. Pra puxar nossas orelhas, quando caminhamos Em caminhos tortos,\u2026","rel":"","context":"En \u00abLimones\u00bb","block_context":{"text":"Limones","link":"https:\/\/quechilero.com\/blog\/category\/limones\/"},"img":{"alt_text":"","src":"","width":0,"height":0},"classes":[]},{"id":2504,"url":"https:\/\/quechilero.com\/blog\/2009\/05\/09\/voce-e-especial\/","url_meta":{"origin":2492,"position":4},"title":"Voc\u00ea \u00e9 especial","author":"Pepe Barrascout Ortiz","date":"9 mayo 2009","format":false,"excerpt":"Quando eu precisei de sua amizade, voc\u00ea foi meu amiga... Quando eu precisei de ajuda voc\u00ea estava com o cora\u00e7\u00e3o aberto... Voc\u00ea me ajudou a ver o lado bom dos problemas... Nos dias nublados Voc\u00ea me fez enxergar o sol... Quando eu fui at\u00e9 voc\u00ea para contar minhas ang\u00fastias, voc\u00ea\u2026","rel":"","context":"En \u00abLimones\u00bb","block_context":{"text":"Limones","link":"https:\/\/quechilero.com\/blog\/category\/limones\/"},"img":{"alt_text":"","src":"","width":0,"height":0},"classes":[]},{"id":2558,"url":"https:\/\/quechilero.com\/blog\/2009\/05\/27\/amigos-para-sempre\/","url_meta":{"origin":2492,"position":5},"title":"Amigos para Sempre","author":"Pepe Barrascout Ortiz","date":"27 mayo 2009","format":false,"excerpt":"Amigo \u00e9 uma pessoa querida, na qual podemos pensar em voz alta. \u00c9 um anjo que nos abriga em suas asas doces e aconchegantes, \u00e9 a melhor coisa que Deus nos deu. Dif\u00edcil poder definir aquilo que chamamos de amigo. Amigo \u00e9 mente aberta, cora\u00e7\u00e3o pulsante, costas largas. \u00c9 aquele\u2026","rel":"","context":"En \u00abLimones\u00bb","block_context":{"text":"Limones","link":"https:\/\/quechilero.com\/blog\/category\/limones\/"},"img":{"alt_text":"","src":"","width":0,"height":0},"classes":[]}],"jetpack_featured_media_url":"","_links":{"self":[{"href":"https:\/\/quechilero.com\/blog\/wp-json\/wp\/v2\/posts\/2492","targetHints":{"allow":["GET"]}}],"collection":[{"href":"https:\/\/quechilero.com\/blog\/wp-json\/wp\/v2\/posts"}],"about":[{"href":"https:\/\/quechilero.com\/blog\/wp-json\/wp\/v2\/types\/post"}],"author":[{"embeddable":true,"href":"https:\/\/quechilero.com\/blog\/wp-json\/wp\/v2\/users\/1"}],"replies":[{"embeddable":true,"href":"https:\/\/quechilero.com\/blog\/wp-json\/wp\/v2\/comments?post=2492"}],"version-history":[{"count":0,"href":"https:\/\/quechilero.com\/blog\/wp-json\/wp\/v2\/posts\/2492\/revisions"}],"wp:attachment":[{"href":"https:\/\/quechilero.com\/blog\/wp-json\/wp\/v2\/media?parent=2492"}],"wp:term":[{"taxonomy":"category","embeddable":true,"href":"https:\/\/quechilero.com\/blog\/wp-json\/wp\/v2\/categories?post=2492"},{"taxonomy":"post_tag","embeddable":true,"href":"https:\/\/quechilero.com\/blog\/wp-json\/wp\/v2\/tags?post=2492"},{"taxonomy":"series","embeddable":true,"href":"https:\/\/quechilero.com\/blog\/wp-json\/wp\/v2\/series?post=2492"}],"curies":[{"name":"wp","href":"https:\/\/api.w.org\/{rel}","templated":true}]}}