{"id":2478,"date":"2009-05-04T08:00:03","date_gmt":"2009-05-04T14:00:03","guid":{"rendered":"http:\/\/quechilero.com\/blog\/?p=2478"},"modified":"2009-05-04T08:00:03","modified_gmt":"2009-05-04T14:00:03","slug":"dois-mundos","status":"publish","type":"post","link":"https:\/\/quechilero.com\/blog\/2009\/05\/04\/dois-mundos\/","title":{"rendered":"Dois Mundos"},"content":{"rendered":"<p>Ando pelas ruas<br \/>\nEm busca do meu caminho.<br \/>\nMeus olhos se surpreendem<br \/>\nQuando descobre<br \/>\nDuas dire\u00e7\u00f5es&#8230;<br \/>\nUma o c\u00e9u est\u00e1 claro<br \/>\nO sol est\u00e1 presente,<br \/>\nO calor \u00e9 constante&#8230;<br \/>\nA outra<br \/>\nEst\u00e1 escuro,<br \/>\nRel\u00e2mpagos assustam<br \/>\nE o vento traz o frio&#8230;<br \/>\nDuas dire\u00e7\u00f5es<br \/>\nEm uma \u00fanica vida.<br \/>\nUm desejo<br \/>\nDois caminhos.<br \/>\nO caminho em que o c\u00e9u \u00e9 perfeito,<br \/>\nO calor do sol \u00e9 contagiante&#8230;<br \/>\nE o caminho da tempestade,<br \/>\nDos rel\u00e2mpagos assustadores.<br \/>\nDois mundos diferentes,<br \/>\nDois destinos.<br \/>\nA luz e a escurid\u00e3o<br \/>\nO medo e a paz.<br \/>\nDois mundos<br \/>\nE uma \u00fanica escolha;<br \/>\nEscolha sem volta&#8230;<\/p>\n<p><em>Fabiana Thais Oliveria<\/em><\/p>\n","protected":false},"excerpt":{"rendered":"<p>Ando pelas ruas Em busca do meu caminho. Meus olhos se surpreendem Quando descobre Duas dire\u00e7\u00f5es&#8230; Uma o c\u00e9u est\u00e1 claro O sol est\u00e1 presente, O calor \u00e9 constante&#8230; A outra Est\u00e1 escuro, Rel\u00e2mpagos assustam E o vento traz o frio&#8230; Duas dire\u00e7\u00f5es Em uma \u00fanica vida. Um desejo Dois caminhos. O caminho em que &#8230; <a title=\"Dois Mundos\" class=\"read-more\" href=\"https:\/\/quechilero.com\/blog\/2009\/05\/04\/dois-mundos\/\" aria-label=\"Leer m\u00e1s sobre Dois Mundos\">Leer m\u00e1s<\/a><\/p>\n","protected":false},"author":1,"featured_media":0,"comment_status":"open","ping_status":"open","sticky":false,"template":"","format":"standard","meta":{"advanced_seo_description":"","jetpack_seo_html_title":"","jetpack_seo_noindex":false,"jetpack_seo_schema_type":"","episode_type":"","audio_file":"","podmotor_file_id":"","podmotor_episode_id":"","cover_image":"","cover_image_id":"","duration":"","filesize":"","filesize_raw":"","date_recorded":"","explicit":"","block":"","_jetpack_newsletter_access":"","_jetpack_dont_email_post_to_subs":false,"_jetpack_newsletter_tier_id":0,"_jetpack_memberships_contains_paywalled_content":false,"_jetpack_feature_clip_id":0,"_jetpack_memberships_contains_paid_content":false,"footnotes":"","jetpack_publicize_message":"","jetpack_publicize_feature_enabled":true,"jetpack_social_post_already_shared":false,"jetpack_social_options":{"image_generator_settings":{"template":"highway","default_image_id":0,"font":"","enabled":false},"version":2},"jetpack_post_was_ever_published":false},"categories":[2],"tags":[54,40,106,24],"series":[],"class_list":["post-2478","post","type-post","status-publish","format-standard","hentry","category-limones","tag-kiki","tag-paz","tag-portugues","tag-vida"],"episode_featured_image":false,"episode_player_image":"https:\/\/i0.wp.com\/quechilero.com\/blog\/imagenes\/podcast.png?fit=1831%2C1831&ssl=1","download_link":"","player_link":"","audio_player":false,"episode_data":{"playerMode":"dark","subscribeUrls":{"amazon":{"key":"amazon","url":"","label":"Amazon","class":"amazon","icon":"amazon.png"},"apple_podcasts":{"key":"apple_podcasts","url":"","label":"Apple Podcasts","class":"apple_podcasts","icon":"apple-podcasts.png"},"castbox":{"key":"castbox","url":"","label":"CastBox","class":"castbox","icon":"castbox.png"},"deezer":{"key":"deezer","url":"","label":"Deezer","class":"deezer","icon":"deezer.png"},"google_podcasts":{"key":"google_podcasts","url":"","label":"Google Podcasts","class":"google_podcasts","icon":"google-podcasts.png"},"listen_notes":{"key":"listen_notes","url":"","label":"Listen Notes","class":"listen_notes","icon":"listen-notes.png"},"pandora":{"key":"pandora","url":"","label":"Pandora","class":"pandora","icon":"pandora.png"},"podbean":{"key":"podbean","url":"","label":"Podbean","class":"podbean","icon":"podbean.png"},"podcast_republic":{"key":"podcast_republic","url":"","label":"Podcast Republic","class":"podcast_republic","icon":"podcast-republic.png"},"rss":{"key":"rss","url":"","label":"RSS","class":"rss","icon":"rss.png"},"spotify":{"key":"spotify","url":"","label":"Spotify","class":"spotify","icon":"spotify.png"},"stitcher":{"key":"stitcher","url":"","label":"Stitcher","class":"stitcher","icon":"stitcher.png"},"tunein":{"key":"tunein","url":"","label":"TuneIn","class":"tunein","icon":"tunein.png"},"youtube":{"key":"youtube","url":"","label":"YouTube","class":"youtube","icon":"youtube.png"},"iheartradio":{"key":"iheartradio","url":"","label":"iHeartRadio","class":"iheartradio","icon":"iheartradio.png"},"ivoox":{"key":"ivoox","url":"","label":"iVoox","class":"ivoox","icon":"ivoox.png"}},"rssFeedUrl":"https:\/\/quechilero.com\/blog\/feed\/podcast\/si-la-vida-nos-da-limones","embedCode":"<blockquote class=\"wp-embedded-content\" data-secret=\"v25vyQq3fl\"><a href=\"https:\/\/quechilero.com\/blog\/2009\/05\/04\/dois-mundos\/\">Dois Mundos<\/a><\/blockquote><iframe sandbox=\"allow-scripts\" security=\"restricted\" src=\"https:\/\/quechilero.com\/blog\/2009\/05\/04\/dois-mundos\/embed\/#?secret=v25vyQq3fl\" width=\"500\" height=\"350\" title=\"\u00abDois Mundos\u00bb \u2014 Si la Vida nos da Limones...\" data-secret=\"v25vyQq3fl\" frameborder=\"0\" marginwidth=\"0\" marginheight=\"0\" scrolling=\"no\" class=\"wp-embedded-content\"><\/iframe><script>\n\/*! This file is auto-generated *\/\n!function(d,l){\"use strict\";l.querySelector&&d.addEventListener&&\"undefined\"!=typeof URL&&(d.wp=d.wp||{},d.wp.receiveEmbedMessage||(d.wp.receiveEmbedMessage=function(e){var t=e.data;if((t||t.secret||t.message||t.value)&&!\/[^a-zA-Z0-9]\/.test(t.secret)){for(var s,r,n,a=l.querySelectorAll('iframe[data-secret=\"'+t.secret+'\"]'),o=l.querySelectorAll('blockquote[data-secret=\"'+t.secret+'\"]'),c=new RegExp(\"^https?:$\",\"i\"),i=0;i<o.length;i++)o[i].style.display=\"none\";for(i=0;i<a.length;i++)s=a[i],e.source===s.contentWindow&&(s.removeAttribute(\"style\"),\"height\"===t.message?(1e3<(r=parseInt(t.value,10))?r=1e3:~~r<200&&(r=200),s.height=r):\"link\"===t.message&&(r=new URL(s.getAttribute(\"src\")),n=new URL(t.value),c.test(n.protocol))&&n.host===r.host&&l.activeElement===s&&(d.top.location.href=t.value))}},d.addEventListener(\"message\",d.wp.receiveEmbedMessage,!1),l.addEventListener(\"DOMContentLoaded\",function(){for(var e,t,s=l.querySelectorAll(\"iframe.wp-embedded-content\"),r=0;r<s.length;r++)(t=(e=s[r]).getAttribute(\"data-secret\"))||(t=Math.random().toString(36).substring(2,12),e.src+=\"#?secret=\"+t,e.setAttribute(\"data-secret\",t)),e.contentWindow.postMessage({message:\"ready\",secret:t},\"*\")},!1)))}(window,document);\n\/\/# sourceURL=https:\/\/quechilero.com\/blog\/wp-includes\/js\/wp-embed.min.js\n<\/script>\n"},"jetpack_publicize_connections":[],"jetpack_shortlink":"https:\/\/wp.me\/pDKli-DY","jetpack_sharing_enabled":true,"jetpack-related-posts":[{"id":13289,"url":"https:\/\/quechilero.com\/blog\/2012\/05\/12\/jorge-maravilha-chico-buarque\/","url_meta":{"origin":2478,"position":0},"title":"Jorge Maravilha &#8211; Chico Buarque","author":"Pepe Barrascout Ortiz","date":"12 mayo 2012","format":false,"excerpt":"https:\/\/youtu.be\/tYWkweKw5ME LETRA: Jorge Maravilha (Leonel Paiva, Chico Buarque) E nada como um tempo ap\u00f3s um contratempo Pro meu cora\u00e7\u00e3o E n\u00e3o vale a pena ficar, apenas ficar Chorando, resmungando, at\u00e9 quando? N\u00e3o, n\u00e3o... E como j\u00e1 dizia Jorge Maravilha Prenhe de raz\u00e3o Mais vale uma filha na m\u00e3o Do que\u2026","rel":"","context":"En \u00abLimones\u00bb","block_context":{"text":"Limones","link":"https:\/\/quechilero.com\/blog\/category\/limones\/"},"img":{"alt_text":"","src":"https:\/\/i0.wp.com\/img.youtube.com\/vi\/tYWkweKw5ME\/0.jpg?resize=350%2C200","width":350,"height":200},"classes":[]},{"id":2572,"url":"https:\/\/quechilero.com\/blog\/2009\/05\/31\/oi-amiga\/","url_meta":{"origin":2478,"position":1},"title":"Oi amiga!","author":"Pepe Barrascout Ortiz","date":"31 mayo 2009","format":false,"excerpt":"Tem uma coisa que preciso lhe dizer... Quando tudo parece n\u00e3o ter mais sentido, Eis que Deus nos manda um anjo, pra ficar no nosso p\u00e9! Pra nos dar um colo, quando uma nuvenzinha escura, Quer amea\u00e7ar chover dentro de n\u00f3s. Pra puxar nossas orelhas, quando caminhamos Em caminhos tortos,\u2026","rel":"","context":"En \u00abLimones\u00bb","block_context":{"text":"Limones","link":"https:\/\/quechilero.com\/blog\/category\/limones\/"},"img":{"alt_text":"","src":"","width":0,"height":0},"classes":[]},{"id":2482,"url":"https:\/\/quechilero.com\/blog\/2009\/05\/12\/se-a-vida\/","url_meta":{"origin":2478,"position":2},"title":"Se a Vida&#8230;","author":"Pepe Barrascout Ortiz","date":"12 mayo 2009","format":false,"excerpt":"Se a vida fosse um sonho Eu gostaria de jamais acordar. Se a vida fosse uma can\u00e7\u00e3o Gostaria jamais deixar de ouvi-la. Se a vida fosse uma flor Gostaria que sua beleza e perfume n\u00e3o morressem. Se a vida fosse um desejo O desejo seria da eternidade... Mas a vida\u2026","rel":"","context":"En \u00abLimones\u00bb","block_context":{"text":"Limones","link":"https:\/\/quechilero.com\/blog\/category\/limones\/"},"img":{"alt_text":"","src":"","width":0,"height":0},"classes":[]},{"id":2529,"url":"https:\/\/quechilero.com\/blog\/2009\/05\/15\/como-eu-te-amo\/","url_meta":{"origin":2478,"position":3},"title":"Como eu Te Amo","author":"Pepe Barrascout Ortiz","date":"15 mayo 2009","format":false,"excerpt":"Como se ama o sil\u00eancio, a luz, o aroma, O orvalho numa flor, nos c\u00e9us a estrela, No largo mar a sombra de uma vela, Que l\u00e1 na extrema do horizonte assoma; Como se ama o clar\u00e3o da branca lua, Da noite na mudez os sons da flauta, As can\u00e7\u00f5es\u2026","rel":"","context":"En \u00abLimones\u00bb","block_context":{"text":"Limones","link":"https:\/\/quechilero.com\/blog\/category\/limones\/"},"img":{"alt_text":"","src":"","width":0,"height":0},"classes":[]},{"id":788,"url":"https:\/\/quechilero.com\/blog\/2007\/11\/28\/sei-que-e-amor\/","url_meta":{"origin":2478,"position":4},"title":"Sei que \u00e9 Amor&#8230;","author":"Pepe Barrascout Ortiz","date":"28 noviembre 2007","format":false,"excerpt":"Quando olho pra voc\u00ea, Sei que \u00e9 amor... Quando sinto teu cheiro, Sei que \u00e9 amor... Quando penso em voc\u00ea, Sei que \u00e9 amor... Quando sinto aquele friozinho na barriga, Sei que \u00e9 amor... Quando um passarinho canta enquanto caminho na rua, Sei que \u00e9 amor... Quando \u00e1s vezes meu\u2026","rel":"","context":"En \u00abLimones\u00bb","block_context":{"text":"Limones","link":"https:\/\/quechilero.com\/blog\/category\/limones\/"},"img":{"alt_text":"","src":"","width":0,"height":0},"classes":[]},{"id":2492,"url":"https:\/\/quechilero.com\/blog\/2009\/05\/06\/tenha-a-leveza-dos-passaros\/","url_meta":{"origin":2478,"position":5},"title":"Tenha a leveza dos p\u00e1ssaros","author":"Pepe Barrascout Ortiz","date":"6 mayo 2009","format":false,"excerpt":"\u201cApesar de todas indiferen\u00e7as, n\u00e3o guardo rancor e jamais guardarei e continuarei amando o meu pr\u00f3ximo como sempre. Amei\u201d. N\u00e3o temas as fantasias nem os desejos mais profundos. A melhor express\u00e3o da energia do amor e da confian\u00e7a em qualquer rela\u00e7\u00e3o \u00e9 quando se pode falar e demonstrar tudo o\u2026","rel":"","context":"En \u00abLimones\u00bb","block_context":{"text":"Limones","link":"https:\/\/quechilero.com\/blog\/category\/limones\/"},"img":{"alt_text":"","src":"","width":0,"height":0},"classes":[]}],"jetpack_featured_media_url":"","_links":{"self":[{"href":"https:\/\/quechilero.com\/blog\/wp-json\/wp\/v2\/posts\/2478","targetHints":{"allow":["GET"]}}],"collection":[{"href":"https:\/\/quechilero.com\/blog\/wp-json\/wp\/v2\/posts"}],"about":[{"href":"https:\/\/quechilero.com\/blog\/wp-json\/wp\/v2\/types\/post"}],"author":[{"embeddable":true,"href":"https:\/\/quechilero.com\/blog\/wp-json\/wp\/v2\/users\/1"}],"replies":[{"embeddable":true,"href":"https:\/\/quechilero.com\/blog\/wp-json\/wp\/v2\/comments?post=2478"}],"version-history":[{"count":0,"href":"https:\/\/quechilero.com\/blog\/wp-json\/wp\/v2\/posts\/2478\/revisions"}],"wp:attachment":[{"href":"https:\/\/quechilero.com\/blog\/wp-json\/wp\/v2\/media?parent=2478"}],"wp:term":[{"taxonomy":"category","embeddable":true,"href":"https:\/\/quechilero.com\/blog\/wp-json\/wp\/v2\/categories?post=2478"},{"taxonomy":"post_tag","embeddable":true,"href":"https:\/\/quechilero.com\/blog\/wp-json\/wp\/v2\/tags?post=2478"},{"taxonomy":"series","embeddable":true,"href":"https:\/\/quechilero.com\/blog\/wp-json\/wp\/v2\/series?post=2478"}],"curies":[{"name":"wp","href":"https:\/\/api.w.org\/{rel}","templated":true}]}}