{"id":2470,"date":"2009-05-02T08:00:29","date_gmt":"2009-05-02T14:00:29","guid":{"rendered":"http:\/\/quechilero.com\/blog\/?p=2470"},"modified":"2009-05-02T08:00:29","modified_gmt":"2009-05-02T14:00:29","slug":"nos-sempre-estaremos-juntos","status":"publish","type":"post","link":"https:\/\/quechilero.com\/blog\/2009\/05\/02\/nos-sempre-estaremos-juntos\/","title":{"rendered":"N\u00f3s sempre estaremos juntos"},"content":{"rendered":"<p>S\u00e3o em momentos de mais tristezas que paramos para pensar em o que aconteceu em nossas vidas. As pessoas que por elas passaram; as coisas que fizemos e tudo que aprendemos.<\/p>\n<p>S\u00e3o nesses momentos que come\u00e7amos a lembrar de grandes amizades, que sempre estiveram presentes conosco quando precis\u00e1vamos e que nunca poder\u00edamos esquecer.<\/p>\n<p>Amizades que, por mais longe que estivessem, nunca se separaram; Amizades que, o tempo nunca foi capaz de apagar; Amizades que, mesmo estando longe, estavas perto; Amizades que a idade n\u00e3o as tornavam mais velhas por\u00e9m, mais novas e unidas;<\/p>\n<p>Amizades que uma cr\u00edtica era um sin\u00f4nimo de preocupa\u00e7\u00e3o; Amizades em que haviam discuss\u00f5es, mas sempre eram esquecidas por um abra\u00e7o sincero e um pedido de desculpas;<\/p>\n<p>Amizades onde a uni\u00e3o sempre era algo fundamental no dia-a-dia;<br \/>\nAmizades em que o simples fato de estar perto j\u00e1 era sin\u00f4nimo de seguran\u00e7a;<br \/>\nAmizades em que momentos tristes eram maneiras de comprovar que nunca \u00edamos nos separar;<\/p>\n<p>Amizades em que,quando menos esper\u00e1vamos uma palavra amiga, ela soava e sempre quando mais precis\u00e1vamos; Amizades que sequer existiam mas, no momento de maior necessidade de um ombro amigo, apareciam e sempre nos fortaleciam;<\/p>\n<p>Amizades em que um simples telefonema era algo que nos confortava e mantinha-nos seguros de que sempre ter\u00edamos<br \/>\nalgu\u00e9m por perto.<\/p>\n<p>S\u00e3o essas amizades de que sempre lembramos e sempre estar\u00e3o conosco em nossos cora\u00e7\u00f5es, mantendo-nos aquecidos, fortalecidos e seguros de que nunca estaremos s\u00f3s!<\/p>\n<p>E \u00e9 assim que eu guardo voc\u00eas&#8230;<br \/>\nMEUS AMIGOS&#8230;<\/p>\n<p>E \u00e9 assim que eu quero ser guardada&#8230;<br \/>\nComo algu\u00e9m que estar\u00e1 longe, mas sempre lembrar\u00e1 de voc\u00eas!<\/p>\n","protected":false},"excerpt":{"rendered":"<p>S\u00e3o em momentos de mais tristezas que paramos para pensar em o que aconteceu em nossas vidas. As pessoas que por elas passaram; as coisas que fizemos e tudo que aprendemos. S\u00e3o nesses momentos que come\u00e7amos a lembrar de grandes amizades, que sempre estiveram presentes conosco quando precis\u00e1vamos e que nunca poder\u00edamos esquecer. Amizades que, &#8230; <a title=\"N\u00f3s sempre estaremos juntos\" class=\"read-more\" href=\"https:\/\/quechilero.com\/blog\/2009\/05\/02\/nos-sempre-estaremos-juntos\/\" aria-label=\"Leer m\u00e1s sobre N\u00f3s sempre estaremos juntos\">Leer m\u00e1s<\/a><\/p>\n","protected":false},"author":1,"featured_media":0,"comment_status":"open","ping_status":"open","sticky":false,"template":"","format":"standard","meta":{"advanced_seo_description":"","jetpack_seo_html_title":"","jetpack_seo_noindex":false,"jetpack_seo_schema_type":"","episode_type":"","audio_file":"","podmotor_file_id":"","podmotor_episode_id":"","cover_image":"","cover_image_id":"","duration":"","filesize":"","filesize_raw":"","date_recorded":"","explicit":"","block":"","_jetpack_newsletter_access":"","_jetpack_dont_email_post_to_subs":false,"_jetpack_newsletter_tier_id":0,"_jetpack_memberships_contains_paywalled_content":false,"_jetpack_feature_clip_id":0,"_jetpack_memberships_contains_paid_content":false,"footnotes":"","jetpack_publicize_message":"","jetpack_publicize_feature_enabled":true,"jetpack_social_post_already_shared":false,"jetpack_social_options":{"image_generator_settings":{"template":"highway","default_image_id":0,"font":"","enabled":false},"version":2},"jetpack_post_was_ever_published":false},"categories":[2],"tags":[11,107,54,40,106,24,57],"series":[],"class_list":["post-2470","post","type-post","status-publish","format-standard","hentry","category-limones","tag-amigo","tag-amizade","tag-kiki","tag-paz","tag-portugues","tag-vida","tag-voce"],"episode_featured_image":false,"episode_player_image":"https:\/\/i0.wp.com\/quechilero.com\/blog\/imagenes\/podcast.png?fit=1831%2C1831&ssl=1","download_link":"","player_link":"","audio_player":false,"episode_data":{"playerMode":"dark","subscribeUrls":{"amazon":{"key":"amazon","url":"","label":"Amazon","class":"amazon","icon":"amazon.png"},"apple_podcasts":{"key":"apple_podcasts","url":"","label":"Apple Podcasts","class":"apple_podcasts","icon":"apple-podcasts.png"},"castbox":{"key":"castbox","url":"","label":"CastBox","class":"castbox","icon":"castbox.png"},"deezer":{"key":"deezer","url":"","label":"Deezer","class":"deezer","icon":"deezer.png"},"google_podcasts":{"key":"google_podcasts","url":"","label":"Google Podcasts","class":"google_podcasts","icon":"google-podcasts.png"},"listen_notes":{"key":"listen_notes","url":"","label":"Listen Notes","class":"listen_notes","icon":"listen-notes.png"},"pandora":{"key":"pandora","url":"","label":"Pandora","class":"pandora","icon":"pandora.png"},"podbean":{"key":"podbean","url":"","label":"Podbean","class":"podbean","icon":"podbean.png"},"podcast_republic":{"key":"podcast_republic","url":"","label":"Podcast Republic","class":"podcast_republic","icon":"podcast-republic.png"},"rss":{"key":"rss","url":"","label":"RSS","class":"rss","icon":"rss.png"},"spotify":{"key":"spotify","url":"","label":"Spotify","class":"spotify","icon":"spotify.png"},"stitcher":{"key":"stitcher","url":"","label":"Stitcher","class":"stitcher","icon":"stitcher.png"},"tunein":{"key":"tunein","url":"","label":"TuneIn","class":"tunein","icon":"tunein.png"},"youtube":{"key":"youtube","url":"","label":"YouTube","class":"youtube","icon":"youtube.png"},"iheartradio":{"key":"iheartradio","url":"","label":"iHeartRadio","class":"iheartradio","icon":"iheartradio.png"},"ivoox":{"key":"ivoox","url":"","label":"iVoox","class":"ivoox","icon":"ivoox.png"}},"rssFeedUrl":"https:\/\/quechilero.com\/blog\/feed\/podcast\/si-la-vida-nos-da-limones","embedCode":"<blockquote class=\"wp-embedded-content\" data-secret=\"sFtfe836oJ\"><a href=\"https:\/\/quechilero.com\/blog\/2009\/05\/02\/nos-sempre-estaremos-juntos\/\">N\u00f3s sempre estaremos juntos<\/a><\/blockquote><iframe sandbox=\"allow-scripts\" security=\"restricted\" src=\"https:\/\/quechilero.com\/blog\/2009\/05\/02\/nos-sempre-estaremos-juntos\/embed\/#?secret=sFtfe836oJ\" width=\"500\" height=\"350\" title=\"\u00abN\u00f3s sempre estaremos juntos\u00bb \u2014 Si la Vida nos da Limones...\" data-secret=\"sFtfe836oJ\" frameborder=\"0\" marginwidth=\"0\" marginheight=\"0\" scrolling=\"no\" class=\"wp-embedded-content\"><\/iframe><script>\n\/*! This file is auto-generated *\/\n!function(d,l){\"use strict\";l.querySelector&&d.addEventListener&&\"undefined\"!=typeof URL&&(d.wp=d.wp||{},d.wp.receiveEmbedMessage||(d.wp.receiveEmbedMessage=function(e){var t=e.data;if((t||t.secret||t.message||t.value)&&!\/[^a-zA-Z0-9]\/.test(t.secret)){for(var s,r,n,a=l.querySelectorAll('iframe[data-secret=\"'+t.secret+'\"]'),o=l.querySelectorAll('blockquote[data-secret=\"'+t.secret+'\"]'),c=new RegExp(\"^https?:$\",\"i\"),i=0;i<o.length;i++)o[i].style.display=\"none\";for(i=0;i<a.length;i++)s=a[i],e.source===s.contentWindow&&(s.removeAttribute(\"style\"),\"height\"===t.message?(1e3<(r=parseInt(t.value,10))?r=1e3:~~r<200&&(r=200),s.height=r):\"link\"===t.message&&(r=new URL(s.getAttribute(\"src\")),n=new URL(t.value),c.test(n.protocol))&&n.host===r.host&&l.activeElement===s&&(d.top.location.href=t.value))}},d.addEventListener(\"message\",d.wp.receiveEmbedMessage,!1),l.addEventListener(\"DOMContentLoaded\",function(){for(var e,t,s=l.querySelectorAll(\"iframe.wp-embedded-content\"),r=0;r<s.length;r++)(t=(e=s[r]).getAttribute(\"data-secret\"))||(t=Math.random().toString(36).substring(2,12),e.src+=\"#?secret=\"+t,e.setAttribute(\"data-secret\",t)),e.contentWindow.postMessage({message:\"ready\",secret:t},\"*\")},!1)))}(window,document);\n\/\/# sourceURL=https:\/\/quechilero.com\/blog\/wp-includes\/js\/wp-embed.min.js\n<\/script>\n"},"jetpack_publicize_connections":[],"jetpack_shortlink":"https:\/\/wp.me\/pDKli-DQ","jetpack_sharing_enabled":true,"jetpack-related-posts":[{"id":2553,"url":"https:\/\/quechilero.com\/blog\/2009\/05\/25\/a-quimica-da-amizade\/","url_meta":{"origin":2470,"position":0},"title":"A Qu\u00edmica da Amizade","author":"Pepe Barrascout Ortiz","date":"25 mayo 2009","format":false,"excerpt":"Nossa amizade \u00e9 como a liga\u00e7\u00e3o covalente, sempre compartilhando alegrias, tristezas... Nunca surgir\u00e1 um radical, porque essa liga\u00e7\u00e3o jamais se quebrar\u00e1! Sei que em alguns momentos ser\u00e1 necess\u00e1rio, ver, analisar algo errado e balancear a equa\u00e7\u00e3o, buscando o equil\u00edbrio qu\u00edmico entre a gente. O meu cora\u00e7\u00e3o para voc\u00ea, sempre ser\u00e1\u2026","rel":"","context":"En \u00abLimones\u00bb","block_context":{"text":"Limones","link":"https:\/\/quechilero.com\/blog\/category\/limones\/"},"img":{"alt_text":"","src":"","width":0,"height":0},"classes":[]},{"id":2492,"url":"https:\/\/quechilero.com\/blog\/2009\/05\/06\/tenha-a-leveza-dos-passaros\/","url_meta":{"origin":2470,"position":1},"title":"Tenha a leveza dos p\u00e1ssaros","author":"Pepe Barrascout Ortiz","date":"6 mayo 2009","format":false,"excerpt":"\u201cApesar de todas indiferen\u00e7as, n\u00e3o guardo rancor e jamais guardarei e continuarei amando o meu pr\u00f3ximo como sempre. Amei\u201d. N\u00e3o temas as fantasias nem os desejos mais profundos. A melhor express\u00e3o da energia do amor e da confian\u00e7a em qualquer rela\u00e7\u00e3o \u00e9 quando se pode falar e demonstrar tudo o\u2026","rel":"","context":"En \u00abLimones\u00bb","block_context":{"text":"Limones","link":"https:\/\/quechilero.com\/blog\/category\/limones\/"},"img":{"alt_text":"","src":"","width":0,"height":0},"classes":[]},{"id":2551,"url":"https:\/\/quechilero.com\/blog\/2009\/05\/24\/a-amizade-e-o-ouro\/","url_meta":{"origin":2470,"position":2},"title":"A amizade e o ouro","author":"Pepe Barrascout Ortiz","date":"24 mayo 2009","format":false,"excerpt":"A amizade \u00e9 um presente sem pre\u00e7o, que n\u00e3o pode ser comprado ou vendido, mas o seu valor \u00e9 muito maior do que uma montanha feita de ouro. Porque o ouro \u00e9 frio e sem vida, n\u00e3o pode ver nem ouvir, e em nossas fases dif\u00edceis nada podemos compartilhar com\u2026","rel":"","context":"En \u00abLimones\u00bb","block_context":{"text":"Limones","link":"https:\/\/quechilero.com\/blog\/category\/limones\/"},"img":{"alt_text":"","src":"","width":0,"height":0},"classes":[]},{"id":2504,"url":"https:\/\/quechilero.com\/blog\/2009\/05\/09\/voce-e-especial\/","url_meta":{"origin":2470,"position":3},"title":"Voc\u00ea \u00e9 especial","author":"Pepe Barrascout Ortiz","date":"9 mayo 2009","format":false,"excerpt":"Quando eu precisei de sua amizade, voc\u00ea foi meu amiga... Quando eu precisei de ajuda voc\u00ea estava com o cora\u00e7\u00e3o aberto... Voc\u00ea me ajudou a ver o lado bom dos problemas... Nos dias nublados Voc\u00ea me fez enxergar o sol... Quando eu fui at\u00e9 voc\u00ea para contar minhas ang\u00fastias, voc\u00ea\u2026","rel":"","context":"En \u00abLimones\u00bb","block_context":{"text":"Limones","link":"https:\/\/quechilero.com\/blog\/category\/limones\/"},"img":{"alt_text":"","src":"","width":0,"height":0},"classes":[]},{"id":2565,"url":"https:\/\/quechilero.com\/blog\/2009\/05\/29\/para-a-melhor-amiga\/","url_meta":{"origin":2470,"position":4},"title":"Para a melhor amiga","author":"Pepe Barrascout Ortiz","date":"29 mayo 2009","format":false,"excerpt":"Amiga, liga n\u00e3o Sou mesmo desligado E se ap\u00f3s mais de quinze anos N\u00e3o fiz festa ao te ver \u00c9 porque, de t\u00e3o imensa E intensa a amizade Inda distante me queimava Teu calor aqui colado E por vezes Levantei a minha m\u00e3o Pensando ser a tua E nesse ledo\u2026","rel":"","context":"En \u00abLimones\u00bb","block_context":{"text":"Limones","link":"https:\/\/quechilero.com\/blog\/category\/limones\/"},"img":{"alt_text":"","src":"","width":0,"height":0},"classes":[]},{"id":2572,"url":"https:\/\/quechilero.com\/blog\/2009\/05\/31\/oi-amiga\/","url_meta":{"origin":2470,"position":5},"title":"Oi amiga!","author":"Pepe Barrascout Ortiz","date":"31 mayo 2009","format":false,"excerpt":"Tem uma coisa que preciso lhe dizer... Quando tudo parece n\u00e3o ter mais sentido, Eis que Deus nos manda um anjo, pra ficar no nosso p\u00e9! Pra nos dar um colo, quando uma nuvenzinha escura, Quer amea\u00e7ar chover dentro de n\u00f3s. Pra puxar nossas orelhas, quando caminhamos Em caminhos tortos,\u2026","rel":"","context":"En \u00abLimones\u00bb","block_context":{"text":"Limones","link":"https:\/\/quechilero.com\/blog\/category\/limones\/"},"img":{"alt_text":"","src":"","width":0,"height":0},"classes":[]}],"jetpack_featured_media_url":"","_links":{"self":[{"href":"https:\/\/quechilero.com\/blog\/wp-json\/wp\/v2\/posts\/2470","targetHints":{"allow":["GET"]}}],"collection":[{"href":"https:\/\/quechilero.com\/blog\/wp-json\/wp\/v2\/posts"}],"about":[{"href":"https:\/\/quechilero.com\/blog\/wp-json\/wp\/v2\/types\/post"}],"author":[{"embeddable":true,"href":"https:\/\/quechilero.com\/blog\/wp-json\/wp\/v2\/users\/1"}],"replies":[{"embeddable":true,"href":"https:\/\/quechilero.com\/blog\/wp-json\/wp\/v2\/comments?post=2470"}],"version-history":[{"count":0,"href":"https:\/\/quechilero.com\/blog\/wp-json\/wp\/v2\/posts\/2470\/revisions"}],"wp:attachment":[{"href":"https:\/\/quechilero.com\/blog\/wp-json\/wp\/v2\/media?parent=2470"}],"wp:term":[{"taxonomy":"category","embeddable":true,"href":"https:\/\/quechilero.com\/blog\/wp-json\/wp\/v2\/categories?post=2470"},{"taxonomy":"post_tag","embeddable":true,"href":"https:\/\/quechilero.com\/blog\/wp-json\/wp\/v2\/tags?post=2470"},{"taxonomy":"series","embeddable":true,"href":"https:\/\/quechilero.com\/blog\/wp-json\/wp\/v2\/series?post=2470"}],"curies":[{"name":"wp","href":"https:\/\/api.w.org\/{rel}","templated":true}]}}