{"id":2449,"date":"2009-03-25T08:00:12","date_gmt":"2009-03-25T14:00:12","guid":{"rendered":"http:\/\/quechilero.com\/blog\/?p=2449"},"modified":"2009-03-25T08:00:12","modified_gmt":"2009-03-25T14:00:12","slug":"las-piedras-grandes","status":"publish","type":"post","link":"https:\/\/quechilero.com\/blog\/2009\/03\/25\/las-piedras-grandes\/","title":{"rendered":"Las piedras grandes"},"content":{"rendered":"<p>Hace algunos a\u00f1os, escuch\u00e9 esta reflexi\u00f3n, cuando asist\u00ed a un curso relacionado con <em>liderazgo<\/em>, fue hasta hace poco que la volv\u00ed a ver en <em><a title=\"Las piedras grandes primero\" href=\"http:\/\/titosan.blogspot.com\/\" target=\"_blank\">TitoSan<\/a><\/em>, es un texto tan bueno, que lo publico para tenerlo siempre a la vista y volverlo a leer de vez en cuando, para de esta forma, no perder el valor del mismo, de tal suerte, lo comparto con los lectores de este blog.<\/p>\n<p><strong>Las piedras grandes primero<\/strong><\/p>\n<p>\u201cCierto d\u00eda un motivador experto estaba dando una conferencia a un grupo de profesionales. Para dejar en claro un punto, utiliz\u00f3 un ejemplo que los profesionales jam\u00e1s olvidar\u00e1n. Parado frente al auditorio de gente muy exitosa dijo: Quisiera hacerles un peque\u00f1o examen. De debajo de la mesa sac\u00f3 un jarr\u00f3n de vidrio, de boca ancha y lo puso sobre la mesa, luego sac\u00f3 una docena de rocas del tama\u00f1o de un pu\u00f1o y comenz\u00f3 a colocarlas una por una dentro del jarr\u00f3n.<\/p>\n<p>Cuando el jarr\u00f3n estaba lleno hasta el tope y no pod\u00eda colocar las rocas, pregunt\u00f3 al auditorio: \u00bfEst\u00e1 lleno este jarr\u00f3n? Todos los asistentes dijeron S\u00ed\u2026 Entonces dijo: Est\u00e1n seguros? \u2026 S\u00ed! respondi\u00f3 la audiencia.<br \/>\nEntonces de debajo de la mesa sac\u00f3 un balde con piedras mas peque\u00f1as, las comenz\u00f3 a colocar una por una en el jarr\u00f3n hasta que quedaron bien acomodadas luego de una peque\u00f1a sacudida del jarr\u00f3n en los huecos dejados por las piedras grandes. Cuando hab\u00eda hecho esto pregunt\u00f3 una vez m\u00e1s: \u00bfEst\u00e1 lleno este jarr\u00f3n? Esta vez el auditorio supo lo que vendr\u00eda y uno de los asistentes respondi\u00f3 en voz alta: Probablemente no.<\/p>\n<p>Muy bien! contest\u00f3 el expositor y de debajo de la mesa sac\u00f3 un balde con arena y comenz\u00f3 a echarlo en el jarr\u00f3n hasta que la arena se acomod\u00f3 entre las piedras grandes y peque\u00f1as. Una vez m\u00e1s el expositor pregunt\u00f3: \u00bfEst\u00e1 lleno este jarr\u00f3n? Esta vez varias personas respondieron a coro: No!<\/p>\n<p>Muy bien! contest\u00f3 el expositor y una vez m\u00e1s sac\u00f3 de debajo de la mesa otro jarr\u00f3n con agua. Comenz\u00f3 a echar el agua al jarr\u00f3n que conten\u00eda las piedras grandes y peque\u00f1as y arena, hasta que estuviera lleno.<\/p>\n<p>Cuando termin\u00f3 mir\u00f3 al auditorio y una vez mas pregunt\u00f3: \u00bfEst\u00e1 lleno el jarr\u00f3n? A lo que todo el mundo respondi\u00f3: S\u00ed.<br \/>\n\u00bfCu\u00e1l creen que es la ense\u00f1anza de esta demostraci\u00f3n? Uno de los espectadores levant\u00f3 la mano y dijo: La ense\u00f1anza es que no importa que tan lleno est\u00e9 tu horario, si lo intentas siempre podr\u00e1s incluir m\u00e1s cosas.<\/p>\n<p>No! Esa no es la ense\u00f1anza. Replic\u00f3 el expositor. La verdad es que esta demostraci\u00f3n nos ense\u00f1a lo siguiente:<br \/>\nSi no pones las piedras grandes PRIMERO, no podr\u00e1s ponerlas en ning\u00fan otro momento.<\/p>\n<p>\u00bfCu\u00e1les son las piedras grandes en tu vida? \u00bfDios? \u00bfTu familia? \u00bfTus amigos? \u00bfTu fe? \u00bfTu trabajo o tu estudio? \u00bfUn proyecto que tu deseas hacer funcionar? \u00bf?\u2026  Recuerda poner estas piedras grandes primero o luego no encontrar\u00e1s lugar para ellas\u201d.<\/p>\n<p>Y t\u00fa\u2026 \u00bfya identificaste cu\u00e1les son las piedras grandes en tu vida? corre a ponerlas primero en tu jarr\u00f3n!<\/p>\n<p><em>Visto en <a title=\"Las piedras grandes primero\" href=\"http:\/\/titosan.blogspot.com\/\" target=\"_blank\">TitoSan<\/a><\/em><\/p>\n","protected":false},"excerpt":{"rendered":"<p>Hace algunos a\u00f1os, escuch\u00e9 esta reflexi\u00f3n, cuando asist\u00ed a un curso relacionado con liderazgo, fue hasta hace poco que la volv\u00ed a ver en TitoSan, es un texto tan bueno, que lo publico para tenerlo siempre a la vista y volverlo a leer de vez en cuando, para de esta forma, no perder el valor &#8230; <a title=\"Las piedras grandes\" class=\"read-more\" href=\"https:\/\/quechilero.com\/blog\/2009\/03\/25\/las-piedras-grandes\/\" aria-label=\"Leer m\u00e1s sobre Las piedras grandes\">Leer m\u00e1s<\/a><\/p>\n","protected":false},"author":1,"featured_media":0,"comment_status":"open","ping_status":"open","sticky":false,"template":"","format":"standard","meta":{"advanced_seo_description":"","jetpack_seo_html_title":"","jetpack_seo_noindex":false,"jetpack_seo_schema_type":"","episode_type":"","audio_file":"","podmotor_file_id":"","podmotor_episode_id":"","cover_image":"","cover_image_id":"","duration":"","filesize":"","filesize_raw":"","date_recorded":"","explicit":"","block":"","_jetpack_newsletter_access":"","_jetpack_dont_email_post_to_subs":false,"_jetpack_newsletter_tier_id":0,"_jetpack_memberships_contains_paywalled_content":false,"_jetpack_feature_clip_id":0,"_jetpack_memberships_contains_paid_content":false,"footnotes":"","jetpack_publicize_message":"","jetpack_publicize_feature_enabled":true,"jetpack_social_post_already_shared":false,"jetpack_social_options":{"image_generator_settings":{"template":"highway","default_image_id":0,"font":"","enabled":false},"version":2},"jetpack_post_was_ever_published":false},"categories":[2],"tags":[11,4,12,51,96,83,43,36,41,24],"series":[],"class_list":["post-2449","post","type-post","status-publish","format-standard","hentry","category-limones","tag-amigo","tag-blog","tag-cosas","tag-dios","tag-exito","tag-liderazgo","tag-proyecto","tag-trabajo","tag-verdad","tag-vida"],"episode_featured_image":false,"episode_player_image":"https:\/\/i0.wp.com\/quechilero.com\/blog\/imagenes\/podcast.png?fit=1831%2C1831&ssl=1","download_link":"","player_link":"","audio_player":false,"episode_data":{"playerMode":"dark","subscribeUrls":{"amazon":{"key":"amazon","url":"","label":"Amazon","class":"amazon","icon":"amazon.png"},"apple_podcasts":{"key":"apple_podcasts","url":"","label":"Apple Podcasts","class":"apple_podcasts","icon":"apple-podcasts.png"},"castbox":{"key":"castbox","url":"","label":"CastBox","class":"castbox","icon":"castbox.png"},"deezer":{"key":"deezer","url":"","label":"Deezer","class":"deezer","icon":"deezer.png"},"google_podcasts":{"key":"google_podcasts","url":"","label":"Google Podcasts","class":"google_podcasts","icon":"google-podcasts.png"},"listen_notes":{"key":"listen_notes","url":"","label":"Listen Notes","class":"listen_notes","icon":"listen-notes.png"},"pandora":{"key":"pandora","url":"","label":"Pandora","class":"pandora","icon":"pandora.png"},"podbean":{"key":"podbean","url":"","label":"Podbean","class":"podbean","icon":"podbean.png"},"podcast_republic":{"key":"podcast_republic","url":"","label":"Podcast Republic","class":"podcast_republic","icon":"podcast-republic.png"},"rss":{"key":"rss","url":"","label":"RSS","class":"rss","icon":"rss.png"},"spotify":{"key":"spotify","url":"","label":"Spotify","class":"spotify","icon":"spotify.png"},"stitcher":{"key":"stitcher","url":"","label":"Stitcher","class":"stitcher","icon":"stitcher.png"},"tunein":{"key":"tunein","url":"","label":"TuneIn","class":"tunein","icon":"tunein.png"},"youtube":{"key":"youtube","url":"","label":"YouTube","class":"youtube","icon":"youtube.png"},"iheartradio":{"key":"iheartradio","url":"","label":"iHeartRadio","class":"iheartradio","icon":"iheartradio.png"},"ivoox":{"key":"ivoox","url":"","label":"iVoox","class":"ivoox","icon":"ivoox.png"}},"rssFeedUrl":"https:\/\/quechilero.com\/blog\/feed\/podcast\/si-la-vida-nos-da-limones","embedCode":"<blockquote class=\"wp-embedded-content\" data-secret=\"WQ8qCi1giB\"><a href=\"https:\/\/quechilero.com\/blog\/2009\/03\/25\/las-piedras-grandes\/\">Las piedras grandes<\/a><\/blockquote><iframe sandbox=\"allow-scripts\" security=\"restricted\" src=\"https:\/\/quechilero.com\/blog\/2009\/03\/25\/las-piedras-grandes\/embed\/#?secret=WQ8qCi1giB\" width=\"500\" height=\"350\" title=\"\u00abLas piedras grandes\u00bb \u2014 Si la Vida nos da Limones...\" data-secret=\"WQ8qCi1giB\" frameborder=\"0\" marginwidth=\"0\" marginheight=\"0\" scrolling=\"no\" class=\"wp-embedded-content\"><\/iframe><script>\n\/*! This file is auto-generated *\/\n!function(d,l){\"use strict\";l.querySelector&&d.addEventListener&&\"undefined\"!=typeof URL&&(d.wp=d.wp||{},d.wp.receiveEmbedMessage||(d.wp.receiveEmbedMessage=function(e){var t=e.data;if((t||t.secret||t.message||t.value)&&!\/[^a-zA-Z0-9]\/.test(t.secret)){for(var s,r,n,a=l.querySelectorAll('iframe[data-secret=\"'+t.secret+'\"]'),o=l.querySelectorAll('blockquote[data-secret=\"'+t.secret+'\"]'),c=new RegExp(\"^https?:$\",\"i\"),i=0;i<o.length;i++)o[i].style.display=\"none\";for(i=0;i<a.length;i++)s=a[i],e.source===s.contentWindow&&(s.removeAttribute(\"style\"),\"height\"===t.message?(1e3<(r=parseInt(t.value,10))?r=1e3:~~r<200&&(r=200),s.height=r):\"link\"===t.message&&(r=new URL(s.getAttribute(\"src\")),n=new URL(t.value),c.test(n.protocol))&&n.host===r.host&&l.activeElement===s&&(d.top.location.href=t.value))}},d.addEventListener(\"message\",d.wp.receiveEmbedMessage,!1),l.addEventListener(\"DOMContentLoaded\",function(){for(var e,t,s=l.querySelectorAll(\"iframe.wp-embedded-content\"),r=0;r<s.length;r++)(t=(e=s[r]).getAttribute(\"data-secret\"))||(t=Math.random().toString(36).substring(2,12),e.src+=\"#?secret=\"+t,e.setAttribute(\"data-secret\",t)),e.contentWindow.postMessage({message:\"ready\",secret:t},\"*\")},!1)))}(window,document);\n\/\/# sourceURL=https:\/\/quechilero.com\/blog\/wp-includes\/js\/wp-embed.min.js\n<\/script>\n"},"jetpack_publicize_connections":[],"jetpack_shortlink":"https:\/\/wp.me\/pDKli-Dv","jetpack_sharing_enabled":true,"jetpack-related-posts":[{"id":14376,"url":"https:\/\/quechilero.com\/blog\/2012\/08\/22\/escondido-en-una-piedra-ruda\/","url_meta":{"origin":2449,"position":0},"title":"Escondido en una piedra ruda","author":"Pepe Barrascout Ortiz","date":"22 agosto 2012","format":false,"excerpt":"Ten\u00eda toda la apariencia de una piedra com\u00fan. Estaba redondeada, y era de color gris. Parec\u00eda una papa, y por cierto, papa la llamaban. La piedra estaba de venta en una exposici\u00f3n de minerales poco comunes en Plano, Texas. Un hombre la compr\u00f3 por diez d\u00f3lares, se la llev\u00f3 a\u2026","rel":"","context":"En \u00abLimones\u00bb","block_context":{"text":"Limones","link":"https:\/\/quechilero.com\/blog\/category\/limones\/"},"img":{"alt_text":"","src":"","width":0,"height":0},"classes":[]},{"id":804,"url":"https:\/\/quechilero.com\/blog\/2007\/12\/12\/las-5-practicas-fundamentales-del-liderazgo-ejemplar\/","url_meta":{"origin":2449,"position":1},"title":"Las 5 pr\u00e1cticas fundamentales del liderazgo ejemplar","author":"Pepe Barrascout Ortiz","date":"12 diciembre 2007","format":false,"excerpt":"Al observar en profundidad el proceso din\u00e1mico del liderazgo mediante el an\u00e1lisis de casos y encuestas, reconocemos cinco pr\u00e1cticas fundamentales a trav\u00e9s de los cuales los l\u00edderes logran realizar cosas extraordinarias. El modelo del liderazgo cobr\u00f3 vida, car\u00e1cter y color cuando empezamos a escuchar las historias de personas corrientes que\u2026","rel":"","context":"En \u00abLimones\u00bb","block_context":{"text":"Limones","link":"https:\/\/quechilero.com\/blog\/category\/limones\/"},"img":{"alt_text":"","src":"","width":0,"height":0},"classes":[]},{"id":19838,"url":"https:\/\/quechilero.com\/blog\/2015\/06\/17\/ser-padres-con-liderazgo\/","url_meta":{"origin":2449,"position":2},"title":"Ser padres con liderazgo","author":"Pepe Barrascout Ortiz","date":"17 junio 2015","format":false,"excerpt":"De acuerdo al orden natural o jerarqu\u00eda, los padres somos los gu\u00edas, somos los h\u00e9roes, los primeros maestros, enfermeros, ch\u00f3feres y mucho m\u00e1s en la vida de nuestros hijos. Los padres desempe\u00f1amos m\u00faltiples roles de liderazgo en la vida de ellos, tan s\u00f3lo por ser los padres, por ser mayores,\u2026","rel":"","context":"En \u00abLimones\u00bb","block_context":{"text":"Limones","link":"https:\/\/quechilero.com\/blog\/category\/limones\/"},"img":{"alt_text":"","src":"","width":0,"height":0},"classes":[]},{"id":16854,"url":"https:\/\/quechilero.com\/blog\/2013\/07\/29\/ubuntu-2\/","url_meta":{"origin":2449,"position":3},"title":"Ubuntu","author":"Pepe Barrascout Ortiz","date":"29 julio 2013","format":false,"excerpt":"Que excelente ser\u00eda que en nuestras empresas u organizaciones todo el personal aprendi\u00e9ramos a vivir con un estilo de vida Ubuntu para desarrollar el trabajo en equipo. Hace algunas semanas le\u00ed la siguiente historia que me ha dejado reflexionando mucho sobre nuestras actitudes en los equipos de trabajo. La historia\u2026","rel":"","context":"En \u00abLimones\u00bb","block_context":{"text":"Limones","link":"https:\/\/quechilero.com\/blog\/category\/limones\/"},"img":{"alt_text":"","src":"","width":0,"height":0},"classes":[]},{"id":21181,"url":"https:\/\/quechilero.com\/blog\/2015\/05\/27\/andar-en-bici-con-dios\/","url_meta":{"origin":2449,"position":4},"title":"Andar en bici con Dios","author":"Pepe Barrascout Ortiz","date":"27 mayo 2015","format":false,"excerpt":"Al principio ve\u00eda a Dios como el que me observaba, como un juez que llevaba cuenta de lo que hac\u00eda mal, como para ver si merec\u00eda el cielo o el infierno cuando muriera. Era como un presidente, reconoc\u00eda su foto cuando la ve\u00eda, pero realmente no lo conoc\u00eda. Pero luego\u2026","rel":"","context":"En \u00abLimones\u00bb","block_context":{"text":"Limones","link":"https:\/\/quechilero.com\/blog\/category\/limones\/"},"img":{"alt_text":"","src":"","width":0,"height":0},"classes":[]},{"id":13410,"url":"https:\/\/quechilero.com\/blog\/2012\/05\/21\/el-circulo-de-oro-un-relato-inspirador\/","url_meta":{"origin":2449,"position":5},"title":"El c\u00edrculo de oro: un relato inspirador","author":"Pepe Barrascout Ortiz","date":"21 mayo 2012","format":false,"excerpt":"https:\/\/youtu.be\/kzIhT6EKgjc Simon\u00a0Sinek:\u00a0C\u00f3mo\u00a0los grandes l\u00edderes\u00a0inspiran la acci\u00f3n Simon Sinek tiene un modelo simple pero potente para transmitir un liderazgo inspirador, todo a partir de un c\u00edrculo de oro y la pregunta \"\u00bfpor qu\u00e9?\". Sus ejemplos incluyen a Apple, Martin Luther King, y los hermanos Wright. Diez y ocho minutos para inspirarse,\u2026","rel":"","context":"En \u00abLimones\u00bb","block_context":{"text":"Limones","link":"https:\/\/quechilero.com\/blog\/category\/limones\/"},"img":{"alt_text":"","src":"https:\/\/i0.wp.com\/img.youtube.com\/vi\/kzIhT6EKgjc\/0.jpg?resize=350%2C200","width":350,"height":200},"classes":[]}],"jetpack_featured_media_url":"","_links":{"self":[{"href":"https:\/\/quechilero.com\/blog\/wp-json\/wp\/v2\/posts\/2449","targetHints":{"allow":["GET"]}}],"collection":[{"href":"https:\/\/quechilero.com\/blog\/wp-json\/wp\/v2\/posts"}],"about":[{"href":"https:\/\/quechilero.com\/blog\/wp-json\/wp\/v2\/types\/post"}],"author":[{"embeddable":true,"href":"https:\/\/quechilero.com\/blog\/wp-json\/wp\/v2\/users\/1"}],"replies":[{"embeddable":true,"href":"https:\/\/quechilero.com\/blog\/wp-json\/wp\/v2\/comments?post=2449"}],"version-history":[{"count":0,"href":"https:\/\/quechilero.com\/blog\/wp-json\/wp\/v2\/posts\/2449\/revisions"}],"wp:attachment":[{"href":"https:\/\/quechilero.com\/blog\/wp-json\/wp\/v2\/media?parent=2449"}],"wp:term":[{"taxonomy":"category","embeddable":true,"href":"https:\/\/quechilero.com\/blog\/wp-json\/wp\/v2\/categories?post=2449"},{"taxonomy":"post_tag","embeddable":true,"href":"https:\/\/quechilero.com\/blog\/wp-json\/wp\/v2\/tags?post=2449"},{"taxonomy":"series","embeddable":true,"href":"https:\/\/quechilero.com\/blog\/wp-json\/wp\/v2\/series?post=2449"}],"curies":[{"name":"wp","href":"https:\/\/api.w.org\/{rel}","templated":true}]}}