{"id":2441,"date":"2009-03-22T08:00:29","date_gmt":"2009-03-22T14:00:29","guid":{"rendered":"http:\/\/quechilero.com\/blog\/?p=2441"},"modified":"2009-03-22T08:00:29","modified_gmt":"2009-03-22T14:00:29","slug":"alejandro-magno","status":"publish","type":"post","link":"https:\/\/quechilero.com\/blog\/2009\/03\/22\/alejandro-magno\/","title":{"rendered":"Alejandro Magno"},"content":{"rendered":"<p>El mejor retrato de Alejandro Magno nos lo proporciona Plutarco con la  an\u00e9cdota del ind\u00f3mito caballo Buc\u00e9falo cuya compra ofrecen a Filipo de  Macedonia, el padre de Alejandro. El caballo no permite que se le acerque jinete  alguno; es tan rebelde que Filipo est\u00e1 a punto de renunciar definitivamente,  cuando Alejandro dice: <em>\u00abQu\u00e9 caballo tan hermoso se pierde por falta de valor y  fuerza\u00bb<\/em>. Filipo acepta el reto y le promete Buc\u00e9falo a su hijo, si logra  dominarlo.<\/p>\n<p>Alejandro corri\u00f3 hacia el caballo y, tom\u00e1ndolo de las riendas, lo gir\u00f3 hacia  el sol, acaso porque se hab\u00eda dado cuenta de que le asustaba la oscilante sombra  que ca\u00eda sobre \u00e9l. Corri\u00f3 un poco junto al animal y lo acarici\u00f3, mientras lo  ve\u00eda resoplar de calor y de furia; despu\u00e9s dej\u00f3 caer sigilosamente su capa y se  mont\u00f3 en \u00e9l de un \u00e1gil salto.<\/p>\n<p>Al principio tom\u00f3 las riendas con firmeza, y sin golpearlo ni espolearlo, lo  refren\u00f3; pero en cuanto not\u00f3 que perd\u00eda su car\u00e1cter amenazador y que estaba  ansioso por galopar, le dio rienda suelta y lo espole\u00f3 a gritos y con los  pies.<\/p>\n<p>Al ver esto su padre, con los ojos llenos de l\u00e1grimas por la emoci\u00f3n, bes\u00f3 a  Alejandro al desmontar y dijo:<em> \u00abB\u00fascate un reino, hijo m\u00edo, que sea digno de ti.  \u00a1Macedonia se ha quedado peque\u00f1a!\u00bb<\/em>.<\/p>\n","protected":false},"excerpt":{"rendered":"<p>El mejor retrato de Alejandro Magno nos lo proporciona Plutarco con la an\u00e9cdota del ind\u00f3mito caballo Buc\u00e9falo cuya compra ofrecen a Filipo de Macedonia, el padre de Alejandro. El caballo no permite que se le acerque jinete alguno; es tan rebelde que Filipo est\u00e1 a punto de renunciar definitivamente, cuando Alejandro dice: \u00abQu\u00e9 caballo tan &#8230; <a title=\"Alejandro Magno\" class=\"read-more\" href=\"https:\/\/quechilero.com\/blog\/2009\/03\/22\/alejandro-magno\/\" aria-label=\"Leer m\u00e1s sobre Alejandro Magno\">Leer m\u00e1s<\/a><\/p>\n","protected":false},"author":1,"featured_media":0,"comment_status":"open","ping_status":"open","sticky":false,"template":"","format":"standard","meta":{"advanced_seo_description":"","jetpack_seo_html_title":"","jetpack_seo_noindex":false,"jetpack_seo_schema_type":"","episode_type":"","audio_file":"","podmotor_file_id":"","podmotor_episode_id":"","cover_image":"","cover_image_id":"","duration":"","filesize":"","filesize_raw":"","date_recorded":"","explicit":"","block":"","_jetpack_newsletter_access":"","_jetpack_dont_email_post_to_subs":false,"_jetpack_newsletter_tier_id":0,"_jetpack_memberships_contains_paywalled_content":false,"_jetpack_feature_clip_id":0,"_jetpack_memberships_contains_paid_content":false,"footnotes":"","jetpack_publicize_message":"","jetpack_publicize_feature_enabled":true,"jetpack_social_post_already_shared":false,"jetpack_social_options":{"image_generator_settings":{"template":"highway","default_image_id":0,"font":"","enabled":false},"version":2},"jetpack_post_was_ever_published":false},"categories":[2],"tags":[],"series":[],"class_list":["post-2441","post","type-post","status-publish","format-standard","hentry","category-limones"],"episode_featured_image":false,"episode_player_image":"https:\/\/i0.wp.com\/quechilero.com\/blog\/imagenes\/podcast.png?fit=1831%2C1831&ssl=1","download_link":"","player_link":"","audio_player":false,"episode_data":{"playerMode":"dark","subscribeUrls":{"amazon":{"key":"amazon","url":"","label":"Amazon","class":"amazon","icon":"amazon.png"},"apple_podcasts":{"key":"apple_podcasts","url":"","label":"Apple Podcasts","class":"apple_podcasts","icon":"apple-podcasts.png"},"castbox":{"key":"castbox","url":"","label":"CastBox","class":"castbox","icon":"castbox.png"},"deezer":{"key":"deezer","url":"","label":"Deezer","class":"deezer","icon":"deezer.png"},"google_podcasts":{"key":"google_podcasts","url":"","label":"Google Podcasts","class":"google_podcasts","icon":"google-podcasts.png"},"listen_notes":{"key":"listen_notes","url":"","label":"Listen Notes","class":"listen_notes","icon":"listen-notes.png"},"pandora":{"key":"pandora","url":"","label":"Pandora","class":"pandora","icon":"pandora.png"},"podbean":{"key":"podbean","url":"","label":"Podbean","class":"podbean","icon":"podbean.png"},"podcast_republic":{"key":"podcast_republic","url":"","label":"Podcast Republic","class":"podcast_republic","icon":"podcast-republic.png"},"rss":{"key":"rss","url":"","label":"RSS","class":"rss","icon":"rss.png"},"spotify":{"key":"spotify","url":"","label":"Spotify","class":"spotify","icon":"spotify.png"},"stitcher":{"key":"stitcher","url":"","label":"Stitcher","class":"stitcher","icon":"stitcher.png"},"tunein":{"key":"tunein","url":"","label":"TuneIn","class":"tunein","icon":"tunein.png"},"youtube":{"key":"youtube","url":"","label":"YouTube","class":"youtube","icon":"youtube.png"},"iheartradio":{"key":"iheartradio","url":"","label":"iHeartRadio","class":"iheartradio","icon":"iheartradio.png"},"ivoox":{"key":"ivoox","url":"","label":"iVoox","class":"ivoox","icon":"ivoox.png"}},"rssFeedUrl":"https:\/\/quechilero.com\/blog\/feed\/podcast\/si-la-vida-nos-da-limones","embedCode":"<blockquote class=\"wp-embedded-content\" data-secret=\"nBz1ROUuo3\"><a href=\"https:\/\/quechilero.com\/blog\/2009\/03\/22\/alejandro-magno\/\">Alejandro Magno<\/a><\/blockquote><iframe sandbox=\"allow-scripts\" security=\"restricted\" src=\"https:\/\/quechilero.com\/blog\/2009\/03\/22\/alejandro-magno\/embed\/#?secret=nBz1ROUuo3\" width=\"500\" height=\"350\" title=\"\u00abAlejandro Magno\u00bb \u2014 Si la Vida nos da Limones...\" data-secret=\"nBz1ROUuo3\" frameborder=\"0\" marginwidth=\"0\" marginheight=\"0\" scrolling=\"no\" class=\"wp-embedded-content\"><\/iframe><script>\n\/*! This file is auto-generated *\/\n!function(d,l){\"use strict\";l.querySelector&&d.addEventListener&&\"undefined\"!=typeof URL&&(d.wp=d.wp||{},d.wp.receiveEmbedMessage||(d.wp.receiveEmbedMessage=function(e){var t=e.data;if((t||t.secret||t.message||t.value)&&!\/[^a-zA-Z0-9]\/.test(t.secret)){for(var s,r,n,a=l.querySelectorAll('iframe[data-secret=\"'+t.secret+'\"]'),o=l.querySelectorAll('blockquote[data-secret=\"'+t.secret+'\"]'),c=new RegExp(\"^https?:$\",\"i\"),i=0;i<o.length;i++)o[i].style.display=\"none\";for(i=0;i<a.length;i++)s=a[i],e.source===s.contentWindow&&(s.removeAttribute(\"style\"),\"height\"===t.message?(1e3<(r=parseInt(t.value,10))?r=1e3:~~r<200&&(r=200),s.height=r):\"link\"===t.message&&(r=new URL(s.getAttribute(\"src\")),n=new URL(t.value),c.test(n.protocol))&&n.host===r.host&&l.activeElement===s&&(d.top.location.href=t.value))}},d.addEventListener(\"message\",d.wp.receiveEmbedMessage,!1),l.addEventListener(\"DOMContentLoaded\",function(){for(var e,t,s=l.querySelectorAll(\"iframe.wp-embedded-content\"),r=0;r<s.length;r++)(t=(e=s[r]).getAttribute(\"data-secret\"))||(t=Math.random().toString(36).substring(2,12),e.src+=\"#?secret=\"+t,e.setAttribute(\"data-secret\",t)),e.contentWindow.postMessage({message:\"ready\",secret:t},\"*\")},!1)))}(window,document);\n\/\/# sourceURL=https:\/\/quechilero.com\/blog\/wp-includes\/js\/wp-embed.min.js\n<\/script>\n"},"jetpack_publicize_connections":[],"jetpack_shortlink":"https:\/\/wp.me\/pDKli-Dn","jetpack_sharing_enabled":true,"jetpack-related-posts":[{"id":5299,"url":"https:\/\/quechilero.com\/blog\/2010\/08\/08\/alejandro-y-aristoteles\/","url_meta":{"origin":2441,"position":0},"title":"Alejandro y Arist\u00f3teles","author":"Pepe Barrascout Ortiz","date":"8 agosto 2010","format":false,"excerpt":"Pregunt\u00e1ronle en cierta ocasi\u00f3n a Alejandro Magno por qu\u00e9 a su maestro Arist\u00f3teles le mostraba, al parecer, m\u00e1s estima y agradecimiento que a su mismo padre, el rey Filipo. Alejandro contest\u00f3: \"Porque Filipo, al darme la vida, me hizo bajar del cielo a la tierra; mientras que Arist\u00f3teles, al instruirme,\u2026","rel":"","context":"En \u00abLimones\u00bb","block_context":{"text":"Limones","link":"https:\/\/quechilero.com\/blog\/category\/limones\/"},"img":{"alt_text":"","src":"","width":0,"height":0},"classes":[]},{"id":10093,"url":"https:\/\/quechilero.com\/blog\/2011\/08\/19\/del-pan\/","url_meta":{"origin":2441,"position":1},"title":"Del Pan","author":"Pepe Barrascout Ortiz","date":"19 agosto 2011","format":false,"excerpt":"Los ej\u00e9rcitos de Alejandro Magno, se preparaban para tomar una ciudad en \u00c1frica. Mas las puertas se abrieron, sin resistencia; la poblaci\u00f3n era casi toda femenina, ya que todos los hombres hab\u00edan muerto en los combates contra el Conquistador. En el banquete de la victoria, Alejandro pidi\u00f3 que le trajesen\u2026","rel":"","context":"En \u00abLimones\u00bb","block_context":{"text":"Limones","link":"https:\/\/quechilero.com\/blog\/category\/limones\/"},"img":{"alt_text":"","src":"","width":0,"height":0},"classes":[]},{"id":4498,"url":"https:\/\/quechilero.com\/blog\/2010\/03\/26\/los-enemigos-mejor-de-cerca\/","url_meta":{"origin":2441,"position":2},"title":"Los enemigos mejor de cerca","author":"Pepe Barrascout Ortiz","date":"26 marzo 2010","format":false,"excerpt":"Dij\u00e9ronle a Filipo, rey de Macedonia, que un vasallo suyo hablaba mal de \u00e9l. Y los cortesanos que tal denuncia formularon aconsejaron al monarca que, por lo menos, le desterrase del reino. Negose Filipo a tomar tal medida contra el maldiciente, y cuando, extra\u00f1ados, le preguntaron la causa, respondi\u00f3: \"Porque\u2026","rel":"","context":"En \u00abLimones\u00bb","block_context":{"text":"Limones","link":"https:\/\/quechilero.com\/blog\/category\/limones\/"},"img":{"alt_text":"","src":"","width":0,"height":0},"classes":[]},{"id":1248,"url":"https:\/\/quechilero.com\/blog\/2008\/08\/22\/bara\/","url_meta":{"origin":2441,"position":3},"title":"Marat\u00f3n &#8211; Bara","author":"Pepe Barrascout Ortiz","date":"22 agosto 2008","format":false,"excerpt":"Alejandra se define a si misma como Caricaturista de coraz\u00f3n, dise\u00f1adora industrial por curiosidad...sigo buscando la isla perfecta para vivir y mientras tanto dibujo en el camino hacia ella... con estas palabras, Bara, el blog, se presenta al mundo. Entrar al Bara blog, es entrar a otro mundo, a uno\u2026","rel":"","context":"En \u00abBlogs de Guatemala\u00bb","block_context":{"text":"Blogs de Guatemala","link":"https:\/\/quechilero.com\/blog\/category\/blogs-de-guatemala\/"},"img":{"alt_text":"Bara Blog","src":"https:\/\/i0.wp.com\/img106.imageshack.us\/img106\/4451\/maratonwt5.jpg?resize=350%2C200","width":350,"height":200},"classes":[]},{"id":16808,"url":"https:\/\/quechilero.com\/blog\/2013\/07\/06\/el-asno-y-el-caballo\/","url_meta":{"origin":2441,"position":4},"title":"El asno y el caballo","author":"Pepe Barrascout Ortiz","date":"6 julio 2013","format":false,"excerpt":"Un hombre sub\u00eda una empinada cuesta llevando de las riendas un asno y un caballo. El asno llevaba una pesada carga, pero el caballo trotaba libremente viendo el panorama. El asno, de cuando en cuando y agobiado por el peso de la carga, suplicaba: - \u00a1Caballo, amigo m\u00edo, ay\u00fadame! No\u2026","rel":"","context":"En \u00abLimones\u00bb","block_context":{"text":"Limones","link":"https:\/\/quechilero.com\/blog\/category\/limones\/"},"img":{"alt_text":"","src":"","width":0,"height":0},"classes":[]},{"id":6527,"url":"https:\/\/quechilero.com\/blog\/2010\/12\/17\/estampas-navidenas-praga\/","url_meta":{"origin":2441,"position":5},"title":"Estampas Navide\u00f1as: Praga","author":"Pepe Barrascout Ortiz","date":"17 diciembre 2010","format":false,"excerpt":"\u00bfY lo que comemos en la v\u00edspera de Navidad?: El men\u00fa de Navidad variar\u00e1 de pa\u00eds a pa\u00eds, de regi\u00f3n a regi\u00f3n. En Praga es el pescado, en este caso una carpa, engalanar\u00e1 alguna mesa festiva. Imagen: \u00a9 Filip Singer\/EPA","rel":"","context":"En \u00abLimones por mano\u00bb","block_context":{"text":"Limones por mano","link":"https:\/\/quechilero.com\/blog\/category\/limones-por-mano\/"},"img":{"alt_text":"","src":"","width":0,"height":0},"classes":[]}],"jetpack_featured_media_url":"","_links":{"self":[{"href":"https:\/\/quechilero.com\/blog\/wp-json\/wp\/v2\/posts\/2441","targetHints":{"allow":["GET"]}}],"collection":[{"href":"https:\/\/quechilero.com\/blog\/wp-json\/wp\/v2\/posts"}],"about":[{"href":"https:\/\/quechilero.com\/blog\/wp-json\/wp\/v2\/types\/post"}],"author":[{"embeddable":true,"href":"https:\/\/quechilero.com\/blog\/wp-json\/wp\/v2\/users\/1"}],"replies":[{"embeddable":true,"href":"https:\/\/quechilero.com\/blog\/wp-json\/wp\/v2\/comments?post=2441"}],"version-history":[{"count":0,"href":"https:\/\/quechilero.com\/blog\/wp-json\/wp\/v2\/posts\/2441\/revisions"}],"wp:attachment":[{"href":"https:\/\/quechilero.com\/blog\/wp-json\/wp\/v2\/media?parent=2441"}],"wp:term":[{"taxonomy":"category","embeddable":true,"href":"https:\/\/quechilero.com\/blog\/wp-json\/wp\/v2\/categories?post=2441"},{"taxonomy":"post_tag","embeddable":true,"href":"https:\/\/quechilero.com\/blog\/wp-json\/wp\/v2\/tags?post=2441"},{"taxonomy":"series","embeddable":true,"href":"https:\/\/quechilero.com\/blog\/wp-json\/wp\/v2\/series?post=2441"}],"curies":[{"name":"wp","href":"https:\/\/api.w.org\/{rel}","templated":true}]}}