{"id":2388,"date":"2009-03-11T08:00:21","date_gmt":"2009-03-11T14:00:21","guid":{"rendered":"http:\/\/quechilero.com\/blog\/?p=2388"},"modified":"2009-03-11T08:00:21","modified_gmt":"2009-03-11T14:00:21","slug":"parqueo-finch-station-el-comportamiento-humano","status":"publish","type":"post","link":"https:\/\/quechilero.com\/blog\/2009\/03\/11\/parqueo-finch-station-el-comportamiento-humano\/","title":{"rendered":"Parqueo Finch Station, el comportamiento humano"},"content":{"rendered":"<p>Es interesante ver como se desarrolla el comportamiento humano, bajo determinadas circunstancias y situaciones. Este video es del <strong>Parqueo Finch Station<\/strong> y en poco mas de <em>1 hora y 40 minutos<\/em>, podemos ver como se llena casi completamente.<\/p>\n<p>Llama mucho la atenci\u00f3n la forma en las personas van estacionando sus veh\u00edculos y posteriormente salen de ellos para dirigirse a sus actividades, en estos casos, <em>aunque es una actividad muy com\u00fan<\/em>, es importante el <strong>orden<\/strong> y sobre todo la <em>educaci\u00f3n, cortes\u00eda y camarader\u00eda<\/em> entre los usuarios de este parqueo.<\/p>\n<p>Muchas veces hemos sido testigos en los parqueos de nuestro pa\u00eds, que a pesar de que ninguno tiene tanta capacidad como este y que en teor\u00eda deber\u00eda ser m\u00e1s f\u00e1cil todo, resulta todo lo contrario, donde <em>los cafres del volante<\/em>, hacen de las suyas en cuanto lugar pueden.<\/p>\n<p>Seamos mejores personas, <em>en donde nos encontremos y en las actividades que realicemos.<\/em><\/p>\n<p><object width=\"425\" height=\"344\" data=\"http:\/\/www.youtube.com\/v\/gKE2yHW7Yxs&amp;hl=es&amp;fs=1\" type=\"application\/x-shockwave-flash\"><param name=\"allowFullScreen\" value=\"true\" \/><param name=\"allowscriptaccess\" value=\"always\" \/><param name=\"src\" value=\"http:\/\/www.youtube.com\/v\/gKE2yHW7Yxs&amp;hl=es&amp;fs=1\" \/><param name=\"allowfullscreen\" value=\"true\" \/><\/object><\/p>\n<p>He visto tantas cosas en los parqueos&#8230; que un d\u00eda de estos las voy a contar, con nombres y apellidos, fotos y grabaciones \ud83d\ude09<\/p>\n<p><em>El video lo vi en <a title=\"Parqueo Finch Station, el comportamiento humano\" href=\"http:\/\/videosdelweb.blogspot.com\/\" target=\"_blank\">Videos del Web<\/a><\/em><\/p>\n","protected":false},"excerpt":{"rendered":"<p>Es interesante ver como se desarrolla el comportamiento humano, bajo determinadas circunstancias y situaciones. Este video es del Parqueo Finch Station y en poco mas de 1 hora y 40 minutos, podemos ver como se llena casi completamente. Llama mucho la atenci\u00f3n la forma en las personas van estacionando sus veh\u00edculos y posteriormente salen de &#8230; <a title=\"Parqueo Finch Station, el comportamiento humano\" class=\"read-more\" href=\"https:\/\/quechilero.com\/blog\/2009\/03\/11\/parqueo-finch-station-el-comportamiento-humano\/\" aria-label=\"Leer m\u00e1s sobre Parqueo Finch Station, el comportamiento humano\">Leer m\u00e1s<\/a><\/p>\n","protected":false},"author":1,"featured_media":0,"comment_status":"open","ping_status":"open","sticky":false,"template":"","format":"standard","meta":{"advanced_seo_description":"","jetpack_seo_html_title":"","jetpack_seo_noindex":false,"jetpack_seo_schema_type":"","episode_type":"","audio_file":"","podmotor_file_id":"","podmotor_episode_id":"","cover_image":"","cover_image_id":"","duration":"","filesize":"","filesize_raw":"","date_recorded":"","explicit":"","block":"","_jetpack_newsletter_access":"","_jetpack_dont_email_post_to_subs":false,"_jetpack_newsletter_tier_id":0,"_jetpack_memberships_contains_paywalled_content":false,"_jetpack_feature_clip_id":0,"_jetpack_memberships_contains_paid_content":false,"footnotes":"","jetpack_publicize_message":"","jetpack_publicize_feature_enabled":true,"jetpack_social_post_already_shared":false,"jetpack_social_options":{"image_generator_settings":{"template":"highway","default_image_id":0,"font":"","enabled":false},"version":2},"jetpack_post_was_ever_published":false},"categories":[2],"tags":[4,12,24,25,53],"series":[],"class_list":["post-2388","post","type-post","status-publish","format-standard","hentry","category-limones","tag-blog","tag-cosas","tag-vida","tag-video","tag-youtube"],"episode_featured_image":false,"episode_player_image":"https:\/\/i0.wp.com\/quechilero.com\/blog\/imagenes\/podcast.png?fit=1831%2C1831&ssl=1","download_link":"","player_link":"","audio_player":false,"episode_data":{"playerMode":"dark","subscribeUrls":{"amazon":{"key":"amazon","url":"","label":"Amazon","class":"amazon","icon":"amazon.png"},"apple_podcasts":{"key":"apple_podcasts","url":"","label":"Apple Podcasts","class":"apple_podcasts","icon":"apple-podcasts.png"},"castbox":{"key":"castbox","url":"","label":"CastBox","class":"castbox","icon":"castbox.png"},"deezer":{"key":"deezer","url":"","label":"Deezer","class":"deezer","icon":"deezer.png"},"google_podcasts":{"key":"google_podcasts","url":"","label":"Google Podcasts","class":"google_podcasts","icon":"google-podcasts.png"},"listen_notes":{"key":"listen_notes","url":"","label":"Listen Notes","class":"listen_notes","icon":"listen-notes.png"},"pandora":{"key":"pandora","url":"","label":"Pandora","class":"pandora","icon":"pandora.png"},"podbean":{"key":"podbean","url":"","label":"Podbean","class":"podbean","icon":"podbean.png"},"podcast_republic":{"key":"podcast_republic","url":"","label":"Podcast Republic","class":"podcast_republic","icon":"podcast-republic.png"},"rss":{"key":"rss","url":"","label":"RSS","class":"rss","icon":"rss.png"},"spotify":{"key":"spotify","url":"","label":"Spotify","class":"spotify","icon":"spotify.png"},"stitcher":{"key":"stitcher","url":"","label":"Stitcher","class":"stitcher","icon":"stitcher.png"},"tunein":{"key":"tunein","url":"","label":"TuneIn","class":"tunein","icon":"tunein.png"},"youtube":{"key":"youtube","url":"","label":"YouTube","class":"youtube","icon":"youtube.png"},"iheartradio":{"key":"iheartradio","url":"","label":"iHeartRadio","class":"iheartradio","icon":"iheartradio.png"},"ivoox":{"key":"ivoox","url":"","label":"iVoox","class":"ivoox","icon":"ivoox.png"}},"rssFeedUrl":"https:\/\/quechilero.com\/blog\/feed\/podcast\/si-la-vida-nos-da-limones","embedCode":"<blockquote class=\"wp-embedded-content\" data-secret=\"PY7229ffAI\"><a href=\"https:\/\/quechilero.com\/blog\/2009\/03\/11\/parqueo-finch-station-el-comportamiento-humano\/\">Parqueo Finch Station, el comportamiento humano<\/a><\/blockquote><iframe sandbox=\"allow-scripts\" security=\"restricted\" src=\"https:\/\/quechilero.com\/blog\/2009\/03\/11\/parqueo-finch-station-el-comportamiento-humano\/embed\/#?secret=PY7229ffAI\" width=\"500\" height=\"350\" title=\"\u00abParqueo Finch Station, el comportamiento humano\u00bb \u2014 Si la Vida nos da Limones...\" data-secret=\"PY7229ffAI\" frameborder=\"0\" marginwidth=\"0\" marginheight=\"0\" scrolling=\"no\" class=\"wp-embedded-content\"><\/iframe><script>\n\/*! This file is auto-generated *\/\n!function(d,l){\"use strict\";l.querySelector&&d.addEventListener&&\"undefined\"!=typeof URL&&(d.wp=d.wp||{},d.wp.receiveEmbedMessage||(d.wp.receiveEmbedMessage=function(e){var t=e.data;if((t||t.secret||t.message||t.value)&&!\/[^a-zA-Z0-9]\/.test(t.secret)){for(var s,r,n,a=l.querySelectorAll('iframe[data-secret=\"'+t.secret+'\"]'),o=l.querySelectorAll('blockquote[data-secret=\"'+t.secret+'\"]'),c=new RegExp(\"^https?:$\",\"i\"),i=0;i<o.length;i++)o[i].style.display=\"none\";for(i=0;i<a.length;i++)s=a[i],e.source===s.contentWindow&&(s.removeAttribute(\"style\"),\"height\"===t.message?(1e3<(r=parseInt(t.value,10))?r=1e3:~~r<200&&(r=200),s.height=r):\"link\"===t.message&&(r=new URL(s.getAttribute(\"src\")),n=new URL(t.value),c.test(n.protocol))&&n.host===r.host&&l.activeElement===s&&(d.top.location.href=t.value))}},d.addEventListener(\"message\",d.wp.receiveEmbedMessage,!1),l.addEventListener(\"DOMContentLoaded\",function(){for(var e,t,s=l.querySelectorAll(\"iframe.wp-embedded-content\"),r=0;r<s.length;r++)(t=(e=s[r]).getAttribute(\"data-secret\"))||(t=Math.random().toString(36).substring(2,12),e.src+=\"#?secret=\"+t,e.setAttribute(\"data-secret\",t)),e.contentWindow.postMessage({message:\"ready\",secret:t},\"*\")},!1)))}(window,document);\n\/\/# sourceURL=https:\/\/quechilero.com\/blog\/wp-includes\/js\/wp-embed.min.js\n<\/script>\n"},"jetpack_publicize_connections":[],"jetpack_shortlink":"https:\/\/wp.me\/pDKli-Cw","jetpack_sharing_enabled":true,"jetpack-related-posts":[{"id":30954,"url":"https:\/\/quechilero.com\/blog\/2023\/03\/18\/el-parqueo\/","url_meta":{"origin":2388,"position":0},"title":"El parqueo","author":"Pepe Barrascout Ortiz","date":"18 marzo 2023","format":false,"excerpt":"Hola amigos, este extenso episodio trata sobre el parqueo del gimnasio y en d\u00f3nde me gusta estacionar. Generalmente prefiero los podcasts que son cortos, no m\u00e1s de diez minutos. Pero hoy el recorrido fue un poco m\u00e1s largo de lo habitual y pues con el tiempo extra, empec\u00e9 a hablar\u2026","rel":"","context":"En \u00abDaily Gym\u00bb","block_context":{"text":"Daily Gym","link":"https:\/\/quechilero.com\/blog\/category\/podcast\/daily-gym\/"},"img":{"alt_text":"Daily Gym Podcast","src":"https:\/\/i0.wp.com\/quechilero.com\/blog\/imagenes\/DailyGym.jpg?fit=1200%2C675&ssl=1&resize=350%2C200","width":350,"height":200,"srcset":"https:\/\/i0.wp.com\/quechilero.com\/blog\/imagenes\/DailyGym.jpg?fit=1200%2C675&ssl=1&resize=350%2C200 1x, https:\/\/i0.wp.com\/quechilero.com\/blog\/imagenes\/DailyGym.jpg?fit=1200%2C675&ssl=1&resize=525%2C300 1.5x, https:\/\/i0.wp.com\/quechilero.com\/blog\/imagenes\/DailyGym.jpg?fit=1200%2C675&ssl=1&resize=700%2C400 2x, https:\/\/i0.wp.com\/quechilero.com\/blog\/imagenes\/DailyGym.jpg?fit=1200%2C675&ssl=1&resize=1050%2C600 3x"},"classes":[]},{"id":31513,"url":"https:\/\/quechilero.com\/blog\/2023\/06\/14\/cambiando-de-estacionamiento\/","url_meta":{"origin":2388,"position":1},"title":"Cambiando de estacionamiento","author":"Pepe Barrascout Ortiz","date":"14 junio 2023","format":false,"excerpt":"Para todo o casi todo, tengo un protocolo y procedimientos a seguir, cosas que hacer en determinadas situaciones y maneras de hacerlas. Eso hace que muchas cosas que son repetitivas, se automaticen. De esta forma se vuelve mucho m\u00e1s eficiente el uso del tiempo y de los recursos disponibles, haciendo\u2026","rel":"","context":"En \u00abDaily Gym\u00bb","block_context":{"text":"Daily Gym","link":"https:\/\/quechilero.com\/blog\/category\/podcast\/daily-gym\/"},"img":{"alt_text":"Daily Gym Podcast","src":"https:\/\/i0.wp.com\/quechilero.com\/blog\/imagenes\/DailyGym.jpg?fit=1200%2C675&ssl=1&resize=350%2C200","width":350,"height":200,"srcset":"https:\/\/i0.wp.com\/quechilero.com\/blog\/imagenes\/DailyGym.jpg?fit=1200%2C675&ssl=1&resize=350%2C200 1x, https:\/\/i0.wp.com\/quechilero.com\/blog\/imagenes\/DailyGym.jpg?fit=1200%2C675&ssl=1&resize=525%2C300 1.5x, https:\/\/i0.wp.com\/quechilero.com\/blog\/imagenes\/DailyGym.jpg?fit=1200%2C675&ssl=1&resize=700%2C400 2x, https:\/\/i0.wp.com\/quechilero.com\/blog\/imagenes\/DailyGym.jpg?fit=1200%2C675&ssl=1&resize=1050%2C600 3x"},"classes":[]},{"id":4881,"url":"https:\/\/quechilero.com\/blog\/2010\/11\/30\/en-el-momento-justo-con-el-angulo-exacto-128\/","url_meta":{"origin":2388,"position":2},"title":"En el momento justo, con el \u00e1ngulo exacto","author":"Pepe Barrascout Ortiz","date":"30 noviembre 2010","format":false,"excerpt":"Parqueo privado... Fotograf\u00eda tomada en el momento justo, con el \u00e1ngulo exacto.","rel":"","context":"En \u00abLimones por mano\u00bb","block_context":{"text":"Limones por mano","link":"https:\/\/quechilero.com\/blog\/category\/limones-por-mano\/"},"img":{"alt_text":"","src":"","width":0,"height":0},"classes":[]},{"id":31067,"url":"https:\/\/quechilero.com\/blog\/2023\/03\/26\/los-lockers\/","url_meta":{"origin":2388,"position":3},"title":"Los lockers","author":"Pepe Barrascout Ortiz","date":"26 marzo 2023","format":false,"excerpt":"Otra de las cosas interesantes que tiene el gimnasio, son los lockers, estas peque\u00f1as cajillas que usamos para guardar las cosas. Ac\u00e1 platicamos sobre que tan limpios est\u00e1n, cu\u00e1ntos hay disponibles y las caracter\u00edsticas de cada uno. Adem\u00e1s, en el reglamento del gimnasio, indican c\u00f3mo se deben de usar, pero\u2026","rel":"","context":"En \u00abDaily Gym\u00bb","block_context":{"text":"Daily Gym","link":"https:\/\/quechilero.com\/blog\/category\/podcast\/daily-gym\/"},"img":{"alt_text":"Daily Gym Podcast","src":"https:\/\/i0.wp.com\/quechilero.com\/blog\/imagenes\/DailyGym.jpg?fit=1200%2C675&ssl=1&resize=350%2C200","width":350,"height":200,"srcset":"https:\/\/i0.wp.com\/quechilero.com\/blog\/imagenes\/DailyGym.jpg?fit=1200%2C675&ssl=1&resize=350%2C200 1x, https:\/\/i0.wp.com\/quechilero.com\/blog\/imagenes\/DailyGym.jpg?fit=1200%2C675&ssl=1&resize=525%2C300 1.5x, https:\/\/i0.wp.com\/quechilero.com\/blog\/imagenes\/DailyGym.jpg?fit=1200%2C675&ssl=1&resize=700%2C400 2x, https:\/\/i0.wp.com\/quechilero.com\/blog\/imagenes\/DailyGym.jpg?fit=1200%2C675&ssl=1&resize=1050%2C600 3x"},"classes":[]},{"id":31346,"url":"https:\/\/quechilero.com\/blog\/2023\/05\/22\/sin-cables-de-corriente\/","url_meta":{"origin":2388,"position":4},"title":"Sin cables de corriente","author":"Pepe Barrascout Ortiz","date":"22 mayo 2023","format":false,"excerpt":"Hola hola amigos, un d\u00eda m\u00e1s de aventuras en\u00a0Daily Gym, donde puede y pasa de todo. Hoy les voy a contar algo que sucedi\u00f3 no exactamente dentro del gimnasio, sino que a la salida, en el parqueo del centro comercial. Sirvi\u00f3 bastante para reflexionar y comprobar si estoy bien preparado\u2026","rel":"","context":"En \u00abDaily Gym\u00bb","block_context":{"text":"Daily Gym","link":"https:\/\/quechilero.com\/blog\/category\/podcast\/daily-gym\/"},"img":{"alt_text":"Daily Gym Podcast","src":"https:\/\/i0.wp.com\/quechilero.com\/blog\/imagenes\/DailyGym.jpg?fit=1200%2C675&ssl=1&resize=350%2C200","width":350,"height":200,"srcset":"https:\/\/i0.wp.com\/quechilero.com\/blog\/imagenes\/DailyGym.jpg?fit=1200%2C675&ssl=1&resize=350%2C200 1x, https:\/\/i0.wp.com\/quechilero.com\/blog\/imagenes\/DailyGym.jpg?fit=1200%2C675&ssl=1&resize=525%2C300 1.5x, https:\/\/i0.wp.com\/quechilero.com\/blog\/imagenes\/DailyGym.jpg?fit=1200%2C675&ssl=1&resize=700%2C400 2x, https:\/\/i0.wp.com\/quechilero.com\/blog\/imagenes\/DailyGym.jpg?fit=1200%2C675&ssl=1&resize=1050%2C600 3x"},"classes":[]},{"id":2577,"url":"https:\/\/quechilero.com\/blog\/2009\/03\/24\/en-el-momento-justo-con-el-angulo-exacto-53\/","url_meta":{"origin":2388,"position":5},"title":"En el momento justo, con el \u00e1ngulo exacto","author":"Pepe Barrascout Ortiz","date":"24 marzo 2009","format":false,"excerpt":"Fotograf\u00eda tomada en el momento justo, con el \u00e1ngulo exacto. Hacia donde se van los impuestos. Para quienes siempre les ha quedado la duda de \u00bfa donde van nuestros impuestos? o \u00bfporqu\u00e9 es necesario aumentar el presupuesto nacional de forma abusiva y desmesurada?, ahora ya lo saben. \u00bfO ser\u00e1 que\u2026","rel":"","context":"En \u00abLimones por mano\u00bb","block_context":{"text":"Limones por mano","link":"https:\/\/quechilero.com\/blog\/category\/limones-por-mano\/"},"img":{"alt_text":"","src":"https:\/\/i0.wp.com\/i392.photobucket.com\/albums\/pp7\/pepejaguar\/blog\/chela.jpg?resize=350%2C200","width":350,"height":200,"srcset":"https:\/\/i0.wp.com\/i392.photobucket.com\/albums\/pp7\/pepejaguar\/blog\/chela.jpg?resize=350%2C200 1x, https:\/\/i0.wp.com\/i392.photobucket.com\/albums\/pp7\/pepejaguar\/blog\/chela.jpg?resize=525%2C300 1.5x"},"classes":[]}],"jetpack_featured_media_url":"","_links":{"self":[{"href":"https:\/\/quechilero.com\/blog\/wp-json\/wp\/v2\/posts\/2388","targetHints":{"allow":["GET"]}}],"collection":[{"href":"https:\/\/quechilero.com\/blog\/wp-json\/wp\/v2\/posts"}],"about":[{"href":"https:\/\/quechilero.com\/blog\/wp-json\/wp\/v2\/types\/post"}],"author":[{"embeddable":true,"href":"https:\/\/quechilero.com\/blog\/wp-json\/wp\/v2\/users\/1"}],"replies":[{"embeddable":true,"href":"https:\/\/quechilero.com\/blog\/wp-json\/wp\/v2\/comments?post=2388"}],"version-history":[{"count":0,"href":"https:\/\/quechilero.com\/blog\/wp-json\/wp\/v2\/posts\/2388\/revisions"}],"wp:attachment":[{"href":"https:\/\/quechilero.com\/blog\/wp-json\/wp\/v2\/media?parent=2388"}],"wp:term":[{"taxonomy":"category","embeddable":true,"href":"https:\/\/quechilero.com\/blog\/wp-json\/wp\/v2\/categories?post=2388"},{"taxonomy":"post_tag","embeddable":true,"href":"https:\/\/quechilero.com\/blog\/wp-json\/wp\/v2\/tags?post=2388"},{"taxonomy":"series","embeddable":true,"href":"https:\/\/quechilero.com\/blog\/wp-json\/wp\/v2\/series?post=2388"}],"curies":[{"name":"wp","href":"https:\/\/api.w.org\/{rel}","templated":true}]}}