{"id":2370,"date":"2009-03-06T08:00:18","date_gmt":"2009-03-06T14:00:18","guid":{"rendered":"http:\/\/quechilero.com\/blog\/?p=2370"},"modified":"2009-03-06T08:00:18","modified_gmt":"2009-03-06T14:00:18","slug":"talladores-de-piedras","status":"publish","type":"post","link":"https:\/\/quechilero.com\/blog\/2009\/03\/06\/talladores-de-piedras\/","title":{"rendered":"Talladores de piedras"},"content":{"rendered":"<p>Hab\u00eda en una ocasi\u00f3n, tres canteros al pie de una catedral, que estaban haciendo el mismo trabajo: <em>tallar piedras<\/em>.<\/p>\n<p>Un hombre se acerca al primero y le dice \u201c\u00bfQu\u00e9 haces?\u201d.<\/p>\n<p>El cantero le dice: \u201cTallo piedras\u201d, y la hosquedad de su mirada pareciera que a\u00f1ade: \u201c\u00bfNo lo est\u00e1 viendo?\u201d.<\/p>\n<p>El segundo responde diciendo: \u201cMe gano la vida\u201d, y con su gesto de resignaci\u00f3n pareciera a\u00f1adir: \u201cEs duro, \u00bfsabe usted?\u201d.<\/p>\n<p>El tercer cantero, al escuchar la pregunta, levanta la cabeza, mira a lo alto, le brillan los ojos y dice: <em>\u201cEstoy construyendo una catedral\u201d<\/em>.<\/p>\n<p>\u00bfCual de los tres talladores de piedra, eres tu en tu desenvolvimiento diario?<\/p>\n<p><em>Publicado en <a title=\"Talladores de Piedras\" href=\"http:\/\/obux.wordpress.com\/\" target=\"_blank\">Obux<\/a><\/em>.<\/p>\n","protected":false},"excerpt":{"rendered":"<p>Hab\u00eda en una ocasi\u00f3n, tres canteros al pie de una catedral, que estaban haciendo el mismo trabajo: tallar piedras. Un hombre se acerca al primero y le dice \u201c\u00bfQu\u00e9 haces?\u201d. El cantero le dice: \u201cTallo piedras\u201d, y la hosquedad de su mirada pareciera que a\u00f1ade: \u201c\u00bfNo lo est\u00e1 viendo?\u201d. El segundo responde diciendo: \u201cMe gano &#8230; <a title=\"Talladores de piedras\" class=\"read-more\" href=\"https:\/\/quechilero.com\/blog\/2009\/03\/06\/talladores-de-piedras\/\" aria-label=\"Leer m\u00e1s sobre Talladores de piedras\">Leer m\u00e1s<\/a><\/p>\n","protected":false},"author":1,"featured_media":0,"comment_status":"open","ping_status":"open","sticky":false,"template":"","format":"standard","meta":{"advanced_seo_description":"","jetpack_seo_html_title":"","jetpack_seo_noindex":false,"jetpack_seo_schema_type":"","episode_type":"","audio_file":"","podmotor_file_id":"","podmotor_episode_id":"","cover_image":"","cover_image_id":"","duration":"","filesize":"","filesize_raw":"","date_recorded":"","explicit":"","block":"","_jetpack_newsletter_access":"","_jetpack_dont_email_post_to_subs":false,"_jetpack_newsletter_tier_id":0,"_jetpack_memberships_contains_paywalled_content":false,"_jetpack_feature_clip_id":0,"_jetpack_memberships_contains_paid_content":false,"footnotes":"","jetpack_publicize_message":"","jetpack_publicize_feature_enabled":true,"jetpack_social_post_already_shared":false,"jetpack_social_options":{"image_generator_settings":{"template":"highway","default_image_id":0,"font":"","enabled":false},"version":2},"jetpack_post_was_ever_published":false},"categories":[2],"tags":[18,36,24,6],"series":[],"class_list":["post-2370","post","type-post","status-publish","format-standard","hentry","category-limones","tag-hombre","tag-trabajo","tag-vida","tag-wordpress"],"episode_featured_image":false,"episode_player_image":"https:\/\/i0.wp.com\/quechilero.com\/blog\/imagenes\/podcast.png?fit=1831%2C1831&ssl=1","download_link":"","player_link":"","audio_player":false,"episode_data":{"playerMode":"dark","subscribeUrls":{"amazon":{"key":"amazon","url":"","label":"Amazon","class":"amazon","icon":"amazon.png"},"apple_podcasts":{"key":"apple_podcasts","url":"","label":"Apple Podcasts","class":"apple_podcasts","icon":"apple-podcasts.png"},"castbox":{"key":"castbox","url":"","label":"CastBox","class":"castbox","icon":"castbox.png"},"deezer":{"key":"deezer","url":"","label":"Deezer","class":"deezer","icon":"deezer.png"},"google_podcasts":{"key":"google_podcasts","url":"","label":"Google Podcasts","class":"google_podcasts","icon":"google-podcasts.png"},"listen_notes":{"key":"listen_notes","url":"","label":"Listen Notes","class":"listen_notes","icon":"listen-notes.png"},"pandora":{"key":"pandora","url":"","label":"Pandora","class":"pandora","icon":"pandora.png"},"podbean":{"key":"podbean","url":"","label":"Podbean","class":"podbean","icon":"podbean.png"},"podcast_republic":{"key":"podcast_republic","url":"","label":"Podcast Republic","class":"podcast_republic","icon":"podcast-republic.png"},"rss":{"key":"rss","url":"","label":"RSS","class":"rss","icon":"rss.png"},"spotify":{"key":"spotify","url":"","label":"Spotify","class":"spotify","icon":"spotify.png"},"stitcher":{"key":"stitcher","url":"","label":"Stitcher","class":"stitcher","icon":"stitcher.png"},"tunein":{"key":"tunein","url":"","label":"TuneIn","class":"tunein","icon":"tunein.png"},"youtube":{"key":"youtube","url":"","label":"YouTube","class":"youtube","icon":"youtube.png"},"iheartradio":{"key":"iheartradio","url":"","label":"iHeartRadio","class":"iheartradio","icon":"iheartradio.png"},"ivoox":{"key":"ivoox","url":"","label":"iVoox","class":"ivoox","icon":"ivoox.png"}},"rssFeedUrl":"https:\/\/quechilero.com\/blog\/feed\/podcast\/si-la-vida-nos-da-limones","embedCode":"<blockquote class=\"wp-embedded-content\" data-secret=\"ZJqtHrOUc0\"><a href=\"https:\/\/quechilero.com\/blog\/2009\/03\/06\/talladores-de-piedras\/\">Talladores de piedras<\/a><\/blockquote><iframe sandbox=\"allow-scripts\" security=\"restricted\" src=\"https:\/\/quechilero.com\/blog\/2009\/03\/06\/talladores-de-piedras\/embed\/#?secret=ZJqtHrOUc0\" width=\"500\" height=\"350\" title=\"\u00abTalladores de piedras\u00bb \u2014 Si la Vida nos da Limones...\" data-secret=\"ZJqtHrOUc0\" frameborder=\"0\" marginwidth=\"0\" marginheight=\"0\" scrolling=\"no\" class=\"wp-embedded-content\"><\/iframe><script>\n\/*! This file is auto-generated *\/\n!function(d,l){\"use strict\";l.querySelector&&d.addEventListener&&\"undefined\"!=typeof URL&&(d.wp=d.wp||{},d.wp.receiveEmbedMessage||(d.wp.receiveEmbedMessage=function(e){var t=e.data;if((t||t.secret||t.message||t.value)&&!\/[^a-zA-Z0-9]\/.test(t.secret)){for(var s,r,n,a=l.querySelectorAll('iframe[data-secret=\"'+t.secret+'\"]'),o=l.querySelectorAll('blockquote[data-secret=\"'+t.secret+'\"]'),c=new RegExp(\"^https?:$\",\"i\"),i=0;i<o.length;i++)o[i].style.display=\"none\";for(i=0;i<a.length;i++)s=a[i],e.source===s.contentWindow&&(s.removeAttribute(\"style\"),\"height\"===t.message?(1e3<(r=parseInt(t.value,10))?r=1e3:~~r<200&&(r=200),s.height=r):\"link\"===t.message&&(r=new URL(s.getAttribute(\"src\")),n=new URL(t.value),c.test(n.protocol))&&n.host===r.host&&l.activeElement===s&&(d.top.location.href=t.value))}},d.addEventListener(\"message\",d.wp.receiveEmbedMessage,!1),l.addEventListener(\"DOMContentLoaded\",function(){for(var e,t,s=l.querySelectorAll(\"iframe.wp-embedded-content\"),r=0;r<s.length;r++)(t=(e=s[r]).getAttribute(\"data-secret\"))||(t=Math.random().toString(36).substring(2,12),e.src+=\"#?secret=\"+t,e.setAttribute(\"data-secret\",t)),e.contentWindow.postMessage({message:\"ready\",secret:t},\"*\")},!1)))}(window,document);\n\/\/# sourceURL=https:\/\/quechilero.com\/blog\/wp-includes\/js\/wp-embed.min.js\n<\/script>\n"},"jetpack_publicize_connections":[],"jetpack_shortlink":"https:\/\/wp.me\/pDKli-Ce","jetpack_sharing_enabled":true,"jetpack-related-posts":[{"id":389,"url":"https:\/\/quechilero.com\/blog\/2006\/12\/31\/una-flor-entre-las-piedras\/","url_meta":{"origin":2370,"position":0},"title":"Una flor entre las piedras","author":"Pepe Barrascout Ortiz","date":"31 diciembre 2006","format":false,"excerpt":"Era una vez una flor que naci\u00f3 en medio de piedras. Qui\u00e9n sabe como, consigui\u00f3 crecer y ser una se\u00f1al de vida en medio de tanta tristeza. Pas\u00f3 una joven y qued\u00f3 admirada con la flor. Luego pens\u00f3 en Dios. Cort\u00f3 la flor y la llev\u00f3 a la iglesia. Una\u2026","rel":"","context":"En \u00abLimones\u00bb","block_context":{"text":"Limones","link":"https:\/\/quechilero.com\/blog\/category\/limones\/"},"img":{"alt_text":"","src":"","width":0,"height":0},"classes":[]},{"id":14376,"url":"https:\/\/quechilero.com\/blog\/2012\/08\/22\/escondido-en-una-piedra-ruda\/","url_meta":{"origin":2370,"position":1},"title":"Escondido en una piedra ruda","author":"Pepe Barrascout Ortiz","date":"22 agosto 2012","format":false,"excerpt":"Ten\u00eda toda la apariencia de una piedra com\u00fan. Estaba redondeada, y era de color gris. Parec\u00eda una papa, y por cierto, papa la llamaban. La piedra estaba de venta en una exposici\u00f3n de minerales poco comunes en Plano, Texas. Un hombre la compr\u00f3 por diez d\u00f3lares, se la llev\u00f3 a\u2026","rel":"","context":"En \u00abLimones\u00bb","block_context":{"text":"Limones","link":"https:\/\/quechilero.com\/blog\/category\/limones\/"},"img":{"alt_text":"","src":"","width":0,"height":0},"classes":[]},{"id":16006,"url":"https:\/\/quechilero.com\/blog\/2013\/02\/05\/la-escultura\/","url_meta":{"origin":2370,"position":2},"title":"La escultura","author":"Pepe Barrascout Ortiz","date":"5 febrero 2013","format":false,"excerpt":"En el siglo XV, en Florencia (Italia) un grupo de artistas observaba un enorme bloque de m\u00e1rmol muy bueno, de cuatro metros de altura; desgraciadamente hab\u00eda sido estropeado por la mano de un torpe escultor. \"No se puede sacar nada de \u00e9l\", pensaban ellos. Pero una ma\u00f1ana, un joven erigi\u00f3\u2026","rel":"","context":"En \u00abLimones\u00bb","block_context":{"text":"Limones","link":"https:\/\/quechilero.com\/blog\/category\/limones\/"},"img":{"alt_text":"","src":"","width":0,"height":0},"classes":[]},{"id":5982,"url":"https:\/\/quechilero.com\/blog\/2010\/12\/29\/el-diamante-koh-i-noor\/","url_meta":{"origin":2370,"position":3},"title":"El diamante Koh-i-Noor","author":"Pepe Barrascout Ortiz","date":"29 diciembre 2010","format":false,"excerpt":"El diamante Koh-i-Noor se encuentra entre los m\u00e1s espectaculares del mundo. Es parte de las joyas de la corona Brit\u00e1nica, presentado a la Reina Victoria por el maharaj\u00e1 de la India cuando este apenas era un muchacho. A\u00f1os despu\u00e9s, cuando \u00e9l ya era un hombre mayor, el maharaj\u00e1 visit\u00f3 a\u2026","rel":"","context":"En \u00abLimones\u00bb","block_context":{"text":"Limones","link":"https:\/\/quechilero.com\/blog\/category\/limones\/"},"img":{"alt_text":"","src":"","width":0,"height":0},"classes":[]},{"id":10469,"url":"https:\/\/quechilero.com\/blog\/2011\/09\/23\/joya-preciosa\/","url_meta":{"origin":2370,"position":4},"title":"Joya Preciosa","author":"Pepe Barrascout Ortiz","date":"23 septiembre 2011","format":false,"excerpt":"Cruzando el desierto, un viajero ingl\u00e9s vio un \u00e1rabe muy pensativo sentado al pie de una palmera. A poca distancia reposaban sus camellos pesadamente cargados de joyas, perfumes y tapices para ser vendidos a alguna ciudad vecina. Aproxim\u00e1ndose al \u00e1rabe, le dijo: - Buen amigo, pareces preocupado, \u00bfpuedo ayudarte en\u2026","rel":"","context":"En \u00abLimones\u00bb","block_context":{"text":"Limones","link":"https:\/\/quechilero.com\/blog\/category\/limones\/"},"img":{"alt_text":"","src":"","width":0,"height":0},"classes":[]},{"id":5164,"url":"https:\/\/quechilero.com\/blog\/2010\/08\/02\/la-papa\/","url_meta":{"origin":2370,"position":5},"title":"La papa","author":"Pepe Barrascout Ortiz","date":"2 agosto 2010","format":false,"excerpt":"Ten\u00eda toda la apariencia de una piedra com\u00fan. Estaba redondeada, y era de color gris. Parec\u00eda una papa, y por cierto, papa la llamaban. La piedra estaba de venta en una exposici\u00f3n de minerales poco comunes en Plano, Texas. Un hombre la compr\u00f3 por diez d\u00f3lares, se la llev\u00f3 a\u2026","rel":"","context":"En \u00abLimones\u00bb","block_context":{"text":"Limones","link":"https:\/\/quechilero.com\/blog\/category\/limones\/"},"img":{"alt_text":"","src":"","width":0,"height":0},"classes":[]}],"jetpack_featured_media_url":"","_links":{"self":[{"href":"https:\/\/quechilero.com\/blog\/wp-json\/wp\/v2\/posts\/2370","targetHints":{"allow":["GET"]}}],"collection":[{"href":"https:\/\/quechilero.com\/blog\/wp-json\/wp\/v2\/posts"}],"about":[{"href":"https:\/\/quechilero.com\/blog\/wp-json\/wp\/v2\/types\/post"}],"author":[{"embeddable":true,"href":"https:\/\/quechilero.com\/blog\/wp-json\/wp\/v2\/users\/1"}],"replies":[{"embeddable":true,"href":"https:\/\/quechilero.com\/blog\/wp-json\/wp\/v2\/comments?post=2370"}],"version-history":[{"count":0,"href":"https:\/\/quechilero.com\/blog\/wp-json\/wp\/v2\/posts\/2370\/revisions"}],"wp:attachment":[{"href":"https:\/\/quechilero.com\/blog\/wp-json\/wp\/v2\/media?parent=2370"}],"wp:term":[{"taxonomy":"category","embeddable":true,"href":"https:\/\/quechilero.com\/blog\/wp-json\/wp\/v2\/categories?post=2370"},{"taxonomy":"post_tag","embeddable":true,"href":"https:\/\/quechilero.com\/blog\/wp-json\/wp\/v2\/tags?post=2370"},{"taxonomy":"series","embeddable":true,"href":"https:\/\/quechilero.com\/blog\/wp-json\/wp\/v2\/series?post=2370"}],"curies":[{"name":"wp","href":"https:\/\/api.w.org\/{rel}","templated":true}]}}