{"id":2358,"date":"2009-02-12T08:00:04","date_gmt":"2009-02-12T14:00:04","guid":{"rendered":"http:\/\/quechilero.com\/blog\/?p=2358"},"modified":"2009-02-12T08:00:04","modified_gmt":"2009-02-12T14:00:04","slug":"viaje-tormentoso","status":"publish","type":"post","link":"https:\/\/quechilero.com\/blog\/2009\/02\/12\/viaje-tormentoso\/","title":{"rendered":"Viaje tormentoso"},"content":{"rendered":"<p>Desde hace alg\u00fan tiempo me ha llamado la atenci\u00f3n el participar de un <strong>Crucero por el Caribe<\/strong> y ahora que ya hay tours que inician en <em>Panam\u00e1<\/em> y que <em>\u00abno son tan caros\u00bb<\/em>, espero poder irme en la temporada de este a\u00f1o, a <em>un crucero<\/em>, si todo sigue como hasta ahora y los precios siguen tendiendo a <em>la baja<\/em>, como desde hace un a\u00f1o, entonces me embarcar\u00e9 en uno de estos <em>tours.<\/em><\/p>\n<p>Sin embargo espero no tener un <strong>viaje tormentoso<\/strong>, como en estos videos  \ud83d\ude0e<\/p>\n<p><object width=\"425\" height=\"344\" data=\"http:\/\/www.youtube.com\/v\/mPBaqh3dcVM&amp;color1=0xb1b1b1&amp;color2=0xcfcfcf&amp;feature=player_embedded&amp;fs=1\" type=\"application\/x-shockwave-flash\"><param name=\"allowFullScreen\" value=\"true\" \/><param name=\"src\" value=\"http:\/\/www.youtube.com\/v\/mPBaqh3dcVM&amp;color1=0xb1b1b1&amp;color2=0xcfcfcf&amp;feature=player_embedded&amp;fs=1\" \/><param name=\"allowfullscreen\" value=\"true\" \/><\/object><\/p>\n<p><object width=\"425\" height=\"344\" data=\"http:\/\/www.youtube.com\/v\/kohr0KfVXZA&amp;color1=0xb1b1b1&amp;color2=0xcfcfcf&amp;feature=player_embedded&amp;fs=1\" type=\"application\/x-shockwave-flash\"><param name=\"allowFullScreen\" value=\"true\" \/><param name=\"src\" value=\"http:\/\/www.youtube.com\/v\/kohr0KfVXZA&amp;color1=0xb1b1b1&amp;color2=0xcfcfcf&amp;feature=player_embedded&amp;fs=1\" \/><param name=\"allowfullscreen\" value=\"true\" \/><\/object><\/p>\n","protected":false},"excerpt":{"rendered":"<p>Desde hace alg\u00fan tiempo me ha llamado la atenci\u00f3n el participar de un Crucero por el Caribe y ahora que ya hay tours que inician en Panam\u00e1 y que \u00abno son tan caros\u00bb, espero poder irme en la temporada de este a\u00f1o, a un crucero, si todo sigue como hasta ahora y los precios siguen &#8230; <a title=\"Viaje tormentoso\" class=\"read-more\" href=\"https:\/\/quechilero.com\/blog\/2009\/02\/12\/viaje-tormentoso\/\" aria-label=\"Leer m\u00e1s sobre Viaje tormentoso\">Leer m\u00e1s<\/a><\/p>\n","protected":false},"author":1,"featured_media":0,"comment_status":"open","ping_status":"open","sticky":false,"template":"","format":"standard","meta":{"advanced_seo_description":"","jetpack_seo_html_title":"","jetpack_seo_noindex":false,"jetpack_seo_schema_type":"","episode_type":"","audio_file":"","podmotor_file_id":"","podmotor_episode_id":"","cover_image":"","cover_image_id":"","duration":"","filesize":"","filesize_raw":"","date_recorded":"","explicit":"","block":"","_jetpack_newsletter_access":"","_jetpack_dont_email_post_to_subs":false,"_jetpack_newsletter_tier_id":0,"_jetpack_memberships_contains_paywalled_content":false,"_jetpack_feature_clip_id":0,"_jetpack_memberships_contains_paid_content":false,"footnotes":"","jetpack_publicize_message":"","jetpack_publicize_feature_enabled":true,"jetpack_social_post_already_shared":false,"jetpack_social_options":{"image_generator_settings":{"template":"highway","default_image_id":0,"font":"","enabled":false},"version":2},"jetpack_post_was_ever_published":false},"categories":[2],"tags":[5,25,53],"series":[],"class_list":["post-2358","post","type-post","status-publish","format-standard","hentry","category-limones","tag-tiempo","tag-video","tag-youtube"],"episode_featured_image":false,"episode_player_image":"https:\/\/i0.wp.com\/quechilero.com\/blog\/imagenes\/podcast.png?fit=1831%2C1831&ssl=1","download_link":"","player_link":"","audio_player":false,"episode_data":{"playerMode":"dark","subscribeUrls":{"amazon":{"key":"amazon","url":"","label":"Amazon","class":"amazon","icon":"amazon.png"},"apple_podcasts":{"key":"apple_podcasts","url":"","label":"Apple Podcasts","class":"apple_podcasts","icon":"apple-podcasts.png"},"castbox":{"key":"castbox","url":"","label":"CastBox","class":"castbox","icon":"castbox.png"},"deezer":{"key":"deezer","url":"","label":"Deezer","class":"deezer","icon":"deezer.png"},"google_podcasts":{"key":"google_podcasts","url":"","label":"Google Podcasts","class":"google_podcasts","icon":"google-podcasts.png"},"listen_notes":{"key":"listen_notes","url":"","label":"Listen Notes","class":"listen_notes","icon":"listen-notes.png"},"pandora":{"key":"pandora","url":"","label":"Pandora","class":"pandora","icon":"pandora.png"},"podbean":{"key":"podbean","url":"","label":"Podbean","class":"podbean","icon":"podbean.png"},"podcast_republic":{"key":"podcast_republic","url":"","label":"Podcast Republic","class":"podcast_republic","icon":"podcast-republic.png"},"rss":{"key":"rss","url":"","label":"RSS","class":"rss","icon":"rss.png"},"spotify":{"key":"spotify","url":"","label":"Spotify","class":"spotify","icon":"spotify.png"},"stitcher":{"key":"stitcher","url":"","label":"Stitcher","class":"stitcher","icon":"stitcher.png"},"tunein":{"key":"tunein","url":"","label":"TuneIn","class":"tunein","icon":"tunein.png"},"youtube":{"key":"youtube","url":"","label":"YouTube","class":"youtube","icon":"youtube.png"},"iheartradio":{"key":"iheartradio","url":"","label":"iHeartRadio","class":"iheartradio","icon":"iheartradio.png"},"ivoox":{"key":"ivoox","url":"","label":"iVoox","class":"ivoox","icon":"ivoox.png"}},"rssFeedUrl":"https:\/\/quechilero.com\/blog\/feed\/podcast\/si-la-vida-nos-da-limones","embedCode":"<blockquote class=\"wp-embedded-content\" data-secret=\"GCg6nsWM1q\"><a href=\"https:\/\/quechilero.com\/blog\/2009\/02\/12\/viaje-tormentoso\/\">Viaje tormentoso<\/a><\/blockquote><iframe sandbox=\"allow-scripts\" security=\"restricted\" src=\"https:\/\/quechilero.com\/blog\/2009\/02\/12\/viaje-tormentoso\/embed\/#?secret=GCg6nsWM1q\" width=\"500\" height=\"350\" title=\"\u00abViaje tormentoso\u00bb \u2014 Si la Vida nos da Limones...\" data-secret=\"GCg6nsWM1q\" frameborder=\"0\" marginwidth=\"0\" marginheight=\"0\" scrolling=\"no\" class=\"wp-embedded-content\"><\/iframe><script>\n\/*! This file is auto-generated *\/\n!function(d,l){\"use strict\";l.querySelector&&d.addEventListener&&\"undefined\"!=typeof URL&&(d.wp=d.wp||{},d.wp.receiveEmbedMessage||(d.wp.receiveEmbedMessage=function(e){var t=e.data;if((t||t.secret||t.message||t.value)&&!\/[^a-zA-Z0-9]\/.test(t.secret)){for(var s,r,n,a=l.querySelectorAll('iframe[data-secret=\"'+t.secret+'\"]'),o=l.querySelectorAll('blockquote[data-secret=\"'+t.secret+'\"]'),c=new RegExp(\"^https?:$\",\"i\"),i=0;i<o.length;i++)o[i].style.display=\"none\";for(i=0;i<a.length;i++)s=a[i],e.source===s.contentWindow&&(s.removeAttribute(\"style\"),\"height\"===t.message?(1e3<(r=parseInt(t.value,10))?r=1e3:~~r<200&&(r=200),s.height=r):\"link\"===t.message&&(r=new URL(s.getAttribute(\"src\")),n=new URL(t.value),c.test(n.protocol))&&n.host===r.host&&l.activeElement===s&&(d.top.location.href=t.value))}},d.addEventListener(\"message\",d.wp.receiveEmbedMessage,!1),l.addEventListener(\"DOMContentLoaded\",function(){for(var e,t,s=l.querySelectorAll(\"iframe.wp-embedded-content\"),r=0;r<s.length;r++)(t=(e=s[r]).getAttribute(\"data-secret\"))||(t=Math.random().toString(36).substring(2,12),e.src+=\"#?secret=\"+t,e.setAttribute(\"data-secret\",t)),e.contentWindow.postMessage({message:\"ready\",secret:t},\"*\")},!1)))}(window,document);\n\/\/# sourceURL=https:\/\/quechilero.com\/blog\/wp-includes\/js\/wp-embed.min.js\n<\/script>\n"},"jetpack_publicize_connections":[],"jetpack_shortlink":"https:\/\/wp.me\/pDKli-C2","jetpack_sharing_enabled":true,"jetpack-related-posts":[{"id":996,"url":"https:\/\/quechilero.com\/blog\/2008\/07\/13\/rayos-y-centellas\/","url_meta":{"origin":2358,"position":0},"title":"Rayos y Centellas","author":"Pepe Barrascout Ortiz","date":"13 julio 2008","format":false,"excerpt":"Una de las tantas tormentas que en esta \u00e9poca del a\u00f1o es com\u00fan ver en la costa sur de Guatemala. En el video se aprecia, al inicio, la oscuridad de la noche y luego el \"rel\u00e1mpago\" para uno o dos segundos despu\u00e9s escuchar el \"trueno\". Si en promedio determinamos que\u2026","rel":"","context":"En \u00abLimones\u00bb","block_context":{"text":"Limones","link":"https:\/\/quechilero.com\/blog\/category\/limones\/"},"img":{"alt_text":"","src":"","width":0,"height":0},"classes":[]},{"id":15090,"url":"https:\/\/quechilero.com\/blog\/2012\/11\/02\/crucero-o-barco-de-guerra\/","url_meta":{"origin":2358,"position":1},"title":"Crucero o barco de guerra","author":"Pepe Barrascout Ortiz","date":"2 noviembre 2012","format":false,"excerpt":"Hace alg\u00fan tiempo, nuestra iglesia \"adopt\u00f3\" al USS Reuben James, una fragata asignada al Golfo P\u00e9rsico. Estuvimos de acuerdo en orar diariamente por la tripulaci\u00f3n y enviarles a los marineros cintas grabadas y libros. Tambi\u00e9n les envi\u00e1bamos copias de nuestros cultos de fin de semana para que pudieran televisarlos por\u2026","rel":"","context":"En \u00abLimones\u00bb","block_context":{"text":"Limones","link":"https:\/\/quechilero.com\/blog\/category\/limones\/"},"img":{"alt_text":"","src":"","width":0,"height":0},"classes":[]},{"id":19513,"url":"https:\/\/quechilero.com\/blog\/2014\/10\/08\/sigue-en-curso\/","url_meta":{"origin":2358,"position":2},"title":"Sigue en curso","author":"Pepe Barrascout Ortiz","date":"8 octubre 2014","format":false,"excerpt":"En la pel\u00edcula N\u00e1ufrago, Tom Hanks hace el papel de un empleado de FedEx quien, junto con sus colegas, vuela en un jet en medio de una tormenta rugiente. La violenta tormenta hace que sean arrasados fuera de curso. El avi\u00f3n cede a los elementos y se estrella en alg\u00fan\u2026","rel":"","context":"En \u00abLimones\u00bb","block_context":{"text":"Limones","link":"https:\/\/quechilero.com\/blog\/category\/limones\/"},"img":{"alt_text":"","src":"","width":0,"height":0},"classes":[]},{"id":15271,"url":"https:\/\/quechilero.com\/blog\/2012\/12\/28\/en-sus-manos\/","url_meta":{"origin":2358,"position":3},"title":"En sus manos","author":"Pepe Barrascout Ortiz","date":"28 diciembre 2012","format":false,"excerpt":"Durante una fuerte tormenta en alta mar, una mujer muy nerviosa que viajaba en un trasatl\u00e1ntico acudi\u00f3 al capit\u00e1n en busca de tranquilidad. - \"Capit\u00e1n\", le pregunt\u00f3 temblorosa, \"\u00bfEstamos en gran peligro?\" - \"No se preocupe, Se\u00f1ora\", le respondi\u00f3. \"Despu\u00e9s de todo, estamos en manos de Dios.\" - \"\u00bfTan mala\u2026","rel":"","context":"En \u00abLimones\u00bb","block_context":{"text":"Limones","link":"https:\/\/quechilero.com\/blog\/category\/limones\/"},"img":{"alt_text":"","src":"","width":0,"height":0},"classes":[]},{"id":918,"url":"https:\/\/quechilero.com\/blog\/2008\/04\/01\/leccion-de-perseverancia\/","url_meta":{"origin":2358,"position":4},"title":"Lecci\u00f3n de Perseverancia","author":"Pepe Barrascout Ortiz","date":"1 abril 2008","format":false,"excerpt":"\u00bfTe has puesto a observar la actitud de los p\u00e1jaros ante las adversidades? Est\u00e1n d\u00edas y d\u00edas haciendo su nido, recogiendo materiales a veces tra\u00eddos desde largas distancias.. . ...Y cuando ya est\u00e1 terminado y est\u00e1n prontos para poner los huevos, las inclemencias del tiempo o la obra del ser\u2026","rel":"","context":"En \u00abLimones\u00bb","block_context":{"text":"Limones","link":"https:\/\/quechilero.com\/blog\/category\/limones\/"},"img":{"alt_text":"","src":"","width":0,"height":0},"classes":[]},{"id":20057,"url":"https:\/\/quechilero.com\/blog\/2015\/04\/19\/mira-el-faro-2\/","url_meta":{"origin":2358,"position":5},"title":"Mira el Faro","author":"Pepe Barrascout Ortiz","date":"19 abril 2015","format":false,"excerpt":"Un capit\u00e1n y su tripulaci\u00f3n viajaban en medio de una terrible tormenta durante una oscura noche, luego de varios d\u00edas en alta mar. El peque\u00f1o barco era golpeado insistentemente por las olas y el viento, y se mec\u00eda casi hasta volcarse mientras toda la estructura cruj\u00eda y se retorc\u00eda hasta\u2026","rel":"","context":"En \u00abLimones\u00bb","block_context":{"text":"Limones","link":"https:\/\/quechilero.com\/blog\/category\/limones\/"},"img":{"alt_text":"","src":"","width":0,"height":0},"classes":[]}],"jetpack_featured_media_url":"","_links":{"self":[{"href":"https:\/\/quechilero.com\/blog\/wp-json\/wp\/v2\/posts\/2358","targetHints":{"allow":["GET"]}}],"collection":[{"href":"https:\/\/quechilero.com\/blog\/wp-json\/wp\/v2\/posts"}],"about":[{"href":"https:\/\/quechilero.com\/blog\/wp-json\/wp\/v2\/types\/post"}],"author":[{"embeddable":true,"href":"https:\/\/quechilero.com\/blog\/wp-json\/wp\/v2\/users\/1"}],"replies":[{"embeddable":true,"href":"https:\/\/quechilero.com\/blog\/wp-json\/wp\/v2\/comments?post=2358"}],"version-history":[{"count":0,"href":"https:\/\/quechilero.com\/blog\/wp-json\/wp\/v2\/posts\/2358\/revisions"}],"wp:attachment":[{"href":"https:\/\/quechilero.com\/blog\/wp-json\/wp\/v2\/media?parent=2358"}],"wp:term":[{"taxonomy":"category","embeddable":true,"href":"https:\/\/quechilero.com\/blog\/wp-json\/wp\/v2\/categories?post=2358"},{"taxonomy":"post_tag","embeddable":true,"href":"https:\/\/quechilero.com\/blog\/wp-json\/wp\/v2\/tags?post=2358"},{"taxonomy":"series","embeddable":true,"href":"https:\/\/quechilero.com\/blog\/wp-json\/wp\/v2\/series?post=2358"}],"curies":[{"name":"wp","href":"https:\/\/api.w.org\/{rel}","templated":true}]}}