{"id":235,"date":"2006-09-30T20:45:53","date_gmt":"2006-10-01T02:45:53","guid":{"rendered":"http:\/\/quechilero.com\/blog\/2006\/09\/30\/del-nino\/"},"modified":"2006-09-30T20:45:53","modified_gmt":"2006-10-01T02:45:53","slug":"del-nino","status":"publish","type":"post","link":"https:\/\/quechilero.com\/blog\/2006\/09\/30\/del-nino\/","title":{"rendered":"Del Ni\u00f1o"},"content":{"rendered":"<p>El monje Steindl-Rast comenta: \u00abLa hija de un amigo me dijo cierto d\u00eda:  &#8216;\u00bfPadre, no es una sorpresa de que yo exista?&#8217;.\u00bb<\/p>\n<p>Los ni\u00f1os saben intuitivamente c\u00f3mo es de milagrosa la vida. Nosotros tambi\u00e9n  lo sabemos, porque alguna vez fuimos ni\u00f1os, y nuestro lado infantil no morir\u00e1  nunca. Podemos olvidar la ingenuidad, encerrarla, darle un clima de seriedad y  respeto, pero ella continuar\u00e1 existiendo mientras vivamos. Es mejor  aceptarla.<\/p>\n<p>Cuando aprendemos la lecci\u00f3n de nuestros d\u00edas, precisamos combinar el  entusiasmo infantil con la sabidur\u00eda de la experiencia. Para esto, es necesario  \u00abnacer de nuevo\u00bb, como dir\u00eda Jes\u00fas.<\/p>\n<p>\u00bfSi hoy fuese el primer d\u00eda de su vida, que estar\u00eda usted haciendo?<\/p>\n<p><strong><em>Del libro \u00abMaktub\u00bb, de Paulo  Coelho.<\/em><\/strong><\/p>\n","protected":false},"excerpt":{"rendered":"<p>El monje Steindl-Rast comenta: \u00abLa hija de un amigo me dijo cierto d\u00eda: &#8216;\u00bfPadre, no es una sorpresa de que yo exista?&#8217;.\u00bb Los ni\u00f1os saben intuitivamente c\u00f3mo es de milagrosa la vida. Nosotros tambi\u00e9n lo sabemos, porque alguna vez fuimos ni\u00f1os, y nuestro lado infantil no morir\u00e1 nunca. Podemos olvidar la ingenuidad, encerrarla, darle un &#8230; <a title=\"Del Ni\u00f1o\" class=\"read-more\" href=\"https:\/\/quechilero.com\/blog\/2006\/09\/30\/del-nino\/\" aria-label=\"Leer m\u00e1s sobre Del Ni\u00f1o\">Leer m\u00e1s<\/a><\/p>\n","protected":false},"author":1,"featured_media":0,"comment_status":"open","ping_status":"open","sticky":false,"template":"","format":"standard","meta":{"advanced_seo_description":"","jetpack_seo_html_title":"","jetpack_seo_noindex":false,"jetpack_seo_schema_type":"","episode_type":"","audio_file":"","podmotor_file_id":"","podmotor_episode_id":"","cover_image":"","cover_image_id":"","duration":"","filesize":"","filesize_raw":"","date_recorded":"","explicit":"","block":"","_jetpack_newsletter_access":"","_jetpack_dont_email_post_to_subs":false,"_jetpack_newsletter_tier_id":0,"_jetpack_memberships_contains_paywalled_content":false,"_jetpack_feature_clip_id":0,"_jetpack_memberships_contains_paid_content":false,"footnotes":"","jetpack_publicize_message":"","jetpack_publicize_feature_enabled":true,"jetpack_social_post_already_shared":false,"jetpack_social_options":{"image_generator_settings":{"template":"highway","default_image_id":0,"font":"","enabled":false},"version":2},"jetpack_post_was_ever_published":false},"categories":[2],"tags":[11,74,72,24],"series":[],"class_list":["post-235","post","type-post","status-publish","format-standard","hentry","category-limones","tag-amigo","tag-jesus","tag-libro","tag-vida"],"episode_featured_image":false,"episode_player_image":"https:\/\/i0.wp.com\/quechilero.com\/blog\/imagenes\/podcast.png?fit=1831%2C1831&ssl=1","download_link":"","player_link":"","audio_player":false,"episode_data":{"playerMode":"dark","subscribeUrls":{"amazon":{"key":"amazon","url":"","label":"Amazon","class":"amazon","icon":"amazon.png"},"apple_podcasts":{"key":"apple_podcasts","url":"","label":"Apple Podcasts","class":"apple_podcasts","icon":"apple-podcasts.png"},"castbox":{"key":"castbox","url":"","label":"CastBox","class":"castbox","icon":"castbox.png"},"deezer":{"key":"deezer","url":"","label":"Deezer","class":"deezer","icon":"deezer.png"},"google_podcasts":{"key":"google_podcasts","url":"","label":"Google Podcasts","class":"google_podcasts","icon":"google-podcasts.png"},"listen_notes":{"key":"listen_notes","url":"","label":"Listen Notes","class":"listen_notes","icon":"listen-notes.png"},"pandora":{"key":"pandora","url":"","label":"Pandora","class":"pandora","icon":"pandora.png"},"podbean":{"key":"podbean","url":"","label":"Podbean","class":"podbean","icon":"podbean.png"},"podcast_republic":{"key":"podcast_republic","url":"","label":"Podcast Republic","class":"podcast_republic","icon":"podcast-republic.png"},"rss":{"key":"rss","url":"","label":"RSS","class":"rss","icon":"rss.png"},"spotify":{"key":"spotify","url":"","label":"Spotify","class":"spotify","icon":"spotify.png"},"stitcher":{"key":"stitcher","url":"","label":"Stitcher","class":"stitcher","icon":"stitcher.png"},"tunein":{"key":"tunein","url":"","label":"TuneIn","class":"tunein","icon":"tunein.png"},"youtube":{"key":"youtube","url":"","label":"YouTube","class":"youtube","icon":"youtube.png"},"iheartradio":{"key":"iheartradio","url":"","label":"iHeartRadio","class":"iheartradio","icon":"iheartradio.png"},"ivoox":{"key":"ivoox","url":"","label":"iVoox","class":"ivoox","icon":"ivoox.png"}},"rssFeedUrl":"https:\/\/quechilero.com\/blog\/feed\/podcast\/si-la-vida-nos-da-limones","embedCode":"<blockquote class=\"wp-embedded-content\" data-secret=\"VIaCv25uEr\"><a href=\"https:\/\/quechilero.com\/blog\/2006\/09\/30\/del-nino\/\">Del Ni\u00f1o<\/a><\/blockquote><iframe sandbox=\"allow-scripts\" security=\"restricted\" src=\"https:\/\/quechilero.com\/blog\/2006\/09\/30\/del-nino\/embed\/#?secret=VIaCv25uEr\" width=\"500\" height=\"350\" title=\"\u00abDel Ni\u00f1o\u00bb \u2014 Si la Vida nos da Limones...\" data-secret=\"VIaCv25uEr\" frameborder=\"0\" marginwidth=\"0\" marginheight=\"0\" scrolling=\"no\" class=\"wp-embedded-content\"><\/iframe><script>\n\/*! This file is auto-generated *\/\n!function(d,l){\"use strict\";l.querySelector&&d.addEventListener&&\"undefined\"!=typeof URL&&(d.wp=d.wp||{},d.wp.receiveEmbedMessage||(d.wp.receiveEmbedMessage=function(e){var t=e.data;if((t||t.secret||t.message||t.value)&&!\/[^a-zA-Z0-9]\/.test(t.secret)){for(var s,r,n,a=l.querySelectorAll('iframe[data-secret=\"'+t.secret+'\"]'),o=l.querySelectorAll('blockquote[data-secret=\"'+t.secret+'\"]'),c=new RegExp(\"^https?:$\",\"i\"),i=0;i<o.length;i++)o[i].style.display=\"none\";for(i=0;i<a.length;i++)s=a[i],e.source===s.contentWindow&&(s.removeAttribute(\"style\"),\"height\"===t.message?(1e3<(r=parseInt(t.value,10))?r=1e3:~~r<200&&(r=200),s.height=r):\"link\"===t.message&&(r=new URL(s.getAttribute(\"src\")),n=new URL(t.value),c.test(n.protocol))&&n.host===r.host&&l.activeElement===s&&(d.top.location.href=t.value))}},d.addEventListener(\"message\",d.wp.receiveEmbedMessage,!1),l.addEventListener(\"DOMContentLoaded\",function(){for(var e,t,s=l.querySelectorAll(\"iframe.wp-embedded-content\"),r=0;r<s.length;r++)(t=(e=s[r]).getAttribute(\"data-secret\"))||(t=Math.random().toString(36).substring(2,12),e.src+=\"#?secret=\"+t,e.setAttribute(\"data-secret\",t)),e.contentWindow.postMessage({message:\"ready\",secret:t},\"*\")},!1)))}(window,document);\n\/\/# sourceURL=https:\/\/quechilero.com\/blog\/wp-includes\/js\/wp-embed.min.js\n<\/script>\n"},"jetpack_publicize_connections":[],"jetpack_shortlink":"https:\/\/wp.me\/pDKli-3N","jetpack_sharing_enabled":true,"jetpack-related-posts":[{"id":16737,"url":"https:\/\/quechilero.com\/blog\/2013\/06\/01\/hoy-%ef%bb%bfdire-gracias-por-todo-papa\/","url_meta":{"origin":235,"position":0},"title":"Hoy&#8230; \ufeffDir\u00e9 gracias por todo Pap\u00e1","author":"Pepe Barrascout Ortiz","date":"1 junio 2013","format":false,"excerpt":"En medio de fuerzas y acontecimientos demasiado grandes para que nosotros solos forcejeemos con ellos, se nos presenta un mensaje intimidante de aislamiento. Empeque\u00f1ecidos frente al tama\u00f1o del universo, la incertidumbre del futuro, las necesidades de comida y amistad, somos como ese estudiante de primer a\u00f1o de bachillerato que acaba\u2026","rel":"","context":"En \u00abLimones\u00bb","block_context":{"text":"Limones","link":"https:\/\/quechilero.com\/blog\/category\/limones\/"},"img":{"alt_text":"","src":"","width":0,"height":0},"classes":[]},{"id":17594,"url":"https:\/\/quechilero.com\/blog\/2013\/12\/22\/navidad-alguien-que-me-espera-con-carino\/","url_meta":{"origin":235,"position":1},"title":"Navidad: alguien que me espera con cari\u00f1o","author":"Pepe Barrascout Ortiz","date":"22 diciembre 2013","format":false,"excerpt":"Produce una gozosa paz en el alma saber que alguien nos espera, nos ama, nos busca. Significa que nuestra vida tiene sentido, que somos importantes para otro, que no vivimos simplemente por inercia, que hay una meta hermosa por la que vale la pena nuestro esfuerzo. Al dirigir sus palabras\u2026","rel":"","context":"En \u00abLimones\u00bb","block_context":{"text":"Limones","link":"https:\/\/quechilero.com\/blog\/category\/limones\/"},"img":{"alt_text":"","src":"","width":0,"height":0},"classes":[]},{"id":12965,"url":"https:\/\/quechilero.com\/blog\/2012\/03\/22\/juego-de-ninos\/","url_meta":{"origin":235,"position":2},"title":"Juego de ni\u00f1os","author":"Pepe Barrascout Ortiz","date":"22 marzo 2012","format":false,"excerpt":"Despu\u00e9s que una tormenta sorpresa cubriera de nieve el Medio Oriente, una foto del peri\u00f3dico mostr\u00f3 a cuatro hombres armados sonriendo mientras constru\u00edan un mu\u00f1eco de nieve fuera de las maltrechas murallas de un cuartel general militar. El clima invernal tambi\u00e9n hizo que se cancelara una protesta y se retrasara\u2026","rel":"","context":"En \u00abLimones\u00bb","block_context":{"text":"Limones","link":"https:\/\/quechilero.com\/blog\/category\/limones\/"},"img":{"alt_text":"","src":"","width":0,"height":0},"classes":[]},{"id":21492,"url":"https:\/\/quechilero.com\/blog\/2015\/08\/19\/quejas\/","url_meta":{"origin":235,"position":3},"title":"Quejas","author":"Pepe Barrascout Ortiz","date":"19 agosto 2015","format":false,"excerpt":"Hay personas que pasan todo el tiempo quej\u00e1ndose de esta manera: El mundo hoy, va mal... El gobierno no satisface mis necesidades... La Iglesia no me da respuestas... Mis amigos se desaparecieron... La se\u00f1al de televisi\u00f3n no comenz\u00f3 a transmitir a tiempo... Mi equipo ha perdido y es posible que\u2026","rel":"","context":"En \u00abLimones\u00bb","block_context":{"text":"Limones","link":"https:\/\/quechilero.com\/blog\/category\/limones\/"},"img":{"alt_text":"","src":"","width":0,"height":0},"classes":[]},{"id":2852,"url":"https:\/\/quechilero.com\/blog\/2009\/07\/06\/ten-hambre-por-unas-horas\/","url_meta":{"origin":235,"position":4},"title":"Ten hambre por unas horas","author":"Pepe Barrascout Ortiz","date":"6 julio 2009","format":false,"excerpt":"Casi todos estamos inmersos en la cultura de consumir, comprar y adquirir y entre m\u00e1s tengamos, mejor. Sin embargo olvidamos los principios b\u00e1sicos del ser humano y nos olvidamos que hay millones que apenas tienen, si acaso, para cumplir con sus necesidades m\u00e1s b\u00e1sicas como alimento o vestido. Ni\u00f1os que\u2026","rel":"","context":"En \u00abLimones\u00bb","block_context":{"text":"Limones","link":"https:\/\/quechilero.com\/blog\/category\/limones\/"},"img":{"alt_text":"","src":"","width":0,"height":0},"classes":[]},{"id":5980,"url":"https:\/\/quechilero.com\/blog\/2010\/12\/26\/el-posadero\/","url_meta":{"origin":235,"position":5},"title":"El posadero","author":"Pepe Barrascout Ortiz","date":"26 diciembre 2010","format":false,"excerpt":"Era Navidad y en el pueblo iban a hacer la representaci\u00f3n del Nacimiento de Jes\u00fas. Todos estaban muy entusiasmados, quer\u00edan que la obra fuera un \u00e9xito. Los ni\u00f1os la iban a representar, pero entre ellos hab\u00eda un ni\u00f1o con problemas; qui\u00e9n sabe por qu\u00e9 causa, era m\u00e1s lento en aprender\u2026","rel":"","context":"En \u00abLimones\u00bb","block_context":{"text":"Limones","link":"https:\/\/quechilero.com\/blog\/category\/limones\/"},"img":{"alt_text":"","src":"","width":0,"height":0},"classes":[]}],"jetpack_featured_media_url":"","_links":{"self":[{"href":"https:\/\/quechilero.com\/blog\/wp-json\/wp\/v2\/posts\/235","targetHints":{"allow":["GET"]}}],"collection":[{"href":"https:\/\/quechilero.com\/blog\/wp-json\/wp\/v2\/posts"}],"about":[{"href":"https:\/\/quechilero.com\/blog\/wp-json\/wp\/v2\/types\/post"}],"author":[{"embeddable":true,"href":"https:\/\/quechilero.com\/blog\/wp-json\/wp\/v2\/users\/1"}],"replies":[{"embeddable":true,"href":"https:\/\/quechilero.com\/blog\/wp-json\/wp\/v2\/comments?post=235"}],"version-history":[{"count":0,"href":"https:\/\/quechilero.com\/blog\/wp-json\/wp\/v2\/posts\/235\/revisions"}],"wp:attachment":[{"href":"https:\/\/quechilero.com\/blog\/wp-json\/wp\/v2\/media?parent=235"}],"wp:term":[{"taxonomy":"category","embeddable":true,"href":"https:\/\/quechilero.com\/blog\/wp-json\/wp\/v2\/categories?post=235"},{"taxonomy":"post_tag","embeddable":true,"href":"https:\/\/quechilero.com\/blog\/wp-json\/wp\/v2\/tags?post=235"},{"taxonomy":"series","embeddable":true,"href":"https:\/\/quechilero.com\/blog\/wp-json\/wp\/v2\/series?post=235"}],"curies":[{"name":"wp","href":"https:\/\/api.w.org\/{rel}","templated":true}]}}