{"id":23,"date":"2006-07-14T16:11:58","date_gmt":"2006-07-14T22:11:58","guid":{"rendered":"http:\/\/quechilero.com\/blog\/2006\/07\/14\/guatemala-el-7%c2%ba-pais-mas-feliz-del-mundo\/"},"modified":"2006-07-14T16:11:58","modified_gmt":"2006-07-14T22:11:58","slug":"guatemala-el-7%c2%ba-pais-mas-feliz-del-mundo","status":"publish","type":"post","link":"https:\/\/quechilero.com\/blog\/2006\/07\/14\/guatemala-el-7%c2%ba-pais-mas-feliz-del-mundo\/","title":{"rendered":"Guatemala el 7mo. Pa\u00eds m\u00e1s Feliz del Mundo"},"content":{"rendered":"<p>Seg\u00fan un estudio realizado por <a target=\"_blank\" href=\"http:\/\/www.happyplanetindex.org\/index.htm\">Happy Planet Index<\/a> Guatemala se encuentra en el puesto 7 a nivel mundial del listado de los pa\u00edses m\u00e1s felices. Seg\u00fan el estudio llevado a cabo por la prestigiosa entidad brit\u00e1nica New Economics Foundation, todos deber\u00edamos irnos a vivir a la peque\u00f1a isla de Vanuatu en el Oc\u00e9ano Pac\u00edfico, el pa\u00eds m\u00e1s feliz del mundo.<\/p>\n<p>Los resultados de este interesante \u00edndice se obtuvieron mediante un complejo estudio que incluye varios elementos a evaluar, pero &#8211;<strong><a target=\"_blank\" href=\"http:\/\/www.happyplanetindex.org\/calculated.htm\">seg\u00fan los investigadores<\/a><\/strong>&#8211; el promedio de pa\u00eds feliz se saca multiplicando \u00ab<strong><a target=\"_blank\" href=\"http:\/\/www.happyplanetindex.org\/life-expectancy.htm\">Expectativa de vida<\/a><\/strong>\u00bb x \u00ab<strong><a target=\"_blank\" href=\"http:\/\/www.happyplanetindex.org\/life-satisfaction.htm\">Satisfacci\u00f3n de vida<\/a><\/strong>\u00bb y dividiendo el resultado entre \u00ab<strong><a target=\"_blank\" href=\"http:\/\/www.happyplanetindex.org\/ecological-footprint.htm\">Impacto ecol\u00f3gico<\/a><\/strong>\u00ab.<\/p>\n<p>Revisando la lista, Guatemala se encuentra en el puesto 7 de 178 naciones. Muy por arriba de M\u00e9xico, Brasil y Estados Unidos o cualquier pa\u00eds Europeo.<\/p>\n<p><!--more--> El listado es encabezado por la isla de Vanuatu, seguido por (en ese \u00f3rden) Colombia, Costa Rica, Rep\u00fablica Dominicana, Panam\u00e1, Cuba, Honduras, <strong>Guatemala,<\/strong> nos sigue El Salvador, San Vicente y Granadina, Santa Lucia.<\/p>\n<p>Bas\u00e1ndanos en ese estudio y queriendo ser optimista podemos decir entonces que Centroam\u00e9rica, nuestra querida \u00abpatria grande\u00bb es de los mejores lugares para vivir. En realidad me parece un poco dudoso y talvez un poco alejado de la realidad, pero deseo ser optimista y creer que es cierto, es m\u00e1s creo que todos estamos obligados a convertir esa estad\u00edstica en verdad y convertir a nuestro querido pa\u00eds, ya no solo en el \u00ab<em>Pa\u00eds de la Eterna Primavera<\/em>\u00ab, sino en el <strong>Pa\u00eds m\u00e1s Feliz del Mundo<\/strong>.<\/p>\n<p>Ya no hay excusa, Estados Unidos, seg\u00fan este estudio se ubica en el puesto 150 de 178 y Guatemala en el 7, no encuentro entonces la raz\u00f3n por la que nos queramos ir de un p\u00e1is tan feliz, para ir a un pa\u00eds tan poco feliz, es m\u00e1s creo que ahora los gringos se van a venir para ac\u00e1 y va a ser tanta la invasi\u00f3n que vamos a tener que constru\u00edr un muro para que no pasen la frontera hacia Guatemala y los que pasen van a ser humillados por ser blancos y hablar en otro idioma, no van a tener acceso al seguro social ni a la educaci\u00f3n, adem\u00e1s ser\u00e1n explotados en el trabajo y se les pagar\u00e1 mucho menos que a los nacionales. \ud83d\ude42<\/p>\n<p>Si el norte fuera el sur dir\u00eda Arjona. Todo por ser el 7\u00ba pa\u00eds m\u00e1s feliz del mundo.<\/p>\n<p>Quieren ver el listado completo, vean este <a target=\"_blank\" href=\"http:\/\/www.happyplanetindex.org\/list.htm\">link<\/a>.<br \/>\nEl mapa de los pa\u00edses m\u00e1s felices del mundo, <a target=\"_blank\" href=\"http:\/\/www.happyplanetindex.org\/map.htm\">ac\u00e1<\/a>.<br \/>\nYa tenemos un lim\u00f3n m\u00e1s para nuestra limonada.<\/p>\n","protected":false},"excerpt":{"rendered":"<p>Seg\u00fan un estudio realizado por Happy Planet Index Guatemala se encuentra en el puesto 7 a nivel mundial del listado de los pa\u00edses m\u00e1s felices. Seg\u00fan el estudio llevado a cabo por la prestigiosa entidad brit\u00e1nica New Economics Foundation, todos deber\u00edamos irnos a vivir a la peque\u00f1a isla de Vanuatu en el Oc\u00e9ano Pac\u00edfico, el &#8230; <a title=\"Guatemala el 7mo. Pa\u00eds m\u00e1s Feliz del Mundo\" class=\"read-more\" href=\"https:\/\/quechilero.com\/blog\/2006\/07\/14\/guatemala-el-7%c2%ba-pais-mas-feliz-del-mundo\/\" aria-label=\"Leer m\u00e1s sobre Guatemala el 7mo. Pa\u00eds m\u00e1s Feliz del Mundo\">Leer m\u00e1s<\/a><\/p>\n","protected":false},"author":1,"featured_media":0,"comment_status":"open","ping_status":"open","sticky":false,"template":"","format":"standard","meta":{"advanced_seo_description":"","jetpack_seo_html_title":"","jetpack_seo_noindex":false,"jetpack_seo_schema_type":"","episode_type":"","audio_file":"","podmotor_file_id":"","podmotor_episode_id":"","cover_image":"","cover_image_id":"","duration":"","filesize":"","filesize_raw":"","date_recorded":"","explicit":"","block":"","_jetpack_newsletter_access":"","_jetpack_dont_email_post_to_subs":false,"_jetpack_newsletter_tier_id":0,"_jetpack_memberships_contains_paywalled_content":false,"_jetpack_feature_clip_id":0,"_jetpack_memberships_contains_paid_content":false,"footnotes":"","jetpack_publicize_message":"","jetpack_publicize_feature_enabled":true,"jetpack_social_post_already_shared":false,"jetpack_social_options":{"image_generator_settings":{"template":"highway","default_image_id":0,"font":"","enabled":false},"version":2},"jetpack_post_was_ever_published":false},"categories":[2],"tags":[14,45,46,10,19,47,3,23,36,41,24],"series":[],"class_list":["post-23","post","type-post","status-publish","format-standard","hentry","category-limones","tag-accion","tag-deseo","tag-feliz","tag-guatemala","tag-limonada","tag-mapa","tag-resultados","tag-satisfaccion","tag-trabajo","tag-verdad","tag-vida"],"episode_featured_image":false,"episode_player_image":"https:\/\/i0.wp.com\/quechilero.com\/blog\/imagenes\/podcast.png?fit=1831%2C1831&ssl=1","download_link":"","player_link":"","audio_player":false,"episode_data":{"playerMode":"dark","subscribeUrls":{"amazon":{"key":"amazon","url":"","label":"Amazon","class":"amazon","icon":"amazon.png"},"apple_podcasts":{"key":"apple_podcasts","url":"","label":"Apple Podcasts","class":"apple_podcasts","icon":"apple-podcasts.png"},"castbox":{"key":"castbox","url":"","label":"CastBox","class":"castbox","icon":"castbox.png"},"deezer":{"key":"deezer","url":"","label":"Deezer","class":"deezer","icon":"deezer.png"},"google_podcasts":{"key":"google_podcasts","url":"","label":"Google Podcasts","class":"google_podcasts","icon":"google-podcasts.png"},"listen_notes":{"key":"listen_notes","url":"","label":"Listen Notes","class":"listen_notes","icon":"listen-notes.png"},"pandora":{"key":"pandora","url":"","label":"Pandora","class":"pandora","icon":"pandora.png"},"podbean":{"key":"podbean","url":"","label":"Podbean","class":"podbean","icon":"podbean.png"},"podcast_republic":{"key":"podcast_republic","url":"","label":"Podcast Republic","class":"podcast_republic","icon":"podcast-republic.png"},"rss":{"key":"rss","url":"","label":"RSS","class":"rss","icon":"rss.png"},"spotify":{"key":"spotify","url":"","label":"Spotify","class":"spotify","icon":"spotify.png"},"stitcher":{"key":"stitcher","url":"","label":"Stitcher","class":"stitcher","icon":"stitcher.png"},"tunein":{"key":"tunein","url":"","label":"TuneIn","class":"tunein","icon":"tunein.png"},"youtube":{"key":"youtube","url":"","label":"YouTube","class":"youtube","icon":"youtube.png"},"iheartradio":{"key":"iheartradio","url":"","label":"iHeartRadio","class":"iheartradio","icon":"iheartradio.png"},"ivoox":{"key":"ivoox","url":"","label":"iVoox","class":"ivoox","icon":"ivoox.png"}},"rssFeedUrl":"https:\/\/quechilero.com\/blog\/feed\/podcast\/si-la-vida-nos-da-limones","embedCode":"<blockquote class=\"wp-embedded-content\" data-secret=\"K4Dmpdbs0E\"><a href=\"https:\/\/quechilero.com\/blog\/2006\/07\/14\/guatemala-el-7%c2%ba-pais-mas-feliz-del-mundo\/\">Guatemala el 7mo. Pa\u00eds m\u00e1s Feliz del Mundo<\/a><\/blockquote><iframe sandbox=\"allow-scripts\" security=\"restricted\" src=\"https:\/\/quechilero.com\/blog\/2006\/07\/14\/guatemala-el-7%c2%ba-pais-mas-feliz-del-mundo\/embed\/#?secret=K4Dmpdbs0E\" width=\"500\" height=\"350\" title=\"\u00abGuatemala el 7mo. Pa\u00eds m\u00e1s Feliz del Mundo\u00bb \u2014 Si la Vida nos da Limones...\" data-secret=\"K4Dmpdbs0E\" frameborder=\"0\" marginwidth=\"0\" marginheight=\"0\" scrolling=\"no\" class=\"wp-embedded-content\"><\/iframe><script>\n\/*! This file is auto-generated *\/\n!function(d,l){\"use strict\";l.querySelector&&d.addEventListener&&\"undefined\"!=typeof URL&&(d.wp=d.wp||{},d.wp.receiveEmbedMessage||(d.wp.receiveEmbedMessage=function(e){var t=e.data;if((t||t.secret||t.message||t.value)&&!\/[^a-zA-Z0-9]\/.test(t.secret)){for(var s,r,n,a=l.querySelectorAll('iframe[data-secret=\"'+t.secret+'\"]'),o=l.querySelectorAll('blockquote[data-secret=\"'+t.secret+'\"]'),c=new RegExp(\"^https?:$\",\"i\"),i=0;i<o.length;i++)o[i].style.display=\"none\";for(i=0;i<a.length;i++)s=a[i],e.source===s.contentWindow&&(s.removeAttribute(\"style\"),\"height\"===t.message?(1e3<(r=parseInt(t.value,10))?r=1e3:~~r<200&&(r=200),s.height=r):\"link\"===t.message&&(r=new URL(s.getAttribute(\"src\")),n=new URL(t.value),c.test(n.protocol))&&n.host===r.host&&l.activeElement===s&&(d.top.location.href=t.value))}},d.addEventListener(\"message\",d.wp.receiveEmbedMessage,!1),l.addEventListener(\"DOMContentLoaded\",function(){for(var e,t,s=l.querySelectorAll(\"iframe.wp-embedded-content\"),r=0;r<s.length;r++)(t=(e=s[r]).getAttribute(\"data-secret\"))||(t=Math.random().toString(36).substring(2,12),e.src+=\"#?secret=\"+t,e.setAttribute(\"data-secret\",t)),e.contentWindow.postMessage({message:\"ready\",secret:t},\"*\")},!1)))}(window,document);\n\/\/# sourceURL=https:\/\/quechilero.com\/blog\/wp-includes\/js\/wp-embed.min.js\n<\/script>\n"},"jetpack_publicize_connections":[],"jetpack_shortlink":"https:\/\/wp.me\/pDKli-n","jetpack_sharing_enabled":true,"jetpack-related-posts":[{"id":126,"url":"https:\/\/quechilero.com\/blog\/2006\/08\/09\/ballet-guatemala\/","url_meta":{"origin":23,"position":0},"title":"Ballet Guatemala","author":"Pepe Barrascout Ortiz","date":"9 agosto 2006","format":false,"excerpt":"Dentro de las manifestaciones del arte, el Ballet siempre ha tenido una importancia grande para mi, desde que me acuerdo, siempre me ha gustado y es que es maravilloso como se logra transmitir un mensaje \u00fanicamente con unos movimientos muy bien planeados, muy bien estudiados, muy bien ejecutados. Aunque nunca\u2026","rel":"","context":"En \u00abLimones\u00bb","block_context":{"text":"Limones","link":"https:\/\/quechilero.com\/blog\/category\/limones\/"},"img":{"alt_text":"Ballet Guatemala","src":"https:\/\/i0.wp.com\/static.flickr.com\/96\/209692474_91f774cf23_o.jpg?resize=350%2C200","width":350,"height":200},"classes":[]},{"id":671,"url":"https:\/\/quechilero.com\/blog\/2007\/09\/15\/feliz-cumpleanos-guatemala\/","url_meta":{"origin":23,"position":1},"title":"Feliz Cumplea\u00f1os Guatemala","author":"Pepe Barrascout Ortiz","date":"15 septiembre 2007","format":false,"excerpt":"Feliz Cumplea\u00f1os Guatemala, \"...que tus haras no profane jam\u00e1s el verdugo...\"","rel":"","context":"En \u00abLimones\u00bb","block_context":{"text":"Limones","link":"https:\/\/quechilero.com\/blog\/category\/limones\/"},"img":{"alt_text":"","src":"","width":0,"height":0},"classes":[]},{"id":993,"url":"https:\/\/quechilero.com\/blog\/2008\/05\/26\/1000000-de-gracias\/","url_meta":{"origin":23,"position":2},"title":"1,000,000 de gracias","author":"Pepe Barrascout Ortiz","date":"26 mayo 2008","format":false,"excerpt":"El d\u00eda de hoy (26 de mayo 2008) a las 03:24 hrs (hora de Guatemala -6 GMT), se alcanz\u00f3 la cifra de un mill\u00f3n de p\u00e1ginas vistas en un mes, en Blogs de Guatemala. Por este medio y rompiendo un poco con la tem\u00e1tica del blog, deseo agradecer a todos\u2026","rel":"","context":"En \u00abLimones\u00bb","block_context":{"text":"Limones","link":"https:\/\/quechilero.com\/blog\/category\/limones\/"},"img":{"alt_text":"","src":"","width":0,"height":0},"classes":[]},{"id":351,"url":"https:\/\/quechilero.com\/blog\/2006\/11\/02\/manifiesto-blogger\/","url_meta":{"origin":23,"position":3},"title":"Manifiesto Blogger","author":"Pepe Barrascout Ortiz","date":"2 noviembre 2006","format":false,"excerpt":"Leyendo el blog de Blissy, encuentro un Manifiesto Blogger, que resume en unas cuantas l\u00edneas, lo que todos como escritores de blogs hemos pensado o sentido alg\u00fan d\u00eda. Y es que realmente cada quien escribe un blog porque quiere expresar lo que siente y que no puede decir por otros\u2026","rel":"","context":"En \u00abLimones\u00bb","block_context":{"text":"Limones","link":"https:\/\/quechilero.com\/blog\/category\/limones\/"},"img":{"alt_text":"","src":"","width":0,"height":0},"classes":[]},{"id":72,"url":"https:\/\/quechilero.com\/blog\/2006\/07\/28\/ronaldihno-quiere-adoptar-a-un-nino-guatemalteco\/","url_meta":{"origin":23,"position":4},"title":"Ronaldinho quiere adoptar a un ni\u00f1o guatemalteco","author":"Pepe Barrascout Ortiz","date":"28 julio 2006","format":false,"excerpt":"Seg\u00fan una nota publicada en Quniela Chapina, informa que el jugador brasile\u00f1o y su pareja, estar\u00edan interesados en adoptar un ni\u00f1o, en particular de Sumpango, Sacatep\u00e9quez. Al parecer la idea fue de ella (Alexandra Paressant) que declar\u00f3 que la primera vez que vino a Guatemala fue cuando ten\u00eda 19 a\u00f1os\u2026","rel":"","context":"En \u00abLimones\u00bb","block_context":{"text":"Limones","link":"https:\/\/quechilero.com\/blog\/category\/limones\/"},"img":{"alt_text":"","src":"","width":0,"height":0},"classes":[]},{"id":11376,"url":"https:\/\/quechilero.com\/blog\/2011\/11\/22\/el-indice-big-mac-en-guatemala\/","url_meta":{"origin":23,"position":5},"title":"El \u00edndice Big Mac en Guatemala","author":"Pepe Barrascout Ortiz","date":"22 noviembre 2011","format":false,"excerpt":"https:\/\/youtu.be\/_UKLncvGxQ8 Recientemente, tuve la oportunidad de comprobar y documentar directamente, un fen\u00f3meno econ\u00f3mico: \"el cambio del \u00edndice Big Mac en Guatemala\". Antes de entrar en materia, hablemos del\u00a0\"\u00edndice Big Mac\". Explicado en pocas palabras, lo podemos definir como un estudio no cient\u00edfico, que permite comparar el poder adquisitivo de los\u2026","rel":"","context":"En \u00abLimones\u00bb","block_context":{"text":"Limones","link":"https:\/\/quechilero.com\/blog\/category\/limones\/"},"img":{"alt_text":"","src":"https:\/\/i0.wp.com\/img.youtube.com\/vi\/_UKLncvGxQ8\/0.jpg?resize=350%2C200","width":350,"height":200},"classes":[]}],"jetpack_featured_media_url":"","_links":{"self":[{"href":"https:\/\/quechilero.com\/blog\/wp-json\/wp\/v2\/posts\/23","targetHints":{"allow":["GET"]}}],"collection":[{"href":"https:\/\/quechilero.com\/blog\/wp-json\/wp\/v2\/posts"}],"about":[{"href":"https:\/\/quechilero.com\/blog\/wp-json\/wp\/v2\/types\/post"}],"author":[{"embeddable":true,"href":"https:\/\/quechilero.com\/blog\/wp-json\/wp\/v2\/users\/1"}],"replies":[{"embeddable":true,"href":"https:\/\/quechilero.com\/blog\/wp-json\/wp\/v2\/comments?post=23"}],"version-history":[{"count":0,"href":"https:\/\/quechilero.com\/blog\/wp-json\/wp\/v2\/posts\/23\/revisions"}],"wp:attachment":[{"href":"https:\/\/quechilero.com\/blog\/wp-json\/wp\/v2\/media?parent=23"}],"wp:term":[{"taxonomy":"category","embeddable":true,"href":"https:\/\/quechilero.com\/blog\/wp-json\/wp\/v2\/categories?post=23"},{"taxonomy":"post_tag","embeddable":true,"href":"https:\/\/quechilero.com\/blog\/wp-json\/wp\/v2\/tags?post=23"},{"taxonomy":"series","embeddable":true,"href":"https:\/\/quechilero.com\/blog\/wp-json\/wp\/v2\/series?post=23"}],"curies":[{"name":"wp","href":"https:\/\/api.w.org\/{rel}","templated":true}]}}