{"id":22607,"date":"2017-08-25T05:00:07","date_gmt":"2017-08-25T11:00:07","guid":{"rendered":"https:\/\/quechilero.com\/blog\/?p=22607"},"modified":"2017-08-15T15:17:25","modified_gmt":"2017-08-15T21:17:25","slug":"limonada-433","status":"publish","type":"post","link":"https:\/\/quechilero.com\/blog\/2017\/08\/25\/limonada-433\/","title":{"rendered":"Limonada # 433"},"content":{"rendered":"<blockquote><p>La verdadera desgracia de esta vida, es no vivir en gracia de Dios.<\/p>\n<p><em><a href=\"http:\/\/www.buenanueva.net\/salvacion\/7_1_vivir-en-gracia.html\">Vivir en Gracia<\/a><\/em><\/p>\n<p><img data-recalc-dims=\"1\" decoding=\"async\" src=\"https:\/\/i0.wp.com\/archive.org\/download\/QueChileroBlog\/libros.jpg?w=1200&#038;ssl=1\" alt=\"Libros\" \/><\/p><\/blockquote>\n","protected":false},"excerpt":{"rendered":"<p>La verdadera desgracia de esta vida, es no vivir en gracia de Dios. Vivir en Gracia<\/p>\n","protected":false},"author":1,"featured_media":0,"comment_status":"open","ping_status":"open","sticky":false,"template":"","format":"standard","meta":{"advanced_seo_description":"","jetpack_seo_html_title":"","jetpack_seo_noindex":false,"jetpack_seo_schema_type":"","episode_type":"","audio_file":"","podmotor_file_id":"","podmotor_episode_id":"","cover_image":"","cover_image_id":"","duration":"","filesize":"","filesize_raw":"","date_recorded":"","explicit":"","block":"","_jetpack_newsletter_access":"","_jetpack_dont_email_post_to_subs":false,"_jetpack_newsletter_tier_id":0,"_jetpack_memberships_contains_paywalled_content":false,"_jetpack_feature_clip_id":0,"_jetpack_memberships_contains_paid_content":false,"footnotes":"","jetpack_publicize_message":"Limonada # 433\r\n\r\nLa verdadera desgracia de esta vida, es no vivir en gracia de Dios.","jetpack_publicize_feature_enabled":true,"jetpack_social_post_already_shared":true,"jetpack_social_options":{"image_generator_settings":{"template":"highway","default_image_id":0,"font":"","enabled":false},"version":2},"jetpack_post_was_ever_published":false},"categories":[73],"tags":[51,19,24],"series":[],"class_list":["post-22607","post","type-post","status-publish","format-standard","hentry","category-limonadas","tag-dios","tag-limonada","tag-vida"],"episode_featured_image":false,"episode_player_image":"https:\/\/i0.wp.com\/quechilero.com\/blog\/imagenes\/podcast.png?fit=1831%2C1831&ssl=1","download_link":"","player_link":"","audio_player":false,"episode_data":{"playerMode":"dark","subscribeUrls":{"amazon":{"key":"amazon","url":"","label":"Amazon","class":"amazon","icon":"amazon.png"},"apple_podcasts":{"key":"apple_podcasts","url":"","label":"Apple Podcasts","class":"apple_podcasts","icon":"apple-podcasts.png"},"castbox":{"key":"castbox","url":"","label":"CastBox","class":"castbox","icon":"castbox.png"},"deezer":{"key":"deezer","url":"","label":"Deezer","class":"deezer","icon":"deezer.png"},"google_podcasts":{"key":"google_podcasts","url":"","label":"Google Podcasts","class":"google_podcasts","icon":"google-podcasts.png"},"listen_notes":{"key":"listen_notes","url":"","label":"Listen Notes","class":"listen_notes","icon":"listen-notes.png"},"pandora":{"key":"pandora","url":"","label":"Pandora","class":"pandora","icon":"pandora.png"},"podbean":{"key":"podbean","url":"","label":"Podbean","class":"podbean","icon":"podbean.png"},"podcast_republic":{"key":"podcast_republic","url":"","label":"Podcast Republic","class":"podcast_republic","icon":"podcast-republic.png"},"rss":{"key":"rss","url":"","label":"RSS","class":"rss","icon":"rss.png"},"spotify":{"key":"spotify","url":"","label":"Spotify","class":"spotify","icon":"spotify.png"},"stitcher":{"key":"stitcher","url":"","label":"Stitcher","class":"stitcher","icon":"stitcher.png"},"tunein":{"key":"tunein","url":"","label":"TuneIn","class":"tunein","icon":"tunein.png"},"youtube":{"key":"youtube","url":"","label":"YouTube","class":"youtube","icon":"youtube.png"},"iheartradio":{"key":"iheartradio","url":"","label":"iHeartRadio","class":"iheartradio","icon":"iheartradio.png"},"ivoox":{"key":"ivoox","url":"","label":"iVoox","class":"ivoox","icon":"ivoox.png"}},"rssFeedUrl":"https:\/\/quechilero.com\/blog\/feed\/podcast\/si-la-vida-nos-da-limones","embedCode":"<blockquote class=\"wp-embedded-content\" data-secret=\"1FDN7DAjdy\"><a href=\"https:\/\/quechilero.com\/blog\/2017\/08\/25\/limonada-433\/\">Limonada # 433<\/a><\/blockquote><iframe sandbox=\"allow-scripts\" security=\"restricted\" src=\"https:\/\/quechilero.com\/blog\/2017\/08\/25\/limonada-433\/embed\/#?secret=1FDN7DAjdy\" width=\"500\" height=\"350\" title=\"\u00abLimonada # 433\u00bb \u2014 Si la Vida nos da Limones...\" data-secret=\"1FDN7DAjdy\" frameborder=\"0\" marginwidth=\"0\" marginheight=\"0\" scrolling=\"no\" class=\"wp-embedded-content\"><\/iframe><script>\n\/*! This file is auto-generated *\/\n!function(d,l){\"use strict\";l.querySelector&&d.addEventListener&&\"undefined\"!=typeof URL&&(d.wp=d.wp||{},d.wp.receiveEmbedMessage||(d.wp.receiveEmbedMessage=function(e){var t=e.data;if((t||t.secret||t.message||t.value)&&!\/[^a-zA-Z0-9]\/.test(t.secret)){for(var s,r,n,a=l.querySelectorAll('iframe[data-secret=\"'+t.secret+'\"]'),o=l.querySelectorAll('blockquote[data-secret=\"'+t.secret+'\"]'),c=new RegExp(\"^https?:$\",\"i\"),i=0;i<o.length;i++)o[i].style.display=\"none\";for(i=0;i<a.length;i++)s=a[i],e.source===s.contentWindow&&(s.removeAttribute(\"style\"),\"height\"===t.message?(1e3<(r=parseInt(t.value,10))?r=1e3:~~r<200&&(r=200),s.height=r):\"link\"===t.message&&(r=new URL(s.getAttribute(\"src\")),n=new URL(t.value),c.test(n.protocol))&&n.host===r.host&&l.activeElement===s&&(d.top.location.href=t.value))}},d.addEventListener(\"message\",d.wp.receiveEmbedMessage,!1),l.addEventListener(\"DOMContentLoaded\",function(){for(var e,t,s=l.querySelectorAll(\"iframe.wp-embedded-content\"),r=0;r<s.length;r++)(t=(e=s[r]).getAttribute(\"data-secret\"))||(t=Math.random().toString(36).substring(2,12),e.src+=\"#?secret=\"+t,e.setAttribute(\"data-secret\",t)),e.contentWindow.postMessage({message:\"ready\",secret:t},\"*\")},!1)))}(window,document);\n\/\/# sourceURL=https:\/\/quechilero.com\/blog\/wp-includes\/js\/wp-embed.min.js\n<\/script>\n"},"jetpack_publicize_connections":[],"jetpack_shortlink":"https:\/\/wp.me\/pDKli-5SD","jetpack_sharing_enabled":true,"jetpack-related-posts":[{"id":13459,"url":"https:\/\/quechilero.com\/blog\/2012\/05\/30\/dios-mio-te-agradezco-de-corazon\/","url_meta":{"origin":22607,"position":0},"title":"\u00a1Dios m\u00edo, te agradezco de coraz\u00f3n!","author":"Pepe Barrascout Ortiz","date":"30 mayo 2012","format":false,"excerpt":"Gracias, Se\u00f1or, porque mi vida es una oportunidad de oportunidades. Te doy mis m\u00e1s sentidas gracias porque puedo disponer de estar vivo. Te agradezco el prodigioso funcionamiento de mi organismo. Gracias, Se\u00f1or, porque mi coraz\u00f3n anda bien, y responde a esta gracia Tuya, amando a mis semejantes y siendo solidario\u2026","rel":"","context":"En \u00abLimones\u00bb","block_context":{"text":"Limones","link":"https:\/\/quechilero.com\/blog\/category\/limones\/"},"img":{"alt_text":"","src":"","width":0,"height":0},"classes":[]},{"id":12002,"url":"https:\/\/quechilero.com\/blog\/2012\/01\/23\/gracias-a-dios-por-el-trabajo\/","url_meta":{"origin":22607,"position":1},"title":"Gracias a Dios por el trabajo","author":"Pepe Barrascout Ortiz","date":"23 enero 2012","format":false,"excerpt":"Cuando creemos que tenemos todo bajo control, que somos los due\u00f1os de nuestra vida y que somos capaces de alcanzar y hacer cualquier cosa, caemos inevitablemente en el relativismo ideol\u00f3gico, que principalmente los medios de comunicaci\u00f3n seculares, nos implantan como si fuera la verdad absoluta. Cada d\u00eda, muchas personas se\u2026","rel":"","context":"En \u00abLimones\u00bb","block_context":{"text":"Limones","link":"https:\/\/quechilero.com\/blog\/category\/limones\/"},"img":{"alt_text":"","src":"","width":0,"height":0},"classes":[]},{"id":16792,"url":"https:\/\/quechilero.com\/blog\/2013\/06\/28\/tu-%ef%bb%bfmision-en-la-vida\/","url_meta":{"origin":22607,"position":2},"title":"Tu \ufeffmisi\u00f3n en la vida","author":"Pepe Barrascout Ortiz","date":"28 junio 2013","format":false,"excerpt":"Tu misi\u00f3n en la vida es la mejor de todas; porque haces las veces de Cristo. Ser otro Cristo en la tierra, realizar las mismas tareas que \u00c9l, vivir una vida lo m\u00e1s parecida a la suya, salvar almas, glorificar a Dios. La misi\u00f3n no la buscaste t\u00fa, te la\u2026","rel":"","context":"En \u00abLimones\u00bb","block_context":{"text":"Limones","link":"https:\/\/quechilero.com\/blog\/category\/limones\/"},"img":{"alt_text":"","src":"","width":0,"height":0},"classes":[]},{"id":16916,"url":"https:\/\/quechilero.com\/blog\/2013\/08\/27\/caminar-sin-detenerse\/","url_meta":{"origin":22607,"position":3},"title":"Caminar sin detenerse","author":"Pepe Barrascout Ortiz","date":"27 agosto 2013","format":false,"excerpt":"Cuando S\u00f3crates estaba en la c\u00e1rcel, le pidi\u00f3 a un prisionero que cantaba que le ense\u00f1ara una canci\u00f3n. - \"\u00bfPara qu\u00e9?\" -le pregunt\u00f3 el otro. - \"Para que pueda morir sabiendo una cosa m\u00e1s\" -respondi\u00f3 el fil\u00f3sofo. Amigos y hermanos, que la paz de Dios reine en sus vidas. Dicen\u2026","rel":"","context":"En \u00abLimones\u00bb","block_context":{"text":"Limones","link":"https:\/\/quechilero.com\/blog\/category\/limones\/"},"img":{"alt_text":"","src":"","width":0,"height":0},"classes":[]},{"id":4058,"url":"https:\/\/quechilero.com\/blog\/2009\/12\/24\/feliz-navidad-2\/","url_meta":{"origin":22607,"position":4},"title":"Feliz Navidad","author":"Pepe Barrascout Ortiz","date":"24 diciembre 2009","format":false,"excerpt":"A todos los lectores de Si la vida nos da limones, les deseo muchas bendiciones en sus vidas y a sus familias. Dios te Salve Mar\u00eda, llena eres de Gracia, bend\u00edcenos Madre nuestra","rel":"","context":"En \u00abLimones\u00bb","block_context":{"text":"Limones","link":"https:\/\/quechilero.com\/blog\/category\/limones\/"},"img":{"alt_text":"http:\/\/s392.photobucket.com\/albums\/pp7\/pepejaguar\/blog\/?action=view&current=17562_381742975531_871725531_102234.jpg","src":"https:\/\/i0.wp.com\/i392.photobucket.com\/albums\/pp7\/pepejaguar\/blog\/17562_381742975531_871725531_102234.jpg?resize=350%2C200","width":350,"height":200},"classes":[]},{"id":7613,"url":"https:\/\/quechilero.com\/blog\/2011\/04\/14\/reflexiones-de-cuaresma-dia-37\/","url_meta":{"origin":22607,"position":5},"title":"Reflexiones de Cuaresma d\u00eda 37","author":"Pepe Barrascout Ortiz","date":"14 abril 2011","format":false,"excerpt":"Oraci\u00f3n inicial Se\u00f1or m\u00edo, Jesucristo, creo firmemente que est\u00e1s aqu\u00ed; en estos pocos minutos de oraci\u00f3n que empiezo ahora quiero pedirte y agradecerte. Pedirte\u00a0la gracia de darme m\u00e1s cuenta de que T\u00fa vives, me escuchas y me amas; tanto, que has querido morir libremente por m\u00ed en la cruz y\u2026","rel":"","context":"En \u00abLimones por mano\u00bb","block_context":{"text":"Limones por mano","link":"https:\/\/quechilero.com\/blog\/category\/limones-por-mano\/"},"img":{"alt_text":"","src":"","width":0,"height":0},"classes":[]}],"jetpack_featured_media_url":"","_links":{"self":[{"href":"https:\/\/quechilero.com\/blog\/wp-json\/wp\/v2\/posts\/22607","targetHints":{"allow":["GET"]}}],"collection":[{"href":"https:\/\/quechilero.com\/blog\/wp-json\/wp\/v2\/posts"}],"about":[{"href":"https:\/\/quechilero.com\/blog\/wp-json\/wp\/v2\/types\/post"}],"author":[{"embeddable":true,"href":"https:\/\/quechilero.com\/blog\/wp-json\/wp\/v2\/users\/1"}],"replies":[{"embeddable":true,"href":"https:\/\/quechilero.com\/blog\/wp-json\/wp\/v2\/comments?post=22607"}],"version-history":[{"count":0,"href":"https:\/\/quechilero.com\/blog\/wp-json\/wp\/v2\/posts\/22607\/revisions"}],"wp:attachment":[{"href":"https:\/\/quechilero.com\/blog\/wp-json\/wp\/v2\/media?parent=22607"}],"wp:term":[{"taxonomy":"category","embeddable":true,"href":"https:\/\/quechilero.com\/blog\/wp-json\/wp\/v2\/categories?post=22607"},{"taxonomy":"post_tag","embeddable":true,"href":"https:\/\/quechilero.com\/blog\/wp-json\/wp\/v2\/tags?post=22607"},{"taxonomy":"series","embeddable":true,"href":"https:\/\/quechilero.com\/blog\/wp-json\/wp\/v2\/series?post=22607"}],"curies":[{"name":"wp","href":"https:\/\/api.w.org\/{rel}","templated":true}]}}