{"id":22551,"date":"2017-05-08T09:00:30","date_gmt":"2017-05-08T15:00:30","guid":{"rendered":"http:\/\/quechilero.com\/blog\/?p=22551"},"modified":"2017-05-05T09:24:03","modified_gmt":"2017-05-05T15:24:03","slug":"es-posible-alcanzar-la-santidad","status":"publish","type":"post","link":"https:\/\/quechilero.com\/blog\/2017\/05\/08\/es-posible-alcanzar-la-santidad\/","title":{"rendered":"Es posible alcanzar la santidad"},"content":{"rendered":"<p>Hoy, confiando en Jes\u00fas resucitado, hemos de redescubrir el Evangelio como una \u201cbuena nueva\u201d. El Evangelio no es una ley que nos oprime. Alguna vez hemos podido caer en la tentaci\u00f3n de pensar que los que no son cristianos est\u00e1n m\u00e1s tranquilos que nosotros y hacen lo que quieren, mientras que nosotros tenemos que cumplir una lista de mandamientos. Es una visi\u00f3n de las cosas meramente superficial.<\/p>\n<p>Personalmente, una de mis mayores preocupaciones es que el Evangelio se presente siempre como una buena nueva, una feliz noticia, que nos llene el coraz\u00f3n de alegr\u00eda y consuelo.<\/p>\n<p>La ense\u00f1anza de Jes\u00fas es por supuesto exigente, pero Santa Teresa del Ni\u00f1o Jes\u00fas nos ayuda a percibirla realmente como una buena nueva, puesto que para ella el Evangelio no es otra cosa que la revelaci\u00f3n de la ternura de Dios, de la misericordia de Dios con cada uno de sus hijos, y se\u00f1ala las leyes de la vida que llevan a la felicidad. El centro de la vida cristiana es acoger con reconocimiento la ternura y la bondad de Dios \u2014revelaci\u00f3n de su amor misericordioso\u2014 y dejarse transformar por dicho amor.<\/p>\n<p>El itinerario espiritual tomado por santa Teresita, el \u201ccaminito\u201d, es un aut\u00e9ntico camino de santidad, un camino con cabida para todos, hecho de tal manera que nadie puede desanimarse, ni los m\u00e1s humildes, ni los m\u00e1s pobres, ni los m\u00e1s pecadores. Teresa anticipa as\u00ed el Concilio Vaticano II que afirma con seguridad que <strong>la santidad no es un camino excepcional, sino una llamada para todos los cristianos<\/strong>, de la que nadie debe ser excluido. Hasta el m\u00e1s vulnerable y miserable de los hombres puede responder a la llamada a la santidad.<\/p>\n<p><em>Esta santidad consiste en un \u00abcamino de confianza y amor\u00bb. As\u00ed, \u00abel ascensor que ha de elevarme hasta el cielo son tus brazos, Jes\u00fas! (\u2026). T\u00fa, Dios m\u00edo, has rebasado mi esperanza, y yo quiero cantar tus misericordias\u00bb<\/em> (Santa Teresa de Lisieux).<\/p>\n","protected":false},"excerpt":{"rendered":"<p>Hoy, confiando en Jes\u00fas resucitado, hemos de redescubrir el Evangelio como una \u201cbuena nueva\u201d. El Evangelio no es una ley que nos oprime. Alguna vez hemos podido caer en la tentaci\u00f3n de pensar que los que no son cristianos est\u00e1n m\u00e1s tranquilos que nosotros y hacen lo que quieren, mientras que nosotros tenemos que cumplir &#8230; <a title=\"Es posible alcanzar la santidad\" class=\"read-more\" href=\"https:\/\/quechilero.com\/blog\/2017\/05\/08\/es-posible-alcanzar-la-santidad\/\" aria-label=\"Leer m\u00e1s sobre Es posible alcanzar la santidad\">Leer m\u00e1s<\/a><\/p>\n","protected":false},"author":1,"featured_media":0,"comment_status":"open","ping_status":"open","sticky":false,"template":"","format":"standard","meta":{"advanced_seo_description":"","jetpack_seo_html_title":"","jetpack_seo_noindex":false,"jetpack_seo_schema_type":"","episode_type":"","audio_file":"","podmotor_file_id":"","podmotor_episode_id":"","cover_image":"","cover_image_id":"","duration":"","filesize":"","filesize_raw":"","date_recorded":"","explicit":"","block":"","_jetpack_newsletter_access":"","_jetpack_dont_email_post_to_subs":false,"_jetpack_newsletter_tier_id":0,"_jetpack_memberships_contains_paywalled_content":false,"_jetpack_feature_clip_id":0,"_jetpack_memberships_contains_paid_content":false,"footnotes":"","jetpack_publicize_message":"Es posible alcanzar la santidad.\r\n\r\nEl Evangelio no es una ley que nos oprime. La santidad no es un camino excepcional, sino una llamada para todos los cristianos","jetpack_publicize_feature_enabled":true,"jetpack_social_post_already_shared":true,"jetpack_social_options":{"image_generator_settings":{"template":"highway","default_image_id":0,"font":"","enabled":false},"version":2},"jetpack_post_was_ever_published":false},"categories":[2],"tags":[87,15,37,38,12,51,90,46,74,24],"series":[],"class_list":["post-22551","post","type-post","status-publish","format-standard","hentry","category-limones","tag-alegria","tag-amor","tag-ayuda","tag-confianza","tag-cosas","tag-dios","tag-evangelio","tag-feliz","tag-jesus","tag-vida"],"episode_featured_image":false,"episode_player_image":"https:\/\/i0.wp.com\/quechilero.com\/blog\/imagenes\/podcast.png?fit=1831%2C1831&ssl=1","download_link":"","player_link":"","audio_player":false,"episode_data":{"playerMode":"dark","subscribeUrls":{"amazon":{"key":"amazon","url":"","label":"Amazon","class":"amazon","icon":"amazon.png"},"apple_podcasts":{"key":"apple_podcasts","url":"","label":"Apple Podcasts","class":"apple_podcasts","icon":"apple-podcasts.png"},"castbox":{"key":"castbox","url":"","label":"CastBox","class":"castbox","icon":"castbox.png"},"deezer":{"key":"deezer","url":"","label":"Deezer","class":"deezer","icon":"deezer.png"},"google_podcasts":{"key":"google_podcasts","url":"","label":"Google Podcasts","class":"google_podcasts","icon":"google-podcasts.png"},"listen_notes":{"key":"listen_notes","url":"","label":"Listen Notes","class":"listen_notes","icon":"listen-notes.png"},"pandora":{"key":"pandora","url":"","label":"Pandora","class":"pandora","icon":"pandora.png"},"podbean":{"key":"podbean","url":"","label":"Podbean","class":"podbean","icon":"podbean.png"},"podcast_republic":{"key":"podcast_republic","url":"","label":"Podcast Republic","class":"podcast_republic","icon":"podcast-republic.png"},"rss":{"key":"rss","url":"","label":"RSS","class":"rss","icon":"rss.png"},"spotify":{"key":"spotify","url":"","label":"Spotify","class":"spotify","icon":"spotify.png"},"stitcher":{"key":"stitcher","url":"","label":"Stitcher","class":"stitcher","icon":"stitcher.png"},"tunein":{"key":"tunein","url":"","label":"TuneIn","class":"tunein","icon":"tunein.png"},"youtube":{"key":"youtube","url":"","label":"YouTube","class":"youtube","icon":"youtube.png"},"iheartradio":{"key":"iheartradio","url":"","label":"iHeartRadio","class":"iheartradio","icon":"iheartradio.png"},"ivoox":{"key":"ivoox","url":"","label":"iVoox","class":"ivoox","icon":"ivoox.png"}},"rssFeedUrl":"https:\/\/quechilero.com\/blog\/feed\/podcast\/si-la-vida-nos-da-limones","embedCode":"<blockquote class=\"wp-embedded-content\" data-secret=\"hOZc2mtBiu\"><a href=\"https:\/\/quechilero.com\/blog\/2017\/05\/08\/es-posible-alcanzar-la-santidad\/\">Es posible alcanzar la santidad<\/a><\/blockquote><iframe sandbox=\"allow-scripts\" security=\"restricted\" src=\"https:\/\/quechilero.com\/blog\/2017\/05\/08\/es-posible-alcanzar-la-santidad\/embed\/#?secret=hOZc2mtBiu\" width=\"500\" height=\"350\" title=\"\u00abEs posible alcanzar la santidad\u00bb \u2014 Si la Vida nos da Limones...\" data-secret=\"hOZc2mtBiu\" frameborder=\"0\" marginwidth=\"0\" marginheight=\"0\" scrolling=\"no\" class=\"wp-embedded-content\"><\/iframe><script>\n\/*! This file is auto-generated *\/\n!function(d,l){\"use strict\";l.querySelector&&d.addEventListener&&\"undefined\"!=typeof URL&&(d.wp=d.wp||{},d.wp.receiveEmbedMessage||(d.wp.receiveEmbedMessage=function(e){var t=e.data;if((t||t.secret||t.message||t.value)&&!\/[^a-zA-Z0-9]\/.test(t.secret)){for(var s,r,n,a=l.querySelectorAll('iframe[data-secret=\"'+t.secret+'\"]'),o=l.querySelectorAll('blockquote[data-secret=\"'+t.secret+'\"]'),c=new RegExp(\"^https?:$\",\"i\"),i=0;i<o.length;i++)o[i].style.display=\"none\";for(i=0;i<a.length;i++)s=a[i],e.source===s.contentWindow&&(s.removeAttribute(\"style\"),\"height\"===t.message?(1e3<(r=parseInt(t.value,10))?r=1e3:~~r<200&&(r=200),s.height=r):\"link\"===t.message&&(r=new URL(s.getAttribute(\"src\")),n=new URL(t.value),c.test(n.protocol))&&n.host===r.host&&l.activeElement===s&&(d.top.location.href=t.value))}},d.addEventListener(\"message\",d.wp.receiveEmbedMessage,!1),l.addEventListener(\"DOMContentLoaded\",function(){for(var e,t,s=l.querySelectorAll(\"iframe.wp-embedded-content\"),r=0;r<s.length;r++)(t=(e=s[r]).getAttribute(\"data-secret\"))||(t=Math.random().toString(36).substring(2,12),e.src+=\"#?secret=\"+t,e.setAttribute(\"data-secret\",t)),e.contentWindow.postMessage({message:\"ready\",secret:t},\"*\")},!1)))}(window,document);\n\/\/# sourceURL=https:\/\/quechilero.com\/blog\/wp-includes\/js\/wp-embed.min.js\n<\/script>\n"},"jetpack_publicize_connections":[],"jetpack_shortlink":"https:\/\/wp.me\/pDKli-5RJ","jetpack_sharing_enabled":true,"jetpack-related-posts":[{"id":898,"url":"https:\/\/quechilero.com\/blog\/2008\/03\/13\/cuaresma-evangelio-13-mar-08\/","url_meta":{"origin":22551,"position":0},"title":"Cuaresma &#8211; Evangelio 13 mar 08","author":"Pepe Barrascout Ortiz","date":"13 marzo 2008","format":false,"excerpt":"Evangelio seg\u00fan San Juan 8,51-59. Les aseguro que el que es fiel a mi palabra, no morir\u00e1 jam\u00e1s\". Los jud\u00edos le dijeron: \"Ahora s\u00ed estamos seguros de que est\u00e1s endemoniado. Abraham muri\u00f3, los profetas tambi\u00e9n, y t\u00fa dices: 'El que es fiel a mi palabra, no morir\u00e1 jam\u00e1s'. \u00bfAcaso eres\u2026","rel":"","context":"En \u00abLimones\u00bb","block_context":{"text":"Limones","link":"https:\/\/quechilero.com\/blog\/category\/limones\/"},"img":{"alt_text":"","src":"","width":0,"height":0},"classes":[]},{"id":908,"url":"https:\/\/quechilero.com\/blog\/2008\/03\/22\/cuaresma-evangelio-22-mar-08\/","url_meta":{"origin":22551,"position":1},"title":"Cuaresma &#8211; Evangelio 22 mar 08","author":"Pepe Barrascout Ortiz","date":"22 marzo 2008","format":false,"excerpt":"Evangelio seg\u00fan San Mateo 28,1-10. Pasado el s\u00e1bado, al amanecer del primer d\u00eda de la semana, Mar\u00eda Magdalena y la otra Mar\u00eda fueron a visitar el sepulcro. De pronto, se produjo un gran temblor de tierra: el Angel del Se\u00f1or baj\u00f3 del cielo, hizo rodar la piedra del sepulcro y\u2026","rel":"","context":"En \u00abLimones\u00bb","block_context":{"text":"Limones","link":"https:\/\/quechilero.com\/blog\/category\/limones\/"},"img":{"alt_text":"","src":"","width":0,"height":0},"classes":[]},{"id":877,"url":"https:\/\/quechilero.com\/blog\/2008\/02\/22\/cuaresma-evangelio-22-feb-08\/","url_meta":{"origin":22551,"position":2},"title":"Cuaresma &#8211; Evangelio 22 feb 08","author":"Pepe Barrascout Ortiz","date":"22 febrero 2008","format":false,"excerpt":"Evangelio seg\u00fan San Mateo 16,13-19. Al llegar a la regi\u00f3n de Cesarea de Filipo, Jes\u00fas pregunt\u00f3 a sus disc\u00edpulos: \"\u00bfQu\u00e9 dice la gente sobre el Hijo del hombre? \u00bfQui\u00e9n dicen que es?\". Ellos le respondieron: \"Unos dicen que es Juan el Bautista; otros, El\u00edas; y otros, Jerem\u00edas o alguno de\u2026","rel":"","context":"En \u00abLimones\u00bb","block_context":{"text":"Limones","link":"https:\/\/quechilero.com\/blog\/category\/limones\/"},"img":{"alt_text":"","src":"","width":0,"height":0},"classes":[]},{"id":888,"url":"https:\/\/quechilero.com\/blog\/2008\/03\/04\/cuaresma-evangelio-04-mar-08\/","url_meta":{"origin":22551,"position":3},"title":"Cuaresma &#8211; Evangelio 04 mar 08","author":"Pepe Barrascout Ortiz","date":"4 marzo 2008","format":false,"excerpt":"Evangelio seg\u00fan San Juan 5,1-3.5-16. Despu\u00e9s de esto, se celebraba una fiesta de los jud\u00edos y Jes\u00fas subi\u00f3 a Jerusal\u00e9n. Junto a la puerta de las Ovejas, en Jerusal\u00e9n, hay una piscina llamada en hebreo Betsata, que tiene cinco p\u00f3rticos. Bajo estos p\u00f3rticos yac\u00eda una multitud de enfermos, ciegos, paral\u00edticos\u2026","rel":"","context":"En \u00abLimones\u00bb","block_context":{"text":"Limones","link":"https:\/\/quechilero.com\/blog\/category\/limones\/"},"img":{"alt_text":"","src":"","width":0,"height":0},"classes":[]},{"id":899,"url":"https:\/\/quechilero.com\/blog\/2008\/03\/14\/cuaresma-evangelio-14-mar-08\/","url_meta":{"origin":22551,"position":4},"title":"Cuaresma &#8211; Evangelio 14 mar 08","author":"Pepe Barrascout Ortiz","date":"14 marzo 2008","format":false,"excerpt":"Evangelio seg\u00fan San Juan 10,31-42. Los jud\u00edos tomaron piedras para apedrearlo. Entonces Jes\u00fas dijo: \"Les hice ver muchas obras buenas que vienen del Padre; \u00bfPor cu\u00e1l de ellas me quieren apedrear?\". Los jud\u00edos le respondieron: \"No queremos apedrearte por ninguna obra buena, sino porque blasfemas, ya que, siendo hombre, te\u2026","rel":"","context":"En \u00abLimones\u00bb","block_context":{"text":"Limones","link":"https:\/\/quechilero.com\/blog\/category\/limones\/"},"img":{"alt_text":"","src":"","width":0,"height":0},"classes":[]},{"id":894,"url":"https:\/\/quechilero.com\/blog\/2008\/03\/10\/cuaresma-evangelio-10-mar-08\/","url_meta":{"origin":22551,"position":5},"title":"Cuaresma &#8211; Evangelio 10 mar 08","author":"Pepe Barrascout Ortiz","date":"10 marzo 2008","format":false,"excerpt":"Evangelio seg\u00fan San Juan 8,1-11. Jes\u00fas fue al monte de los Olivos. Al amanecer volvi\u00f3 al Templo, y todo el pueblo acud\u00eda a \u00c9l. Entonces se sent\u00f3 y comenz\u00f3 a ense\u00f1arles. Los escribas y los fariseos le trajeron a una mujer que hab\u00eda sido sorprendida en adulterio y, poni\u00e9ndola en\u2026","rel":"","context":"En \u00abLimones\u00bb","block_context":{"text":"Limones","link":"https:\/\/quechilero.com\/blog\/category\/limones\/"},"img":{"alt_text":"","src":"","width":0,"height":0},"classes":[]}],"jetpack_featured_media_url":"","_links":{"self":[{"href":"https:\/\/quechilero.com\/blog\/wp-json\/wp\/v2\/posts\/22551","targetHints":{"allow":["GET"]}}],"collection":[{"href":"https:\/\/quechilero.com\/blog\/wp-json\/wp\/v2\/posts"}],"about":[{"href":"https:\/\/quechilero.com\/blog\/wp-json\/wp\/v2\/types\/post"}],"author":[{"embeddable":true,"href":"https:\/\/quechilero.com\/blog\/wp-json\/wp\/v2\/users\/1"}],"replies":[{"embeddable":true,"href":"https:\/\/quechilero.com\/blog\/wp-json\/wp\/v2\/comments?post=22551"}],"version-history":[{"count":0,"href":"https:\/\/quechilero.com\/blog\/wp-json\/wp\/v2\/posts\/22551\/revisions"}],"wp:attachment":[{"href":"https:\/\/quechilero.com\/blog\/wp-json\/wp\/v2\/media?parent=22551"}],"wp:term":[{"taxonomy":"category","embeddable":true,"href":"https:\/\/quechilero.com\/blog\/wp-json\/wp\/v2\/categories?post=22551"},{"taxonomy":"post_tag","embeddable":true,"href":"https:\/\/quechilero.com\/blog\/wp-json\/wp\/v2\/tags?post=22551"},{"taxonomy":"series","embeddable":true,"href":"https:\/\/quechilero.com\/blog\/wp-json\/wp\/v2\/series?post=22551"}],"curies":[{"name":"wp","href":"https:\/\/api.w.org\/{rel}","templated":true}]}}