{"id":2242,"date":"2008-01-16T00:00:39","date_gmt":"2008-01-16T06:00:39","guid":{"rendered":"http:\/\/www.quechilero.com\/blog\/2008\/01\/16\/%c2%bfanalfabetismo-o-ignorancia-digital\/"},"modified":"2008-01-16T00:00:39","modified_gmt":"2008-01-16T06:00:39","slug":"analfabetismo-o-ignorancia-digital","status":"publish","type":"post","link":"https:\/\/quechilero.com\/blog\/2008\/01\/16\/analfabetismo-o-ignorancia-digital\/","title":{"rendered":"\u00bfAnalfabetismo o Ignorancia Digital?"},"content":{"rendered":"<p>Hace un poco mas de un mes, el 15 de diciembre 2007, Prensa Libre public\u00f3 en la p\u00e1gina 4 en la secci\u00f3n Actualidad Nacional, una noticia relacionada con el destino de las computadoras que en su momento adquiri\u00f3 el Tribunal Supremo Electoral (TSE) y que principalmente fueron utilizadas en las pasadas elecciones.<\/p>\n<p>Se mencionan varias opciones y <em>como siempre<\/em> est\u00e1n los aprovechados, empleados del TSE que las quieren adquirir a un <em>buen precio<\/em>, a pesar que la ley indica que la <em>\u00fanica<\/em> forma en la que las pueden vender, es a trav\u00e9s de subasta p\u00fablica, pero esa es otra historia.<\/p>\n<p>Lo que me motiv\u00f3 a escribir este texto, fueron las declaraciones de \u00c1ngel Alfredo Figueroa, el presidente del Registro Nacional de Personas, que est\u00e1 viendo de que forma pasan a ser propiedad de esa entidad. Textualmente cito:<\/p>\n<blockquote><p>\u00ablas computadoras que necesitan deben ser grandes, ya que la memoria de las port\u00e1tiles es insuficiente para el trabajo que est\u00e1n por efectuar\u00bb<\/p><\/blockquote>\n<p>Esa frase encierra tantas cosas que dan pie a muchas reflexiones y pone en evidencia a su autor.<\/p>\n<p>Para empezar, \u00e9l clasifica a las computadoras en <em>\u00abgrandes y en port\u00e1tiles\u00bb<\/em>, supongo que las grandes son las de escritorio y que seg\u00fan su apreciaci\u00f3n, por el simple echo de ser <em>\u00abgrandes\u00bb<\/em>, quiere decir que su <em>capacidad<\/em> es mucho mayor que las port\u00e1tiles, cuando sabemos que con los avances que hay en este campo, ahora podemos encontrar muchas <em>port\u00e1tiles<\/em>, con mucha mayor capacidad que una <em>grande<\/em> (utilizando la misma terminolog\u00eda).<\/p>\n<p>Contin\u00faa diciendo que \u00abla memoria de las port\u00e1tiles es insuficiente\u00bb, supongo, en base a lo que he visto con usuarios inexpertos y poco conocedores, que cuando dice <em>memoria<\/em> se est\u00e1 refiriendo a la capacidad de almacenamiento del disco duro, hablar de que en una terminal se va a guardar informaci\u00f3n importante, como lo vendr\u00eda a ser la que maneja el Registro Nacional de Personas, es casi confirmar que el presidente de la entidad no tiene la mas m\u00ednima idea de la funci\u00f3n de un servidor que almacene la informaci\u00f3n, eso quiere decir que no van a estar conectadas en red y si lo llegan a estar, la informaci\u00f3n va a estar <em>desperdigada<\/em> por todas las terminales, complicando grandemente la obtenci\u00f3n de alg\u00fan dato, por simple que sea.<\/p>\n<p>Ahora si por <em>memoria <\/em>se refiere a la memoria RAM, no quisiera ni imaginar que \u00abgran trabajo\u00bb van a hacer en cada terminal de estas, que necesita <em>mucha memoria<\/em> para funcionar. Supongo que tendr\u00e1n Windows Vista con Aero instalado, ejecutando Photoshop CS3 editando un archivo de 100mb y usando el <em>ares<\/em> para bajar m\u00fasica mientras la reproducen con el Windows Media, adem\u00e1s de tener unas 50 pesta\u00f1as de FireFox abiertas con im\u00e1genes de 1mb y varias p\u00e1ginas con animaciones de flash. Quiz\u00e1 bajo estas condiciones, no le alcance la memoria instalada en esas m\u00e1quinas, aunque lo dejo en duda. \u00bfCu\u00e1l ser\u00e1 el <em>enorme<\/em> trabajo que van a efectuar?<\/p>\n<p>Finalmente, asevera que una computadora es <em>buena<\/em> por su <em>tama\u00f1o<\/em>, porque entre mas grande, <em>es mejor<\/em>, seguramente los japoneses no est\u00e1n de acuerdo con eso. En otras palabras, pareciera que es de las personas que al ver un <em>case<\/em> grande, de muchos colores, con muchas lucecistas y un gran agarrador en la parte superior, con muchos botones, denota que es una <em>supercomputadora<\/em>. O la pregunta del mill\u00f3n: \u00bfquerr\u00e1 que nadie compre las port\u00e1tiles, dandoles mala fama, porque tendr\u00e1 pensado al igual que los <em>trabajadores<\/em> del TSE, adquirir la suya a un precio <em>m\u00f3dico.<\/em><\/p>\n<p>Finalmente, como muchos de los art\u00edculos que se <em>redactan<\/em> en Prensa Libre, dejan ambiguas las declaraciones y se contradicen p\u00e1rrafos despu\u00e9s, en este caso no sabemos si la contradicci\u00f3n fue del presidente del RNP o de J\u00e9ssica Osorio, redactora de la noticia:<\/p>\n<blockquote><p>Figueroa opin\u00f3 que a las delegaciones y oficinas del TSE en todos los departamentos se podr\u00e1an llevar las computadoras grandes que se usaron en el proceso electoral.<\/p><\/blockquote>\n<p>Insiste con lo de <em>computadoras grandes<\/em>, pero la contradicci\u00f3n est\u00e1 en que anteriormente el pide las \u00abgrandes\u00bb porque son las que tienen mas \u00abmemoria\u00bb y ahora dice que mejor las usen en las oficinas del TSE en todos los departamentos. \u00bfEn que quedamos entonces, las quiere o no, o es un <em>error<\/em> de Osorio al redactar la nota?.<\/p>\n<p>Leer la noticia en <a title=\"Analfabetismo Digital\" href=\"http:\/\/www.prensalibre.com\/pl\/2007\/diciembre\/15\/190577.html\" target=\"_blank\">Prensa Libre<\/a>.<\/p>\n<p>Click en las imagen para agrandar. <em>(el sombreado amarillo es mio)<\/em>.<\/p>\n<p><a title=\"Ignorancia o Analfabetismo Digital\" href=\"http:\/\/img257.imageshack.us\/my.php?image=tselg9.png\" target=\"_blank\"><img data-recalc-dims=\"1\" loading=\"lazy\" decoding=\"async\" title=\"Analfabetismo o Ignorancia Digital\" src=\"https:\/\/i0.wp.com\/img257.imageshack.us\/img257\/1130\/tselg9.png?resize=504%2C630\" border=\"0\" alt=\"Analfabetismo o Ignorancia Digital\" width=\"504\" height=\"630\" \/><\/a><\/p>\n","protected":false},"excerpt":{"rendered":"<p>Hace un poco mas de un mes, el 15 de diciembre 2007, Prensa Libre public\u00f3 en la p\u00e1gina 4 en la secci\u00f3n Actualidad Nacional, una noticia relacionada con el destino de las computadoras que en su momento adquiri\u00f3 el Tribunal Supremo Electoral (TSE) y que principalmente fueron utilizadas en las pasadas elecciones. Se mencionan varias &#8230; <a title=\"\u00bfAnalfabetismo o Ignorancia Digital?\" class=\"read-more\" href=\"https:\/\/quechilero.com\/blog\/2008\/01\/16\/analfabetismo-o-ignorancia-digital\/\" aria-label=\"Leer m\u00e1s sobre \u00bfAnalfabetismo o Ignorancia Digital?\">Leer m\u00e1s<\/a><\/p>\n","protected":false},"author":1,"featured_media":0,"comment_status":"open","ping_status":"open","sticky":false,"template":"","format":"standard","meta":{"advanced_seo_description":"","jetpack_seo_html_title":"","jetpack_seo_noindex":false,"jetpack_seo_schema_type":"","episode_type":"","audio_file":"","podmotor_file_id":"","podmotor_episode_id":"","cover_image":"","cover_image_id":"","duration":"","filesize":"","filesize_raw":"","date_recorded":"","explicit":"","block":"","_jetpack_newsletter_access":"","_jetpack_dont_email_post_to_subs":false,"_jetpack_newsletter_tier_id":0,"_jetpack_memberships_contains_paywalled_content":false,"_jetpack_feature_clip_id":0,"_jetpack_memberships_contains_paid_content":false,"footnotes":"","jetpack_publicize_message":"","jetpack_publicize_feature_enabled":true,"jetpack_social_post_already_shared":false,"jetpack_social_options":{"image_generator_settings":{"template":"highway","default_image_id":0,"font":"","enabled":false},"version":2},"jetpack_post_was_ever_published":false},"categories":[2],"tags":[12,30,17,9,42,69,36,13],"series":[],"class_list":["post-2242","post","type-post","status-publish","format-standard","hentry","category-limones","tag-cosas","tag-error","tag-historia","tag-idea","tag-palabra","tag-photoshop","tag-trabajo","tag-windows"],"episode_featured_image":false,"episode_player_image":"https:\/\/i0.wp.com\/quechilero.com\/blog\/imagenes\/podcast.png?fit=1831%2C1831&ssl=1","download_link":"","player_link":"","audio_player":false,"episode_data":{"playerMode":"dark","subscribeUrls":{"amazon":{"key":"amazon","url":"","label":"Amazon","class":"amazon","icon":"amazon.png"},"apple_podcasts":{"key":"apple_podcasts","url":"","label":"Apple Podcasts","class":"apple_podcasts","icon":"apple-podcasts.png"},"castbox":{"key":"castbox","url":"","label":"CastBox","class":"castbox","icon":"castbox.png"},"deezer":{"key":"deezer","url":"","label":"Deezer","class":"deezer","icon":"deezer.png"},"google_podcasts":{"key":"google_podcasts","url":"","label":"Google Podcasts","class":"google_podcasts","icon":"google-podcasts.png"},"listen_notes":{"key":"listen_notes","url":"","label":"Listen Notes","class":"listen_notes","icon":"listen-notes.png"},"pandora":{"key":"pandora","url":"","label":"Pandora","class":"pandora","icon":"pandora.png"},"podbean":{"key":"podbean","url":"","label":"Podbean","class":"podbean","icon":"podbean.png"},"podcast_republic":{"key":"podcast_republic","url":"","label":"Podcast Republic","class":"podcast_republic","icon":"podcast-republic.png"},"rss":{"key":"rss","url":"","label":"RSS","class":"rss","icon":"rss.png"},"spotify":{"key":"spotify","url":"","label":"Spotify","class":"spotify","icon":"spotify.png"},"stitcher":{"key":"stitcher","url":"","label":"Stitcher","class":"stitcher","icon":"stitcher.png"},"tunein":{"key":"tunein","url":"","label":"TuneIn","class":"tunein","icon":"tunein.png"},"youtube":{"key":"youtube","url":"","label":"YouTube","class":"youtube","icon":"youtube.png"},"iheartradio":{"key":"iheartradio","url":"","label":"iHeartRadio","class":"iheartradio","icon":"iheartradio.png"},"ivoox":{"key":"ivoox","url":"","label":"iVoox","class":"ivoox","icon":"ivoox.png"}},"rssFeedUrl":"https:\/\/quechilero.com\/blog\/feed\/podcast\/si-la-vida-nos-da-limones","embedCode":"<blockquote class=\"wp-embedded-content\" data-secret=\"9EqWgaX9t0\"><a href=\"https:\/\/quechilero.com\/blog\/2008\/01\/16\/analfabetismo-o-ignorancia-digital\/\">\u00bfAnalfabetismo o Ignorancia Digital?<\/a><\/blockquote><iframe sandbox=\"allow-scripts\" security=\"restricted\" src=\"https:\/\/quechilero.com\/blog\/2008\/01\/16\/analfabetismo-o-ignorancia-digital\/embed\/#?secret=9EqWgaX9t0\" width=\"500\" height=\"350\" title=\"\u00ab\u00bfAnalfabetismo o Ignorancia Digital?\u00bb \u2014 Si la Vida nos da Limones...\" data-secret=\"9EqWgaX9t0\" frameborder=\"0\" marginwidth=\"0\" marginheight=\"0\" scrolling=\"no\" class=\"wp-embedded-content\"><\/iframe><script>\n\/*! This file is auto-generated *\/\n!function(d,l){\"use strict\";l.querySelector&&d.addEventListener&&\"undefined\"!=typeof URL&&(d.wp=d.wp||{},d.wp.receiveEmbedMessage||(d.wp.receiveEmbedMessage=function(e){var t=e.data;if((t||t.secret||t.message||t.value)&&!\/[^a-zA-Z0-9]\/.test(t.secret)){for(var s,r,n,a=l.querySelectorAll('iframe[data-secret=\"'+t.secret+'\"]'),o=l.querySelectorAll('blockquote[data-secret=\"'+t.secret+'\"]'),c=new RegExp(\"^https?:$\",\"i\"),i=0;i<o.length;i++)o[i].style.display=\"none\";for(i=0;i<a.length;i++)s=a[i],e.source===s.contentWindow&&(s.removeAttribute(\"style\"),\"height\"===t.message?(1e3<(r=parseInt(t.value,10))?r=1e3:~~r<200&&(r=200),s.height=r):\"link\"===t.message&&(r=new URL(s.getAttribute(\"src\")),n=new URL(t.value),c.test(n.protocol))&&n.host===r.host&&l.activeElement===s&&(d.top.location.href=t.value))}},d.addEventListener(\"message\",d.wp.receiveEmbedMessage,!1),l.addEventListener(\"DOMContentLoaded\",function(){for(var e,t,s=l.querySelectorAll(\"iframe.wp-embedded-content\"),r=0;r<s.length;r++)(t=(e=s[r]).getAttribute(\"data-secret\"))||(t=Math.random().toString(36).substring(2,12),e.src+=\"#?secret=\"+t,e.setAttribute(\"data-secret\",t)),e.contentWindow.postMessage({message:\"ready\",secret:t},\"*\")},!1)))}(window,document);\n\/\/# sourceURL=https:\/\/quechilero.com\/blog\/wp-includes\/js\/wp-embed.min.js\n<\/script>\n"},"jetpack_publicize_connections":[],"jetpack_shortlink":"https:\/\/wp.me\/pDKli-Aa","jetpack_sharing_enabled":true,"jetpack-related-posts":[{"id":12962,"url":"https:\/\/quechilero.com\/blog\/2013\/05\/10\/limonada-265\/","url_meta":{"origin":2242,"position":0},"title":"Limonada # 265","author":"Pepe Barrascout Ortiz","date":"10 mayo 2013","format":false,"excerpt":"El que domina a los otros es fuerte; el que se domina a s\u00ed mismo es poderoso. Lao-ts\u00e9","rel":"","context":"En \u00abLimonadas\u00bb","block_context":{"text":"Limonadas","link":"https:\/\/quechilero.com\/blog\/category\/limonadas\/"},"img":{"alt_text":"","src":"","width":0,"height":0},"classes":[]},{"id":4359,"url":"https:\/\/quechilero.com\/blog\/2010\/02\/28\/palabras\/","url_meta":{"origin":2242,"position":1},"title":"Palabras","author":"Pepe Barrascout Ortiz","date":"28 febrero 2010","format":false,"excerpt":"Los disc\u00edpulos estaban enzarzados en una discusi\u00f3n sobre la sentencia de Lao-Tse: \"Los que saben, no hablan; los que hablan, no saben.\" Cuando el Maestro entr\u00f3 donde ellos estaban, le preguntaron cu\u00e1l era el significado exacto de aquellas palabras. El Maestro les dijo: - \"\u00bfQui\u00e9n de vosotros conoce la fragancia\u2026","rel":"","context":"En \u00abLimones\u00bb","block_context":{"text":"Limones","link":"https:\/\/quechilero.com\/blog\/category\/limones\/"},"img":{"alt_text":"","src":"","width":0,"height":0},"classes":[]},{"id":18001,"url":"https:\/\/quechilero.com\/blog\/2014\/07\/10\/sobre-la-propaganda-politica\/","url_meta":{"origin":2242,"position":2},"title":"Sobre la propaganda pol\u00edtica","author":"Pepe Barrascout Ortiz","date":"10 julio 2014","format":false,"excerpt":"El TSE est\u00e1 intentando cumplir con su funci\u00f3n y hacer que se cumplan las normas ya establecidas, eso est\u00e1 bien. Pero dejemos por un lado eso y mi reflexi\u00f3n es: \u00bfpor qu\u00e9 no se permite que se haga proselitismo en todo momento y se restringe a un determinado tiempo? \u00bfno\u2026","rel":"","context":"En \u00abLimones\u00bb","block_context":{"text":"Limones","link":"https:\/\/quechilero.com\/blog\/category\/limones\/"},"img":{"alt_text":"","src":"","width":0,"height":0},"classes":[]},{"id":1226,"url":"https:\/\/quechilero.com\/blog\/2008\/08\/09\/blog-guatemala\/","url_meta":{"origin":2242,"position":3},"title":"Marat\u00f3n &#8211; Blog Guatemala","author":"Pepe Barrascout Ortiz","date":"9 agosto 2008","format":false,"excerpt":"Tremendamente nacionalista, desde la cabecera y llegando hasta el pie, Blog Guatemala, no desperdicia ni un cent\u00edmetro de la pantalla para exponer diversos t\u00f3picos relacionados con Guatemala. Hugo ha publicado desde hace tres a\u00f1os, cientos de art\u00edculos que de una u otra forma dan informaci\u00f3n muy importante sobre Guatemala, que\u2026","rel":"","context":"En \u00abBlogs de Guatemala\u00bb","block_context":{"text":"Blogs de Guatemala","link":"https:\/\/quechilero.com\/blog\/category\/blogs-de-guatemala\/"},"img":{"alt_text":"Blog Guatemala","src":"https:\/\/i0.wp.com\/img132.imageshack.us\/img132\/9485\/maratonfo3.jpg?resize=350%2C200","width":350,"height":200},"classes":[]},{"id":3217,"url":"https:\/\/quechilero.com\/blog\/2009\/08\/01\/maraton-de-blogs-recapitulando\/","url_meta":{"origin":2242,"position":4},"title":"Marat\u00f3n de Blogs: Recapitulando","author":"Pepe Barrascout Ortiz","date":"1 agosto 2009","format":false,"excerpt":"Ha pasado un a\u00f1o, desde del anterior Marat\u00f3n de Blogs y han sido muchos los Blogs de Guatemala que se han ido sumando, en parte por la relativa facilidad de acceso a internet, que hay en nuestro pa\u00eds, aunque a\u00fan estamos muy lejos, de lo que realmente deber\u00edamos de estar\u2026","rel":"","context":"En \u00abBlogs de Guatemala\u00bb","block_context":{"text":"Blogs de Guatemala","link":"https:\/\/quechilero.com\/blog\/category\/blogs-de-guatemala\/"},"img":{"alt_text":"","src":"","width":0,"height":0},"classes":[]},{"id":1215,"url":"https:\/\/quechilero.com\/blog\/2008\/08\/03\/mula-que-es-uno\/","url_meta":{"origin":2242,"position":5},"title":"Marat\u00f3n &#8211; Mula que es uno","author":"Pepe Barrascout Ortiz","date":"3 agosto 2008","format":false,"excerpt":"Tengo el honor de conocer este blog, desde el d\u00eda que public\u00f3 su primer texto y es que desde el principio qued\u00e9 enganchado y ahora tres a\u00f1os despu\u00e9s, Mula que es uno es el blog favorito de propios y extra\u00f1os. No importa lo que uno diga, siempre se va a\u2026","rel":"","context":"En \u00abBlogs de Guatemala\u00bb","block_context":{"text":"Blogs de Guatemala","link":"https:\/\/quechilero.com\/blog\/category\/blogs-de-guatemala\/"},"img":{"alt_text":"Mula que es uno","src":"https:\/\/i0.wp.com\/img167.imageshack.us\/img167\/3853\/maratonmr1.jpg?resize=350%2C200","width":350,"height":200},"classes":[]}],"jetpack_featured_media_url":"","_links":{"self":[{"href":"https:\/\/quechilero.com\/blog\/wp-json\/wp\/v2\/posts\/2242","targetHints":{"allow":["GET"]}}],"collection":[{"href":"https:\/\/quechilero.com\/blog\/wp-json\/wp\/v2\/posts"}],"about":[{"href":"https:\/\/quechilero.com\/blog\/wp-json\/wp\/v2\/types\/post"}],"author":[{"embeddable":true,"href":"https:\/\/quechilero.com\/blog\/wp-json\/wp\/v2\/users\/1"}],"replies":[{"embeddable":true,"href":"https:\/\/quechilero.com\/blog\/wp-json\/wp\/v2\/comments?post=2242"}],"version-history":[{"count":0,"href":"https:\/\/quechilero.com\/blog\/wp-json\/wp\/v2\/posts\/2242\/revisions"}],"wp:attachment":[{"href":"https:\/\/quechilero.com\/blog\/wp-json\/wp\/v2\/media?parent=2242"}],"wp:term":[{"taxonomy":"category","embeddable":true,"href":"https:\/\/quechilero.com\/blog\/wp-json\/wp\/v2\/categories?post=2242"},{"taxonomy":"post_tag","embeddable":true,"href":"https:\/\/quechilero.com\/blog\/wp-json\/wp\/v2\/tags?post=2242"},{"taxonomy":"series","embeddable":true,"href":"https:\/\/quechilero.com\/blog\/wp-json\/wp\/v2\/series?post=2242"}],"curies":[{"name":"wp","href":"https:\/\/api.w.org\/{rel}","templated":true}]}}