{"id":21515,"date":"2015-08-30T08:00:28","date_gmt":"2015-08-30T14:00:28","guid":{"rendered":"http:\/\/quechilero.com\/blog\/?p=21515"},"modified":"2015-08-30T16:17:42","modified_gmt":"2015-08-30T22:17:42","slug":"en-los-brazos-de-nuestro-padre-celestial","status":"publish","type":"post","link":"https:\/\/quechilero.com\/blog\/2015\/08\/30\/en-los-brazos-de-nuestro-padre-celestial\/","title":{"rendered":"En los brazos de nuestro Padre celestial"},"content":{"rendered":"<p>Cierto d\u00eda, un padre de familia\u00a0entr\u00f3 en su casa con un paquete para su esposa. Primero salud\u00f3 a su hijita, Minnie, que era paral\u00edtica, y le pregunt\u00f3 d\u00f3nde estaba su madre. Cuando le dijo que estaba arriba, le dijo a Minnie:<\/p>\n<p>&#8211; Tengo un paquete para ella.<\/p>\n<p>&#8211; Oh, d\u00e9jame que yo le lleve el paquete a Mam\u00e1 -dijo Minnie.<\/p>\n<p>Con dulzura, le record\u00f3 a su preciosa hija que ni siquiera pod\u00eda trasladarse por s\u00ed sola. \u00bfC\u00f3mo podr\u00eda llevarle el paquete a su madre?<\/p>\n<p>Minnie admiti\u00f3 que su pap\u00e1 ten\u00eda raz\u00f3n, ella no pod\u00eda trasladarse por sus propios medios. Pero insisti\u00f3 en que pod\u00eda llevarle el paquete a su madre:<\/p>\n<p>&#8211; Pap\u00e1&#8230; t\u00fa me das el paquete y yo lo llevo, y t\u00fa me llevas a m\u00ed.<\/p>\n<p>Le dio el paquete a su hija, tom\u00f3 a la peque\u00f1a en sus brazos y la llev\u00f3 por las escaleras hasta donde estaba su madre.<\/p>\n<p>Mientras llevaba a Minnie, \u00e9l volvi\u00f3 a entender algo muy importante acerca de su relaci\u00f3n con Dios. Durante los \u00faltimos d\u00edas \u00e9l hab\u00eda estado llevando una carga bastante pesada, pero \u00a1qu\u00e9 maravilloso era recordar que Dios lo hab\u00eda estado cargando a \u00e9l!<\/p>\n<p>\u00abDe esta misma manera es que usted y yo con frecuencia sentimos el peso de cargas muy pesadas, porque en ocasiones olvidamos que mientras las llevamos, nuestro Padre celestial nos lleva a nosotros\u00bb. Y nuestro Padre es un refugio fuerte.<\/p>\n","protected":false},"excerpt":{"rendered":"<p>Cierto d\u00eda, un padre de familia\u00a0entr\u00f3 en su casa con un paquete para su esposa. Primero salud\u00f3 a su hijita, Minnie, que era paral\u00edtica, y le pregunt\u00f3 d\u00f3nde estaba su madre. Cuando le dijo que estaba arriba, le dijo a Minnie: &#8211; Tengo un paquete para ella. &#8211; Oh, d\u00e9jame que yo le lleve el &#8230; <a title=\"En los brazos de nuestro Padre celestial\" class=\"read-more\" href=\"https:\/\/quechilero.com\/blog\/2015\/08\/30\/en-los-brazos-de-nuestro-padre-celestial\/\" aria-label=\"Leer m\u00e1s sobre En los brazos de nuestro Padre celestial\">Leer m\u00e1s<\/a><\/p>\n","protected":false},"author":1,"featured_media":0,"comment_status":"open","ping_status":"open","sticky":false,"template":"","format":"standard","meta":{"advanced_seo_description":"","jetpack_seo_html_title":"","jetpack_seo_noindex":false,"jetpack_seo_schema_type":"","episode_type":"","audio_file":"","podmotor_file_id":"","podmotor_episode_id":"","cover_image":"","cover_image_id":"","duration":"","filesize":"","filesize_raw":"","date_recorded":"","explicit":"","block":"","_jetpack_newsletter_access":"","_jetpack_dont_email_post_to_subs":false,"_jetpack_newsletter_tier_id":0,"_jetpack_memberships_contains_paywalled_content":false,"_jetpack_feature_clip_id":0,"_jetpack_memberships_contains_paid_content":false,"footnotes":"","jetpack_publicize_message":"","jetpack_publicize_feature_enabled":true,"jetpack_social_post_already_shared":true,"jetpack_social_options":{"image_generator_settings":{"template":"highway","default_image_id":0,"font":"","enabled":false},"version":2},"jetpack_post_was_ever_published":false},"categories":[2],"tags":[51,72,39],"series":[],"class_list":["post-21515","post","type-post","status-publish","format-standard","hentry","category-limones","tag-dios","tag-libro","tag-madre"],"episode_featured_image":false,"episode_player_image":"https:\/\/i0.wp.com\/quechilero.com\/blog\/imagenes\/podcast.png?fit=1831%2C1831&ssl=1","download_link":"","player_link":"","audio_player":false,"episode_data":{"playerMode":"dark","subscribeUrls":{"amazon":{"key":"amazon","url":"","label":"Amazon","class":"amazon","icon":"amazon.png"},"apple_podcasts":{"key":"apple_podcasts","url":"","label":"Apple Podcasts","class":"apple_podcasts","icon":"apple-podcasts.png"},"castbox":{"key":"castbox","url":"","label":"CastBox","class":"castbox","icon":"castbox.png"},"deezer":{"key":"deezer","url":"","label":"Deezer","class":"deezer","icon":"deezer.png"},"google_podcasts":{"key":"google_podcasts","url":"","label":"Google Podcasts","class":"google_podcasts","icon":"google-podcasts.png"},"listen_notes":{"key":"listen_notes","url":"","label":"Listen Notes","class":"listen_notes","icon":"listen-notes.png"},"pandora":{"key":"pandora","url":"","label":"Pandora","class":"pandora","icon":"pandora.png"},"podbean":{"key":"podbean","url":"","label":"Podbean","class":"podbean","icon":"podbean.png"},"podcast_republic":{"key":"podcast_republic","url":"","label":"Podcast Republic","class":"podcast_republic","icon":"podcast-republic.png"},"rss":{"key":"rss","url":"","label":"RSS","class":"rss","icon":"rss.png"},"spotify":{"key":"spotify","url":"","label":"Spotify","class":"spotify","icon":"spotify.png"},"stitcher":{"key":"stitcher","url":"","label":"Stitcher","class":"stitcher","icon":"stitcher.png"},"tunein":{"key":"tunein","url":"","label":"TuneIn","class":"tunein","icon":"tunein.png"},"youtube":{"key":"youtube","url":"","label":"YouTube","class":"youtube","icon":"youtube.png"},"iheartradio":{"key":"iheartradio","url":"","label":"iHeartRadio","class":"iheartradio","icon":"iheartradio.png"},"ivoox":{"key":"ivoox","url":"","label":"iVoox","class":"ivoox","icon":"ivoox.png"}},"rssFeedUrl":"https:\/\/quechilero.com\/blog\/feed\/podcast\/si-la-vida-nos-da-limones","embedCode":"<blockquote class=\"wp-embedded-content\" data-secret=\"BnclZq1qIU\"><a href=\"https:\/\/quechilero.com\/blog\/2015\/08\/30\/en-los-brazos-de-nuestro-padre-celestial\/\">En los brazos de nuestro Padre celestial<\/a><\/blockquote><iframe sandbox=\"allow-scripts\" security=\"restricted\" src=\"https:\/\/quechilero.com\/blog\/2015\/08\/30\/en-los-brazos-de-nuestro-padre-celestial\/embed\/#?secret=BnclZq1qIU\" width=\"500\" height=\"350\" title=\"\u00abEn los brazos de nuestro Padre celestial\u00bb \u2014 Si la Vida nos da Limones...\" data-secret=\"BnclZq1qIU\" frameborder=\"0\" marginwidth=\"0\" marginheight=\"0\" scrolling=\"no\" class=\"wp-embedded-content\"><\/iframe><script>\n\/*! This file is auto-generated *\/\n!function(d,l){\"use strict\";l.querySelector&&d.addEventListener&&\"undefined\"!=typeof URL&&(d.wp=d.wp||{},d.wp.receiveEmbedMessage||(d.wp.receiveEmbedMessage=function(e){var t=e.data;if((t||t.secret||t.message||t.value)&&!\/[^a-zA-Z0-9]\/.test(t.secret)){for(var s,r,n,a=l.querySelectorAll('iframe[data-secret=\"'+t.secret+'\"]'),o=l.querySelectorAll('blockquote[data-secret=\"'+t.secret+'\"]'),c=new RegExp(\"^https?:$\",\"i\"),i=0;i<o.length;i++)o[i].style.display=\"none\";for(i=0;i<a.length;i++)s=a[i],e.source===s.contentWindow&&(s.removeAttribute(\"style\"),\"height\"===t.message?(1e3<(r=parseInt(t.value,10))?r=1e3:~~r<200&&(r=200),s.height=r):\"link\"===t.message&&(r=new URL(s.getAttribute(\"src\")),n=new URL(t.value),c.test(n.protocol))&&n.host===r.host&&l.activeElement===s&&(d.top.location.href=t.value))}},d.addEventListener(\"message\",d.wp.receiveEmbedMessage,!1),l.addEventListener(\"DOMContentLoaded\",function(){for(var e,t,s=l.querySelectorAll(\"iframe.wp-embedded-content\"),r=0;r<s.length;r++)(t=(e=s[r]).getAttribute(\"data-secret\"))||(t=Math.random().toString(36).substring(2,12),e.src+=\"#?secret=\"+t,e.setAttribute(\"data-secret\",t)),e.contentWindow.postMessage({message:\"ready\",secret:t},\"*\")},!1)))}(window,document);\n\/\/# sourceURL=https:\/\/quechilero.com\/blog\/wp-includes\/js\/wp-embed.min.js\n<\/script>\n"},"jetpack_publicize_connections":[],"jetpack_shortlink":"https:\/\/wp.me\/pDKli-5B1","jetpack_sharing_enabled":true,"jetpack-related-posts":[{"id":12969,"url":"https:\/\/quechilero.com\/blog\/2012\/03\/26\/el-paquete-completo\/","url_meta":{"origin":21515,"position":0},"title":"El paquete completo","author":"Pepe Barrascout Ortiz","date":"26 marzo 2012","format":false,"excerpt":"Nuestra familia hab\u00eda vivido en la misma casa durante muchos a\u00f1os, y era hora de cambiar de panorama. Cuando finalmente encontramos una casa que nos gust\u00f3, comenzamos a negociar su compra. Ten\u00edamos que averiguar si inclu\u00eda el refrigerador y la estufa. Pero sab\u00edamos que algunas cosas no estaban incluidas. La\u2026","rel":"","context":"En \u00abLimones\u00bb","block_context":{"text":"Limones","link":"https:\/\/quechilero.com\/blog\/category\/limones\/"},"img":{"alt_text":"","src":"","width":0,"height":0},"classes":[]},{"id":567,"url":"https:\/\/quechilero.com\/blog\/2007\/06\/04\/vivir-como-si-fuera-el-ultimo-dia\/","url_meta":{"origin":21515,"position":1},"title":"Vivir como si fuera el \u00faltimo d\u00eda","author":"Pepe Barrascout Ortiz","date":"4 junio 2007","format":false,"excerpt":"Un chico naci\u00f3 con c\u00e1ncer, un c\u00e1ncer que no ten\u00eda cura. \u00c9l ten\u00eda 17 a\u00f1os y podr\u00eda morir en cualquier momento. Siempre vivi\u00f3 en su casa, bajo el cuidado de su madre. Ya estaba harto y decidi\u00f3 salir solo por una vez. Le pidi\u00f3 permiso a su madre y ella\u2026","rel":"","context":"En \u00abLimones\u00bb","block_context":{"text":"Limones","link":"https:\/\/quechilero.com\/blog\/category\/limones\/"},"img":{"alt_text":"","src":"","width":0,"height":0},"classes":[]},{"id":1971,"url":"https:\/\/quechilero.com\/blog\/2008\/12\/07\/papa-sabe-lo-que-puedo-llevar\/","url_meta":{"origin":21515,"position":2},"title":"Pap\u00e1 sabe lo que puedo llevar","author":"Pepe Barrascout Ortiz","date":"7 diciembre 2008","format":false,"excerpt":"Dos peque\u00f1os tra\u00edan le\u00f1a con su padre. Uno tend\u00eda sus d\u00e9biles brazos y el padre colocaba en ellos le\u00f1a, para que la llevara a casa. Su hermano lo miraba y, cuando pens\u00f3 que la carga era suficiente, le dijo: - Juan, ya es bastante; t\u00fa no puedes llevar m\u00e1s. Pero\u2026","rel":"","context":"En \u00abLimones\u00bb","block_context":{"text":"Limones","link":"https:\/\/quechilero.com\/blog\/category\/limones\/"},"img":{"alt_text":"","src":"","width":0,"height":0},"classes":[]},{"id":14621,"url":"https:\/\/quechilero.com\/blog\/2012\/10\/05\/los-maestros-mas-importantes\/","url_meta":{"origin":21515,"position":3},"title":"Los maestros m\u00e1s importantes","author":"Pepe Barrascout Ortiz","date":"5 octubre 2012","format":false,"excerpt":"Nos encontr\u00e1bamos en la clase de cuarto grado de la se\u00f1orita Tacy, repasando las tablas de multiplicaci\u00f3n, cuando levant\u00e9 la vista y vi que mi padre entraba al sal\u00f3n de clase. \"Se\u00f1orita Tacy,\" escuch\u00e9 a mi padre decir, \"pienso salir de viaje ma\u00f1ana, y me voy a llevar a John\u2026","rel":"","context":"En \u00abLimones\u00bb","block_context":{"text":"Limones","link":"https:\/\/quechilero.com\/blog\/category\/limones\/"},"img":{"alt_text":"","src":"","width":0,"height":0},"classes":[]},{"id":14605,"url":"https:\/\/quechilero.com\/blog\/2012\/09\/27\/disfruta-que-el-tiempo-vuela\/","url_meta":{"origin":21515,"position":4},"title":"Disfruta, \u00a1que el tiempo vuela!","author":"Pepe Barrascout Ortiz","date":"27 septiembre 2012","format":false,"excerpt":"Los dos ni\u00f1os estaban vestidos y listos para el gran suceso. La emoci\u00f3n inundaba sus rostros y hablaban sobre un solo tema: \u00a1Su padre les hab\u00eda prometido llevarlos al circo esa misma tarde! Despu\u00e9s del almuerzo, el pap\u00e1 lleg\u00f3 a casa y r\u00e1pidamente se visti\u00f3 con ropa m\u00e1s informal. Justo\u2026","rel":"","context":"En \u00abLimones\u00bb","block_context":{"text":"Limones","link":"https:\/\/quechilero.com\/blog\/category\/limones\/"},"img":{"alt_text":"","src":"","width":0,"height":0},"classes":[]},{"id":16036,"url":"https:\/\/quechilero.com\/blog\/2013\/02\/20\/el-circo\/","url_meta":{"origin":21515,"position":5},"title":"El Circo","author":"Pepe Barrascout Ortiz","date":"20 febrero 2013","format":false,"excerpt":"Cuando yo era adolescente, en cierta oportunidad estaba con mi padre haciendo cola para comprar entradas para el circo. Al final, s\u00f3lo quedaba una familia entre la ventanilla y nosotros. Esta familia me impresion\u00f3 mucho. Eran ocho chicos, todos probablemente menores de doce a\u00f1os. Se ve\u00eda que no ten\u00edan mucho\u2026","rel":"","context":"En \u00abLimones\u00bb","block_context":{"text":"Limones","link":"https:\/\/quechilero.com\/blog\/category\/limones\/"},"img":{"alt_text":"","src":"","width":0,"height":0},"classes":[]}],"jetpack_featured_media_url":"","_links":{"self":[{"href":"https:\/\/quechilero.com\/blog\/wp-json\/wp\/v2\/posts\/21515","targetHints":{"allow":["GET"]}}],"collection":[{"href":"https:\/\/quechilero.com\/blog\/wp-json\/wp\/v2\/posts"}],"about":[{"href":"https:\/\/quechilero.com\/blog\/wp-json\/wp\/v2\/types\/post"}],"author":[{"embeddable":true,"href":"https:\/\/quechilero.com\/blog\/wp-json\/wp\/v2\/users\/1"}],"replies":[{"embeddable":true,"href":"https:\/\/quechilero.com\/blog\/wp-json\/wp\/v2\/comments?post=21515"}],"version-history":[{"count":0,"href":"https:\/\/quechilero.com\/blog\/wp-json\/wp\/v2\/posts\/21515\/revisions"}],"wp:attachment":[{"href":"https:\/\/quechilero.com\/blog\/wp-json\/wp\/v2\/media?parent=21515"}],"wp:term":[{"taxonomy":"category","embeddable":true,"href":"https:\/\/quechilero.com\/blog\/wp-json\/wp\/v2\/categories?post=21515"},{"taxonomy":"post_tag","embeddable":true,"href":"https:\/\/quechilero.com\/blog\/wp-json\/wp\/v2\/tags?post=21515"},{"taxonomy":"series","embeddable":true,"href":"https:\/\/quechilero.com\/blog\/wp-json\/wp\/v2\/series?post=21515"}],"curies":[{"name":"wp","href":"https:\/\/api.w.org\/{rel}","templated":true}]}}