{"id":21513,"date":"2015-08-29T08:00:15","date_gmt":"2015-08-29T14:00:15","guid":{"rendered":"http:\/\/quechilero.com\/blog\/?p=21513"},"modified":"2015-08-08T10:52:15","modified_gmt":"2015-08-08T16:52:15","slug":"vuelta-en-u","status":"publish","type":"post","link":"https:\/\/quechilero.com\/blog\/2015\/08\/29\/vuelta-en-u\/","title":{"rendered":"Vuelta en U"},"content":{"rendered":"<p>Una vez hace unos meses, me toc\u00f3 ir a un lugar alejado de mi ciudad, donde el camino era tan estrecho que apenas pod\u00edan pasar dos autos, y a un lado del camino hab\u00eda una monta\u00f1a y al otro un precipicio de unos 40 metros de altura.<\/p>\n<p>Pregunt\u00e9 a un hombre que caminaba si faltaba mucho para llegar a mi destino, y me dijo que la entrada hab\u00eda quedado 1 km atr\u00e1s. En ese momento empec\u00e9 a descender m\u00e1s y m\u00e1s, buscando un lugar donde el auto pudiera dar la vuelta.<\/p>\n<p>Al no encontrarlo, me empec\u00e9 a desesperar pues por m\u00e1s que avanzaba no pod\u00eda dar marcha atr\u00e1s, y m\u00e1s bien me alejaba cada vez m\u00e1s de mi destino real. En aquel momento lo que m\u00e1s deseaba era un lugar donde pudiera \u00abdar la vuelta\u00bb y regresar. En esa ocasi\u00f3n tuve que bajar aproximadamente 4 km para poder girar y volver.<\/p>\n<p>Muchas veces hemos dejado a un lado nuestra relaci\u00f3n \u00edntima con Dios y el buen camino va quedando atr\u00e1s. T\u00fa tienes una ventaja con respecto a m\u00ed en la historia, y es que t\u00fa no tienes que esperar m\u00e1s para dar vuelta.<\/p>\n<p>\u00a1Vuelve! No te alejes m\u00e1s, pues tienes la oportunidad de volver en este momento a los brazos de tu creador, que esperan abiertos tu regreso. Es lo que \u00c9l m\u00e1s anhela.<\/p>\n<p>No lo dudes&#8230; \u00a1GIRA AHORA! Y no te alejes m\u00e1s&#8230; El pr\u00f3ximo lugar para \u00abgirar\u00bb puede estar lejos. Depende de ti.<\/p>\n","protected":false},"excerpt":{"rendered":"<p>Una vez hace unos meses, me toc\u00f3 ir a un lugar alejado de mi ciudad, donde el camino era tan estrecho que apenas pod\u00edan pasar dos autos, y a un lado del camino hab\u00eda una monta\u00f1a y al otro un precipicio de unos 40 metros de altura. Pregunt\u00e9 a un hombre que caminaba si faltaba &#8230; <a title=\"Vuelta en U\" class=\"read-more\" href=\"https:\/\/quechilero.com\/blog\/2015\/08\/29\/vuelta-en-u\/\" aria-label=\"Leer m\u00e1s sobre Vuelta en U\">Leer m\u00e1s<\/a><\/p>\n","protected":false},"author":1,"featured_media":0,"comment_status":"open","ping_status":"open","sticky":false,"template":"","format":"standard","meta":{"advanced_seo_description":"","jetpack_seo_html_title":"","jetpack_seo_noindex":false,"jetpack_seo_schema_type":"","episode_type":"","audio_file":"","podmotor_file_id":"","podmotor_episode_id":"","cover_image":"","cover_image_id":"","duration":"","filesize":"","filesize_raw":"","date_recorded":"","explicit":"","block":"","_jetpack_newsletter_access":"","_jetpack_dont_email_post_to_subs":false,"_jetpack_newsletter_tier_id":0,"_jetpack_memberships_contains_paywalled_content":false,"_jetpack_feature_clip_id":0,"_jetpack_memberships_contains_paid_content":false,"footnotes":"","jetpack_publicize_message":"","jetpack_publicize_feature_enabled":true,"jetpack_social_post_already_shared":true,"jetpack_social_options":{"image_generator_settings":{"template":"highway","default_image_id":0,"font":"","enabled":false},"version":2},"jetpack_post_was_ever_published":false},"categories":[2],"tags":[51,17,18],"series":[],"class_list":["post-21513","post","type-post","status-publish","format-standard","hentry","category-limones","tag-dios","tag-historia","tag-hombre"],"episode_featured_image":false,"episode_player_image":"https:\/\/i0.wp.com\/quechilero.com\/blog\/imagenes\/podcast.png?fit=1831%2C1831&ssl=1","download_link":"","player_link":"","audio_player":false,"episode_data":{"playerMode":"dark","subscribeUrls":{"amazon":{"key":"amazon","url":"","label":"Amazon","class":"amazon","icon":"amazon.png"},"apple_podcasts":{"key":"apple_podcasts","url":"","label":"Apple Podcasts","class":"apple_podcasts","icon":"apple-podcasts.png"},"castbox":{"key":"castbox","url":"","label":"CastBox","class":"castbox","icon":"castbox.png"},"deezer":{"key":"deezer","url":"","label":"Deezer","class":"deezer","icon":"deezer.png"},"google_podcasts":{"key":"google_podcasts","url":"","label":"Google Podcasts","class":"google_podcasts","icon":"google-podcasts.png"},"listen_notes":{"key":"listen_notes","url":"","label":"Listen Notes","class":"listen_notes","icon":"listen-notes.png"},"pandora":{"key":"pandora","url":"","label":"Pandora","class":"pandora","icon":"pandora.png"},"podbean":{"key":"podbean","url":"","label":"Podbean","class":"podbean","icon":"podbean.png"},"podcast_republic":{"key":"podcast_republic","url":"","label":"Podcast Republic","class":"podcast_republic","icon":"podcast-republic.png"},"rss":{"key":"rss","url":"","label":"RSS","class":"rss","icon":"rss.png"},"spotify":{"key":"spotify","url":"","label":"Spotify","class":"spotify","icon":"spotify.png"},"stitcher":{"key":"stitcher","url":"","label":"Stitcher","class":"stitcher","icon":"stitcher.png"},"tunein":{"key":"tunein","url":"","label":"TuneIn","class":"tunein","icon":"tunein.png"},"youtube":{"key":"youtube","url":"","label":"YouTube","class":"youtube","icon":"youtube.png"},"iheartradio":{"key":"iheartradio","url":"","label":"iHeartRadio","class":"iheartradio","icon":"iheartradio.png"},"ivoox":{"key":"ivoox","url":"","label":"iVoox","class":"ivoox","icon":"ivoox.png"}},"rssFeedUrl":"https:\/\/quechilero.com\/blog\/feed\/podcast\/si-la-vida-nos-da-limones","embedCode":"<blockquote class=\"wp-embedded-content\" data-secret=\"Ss5MUhtTW2\"><a href=\"https:\/\/quechilero.com\/blog\/2015\/08\/29\/vuelta-en-u\/\">Vuelta en U<\/a><\/blockquote><iframe sandbox=\"allow-scripts\" security=\"restricted\" src=\"https:\/\/quechilero.com\/blog\/2015\/08\/29\/vuelta-en-u\/embed\/#?secret=Ss5MUhtTW2\" width=\"500\" height=\"350\" title=\"\u00abVuelta en U\u00bb \u2014 Si la Vida nos da Limones...\" data-secret=\"Ss5MUhtTW2\" frameborder=\"0\" marginwidth=\"0\" marginheight=\"0\" scrolling=\"no\" class=\"wp-embedded-content\"><\/iframe><script>\n\/*! This file is auto-generated *\/\n!function(d,l){\"use strict\";l.querySelector&&d.addEventListener&&\"undefined\"!=typeof URL&&(d.wp=d.wp||{},d.wp.receiveEmbedMessage||(d.wp.receiveEmbedMessage=function(e){var t=e.data;if((t||t.secret||t.message||t.value)&&!\/[^a-zA-Z0-9]\/.test(t.secret)){for(var s,r,n,a=l.querySelectorAll('iframe[data-secret=\"'+t.secret+'\"]'),o=l.querySelectorAll('blockquote[data-secret=\"'+t.secret+'\"]'),c=new RegExp(\"^https?:$\",\"i\"),i=0;i<o.length;i++)o[i].style.display=\"none\";for(i=0;i<a.length;i++)s=a[i],e.source===s.contentWindow&&(s.removeAttribute(\"style\"),\"height\"===t.message?(1e3<(r=parseInt(t.value,10))?r=1e3:~~r<200&&(r=200),s.height=r):\"link\"===t.message&&(r=new URL(s.getAttribute(\"src\")),n=new URL(t.value),c.test(n.protocol))&&n.host===r.host&&l.activeElement===s&&(d.top.location.href=t.value))}},d.addEventListener(\"message\",d.wp.receiveEmbedMessage,!1),l.addEventListener(\"DOMContentLoaded\",function(){for(var e,t,s=l.querySelectorAll(\"iframe.wp-embedded-content\"),r=0;r<s.length;r++)(t=(e=s[r]).getAttribute(\"data-secret\"))||(t=Math.random().toString(36).substring(2,12),e.src+=\"#?secret=\"+t,e.setAttribute(\"data-secret\",t)),e.contentWindow.postMessage({message:\"ready\",secret:t},\"*\")},!1)))}(window,document);\n\/\/# sourceURL=https:\/\/quechilero.com\/blog\/wp-includes\/js\/wp-embed.min.js\n<\/script>\n"},"jetpack_publicize_connections":[],"jetpack_shortlink":"https:\/\/wp.me\/pDKli-5AZ","jetpack_sharing_enabled":true,"jetpack-related-posts":[{"id":17140,"url":"https:\/\/quechilero.com\/blog\/2013\/09\/18\/el-%ef%bb%bfprojimo\/","url_meta":{"origin":21513,"position":0},"title":"El \ufeffpr\u00f3jimo","author":"Pepe Barrascout Ortiz","date":"18 septiembre 2013","format":false,"excerpt":"Cierto d\u00eda en horas de la tarde y en un calor insoportable, en el camino que me conduc\u00eda del trabajo a casa, vi a un hombre que caminaba cargando en sus brazos a una ni\u00f1a como de 4 a\u00f1os. Este se\u00f1or de aspecto humilde hac\u00eda se\u00f1as para que alguien lo\u2026","rel":"","context":"En \u00abLimones\u00bb","block_context":{"text":"Limones","link":"https:\/\/quechilero.com\/blog\/category\/limones\/"},"img":{"alt_text":"","src":"","width":0,"height":0},"classes":[]},{"id":21247,"url":"https:\/\/quechilero.com\/blog\/2015\/07\/03\/que-soy-yo-un-hombre-o-una-mosca\/","url_meta":{"origin":21513,"position":1},"title":"\u00bfQu\u00e9 soy yo? \u00bfUn Hombre o una Mosca?","author":"Pepe Barrascout Ortiz","date":"3 julio 2015","format":false,"excerpt":"Hoy pas\u00e9 un d\u00eda aburrido. No s\u00e9 por qu\u00e9, pero me aburr\u00ed durante parte del d\u00eda. Es decir, hice lo que ten\u00eda que hacer, pero sin ganas, autom\u00e1ticamente, aburridamente. Estuve con no s\u00e9 qu\u00e9 en la cabeza, y me cost\u00f3 prestar atenci\u00f3n a lo que ten\u00eda que hacer. Y eso\u2026","rel":"","context":"En \u00abLimones\u00bb","block_context":{"text":"Limones","link":"https:\/\/quechilero.com\/blog\/category\/limones\/"},"img":{"alt_text":"","src":"","width":0,"height":0},"classes":[]},{"id":5742,"url":"https:\/\/quechilero.com\/blog\/2010\/10\/04\/la-oruga\/","url_meta":{"origin":21513,"position":2},"title":"La oruga","author":"Pepe Barrascout Ortiz","date":"4 octubre 2010","format":false,"excerpt":"A lo mejor ya has le\u00eddo antes esta historia, pero igual me impresiona cada vez que la leo... Y es que \u00bfsabes? Todo en la vida se trata de una sola palabra: ACTITUD. La actitud tiene que ver sobre c\u00f3mo reaccionas a cada situaci\u00f3n, tiene que ver con si te\u2026","rel":"","context":"En \u00abLimones\u00bb","block_context":{"text":"Limones","link":"https:\/\/quechilero.com\/blog\/category\/limones\/"},"img":{"alt_text":"","src":"","width":0,"height":0},"classes":[]},{"id":21209,"url":"https:\/\/quechilero.com\/blog\/2015\/06\/13\/el-cerdo-y-la-cerda\/","url_meta":{"origin":21513,"position":3},"title":"El cerdo y la cerda","author":"Pepe Barrascout Ortiz","date":"13 junio 2015","format":false,"excerpt":"Hab\u00eda una vez un hombre que ten\u00eda una caba\u00f1a en las monta\u00f1as y un Porsche para llegar all\u00ed. Cada s\u00e1bado por la ma\u00f1ana, el hombre conduc\u00eda hasta su caba\u00f1a por un peligroso camino lleno de curvas cerradas, abismos sin vallas protectoras y enga\u00f1osos virajes. Pero a este hombre no le\u2026","rel":"","context":"En \u00abLimones\u00bb","block_context":{"text":"Limones","link":"https:\/\/quechilero.com\/blog\/category\/limones\/"},"img":{"alt_text":"","src":"","width":0,"height":0},"classes":[]},{"id":21181,"url":"https:\/\/quechilero.com\/blog\/2015\/05\/27\/andar-en-bici-con-dios\/","url_meta":{"origin":21513,"position":4},"title":"Andar en bici con Dios","author":"Pepe Barrascout Ortiz","date":"27 mayo 2015","format":false,"excerpt":"Al principio ve\u00eda a Dios como el que me observaba, como un juez que llevaba cuenta de lo que hac\u00eda mal, como para ver si merec\u00eda el cielo o el infierno cuando muriera. Era como un presidente, reconoc\u00eda su foto cuando la ve\u00eda, pero realmente no lo conoc\u00eda. Pero luego\u2026","rel":"","context":"En \u00abLimones\u00bb","block_context":{"text":"Limones","link":"https:\/\/quechilero.com\/blog\/category\/limones\/"},"img":{"alt_text":"","src":"","width":0,"height":0},"classes":[]},{"id":3384,"url":"https:\/\/quechilero.com\/blog\/2009\/07\/30\/lo-bueno-lo-malo-lo-feo-de-la-feria-del-libro\/","url_meta":{"origin":21513,"position":5},"title":"Lo bueno, lo malo, lo feo de la feria del libro","author":"Pepe Barrascout Ortiz","date":"30 julio 2009","format":false,"excerpt":"La lectura es algo que siempre me ha apasionado desde peque\u00f1o, as\u00ed que cuando se anuncia una feria del libro, me hace sentir sumamente emocionado. Este a\u00f1o se organiz\u00f3 la Feria Internacional del Libro en Guatemala durante esta semana y sin perder tiempo, aprovechando que estar\u00eda en Guatemala el s\u00e1bado\u2026","rel":"","context":"En \u00abLimones\u00bb","block_context":{"text":"Limones","link":"https:\/\/quechilero.com\/blog\/category\/limones\/"},"img":{"alt_text":"","src":"https:\/\/i0.wp.com\/i392.photobucket.com\/albums\/pp7\/pepejaguar\/blog\/Cartel_Feria_del_Libro.jpg?resize=350%2C200","width":350,"height":200},"classes":[]}],"jetpack_featured_media_url":"","_links":{"self":[{"href":"https:\/\/quechilero.com\/blog\/wp-json\/wp\/v2\/posts\/21513","targetHints":{"allow":["GET"]}}],"collection":[{"href":"https:\/\/quechilero.com\/blog\/wp-json\/wp\/v2\/posts"}],"about":[{"href":"https:\/\/quechilero.com\/blog\/wp-json\/wp\/v2\/types\/post"}],"author":[{"embeddable":true,"href":"https:\/\/quechilero.com\/blog\/wp-json\/wp\/v2\/users\/1"}],"replies":[{"embeddable":true,"href":"https:\/\/quechilero.com\/blog\/wp-json\/wp\/v2\/comments?post=21513"}],"version-history":[{"count":0,"href":"https:\/\/quechilero.com\/blog\/wp-json\/wp\/v2\/posts\/21513\/revisions"}],"wp:attachment":[{"href":"https:\/\/quechilero.com\/blog\/wp-json\/wp\/v2\/media?parent=21513"}],"wp:term":[{"taxonomy":"category","embeddable":true,"href":"https:\/\/quechilero.com\/blog\/wp-json\/wp\/v2\/categories?post=21513"},{"taxonomy":"post_tag","embeddable":true,"href":"https:\/\/quechilero.com\/blog\/wp-json\/wp\/v2\/tags?post=21513"},{"taxonomy":"series","embeddable":true,"href":"https:\/\/quechilero.com\/blog\/wp-json\/wp\/v2\/series?post=21513"}],"curies":[{"name":"wp","href":"https:\/\/api.w.org\/{rel}","templated":true}]}}