{"id":21492,"date":"2015-08-19T08:00:11","date_gmt":"2015-08-19T14:00:11","guid":{"rendered":"http:\/\/quechilero.com\/blog\/?p=21492"},"modified":"2015-08-08T10:33:16","modified_gmt":"2015-08-08T16:33:16","slug":"quejas","status":"publish","type":"post","link":"https:\/\/quechilero.com\/blog\/2015\/08\/19\/quejas\/","title":{"rendered":"Quejas"},"content":{"rendered":"<p>Hay personas que pasan todo el tiempo quej\u00e1ndose de esta manera:<\/p>\n<p>El mundo hoy, va mal&#8230; El gobierno no satisface mis necesidades&#8230; La Iglesia no me da respuestas&#8230; Mis amigos se desaparecieron&#8230; La se\u00f1al de televisi\u00f3n no comenz\u00f3 a transmitir a tiempo&#8230; Mi equipo ha perdido y es posible que descienda&#8230; Mi mujer siempre protesta que no le alcanza el dinero&#8230; Esos ni\u00f1os que no paran de llorar&#8230; Mi jefe no me comprende&#8230; La ciudad est\u00e1 toda sucia y las calles est\u00e1n deterioradas&#8230; Nadie reconoce mi trabajo&#8230; Los precios no paran de subir&#8230; \u00a1Esto no es vida&#8230; As\u00ed no vale la pena vivir!<\/p>\n<p>Entonces creemos que todo ser\u00eda mejor:<\/p>\n<p>Si yo hubiese nacido en cuna de oro&#8230; Si mis padres fueran m\u00e1s inteligentes&#8230; Si no existiese tanta gente confundiendo mi vida&#8230; Si yo consiguiese un diploma sin tener que estudiar&#8230;<\/p>\n<p>Muchas veces a lo largo de mi vida me hice estos mismos cuestionamientos, que s\u00f3lo me produc\u00edan dolor, sufrimiento y depresi\u00f3n. Un d\u00eda comprend\u00ed que todo esto estaba en mi mente, pero que la realidad era otra, por eso dej\u00e9 de quejarme y comenc\u00e9 a dar gracias a Dios por todo lo que me daba y hac\u00eda por m\u00ed.<\/p>\n<p>Ahora veamos en qu\u00e9 condiciones vivi\u00f3 Jes\u00fas en este mundo:<\/p>\n<p>Naci\u00f3 en un establo&#8230; Multiplic\u00f3 los panes y peces en un cesto&#8230; Utiliz\u00f3 una casa para hablar a sus seguidores&#8230; Hizo un milagro en un barco&#8230; Mont\u00f3 en un asno&#8230; Fue sepultado en un sepulcro \u00abprestado\u00bb&#8230;<\/p>\n<p>Sin embargo, \u00c9l nunca se quej\u00f3, ni murmur\u00f3 de su condici\u00f3n. Jam\u00e1s habl\u00f3 de la situaci\u00f3n.<\/p>\n<p>No pierdas el tiempo lament\u00e1ndote por lo que no tienes o por lo que no puedes alcanzar. Preg\u00fantale a Dios cu\u00e1l es Su plan y Su prop\u00f3sito para tu vida y espera. Un d\u00eda, sin darte cuenta, estar\u00e1s haciendo lo que siempre quisiste. Cambia tus quejas por paciencia, esperanza y fe.<\/p>\n","protected":false},"excerpt":{"rendered":"<p>Hay personas que pasan todo el tiempo quej\u00e1ndose de esta manera: El mundo hoy, va mal&#8230; El gobierno no satisface mis necesidades&#8230; La Iglesia no me da respuestas&#8230; Mis amigos se desaparecieron&#8230; La se\u00f1al de televisi\u00f3n no comenz\u00f3 a transmitir a tiempo&#8230; Mi equipo ha perdido y es posible que descienda&#8230; Mi mujer siempre protesta &#8230; <a title=\"Quejas\" class=\"read-more\" href=\"https:\/\/quechilero.com\/blog\/2015\/08\/19\/quejas\/\" aria-label=\"Leer m\u00e1s sobre Quejas\">Leer m\u00e1s<\/a><\/p>\n","protected":false},"author":1,"featured_media":0,"comment_status":"open","ping_status":"open","sticky":false,"template":"","format":"standard","meta":{"advanced_seo_description":"","jetpack_seo_html_title":"","jetpack_seo_noindex":false,"jetpack_seo_schema_type":"","episode_type":"","audio_file":"","podmotor_file_id":"","podmotor_episode_id":"","cover_image":"","cover_image_id":"","duration":"","filesize":"","filesize_raw":"","date_recorded":"","explicit":"","block":"","_jetpack_newsletter_access":"","_jetpack_dont_email_post_to_subs":false,"_jetpack_newsletter_tier_id":0,"_jetpack_memberships_contains_paywalled_content":false,"_jetpack_feature_clip_id":0,"_jetpack_memberships_contains_paid_content":false,"footnotes":"","jetpack_publicize_message":"","jetpack_publicize_feature_enabled":true,"jetpack_social_post_already_shared":true,"jetpack_social_options":{"image_generator_settings":{"template":"highway","default_image_id":0,"font":"","enabled":false},"version":2},"jetpack_post_was_ever_published":false},"categories":[2],"tags":[85,26,51,16,74,20,60,5,36,24],"series":[],"class_list":["post-21492","post","type-post","status-publish","format-standard","hentry","category-limones","tag-depresion","tag-dinero","tag-dios","tag-equipo","tag-jesus","tag-mujer","tag-paciencia","tag-tiempo","tag-trabajo","tag-vida"],"episode_featured_image":false,"episode_player_image":"https:\/\/i0.wp.com\/quechilero.com\/blog\/imagenes\/podcast.png?fit=1831%2C1831&ssl=1","download_link":"","player_link":"","audio_player":false,"episode_data":{"playerMode":"dark","subscribeUrls":{"amazon":{"key":"amazon","url":"","label":"Amazon","class":"amazon","icon":"amazon.png"},"apple_podcasts":{"key":"apple_podcasts","url":"","label":"Apple Podcasts","class":"apple_podcasts","icon":"apple-podcasts.png"},"castbox":{"key":"castbox","url":"","label":"CastBox","class":"castbox","icon":"castbox.png"},"deezer":{"key":"deezer","url":"","label":"Deezer","class":"deezer","icon":"deezer.png"},"google_podcasts":{"key":"google_podcasts","url":"","label":"Google Podcasts","class":"google_podcasts","icon":"google-podcasts.png"},"listen_notes":{"key":"listen_notes","url":"","label":"Listen Notes","class":"listen_notes","icon":"listen-notes.png"},"pandora":{"key":"pandora","url":"","label":"Pandora","class":"pandora","icon":"pandora.png"},"podbean":{"key":"podbean","url":"","label":"Podbean","class":"podbean","icon":"podbean.png"},"podcast_republic":{"key":"podcast_republic","url":"","label":"Podcast Republic","class":"podcast_republic","icon":"podcast-republic.png"},"rss":{"key":"rss","url":"","label":"RSS","class":"rss","icon":"rss.png"},"spotify":{"key":"spotify","url":"","label":"Spotify","class":"spotify","icon":"spotify.png"},"stitcher":{"key":"stitcher","url":"","label":"Stitcher","class":"stitcher","icon":"stitcher.png"},"tunein":{"key":"tunein","url":"","label":"TuneIn","class":"tunein","icon":"tunein.png"},"youtube":{"key":"youtube","url":"","label":"YouTube","class":"youtube","icon":"youtube.png"},"iheartradio":{"key":"iheartradio","url":"","label":"iHeartRadio","class":"iheartradio","icon":"iheartradio.png"},"ivoox":{"key":"ivoox","url":"","label":"iVoox","class":"ivoox","icon":"ivoox.png"}},"rssFeedUrl":"https:\/\/quechilero.com\/blog\/feed\/podcast\/si-la-vida-nos-da-limones","embedCode":"<blockquote class=\"wp-embedded-content\" data-secret=\"sSB8y65KO2\"><a href=\"https:\/\/quechilero.com\/blog\/2015\/08\/19\/quejas\/\">Quejas<\/a><\/blockquote><iframe sandbox=\"allow-scripts\" security=\"restricted\" src=\"https:\/\/quechilero.com\/blog\/2015\/08\/19\/quejas\/embed\/#?secret=sSB8y65KO2\" width=\"500\" height=\"350\" title=\"\u00abQuejas\u00bb \u2014 Si la Vida nos da Limones...\" data-secret=\"sSB8y65KO2\" frameborder=\"0\" marginwidth=\"0\" marginheight=\"0\" scrolling=\"no\" class=\"wp-embedded-content\"><\/iframe><script>\n\/*! This file is auto-generated *\/\n!function(d,l){\"use strict\";l.querySelector&&d.addEventListener&&\"undefined\"!=typeof URL&&(d.wp=d.wp||{},d.wp.receiveEmbedMessage||(d.wp.receiveEmbedMessage=function(e){var t=e.data;if((t||t.secret||t.message||t.value)&&!\/[^a-zA-Z0-9]\/.test(t.secret)){for(var s,r,n,a=l.querySelectorAll('iframe[data-secret=\"'+t.secret+'\"]'),o=l.querySelectorAll('blockquote[data-secret=\"'+t.secret+'\"]'),c=new RegExp(\"^https?:$\",\"i\"),i=0;i<o.length;i++)o[i].style.display=\"none\";for(i=0;i<a.length;i++)s=a[i],e.source===s.contentWindow&&(s.removeAttribute(\"style\"),\"height\"===t.message?(1e3<(r=parseInt(t.value,10))?r=1e3:~~r<200&&(r=200),s.height=r):\"link\"===t.message&&(r=new URL(s.getAttribute(\"src\")),n=new URL(t.value),c.test(n.protocol))&&n.host===r.host&&l.activeElement===s&&(d.top.location.href=t.value))}},d.addEventListener(\"message\",d.wp.receiveEmbedMessage,!1),l.addEventListener(\"DOMContentLoaded\",function(){for(var e,t,s=l.querySelectorAll(\"iframe.wp-embedded-content\"),r=0;r<s.length;r++)(t=(e=s[r]).getAttribute(\"data-secret\"))||(t=Math.random().toString(36).substring(2,12),e.src+=\"#?secret=\"+t,e.setAttribute(\"data-secret\",t)),e.contentWindow.postMessage({message:\"ready\",secret:t},\"*\")},!1)))}(window,document);\n\/\/# sourceURL=https:\/\/quechilero.com\/blog\/wp-includes\/js\/wp-embed.min.js\n<\/script>\n"},"jetpack_publicize_connections":[],"jetpack_shortlink":"https:\/\/wp.me\/sDKli-quejas","jetpack_sharing_enabled":true,"jetpack-related-posts":[{"id":175,"url":"https:\/\/quechilero.com\/blog\/2006\/08\/24\/frases-casi-celebres\/","url_meta":{"origin":21492,"position":0},"title":"Frases casi c\u00e9lebres","author":"Pepe Barrascout Ortiz","date":"24 agosto 2006","format":false,"excerpt":"No soy un completo in\u00fatil, por lo menos sirvo de mal ejemplo. Esta obsesi\u00f3n de suicidio me est\u00e1 matando. No m\u00e1s medios de comunicaci\u00f3n, los queremos completos. Si no eres parte de la soluci\u00f3n, eres parte del problema. Errar es humano, pero echarle la culpa al otro es m\u00e1s humano\u2026","rel":"","context":"En \u00abLimones\u00bb","block_context":{"text":"Limones","link":"https:\/\/quechilero.com\/blog\/category\/limones\/"},"img":{"alt_text":"","src":"","width":0,"height":0},"classes":[]},{"id":382,"url":"https:\/\/quechilero.com\/blog\/2006\/12\/25\/porque-te-quejas\/","url_meta":{"origin":21492,"position":1},"title":"\u00bfPorqu\u00e9 te quejas?","author":"Pepe Barrascout Ortiz","date":"25 diciembre 2006","format":false,"excerpt":"Si llevas las velas recogidas, \u00bfpor qu\u00e9 te quejas de no tener un buen viento que te impulse? Si llevas enrollada tu bandera, \u00bfpor qu\u00e9 te quejas de que los dem\u00e1s no se contagien con tu verdad? Si te sientas en la primera piedra, \u00bfpor qu\u00e9 te quejas de quedar\u2026","rel":"","context":"En \u00abLimones\u00bb","block_context":{"text":"Limones","link":"https:\/\/quechilero.com\/blog\/category\/limones\/"},"img":{"alt_text":"","src":"","width":0,"height":0},"classes":[]},{"id":981,"url":"https:\/\/quechilero.com\/blog\/2008\/06\/03\/algo-por-que-vivir\/","url_meta":{"origin":21492,"position":2},"title":"Algo por que vivir","author":"Pepe Barrascout Ortiz","date":"3 junio 2008","format":false,"excerpt":"No hace mucho tiempo, en Bereilly, una mujer de 35 a\u00f1os de edad su suicid\u00f3. Para aquellos que no la conoc\u00edan \u00edntimamente parec\u00eda tener todo lo que se puede desear en la vida: comodidad, posici\u00f3n social y dem\u00e1s. Sin embargo, a menudo se quejaba de la soledad que hab\u00eda sentido\u2026","rel":"","context":"En \u00abLimones\u00bb","block_context":{"text":"Limones","link":"https:\/\/quechilero.com\/blog\/category\/limones\/"},"img":{"alt_text":"","src":"","width":0,"height":0},"classes":[]},{"id":28,"url":"https:\/\/quechilero.com\/blog\/2006\/07\/16\/el-hombre-que-queria-ser-mujer\/","url_meta":{"origin":21492,"position":3},"title":"El Hombre que quer\u00eda ser Mujer","author":"Pepe Barrascout Ortiz","date":"16 julio 2006","format":false,"excerpt":"\u00a1Mucho cuidado con lo que deseas!, podr\u00eda hacerse realidad. Un hombre se quejaba as\u00ed: - \"Dios m\u00edo, ten compasi\u00f3n de mi, mira como trabajo tanto, en cambio mi mujer tan tranquila en la casa. Yo dar\u00eda cualquier cosa para que hicieras un milagro y convirtieras a mi mujer en m\u00ed,\u2026","rel":"","context":"En \u00abLimones\u00bb","block_context":{"text":"Limones","link":"https:\/\/quechilero.com\/blog\/category\/limones\/"},"img":{"alt_text":"","src":"","width":0,"height":0},"classes":[]},{"id":15228,"url":"https:\/\/quechilero.com\/blog\/2012\/11\/29\/la-ancianita\/","url_meta":{"origin":21492,"position":4},"title":"La ancianita","author":"Pepe Barrascout Ortiz","date":"29 noviembre 2012","format":false,"excerpt":"La anciana campesina caminaba lentamente, cargando con dificultad un atado de le\u00f1a para alimentar una hoguera en la que cocinaba. Su rancho era un pedazo de techo ca\u00eddo sobre una pared, formando un espacio triangular dentro de \u00e9ste. Un joven juez que en su tiempo libre paseaba por el campo,\u2026","rel":"","context":"En \u00abLimones\u00bb","block_context":{"text":"Limones","link":"https:\/\/quechilero.com\/blog\/category\/limones\/"},"img":{"alt_text":"","src":"","width":0,"height":0},"classes":[]},{"id":606,"url":"https:\/\/quechilero.com\/blog\/2007\/08\/07\/el-nectar-de-la-vida\/","url_meta":{"origin":21492,"position":5},"title":"El n\u00e9ctar de la vida","author":"Pepe Barrascout Ortiz","date":"7 agosto 2007","format":false,"excerpt":"Un grupo de ex estudiantes, ya muy establecidos en sus carreras, se reuni\u00f3 para visitar a su viejo profesor de la universidad. Una vez en casa del maestro, la conversaci\u00f3n se concentr\u00f3 en quejas sobre el estr\u00e9s en el trabajo y la vida. Al ofrecerles n\u00e9ctar a sus visitas, el\u2026","rel":"","context":"En \u00abLimones\u00bb","block_context":{"text":"Limones","link":"https:\/\/quechilero.com\/blog\/category\/limones\/"},"img":{"alt_text":"","src":"","width":0,"height":0},"classes":[]}],"jetpack_featured_media_url":"","_links":{"self":[{"href":"https:\/\/quechilero.com\/blog\/wp-json\/wp\/v2\/posts\/21492","targetHints":{"allow":["GET"]}}],"collection":[{"href":"https:\/\/quechilero.com\/blog\/wp-json\/wp\/v2\/posts"}],"about":[{"href":"https:\/\/quechilero.com\/blog\/wp-json\/wp\/v2\/types\/post"}],"author":[{"embeddable":true,"href":"https:\/\/quechilero.com\/blog\/wp-json\/wp\/v2\/users\/1"}],"replies":[{"embeddable":true,"href":"https:\/\/quechilero.com\/blog\/wp-json\/wp\/v2\/comments?post=21492"}],"version-history":[{"count":0,"href":"https:\/\/quechilero.com\/blog\/wp-json\/wp\/v2\/posts\/21492\/revisions"}],"wp:attachment":[{"href":"https:\/\/quechilero.com\/blog\/wp-json\/wp\/v2\/media?parent=21492"}],"wp:term":[{"taxonomy":"category","embeddable":true,"href":"https:\/\/quechilero.com\/blog\/wp-json\/wp\/v2\/categories?post=21492"},{"taxonomy":"post_tag","embeddable":true,"href":"https:\/\/quechilero.com\/blog\/wp-json\/wp\/v2\/tags?post=21492"},{"taxonomy":"series","embeddable":true,"href":"https:\/\/quechilero.com\/blog\/wp-json\/wp\/v2\/series?post=21492"}],"curies":[{"name":"wp","href":"https:\/\/api.w.org\/{rel}","templated":true}]}}