{"id":21439,"date":"2015-08-14T08:00:34","date_gmt":"2015-08-14T14:00:34","guid":{"rendered":"http:\/\/quechilero.com\/blog\/?p=21439"},"modified":"2015-07-01T11:33:16","modified_gmt":"2015-07-01T17:33:16","slug":"la-pequena-locomotora-que-si-pudo","status":"publish","type":"post","link":"https:\/\/quechilero.com\/blog\/2015\/08\/14\/la-pequena-locomotora-que-si-pudo\/","title":{"rendered":"La peque\u00f1a locomotora que s\u00ed pudo"},"content":{"rendered":"<p>O\u00ed por primera vez la maravillosa historia de \u00abLa peque\u00f1a locomotora que s\u00ed pudo\u00bb cuando ten\u00eda unos diez a\u00f1os de edad. De ni\u00f1o me fascinaba este relato porque los vagones del tren estaban llenos de animales, de payasos de juguete, de cortaplumas, de rompecabezas, de libros y de cosas deliciosas para comer. Sin embargo, la m\u00e1quina que tiraba del tren se estrope\u00f3 al comenzar a subir la monta\u00f1a. El cuento dice que lleg\u00f3 una locomotora grande de un tren de pasajeros y que, cuando se le pidi\u00f3 que tirara de los vagones para pasar la monta\u00f1a, se neg\u00f3 porque no quer\u00eda rebajarse y tirar de un tren peque\u00f1o. Pas\u00f3 otra locomotora, pero tampoco quiso rebajarse a ayudar al peque\u00f1o tren porque era una locomotora de carga. Se acerc\u00f3 una locomotora vieja, pero no quiso ayudar porque, dijo: \u00abEstoy muy cansada&#8230; No puedo. No puedo. No puedo\u00bb.<\/p>\n<p>Entonces, una peque\u00f1a locomotora azul pas\u00f3 por la v\u00eda y tambi\u00e9n se le pidi\u00f3 que tirara de los vagones hasta el otro lado de la monta\u00f1a, donde se encontraban los ni\u00f1os. La peque\u00f1a locomotora respondi\u00f3: \u00abNo soy muy grande&#8230; y s\u00f3lo me utilizan para cambiar los vagones de la estaci\u00f3n. Nunca he pasado la monta\u00f1a\u00bb. Pero le preocupaba que los ni\u00f1os que se encontraban al otro lado se desilusionaran al no recibir las cosas hermosas que hab\u00eda en los vagones; por lo que dijo: \u00abCreo que puedo. Creo que puedo. Creo que puedo\u00bb. Y se enganch\u00f3 al peque\u00f1o tren. \u00abPiiiiiii. Chucu, chucu, hizo la Peque\u00f1a Locomotora Azul. \u2018Creo que puedo. Que puedo. Que puedo. Que puedo. Que puedo. Que puedo. Que puedo\u2019 \u00ab. Con esa actitud, la peque\u00f1a locomotora lleg\u00f3 a la cima de la monta\u00f1a y comenz\u00f3 a descender hacia el otro lado diciendo: \u00abSab\u00eda que pod\u00eda. Sab\u00eda que pod\u00eda. Sab\u00eda que pod\u00eda. Sab\u00eda que pod\u00eda. Sab\u00eda que pod\u00eda. Sab\u00eda que pod\u00eda\u00bb.<\/p>\n<p>En ocasiones se nos llama para que nos esforcemos y hagamos m\u00e1s de lo que pensamos que podemos hacer. Al igual que \u00abLa peque\u00f1a locomotora que s\u00ed pudo\u00bb, debemos permanecer en la v\u00eda correcta y cultivar nuestros talentos. Para permanecer en la v\u00eda correcta, debemos honrar y sostener a nuestros l\u00edderes del sacerdocio.<\/p>\n<p>Espero que no seamos como la gran locomotora del tren de pasajeros, demasiado orgullosos para aceptar las asignaciones que se nos den. Tambi\u00e9n espero que no seamos como la locomotora de carga, que no estaba dispuesta a hacer \u00abla milla extra\u00bb, que es el servir.<\/p>\n<p>Espero que todos seamos como \u00abLa peque\u00f1a locomotora que s\u00ed pudo\u00bb. No era muy grande, s\u00f3lo se hab\u00eda utilizado para cambiar los vagones y nunca hab\u00eda pasado una monta\u00f1a, pero estuvo dispuesta. Esa peque\u00f1a locomotora se enganch\u00f3 al tren que hab\u00eda quedado detenido, subi\u00f3 hasta la cima de la monta\u00f1a jadeando y la baj\u00f3 dando resoplidos y diciendo: \u00abSab\u00eda que pod\u00eda\u00bb. Cada uno de nosotros debe subir monta\u00f1as que nunca ha escalado antes.<\/p>\n","protected":false},"excerpt":{"rendered":"<p>O\u00ed por primera vez la maravillosa historia de \u00abLa peque\u00f1a locomotora que s\u00ed pudo\u00bb cuando ten\u00eda unos diez a\u00f1os de edad. De ni\u00f1o me fascinaba este relato porque los vagones del tren estaban llenos de animales, de payasos de juguete, de cortaplumas, de rompecabezas, de libros y de cosas deliciosas para comer. Sin embargo, la &#8230; <a title=\"La peque\u00f1a locomotora que s\u00ed pudo\" class=\"read-more\" href=\"https:\/\/quechilero.com\/blog\/2015\/08\/14\/la-pequena-locomotora-que-si-pudo\/\" aria-label=\"Leer m\u00e1s sobre La peque\u00f1a locomotora que s\u00ed pudo\">Leer m\u00e1s<\/a><\/p>\n","protected":false},"author":1,"featured_media":0,"comment_status":"open","ping_status":"open","sticky":false,"template":"","format":"standard","meta":{"advanced_seo_description":"","jetpack_seo_html_title":"","jetpack_seo_noindex":false,"jetpack_seo_schema_type":"","episode_type":"","audio_file":"","podmotor_file_id":"","podmotor_episode_id":"","cover_image":"","cover_image_id":"","duration":"","filesize":"","filesize_raw":"","date_recorded":"","explicit":"","block":"","_jetpack_newsletter_access":"","_jetpack_dont_email_post_to_subs":false,"_jetpack_newsletter_tier_id":0,"_jetpack_memberships_contains_paywalled_content":false,"_jetpack_feature_clip_id":0,"_jetpack_memberships_contains_paid_content":false,"footnotes":"","jetpack_publicize_message":"","jetpack_publicize_feature_enabled":true,"jetpack_social_post_already_shared":true,"jetpack_social_options":{"image_generator_settings":{"template":"highway","default_image_id":0,"font":"","enabled":false},"version":2},"jetpack_post_was_ever_published":false},"categories":[2],"tags":[28,12,17],"series":[],"class_list":["post-21439","post","type-post","status-publish","format-standard","hentry","category-limones","tag-animales","tag-cosas","tag-historia"],"episode_featured_image":false,"episode_player_image":"https:\/\/i0.wp.com\/quechilero.com\/blog\/imagenes\/podcast.png?fit=1831%2C1831&ssl=1","download_link":"","player_link":"","audio_player":false,"episode_data":{"playerMode":"dark","subscribeUrls":{"amazon":{"key":"amazon","url":"","label":"Amazon","class":"amazon","icon":"amazon.png"},"apple_podcasts":{"key":"apple_podcasts","url":"","label":"Apple Podcasts","class":"apple_podcasts","icon":"apple-podcasts.png"},"castbox":{"key":"castbox","url":"","label":"CastBox","class":"castbox","icon":"castbox.png"},"deezer":{"key":"deezer","url":"","label":"Deezer","class":"deezer","icon":"deezer.png"},"google_podcasts":{"key":"google_podcasts","url":"","label":"Google Podcasts","class":"google_podcasts","icon":"google-podcasts.png"},"listen_notes":{"key":"listen_notes","url":"","label":"Listen Notes","class":"listen_notes","icon":"listen-notes.png"},"pandora":{"key":"pandora","url":"","label":"Pandora","class":"pandora","icon":"pandora.png"},"podbean":{"key":"podbean","url":"","label":"Podbean","class":"podbean","icon":"podbean.png"},"podcast_republic":{"key":"podcast_republic","url":"","label":"Podcast Republic","class":"podcast_republic","icon":"podcast-republic.png"},"rss":{"key":"rss","url":"","label":"RSS","class":"rss","icon":"rss.png"},"spotify":{"key":"spotify","url":"","label":"Spotify","class":"spotify","icon":"spotify.png"},"stitcher":{"key":"stitcher","url":"","label":"Stitcher","class":"stitcher","icon":"stitcher.png"},"tunein":{"key":"tunein","url":"","label":"TuneIn","class":"tunein","icon":"tunein.png"},"youtube":{"key":"youtube","url":"","label":"YouTube","class":"youtube","icon":"youtube.png"},"iheartradio":{"key":"iheartradio","url":"","label":"iHeartRadio","class":"iheartradio","icon":"iheartradio.png"},"ivoox":{"key":"ivoox","url":"","label":"iVoox","class":"ivoox","icon":"ivoox.png"}},"rssFeedUrl":"https:\/\/quechilero.com\/blog\/feed\/podcast\/si-la-vida-nos-da-limones","embedCode":"<blockquote class=\"wp-embedded-content\" data-secret=\"9WfKvTBsgc\"><a href=\"https:\/\/quechilero.com\/blog\/2015\/08\/14\/la-pequena-locomotora-que-si-pudo\/\">La peque\u00f1a locomotora que s\u00ed pudo<\/a><\/blockquote><iframe sandbox=\"allow-scripts\" security=\"restricted\" src=\"https:\/\/quechilero.com\/blog\/2015\/08\/14\/la-pequena-locomotora-que-si-pudo\/embed\/#?secret=9WfKvTBsgc\" width=\"500\" height=\"350\" title=\"\u00abLa peque\u00f1a locomotora que s\u00ed pudo\u00bb \u2014 Si la Vida nos da Limones...\" data-secret=\"9WfKvTBsgc\" frameborder=\"0\" marginwidth=\"0\" marginheight=\"0\" scrolling=\"no\" class=\"wp-embedded-content\"><\/iframe><script>\n\/*! This file is auto-generated *\/\n!function(d,l){\"use strict\";l.querySelector&&d.addEventListener&&\"undefined\"!=typeof URL&&(d.wp=d.wp||{},d.wp.receiveEmbedMessage||(d.wp.receiveEmbedMessage=function(e){var t=e.data;if((t||t.secret||t.message||t.value)&&!\/[^a-zA-Z0-9]\/.test(t.secret)){for(var s,r,n,a=l.querySelectorAll('iframe[data-secret=\"'+t.secret+'\"]'),o=l.querySelectorAll('blockquote[data-secret=\"'+t.secret+'\"]'),c=new RegExp(\"^https?:$\",\"i\"),i=0;i<o.length;i++)o[i].style.display=\"none\";for(i=0;i<a.length;i++)s=a[i],e.source===s.contentWindow&&(s.removeAttribute(\"style\"),\"height\"===t.message?(1e3<(r=parseInt(t.value,10))?r=1e3:~~r<200&&(r=200),s.height=r):\"link\"===t.message&&(r=new URL(s.getAttribute(\"src\")),n=new URL(t.value),c.test(n.protocol))&&n.host===r.host&&l.activeElement===s&&(d.top.location.href=t.value))}},d.addEventListener(\"message\",d.wp.receiveEmbedMessage,!1),l.addEventListener(\"DOMContentLoaded\",function(){for(var e,t,s=l.querySelectorAll(\"iframe.wp-embedded-content\"),r=0;r<s.length;r++)(t=(e=s[r]).getAttribute(\"data-secret\"))||(t=Math.random().toString(36).substring(2,12),e.src+=\"#?secret=\"+t,e.setAttribute(\"data-secret\",t)),e.contentWindow.postMessage({message:\"ready\",secret:t},\"*\")},!1)))}(window,document);\n\/\/# sourceURL=https:\/\/quechilero.com\/blog\/wp-includes\/js\/wp-embed.min.js\n<\/script>\n"},"jetpack_publicize_connections":[],"jetpack_shortlink":"https:\/\/wp.me\/pDKli-5zN","jetpack_sharing_enabled":true,"jetpack-related-posts":[{"id":16048,"url":"https:\/\/quechilero.com\/blog\/2013\/02\/25\/el-tren-de-la-vida\/","url_meta":{"origin":21439,"position":0},"title":"El Tren de la Vida","author":"Pepe Barrascout Ortiz","date":"25 febrero 2013","format":false,"excerpt":"Un amigo me habl\u00f3 de un libro que comparaba la vida con un viaje en tren. Un viaje muy interesante al ser bien interpretado. Exactamente as\u00ed, la vida no pasa de ser eso, un viaje en tren lleno de embarques y desembarques, algunos accidentes, sorpresas agradables en algunos momentos y,\u2026","rel":"","context":"En \u00abLimones\u00bb","block_context":{"text":"Limones","link":"https:\/\/quechilero.com\/blog\/category\/limones\/"},"img":{"alt_text":"","src":"","width":0,"height":0},"classes":[]},{"id":2977,"url":"https:\/\/quechilero.com\/blog\/2009\/07\/23\/a-donde-vas\/","url_meta":{"origin":21439,"position":1},"title":"\u00bfA d\u00f3nde vas?","author":"Pepe Barrascout Ortiz","date":"23 julio 2009","format":false,"excerpt":"Albert Einstein iba en un tren a un compromiso fuera de la ciudad donde viv\u00eda. El conductor recorr\u00eda los vagones para ponchar los boletos. Einstein, el gran hombre de ciencia, estaba tan entretenido con su trabajo que no lograba encontrar su boleto en su abrigo o la cartera. Entonces el\u2026","rel":"","context":"En \u00abLimones\u00bb","block_context":{"text":"Limones","link":"https:\/\/quechilero.com\/blog\/category\/limones\/"},"img":{"alt_text":"","src":"","width":0,"height":0},"classes":[]},{"id":84,"url":"https:\/\/quechilero.com\/blog\/2006\/08\/19\/utopia-1910-tren-electrico\/","url_meta":{"origin":21439,"position":2},"title":"Utop\u00edas 1910 &#8211; Tren el\u00e9ctrico","author":"Pepe Barrascout Ortiz","date":"19 agosto 2006","format":false,"excerpt":"A todos en alg\u00fan momento nos han gustado los trenes o ferrocarriles y algunos hemos tenido la oportunidad en nuestra ni\u00f1ez de tener un peque\u00f1o tren el\u00e9ctrico que a pesar de lo simple de su mecanismo siempre era motivo de admiraci\u00f3n en el cual pod\u00edamos pasar horas enteras jugando. Lamentablemente\u2026","rel":"","context":"En \u00abLimones\u00bb","block_context":{"text":"Limones","link":"https:\/\/quechilero.com\/blog\/category\/limones\/"},"img":{"alt_text":"","src":"","width":0,"height":0},"classes":[]},{"id":8649,"url":"https:\/\/quechilero.com\/blog\/2011\/10\/22\/accidente-de-trenes\/","url_meta":{"origin":21439,"position":3},"title":"Accidente de Trenes","author":"Pepe Barrascout Ortiz","date":"22 octubre 2011","format":false,"excerpt":"Lamentablemente en Guatemala, el tema ferroviario, que un momento signific\u00f3 un gran salto hacia el desarrollo del pa\u00eds, ha quedado en el total abandono, a pesar de algunos intentos vanos de parte de la iniciativa privada, por tratar de resucitarlo, incluyendo a un conglomerado Koreano. De peque\u00f1o me gustaban los\u2026","rel":"","context":"En \u00abLimones\u00bb","block_context":{"text":"Limones","link":"https:\/\/quechilero.com\/blog\/category\/limones\/"},"img":{"alt_text":"","src":"https:\/\/i0.wp.com\/img.youtube.com\/vi\/V_Qo4a_3IeQ\/0.jpg?resize=350%2C200","width":350,"height":200},"classes":[]},{"id":128,"url":"https:\/\/quechilero.com\/blog\/2006\/08\/11\/mapa-en-relieve\/","url_meta":{"origin":21439,"position":4},"title":"Mapa en Relieve","author":"Pepe Barrascout Ortiz","date":"11 agosto 2006","format":false,"excerpt":"No hay nada que me recuerde m\u00e1s mi infancia que el Mapa en Relieve y el \"Hipodromo del Norte\". No se porqu\u00e9 se le llamaba hip\u00f3dromo si nunca supe que se corrieran caballos all\u00ed, aunque seg\u00fan cuenta la leyenda alguna vez as\u00ed fue, al final de la avenida Sime\u00f3n Ca\u00f1as\u2026","rel":"","context":"En \u00abLimones\u00bb","block_context":{"text":"Limones","link":"https:\/\/quechilero.com\/blog\/category\/limones\/"},"img":{"alt_text":"Mapa en Relieve","src":"https:\/\/i0.wp.com\/static.flickr.com\/74\/210588966_22e5705f78.jpg?resize=350%2C200","width":350,"height":200},"classes":[]},{"id":17118,"url":"https:\/\/quechilero.com\/blog\/2013\/09\/10\/el-amor-nos-da-la-vida\/","url_meta":{"origin":21439,"position":5},"title":"El Amor nos da la Vida","author":"Pepe Barrascout Ortiz","date":"10 septiembre 2013","format":false,"excerpt":"Hay Amor con may\u00fascula y amor con min\u00fascula. Hay amores de primera, segunda y tercera, como en los viejos trenes. El amor es lo m\u00e1s grande del mundo. \"Aunque tuviera el don de hablar en nombre de Dios y conociera todos los misterios y toda la ciencia y aunque mi\u2026","rel":"","context":"En \u00abLimones\u00bb","block_context":{"text":"Limones","link":"https:\/\/quechilero.com\/blog\/category\/limones\/"},"img":{"alt_text":"","src":"","width":0,"height":0},"classes":[]}],"jetpack_featured_media_url":"","_links":{"self":[{"href":"https:\/\/quechilero.com\/blog\/wp-json\/wp\/v2\/posts\/21439","targetHints":{"allow":["GET"]}}],"collection":[{"href":"https:\/\/quechilero.com\/blog\/wp-json\/wp\/v2\/posts"}],"about":[{"href":"https:\/\/quechilero.com\/blog\/wp-json\/wp\/v2\/types\/post"}],"author":[{"embeddable":true,"href":"https:\/\/quechilero.com\/blog\/wp-json\/wp\/v2\/users\/1"}],"replies":[{"embeddable":true,"href":"https:\/\/quechilero.com\/blog\/wp-json\/wp\/v2\/comments?post=21439"}],"version-history":[{"count":0,"href":"https:\/\/quechilero.com\/blog\/wp-json\/wp\/v2\/posts\/21439\/revisions"}],"wp:attachment":[{"href":"https:\/\/quechilero.com\/blog\/wp-json\/wp\/v2\/media?parent=21439"}],"wp:term":[{"taxonomy":"category","embeddable":true,"href":"https:\/\/quechilero.com\/blog\/wp-json\/wp\/v2\/categories?post=21439"},{"taxonomy":"post_tag","embeddable":true,"href":"https:\/\/quechilero.com\/blog\/wp-json\/wp\/v2\/tags?post=21439"},{"taxonomy":"series","embeddable":true,"href":"https:\/\/quechilero.com\/blog\/wp-json\/wp\/v2\/series?post=21439"}],"curies":[{"name":"wp","href":"https:\/\/api.w.org\/{rel}","templated":true}]}}