{"id":21383,"date":"2015-07-19T08:00:58","date_gmt":"2015-07-19T14:00:58","guid":{"rendered":"http:\/\/quechilero.com\/blog\/?p=21383"},"modified":"2015-07-01T10:11:29","modified_gmt":"2015-07-01T16:11:29","slug":"gracias-a-dios","status":"publish","type":"post","link":"https:\/\/quechilero.com\/blog\/2015\/07\/19\/gracias-a-dios\/","title":{"rendered":"Gracias a Dios"},"content":{"rendered":"<p>Aunque me tapo los o\u00eddos con la almohada y gru\u00f1o de rabia cuando suena el despertador&#8230; Gracias a Dios que puedo o\u00edr&#8230; Hay muchos que son sordos.<\/p>\n<p>Aunque cierro los ojos cuando, al despertar, el sol se mete en mi habitaci\u00f3n&#8230; Gracias a Dios que puedo ver&#8230; Hay muchos que son ciegos.<\/p>\n<p>Aunque me pesa levantarme y pararme de la cama&#8230; Gracias a Dios que tengo fuerzas para hacerlo&#8230; Hay muchos postrados que no pueden.<\/p>\n<p>Aunque rega\u00f1o porque no encuentro mis cosas porque los ni\u00f1os hicieron un desorden&#8230; Gracias a Dios que tengo familia&#8230; Hay muchos solitarios.<\/p>\n<p>Aunque la comida no estuvo buena y el desayuno fue peor&#8230; Gracias a Dios que tengo alimentos&#8230; Hay muchos con hambre.<\/p>\n<p>Aunque mi trabajo es mon\u00f3tono y rutinario&#8230; Gracias a Dios que tengo ocupaci\u00f3n&#8230; Hay muchos desempleados.<\/p>\n<p>Aunque no estoy conforme con la vida, peleo conmigo mismo y tengo muchos motivos para quejarme&#8230; \u00a1Gracias a Dios por la Vida!<\/p>\n","protected":false},"excerpt":{"rendered":"<p>Aunque me tapo los o\u00eddos con la almohada y gru\u00f1o de rabia cuando suena el despertador&#8230; Gracias a Dios que puedo o\u00edr&#8230; Hay muchos que son sordos. Aunque cierro los ojos cuando, al despertar, el sol se mete en mi habitaci\u00f3n&#8230; Gracias a Dios que puedo ver&#8230; Hay muchos que son ciegos. Aunque me pesa &#8230; <a title=\"Gracias a Dios\" class=\"read-more\" href=\"https:\/\/quechilero.com\/blog\/2015\/07\/19\/gracias-a-dios\/\" aria-label=\"Leer m\u00e1s sobre Gracias a Dios\">Leer m\u00e1s<\/a><\/p>\n","protected":false},"author":1,"featured_media":0,"comment_status":"open","ping_status":"open","sticky":false,"template":"","format":"standard","meta":{"advanced_seo_description":"","jetpack_seo_html_title":"","jetpack_seo_noindex":false,"jetpack_seo_schema_type":"","episode_type":"","audio_file":"","podmotor_file_id":"","podmotor_episode_id":"","cover_image":"","cover_image_id":"","duration":"","filesize":"","filesize_raw":"","date_recorded":"","explicit":"","block":"","_jetpack_newsletter_access":"","_jetpack_dont_email_post_to_subs":false,"_jetpack_newsletter_tier_id":0,"_jetpack_memberships_contains_paywalled_content":false,"_jetpack_feature_clip_id":0,"_jetpack_memberships_contains_paid_content":false,"footnotes":"","jetpack_publicize_message":"","jetpack_publicize_feature_enabled":true,"jetpack_social_post_already_shared":true,"jetpack_social_options":{"image_generator_settings":{"template":"highway","default_image_id":0,"font":"","enabled":false},"version":2},"jetpack_post_was_ever_published":false},"categories":[2],"tags":[12,51,36,24],"series":[],"class_list":["post-21383","post","type-post","status-publish","format-standard","hentry","category-limones","tag-cosas","tag-dios","tag-trabajo","tag-vida"],"episode_featured_image":false,"episode_player_image":"https:\/\/i0.wp.com\/quechilero.com\/blog\/imagenes\/podcast.png?fit=1831%2C1831&ssl=1","download_link":"","player_link":"","audio_player":false,"episode_data":{"playerMode":"dark","subscribeUrls":{"amazon":{"key":"amazon","url":"","label":"Amazon","class":"amazon","icon":"amazon.png"},"apple_podcasts":{"key":"apple_podcasts","url":"","label":"Apple Podcasts","class":"apple_podcasts","icon":"apple-podcasts.png"},"castbox":{"key":"castbox","url":"","label":"CastBox","class":"castbox","icon":"castbox.png"},"deezer":{"key":"deezer","url":"","label":"Deezer","class":"deezer","icon":"deezer.png"},"google_podcasts":{"key":"google_podcasts","url":"","label":"Google Podcasts","class":"google_podcasts","icon":"google-podcasts.png"},"listen_notes":{"key":"listen_notes","url":"","label":"Listen Notes","class":"listen_notes","icon":"listen-notes.png"},"pandora":{"key":"pandora","url":"","label":"Pandora","class":"pandora","icon":"pandora.png"},"podbean":{"key":"podbean","url":"","label":"Podbean","class":"podbean","icon":"podbean.png"},"podcast_republic":{"key":"podcast_republic","url":"","label":"Podcast Republic","class":"podcast_republic","icon":"podcast-republic.png"},"rss":{"key":"rss","url":"","label":"RSS","class":"rss","icon":"rss.png"},"spotify":{"key":"spotify","url":"","label":"Spotify","class":"spotify","icon":"spotify.png"},"stitcher":{"key":"stitcher","url":"","label":"Stitcher","class":"stitcher","icon":"stitcher.png"},"tunein":{"key":"tunein","url":"","label":"TuneIn","class":"tunein","icon":"tunein.png"},"youtube":{"key":"youtube","url":"","label":"YouTube","class":"youtube","icon":"youtube.png"},"iheartradio":{"key":"iheartradio","url":"","label":"iHeartRadio","class":"iheartradio","icon":"iheartradio.png"},"ivoox":{"key":"ivoox","url":"","label":"iVoox","class":"ivoox","icon":"ivoox.png"}},"rssFeedUrl":"https:\/\/quechilero.com\/blog\/feed\/podcast\/si-la-vida-nos-da-limones","embedCode":"<blockquote class=\"wp-embedded-content\" data-secret=\"8gx0UCZQyk\"><a href=\"https:\/\/quechilero.com\/blog\/2015\/07\/19\/gracias-a-dios\/\">Gracias a Dios<\/a><\/blockquote><iframe sandbox=\"allow-scripts\" security=\"restricted\" src=\"https:\/\/quechilero.com\/blog\/2015\/07\/19\/gracias-a-dios\/embed\/#?secret=8gx0UCZQyk\" width=\"500\" height=\"350\" title=\"\u00abGracias a Dios\u00bb \u2014 Si la Vida nos da Limones...\" data-secret=\"8gx0UCZQyk\" frameborder=\"0\" marginwidth=\"0\" marginheight=\"0\" scrolling=\"no\" class=\"wp-embedded-content\"><\/iframe><script>\n\/*! This file is auto-generated *\/\n!function(d,l){\"use strict\";l.querySelector&&d.addEventListener&&\"undefined\"!=typeof URL&&(d.wp=d.wp||{},d.wp.receiveEmbedMessage||(d.wp.receiveEmbedMessage=function(e){var t=e.data;if((t||t.secret||t.message||t.value)&&!\/[^a-zA-Z0-9]\/.test(t.secret)){for(var s,r,n,a=l.querySelectorAll('iframe[data-secret=\"'+t.secret+'\"]'),o=l.querySelectorAll('blockquote[data-secret=\"'+t.secret+'\"]'),c=new RegExp(\"^https?:$\",\"i\"),i=0;i<o.length;i++)o[i].style.display=\"none\";for(i=0;i<a.length;i++)s=a[i],e.source===s.contentWindow&&(s.removeAttribute(\"style\"),\"height\"===t.message?(1e3<(r=parseInt(t.value,10))?r=1e3:~~r<200&&(r=200),s.height=r):\"link\"===t.message&&(r=new URL(s.getAttribute(\"src\")),n=new URL(t.value),c.test(n.protocol))&&n.host===r.host&&l.activeElement===s&&(d.top.location.href=t.value))}},d.addEventListener(\"message\",d.wp.receiveEmbedMessage,!1),l.addEventListener(\"DOMContentLoaded\",function(){for(var e,t,s=l.querySelectorAll(\"iframe.wp-embedded-content\"),r=0;r<s.length;r++)(t=(e=s[r]).getAttribute(\"data-secret\"))||(t=Math.random().toString(36).substring(2,12),e.src+=\"#?secret=\"+t,e.setAttribute(\"data-secret\",t)),e.contentWindow.postMessage({message:\"ready\",secret:t},\"*\")},!1)))}(window,document);\n\/\/# sourceURL=https:\/\/quechilero.com\/blog\/wp-includes\/js\/wp-embed.min.js\n<\/script>\n"},"jetpack_publicize_connections":[],"jetpack_shortlink":"https:\/\/wp.me\/pDKli-5yT","jetpack_sharing_enabled":true,"jetpack-related-posts":[{"id":7582,"url":"https:\/\/quechilero.com\/blog\/2011\/03\/14\/reflexiones-de-cuaresma-dia-6\/","url_meta":{"origin":21383,"position":0},"title":"Reflexiones de Cuaresma d\u00eda 6","author":"Pepe Barrascout Ortiz","date":"14 marzo 2011","format":false,"excerpt":"Oraci\u00f3n inicial Se\u00f1or m\u00edo, Jesucristo, creo firmemente que est\u00e1s aqu\u00ed; en estos pocos minutos de oraci\u00f3n que empiezo ahora quiero pedirte y agradecerte. Pedirte\u00a0la gracia de darme m\u00e1s cuenta de que T\u00fa vives, me escuchas y me amas; tanto, que has querido morir libremente por m\u00ed en la cruz y\u2026","rel":"","context":"En \u00abLimones por mano\u00bb","block_context":{"text":"Limones por mano","link":"https:\/\/quechilero.com\/blog\/category\/limones-por-mano\/"},"img":{"alt_text":"","src":"","width":0,"height":0},"classes":[]},{"id":5951,"url":"https:\/\/quechilero.com\/blog\/2010\/11\/01\/fiesta-de-todos-los-santos\/","url_meta":{"origin":21383,"position":1},"title":"Fiesta de Todos los Santos","author":"Pepe Barrascout Ortiz","date":"1 noviembre 2010","format":false,"excerpt":"Este d\u00eda se celebran a todos los millones de personas que han llegado al cielo, aunque sean desconocidos para nosotros. Santo es aquel que ha llegado al cielo, algunos han sido canonizados y son por esto propuestos por la Iglesia como ejemplos de vida cristiana. La comuni\u00f3n de los santos,\u2026","rel":"","context":"En \u00abLimones\u00bb","block_context":{"text":"Limones","link":"https:\/\/quechilero.com\/blog\/category\/limones\/"},"img":{"alt_text":"","src":"","width":0,"height":0},"classes":[]},{"id":7613,"url":"https:\/\/quechilero.com\/blog\/2011\/04\/14\/reflexiones-de-cuaresma-dia-37\/","url_meta":{"origin":21383,"position":2},"title":"Reflexiones de Cuaresma d\u00eda 37","author":"Pepe Barrascout Ortiz","date":"14 abril 2011","format":false,"excerpt":"Oraci\u00f3n inicial Se\u00f1or m\u00edo, Jesucristo, creo firmemente que est\u00e1s aqu\u00ed; en estos pocos minutos de oraci\u00f3n que empiezo ahora quiero pedirte y agradecerte. Pedirte\u00a0la gracia de darme m\u00e1s cuenta de que T\u00fa vives, me escuchas y me amas; tanto, que has querido morir libremente por m\u00ed en la cruz y\u2026","rel":"","context":"En \u00abLimones por mano\u00bb","block_context":{"text":"Limones por mano","link":"https:\/\/quechilero.com\/blog\/category\/limones-por-mano\/"},"img":{"alt_text":"","src":"","width":0,"height":0},"classes":[]},{"id":16908,"url":"https:\/\/quechilero.com\/blog\/2013\/11\/01\/fiesta-de-todos-los-santos-2\/","url_meta":{"origin":21383,"position":3},"title":"Fiesta de Todos los Santos","author":"Pepe Barrascout Ortiz","date":"1 noviembre 2013","format":false,"excerpt":"Este d\u00eda se celebran a todos los millones de personas que han llegado al cielo, aunque sean desconocidos para nosotros. Santo es aquel que ha llegado al cielo, algunos han sido canonizados y son por esto propuestos por la Iglesia como ejemplos de vida cristiana. La comuni\u00f3n de los santos,\u2026","rel":"","context":"En \u00abLimones\u00bb","block_context":{"text":"Limones","link":"https:\/\/quechilero.com\/blog\/category\/limones\/"},"img":{"alt_text":"","src":"","width":0,"height":0},"classes":[]},{"id":12002,"url":"https:\/\/quechilero.com\/blog\/2012\/01\/23\/gracias-a-dios-por-el-trabajo\/","url_meta":{"origin":21383,"position":4},"title":"Gracias a Dios por el trabajo","author":"Pepe Barrascout Ortiz","date":"23 enero 2012","format":false,"excerpt":"Cuando creemos que tenemos todo bajo control, que somos los due\u00f1os de nuestra vida y que somos capaces de alcanzar y hacer cualquier cosa, caemos inevitablemente en el relativismo ideol\u00f3gico, que principalmente los medios de comunicaci\u00f3n seculares, nos implantan como si fuera la verdad absoluta. Cada d\u00eda, muchas personas se\u2026","rel":"","context":"En \u00abLimones\u00bb","block_context":{"text":"Limones","link":"https:\/\/quechilero.com\/blog\/category\/limones\/"},"img":{"alt_text":"","src":"","width":0,"height":0},"classes":[]},{"id":16737,"url":"https:\/\/quechilero.com\/blog\/2013\/06\/01\/hoy-%ef%bb%bfdire-gracias-por-todo-papa\/","url_meta":{"origin":21383,"position":5},"title":"Hoy&#8230; \ufeffDir\u00e9 gracias por todo Pap\u00e1","author":"Pepe Barrascout Ortiz","date":"1 junio 2013","format":false,"excerpt":"En medio de fuerzas y acontecimientos demasiado grandes para que nosotros solos forcejeemos con ellos, se nos presenta un mensaje intimidante de aislamiento. Empeque\u00f1ecidos frente al tama\u00f1o del universo, la incertidumbre del futuro, las necesidades de comida y amistad, somos como ese estudiante de primer a\u00f1o de bachillerato que acaba\u2026","rel":"","context":"En \u00abLimones\u00bb","block_context":{"text":"Limones","link":"https:\/\/quechilero.com\/blog\/category\/limones\/"},"img":{"alt_text":"","src":"","width":0,"height":0},"classes":[]}],"jetpack_featured_media_url":"","_links":{"self":[{"href":"https:\/\/quechilero.com\/blog\/wp-json\/wp\/v2\/posts\/21383","targetHints":{"allow":["GET"]}}],"collection":[{"href":"https:\/\/quechilero.com\/blog\/wp-json\/wp\/v2\/posts"}],"about":[{"href":"https:\/\/quechilero.com\/blog\/wp-json\/wp\/v2\/types\/post"}],"author":[{"embeddable":true,"href":"https:\/\/quechilero.com\/blog\/wp-json\/wp\/v2\/users\/1"}],"replies":[{"embeddable":true,"href":"https:\/\/quechilero.com\/blog\/wp-json\/wp\/v2\/comments?post=21383"}],"version-history":[{"count":0,"href":"https:\/\/quechilero.com\/blog\/wp-json\/wp\/v2\/posts\/21383\/revisions"}],"wp:attachment":[{"href":"https:\/\/quechilero.com\/blog\/wp-json\/wp\/v2\/media?parent=21383"}],"wp:term":[{"taxonomy":"category","embeddable":true,"href":"https:\/\/quechilero.com\/blog\/wp-json\/wp\/v2\/categories?post=21383"},{"taxonomy":"post_tag","embeddable":true,"href":"https:\/\/quechilero.com\/blog\/wp-json\/wp\/v2\/tags?post=21383"},{"taxonomy":"series","embeddable":true,"href":"https:\/\/quechilero.com\/blog\/wp-json\/wp\/v2\/series?post=21383"}],"curies":[{"name":"wp","href":"https:\/\/api.w.org\/{rel}","templated":true}]}}