{"id":21362,"date":"2015-07-17T08:00:18","date_gmt":"2015-07-17T14:00:18","guid":{"rendered":"http:\/\/quechilero.com\/blog\/?p=21362"},"modified":"2015-07-01T10:07:46","modified_gmt":"2015-07-01T16:07:46","slug":"luz-para-el-camino","status":"publish","type":"post","link":"https:\/\/quechilero.com\/blog\/2015\/07\/17\/luz-para-el-camino\/","title":{"rendered":"Luz para el camino"},"content":{"rendered":"<p>Hab\u00eda una vez, hace cientos de a\u00f1os, en una ciudad de Oriente, un hombre que una noche caminaba por las oscuras calles llevando una l\u00e1mpara de aceite encendida. La ciudad era muy oscura en las noches sin luna, como aquella.<\/p>\n<p>En determinado momento, se encuentra con un amigo. El amigo lo mira y de pronto lo reconoce. Se da cuenta de que es Guno, el ciego del pueblo. Entonces, le dice:<\/p>\n<p>&#8211; \u00bfQu\u00e9 haces Guno, t\u00fa, ciego, con una l\u00e1mpara en la mano? Si t\u00fa no ves&#8230;<\/p>\n<p>Entonces, el ciego le responde:<\/p>\n<p>&#8211; Yo no llevo la l\u00e1mpara para ver mi camino. Yo conozco la oscuridad de las calles de memoria. Llevo la luz para que otros encuentren su camino cuando me vean a m\u00ed&#8230; No s\u00f3lo es importante la luz que me sirve a m\u00ed, sino tambi\u00e9n la que yo uso para que otros puedan tambi\u00e9n servirse de ella.<\/p>\n<p>Cada uno de nosotros puede alumbrar el camino para uno y para que sea visto por otros, aunque uno aparentemente no lo necesite.<\/p>\n<p>Alumbrar el camino de los otros no es tarea f\u00e1cil&#8230; Muchas veces, en vez de alumbrar, oscurecemos mucho m\u00e1s el camino de los dem\u00e1s&#8230; \u00bfC\u00f3mo? A trav\u00e9s del desaliento, la cr\u00edtica, el ego\u00edsmo, el desamor, el odio, el resentimiento&#8230;<\/p>\n<p>\u00a1Qu\u00e9 hermoso ser\u00eda si todos ilumin\u00e1ramos los caminos de los dem\u00e1s!<\/p>\n","protected":false},"excerpt":{"rendered":"<p>Hab\u00eda una vez, hace cientos de a\u00f1os, en una ciudad de Oriente, un hombre que una noche caminaba por las oscuras calles llevando una l\u00e1mpara de aceite encendida. La ciudad era muy oscura en las noches sin luna, como aquella. En determinado momento, se encuentra con un amigo. El amigo lo mira y de pronto &#8230; <a title=\"Luz para el camino\" class=\"read-more\" href=\"https:\/\/quechilero.com\/blog\/2015\/07\/17\/luz-para-el-camino\/\" aria-label=\"Leer m\u00e1s sobre Luz para el camino\">Leer m\u00e1s<\/a><\/p>\n","protected":false},"author":1,"featured_media":0,"comment_status":"open","ping_status":"open","sticky":false,"template":"","format":"standard","meta":{"advanced_seo_description":"","jetpack_seo_html_title":"","jetpack_seo_noindex":false,"jetpack_seo_schema_type":"","episode_type":"","audio_file":"","podmotor_file_id":"","podmotor_episode_id":"","cover_image":"","cover_image_id":"","duration":"","filesize":"","filesize_raw":"","date_recorded":"","explicit":"","block":"","_jetpack_newsletter_access":"","_jetpack_dont_email_post_to_subs":false,"_jetpack_newsletter_tier_id":0,"_jetpack_memberships_contains_paywalled_content":false,"_jetpack_feature_clip_id":0,"_jetpack_memberships_contains_paid_content":false,"footnotes":"","jetpack_publicize_message":"","jetpack_publicize_feature_enabled":true,"jetpack_social_post_already_shared":true,"jetpack_social_options":{"image_generator_settings":{"template":"highway","default_image_id":0,"font":"","enabled":false},"version":2},"jetpack_post_was_ever_published":false},"categories":[2],"tags":[11,18],"series":[],"class_list":["post-21362","post","type-post","status-publish","format-standard","hentry","category-limones","tag-amigo","tag-hombre"],"episode_featured_image":false,"episode_player_image":"https:\/\/i0.wp.com\/quechilero.com\/blog\/imagenes\/podcast.png?fit=1831%2C1831&ssl=1","download_link":"","player_link":"","audio_player":false,"episode_data":{"playerMode":"dark","subscribeUrls":{"amazon":{"key":"amazon","url":"","label":"Amazon","class":"amazon","icon":"amazon.png"},"apple_podcasts":{"key":"apple_podcasts","url":"","label":"Apple Podcasts","class":"apple_podcasts","icon":"apple-podcasts.png"},"castbox":{"key":"castbox","url":"","label":"CastBox","class":"castbox","icon":"castbox.png"},"deezer":{"key":"deezer","url":"","label":"Deezer","class":"deezer","icon":"deezer.png"},"google_podcasts":{"key":"google_podcasts","url":"","label":"Google Podcasts","class":"google_podcasts","icon":"google-podcasts.png"},"listen_notes":{"key":"listen_notes","url":"","label":"Listen Notes","class":"listen_notes","icon":"listen-notes.png"},"pandora":{"key":"pandora","url":"","label":"Pandora","class":"pandora","icon":"pandora.png"},"podbean":{"key":"podbean","url":"","label":"Podbean","class":"podbean","icon":"podbean.png"},"podcast_republic":{"key":"podcast_republic","url":"","label":"Podcast Republic","class":"podcast_republic","icon":"podcast-republic.png"},"rss":{"key":"rss","url":"","label":"RSS","class":"rss","icon":"rss.png"},"spotify":{"key":"spotify","url":"","label":"Spotify","class":"spotify","icon":"spotify.png"},"stitcher":{"key":"stitcher","url":"","label":"Stitcher","class":"stitcher","icon":"stitcher.png"},"tunein":{"key":"tunein","url":"","label":"TuneIn","class":"tunein","icon":"tunein.png"},"youtube":{"key":"youtube","url":"","label":"YouTube","class":"youtube","icon":"youtube.png"},"iheartradio":{"key":"iheartradio","url":"","label":"iHeartRadio","class":"iheartradio","icon":"iheartradio.png"},"ivoox":{"key":"ivoox","url":"","label":"iVoox","class":"ivoox","icon":"ivoox.png"}},"rssFeedUrl":"https:\/\/quechilero.com\/blog\/feed\/podcast\/si-la-vida-nos-da-limones","embedCode":"<blockquote class=\"wp-embedded-content\" data-secret=\"r2NLbOzIQw\"><a href=\"https:\/\/quechilero.com\/blog\/2015\/07\/17\/luz-para-el-camino\/\">Luz para el camino<\/a><\/blockquote><iframe sandbox=\"allow-scripts\" security=\"restricted\" src=\"https:\/\/quechilero.com\/blog\/2015\/07\/17\/luz-para-el-camino\/embed\/#?secret=r2NLbOzIQw\" width=\"500\" height=\"350\" title=\"\u00abLuz para el camino\u00bb \u2014 Si la Vida nos da Limones...\" data-secret=\"r2NLbOzIQw\" frameborder=\"0\" marginwidth=\"0\" marginheight=\"0\" scrolling=\"no\" class=\"wp-embedded-content\"><\/iframe><script>\n\/*! This file is auto-generated *\/\n!function(d,l){\"use strict\";l.querySelector&&d.addEventListener&&\"undefined\"!=typeof URL&&(d.wp=d.wp||{},d.wp.receiveEmbedMessage||(d.wp.receiveEmbedMessage=function(e){var t=e.data;if((t||t.secret||t.message||t.value)&&!\/[^a-zA-Z0-9]\/.test(t.secret)){for(var s,r,n,a=l.querySelectorAll('iframe[data-secret=\"'+t.secret+'\"]'),o=l.querySelectorAll('blockquote[data-secret=\"'+t.secret+'\"]'),c=new RegExp(\"^https?:$\",\"i\"),i=0;i<o.length;i++)o[i].style.display=\"none\";for(i=0;i<a.length;i++)s=a[i],e.source===s.contentWindow&&(s.removeAttribute(\"style\"),\"height\"===t.message?(1e3<(r=parseInt(t.value,10))?r=1e3:~~r<200&&(r=200),s.height=r):\"link\"===t.message&&(r=new URL(s.getAttribute(\"src\")),n=new URL(t.value),c.test(n.protocol))&&n.host===r.host&&l.activeElement===s&&(d.top.location.href=t.value))}},d.addEventListener(\"message\",d.wp.receiveEmbedMessage,!1),l.addEventListener(\"DOMContentLoaded\",function(){for(var e,t,s=l.querySelectorAll(\"iframe.wp-embedded-content\"),r=0;r<s.length;r++)(t=(e=s[r]).getAttribute(\"data-secret\"))||(t=Math.random().toString(36).substring(2,12),e.src+=\"#?secret=\"+t,e.setAttribute(\"data-secret\",t)),e.contentWindow.postMessage({message:\"ready\",secret:t},\"*\")},!1)))}(window,document);\n\/\/# sourceURL=https:\/\/quechilero.com\/blog\/wp-includes\/js\/wp-embed.min.js\n<\/script>\n"},"jetpack_publicize_connections":[],"jetpack_shortlink":"https:\/\/wp.me\/pDKli-5yy","jetpack_sharing_enabled":true,"jetpack-related-posts":[{"id":17466,"url":"https:\/\/quechilero.com\/blog\/2013\/11\/26\/seamos-un-buen-ejemplo-2\/","url_meta":{"origin":21362,"position":0},"title":"Seamos un buen ejemplo","author":"Pepe Barrascout Ortiz","date":"26 noviembre 2013","format":false,"excerpt":"Benjam\u00edn Franklin quer\u00eda que Filadelfia se iluminara. Cre\u00eda que iluminando las calles de la ciudad no s\u00f3lo mejorar\u00eda la est\u00e9tica, sino que las har\u00eda m\u00e1s seguras. Pero no trat\u00f3 de persuadir a los habitantes de Filadelfia hablando con ellos. En cambio, colg\u00f3 una hermosa l\u00e1mpara en el frente de su\u2026","rel":"","context":"En \u00abLimones\u00bb","block_context":{"text":"Limones","link":"https:\/\/quechilero.com\/blog\/category\/limones\/"},"img":{"alt_text":"","src":"","width":0,"height":0},"classes":[]},{"id":19246,"url":"https:\/\/quechilero.com\/blog\/2014\/08\/21\/luces-y-sombras\/","url_meta":{"origin":21362,"position":1},"title":"Luces y sombras","author":"Pepe Barrascout Ortiz","date":"21 agosto 2014","format":false,"excerpt":"Hu-Ssong llev\u00f3 a sus disc\u00edpulos a una habitaci\u00f3n oscura. - \u00bfQu\u00e9 ven? -les pregunt\u00f3. - Nada, maestro -le respondieron ellos-. La oscuridad es absoluta y no nos deja ver. Hu-Ssong dio una palmada y se encendieron al mismo tiempo mil l\u00e1mparas de intensa luz. - \u00bfQu\u00e9 ven ahora? -les pregunt\u00f3\u2026","rel":"","context":"En \u00abLimones\u00bb","block_context":{"text":"Limones","link":"https:\/\/quechilero.com\/blog\/category\/limones\/"},"img":{"alt_text":"","src":"","width":0,"height":0},"classes":[]},{"id":5807,"url":"https:\/\/quechilero.com\/blog\/2010\/10\/27\/la-lampara-y-el-aceite\/","url_meta":{"origin":21362,"position":2},"title":"La l\u00e1mpara y el aceite","author":"Pepe Barrascout Ortiz","date":"27 octubre 2010","format":false,"excerpt":"Dios hizo al hombre de tal manera que Su presencia en el hombre es un imperativo para su humanidad. Una l\u00e1mpara de aceite fue concebida de tal suerte que s\u00f3lo produce luz en virtud del hecho de que haya aceite en su interior para sustentar la luz. Supongamos que pregunto:\u2026","rel":"","context":"En \u00abLimones\u00bb","block_context":{"text":"Limones","link":"https:\/\/quechilero.com\/blog\/category\/limones\/"},"img":{"alt_text":"","src":"","width":0,"height":0},"classes":[]},{"id":19659,"url":"https:\/\/quechilero.com\/blog\/2015\/01\/18\/parientes-lejanos\/","url_meta":{"origin":21362,"position":3},"title":"Parientes lejanos","author":"Pepe Barrascout Ortiz","date":"18 enero 2015","format":false,"excerpt":"Cierto viejo solitario, quien era minero, y su vida la pas\u00f3 buscando minas de oro, viv\u00eda en una vieja choza en las profundidades de las monta\u00f1as de Colorado. Cuando muri\u00f3, sus parientes lejanos vinieron de la ciudad para llevarse sus cosas de valor. Luego de llegar, todo lo que ellos\u2026","rel":"","context":"En \u00abLimones\u00bb","block_context":{"text":"Limones","link":"https:\/\/quechilero.com\/blog\/category\/limones\/"},"img":{"alt_text":"","src":"","width":0,"height":0},"classes":[]},{"id":21396,"url":"https:\/\/quechilero.com\/blog\/2015\/07\/26\/aprender-a-estar-en-silencio\/","url_meta":{"origin":21362,"position":4},"title":"Aprender a estar en silencio","author":"Pepe Barrascout Ortiz","date":"26 julio 2015","format":false,"excerpt":"Los disc\u00edpulos de la escuela Tendai estudiaban meditaci\u00f3n antes de que el Zen entrara en Jap\u00f3n. Cuatro de ellos, que eran amigos \u00edntimos, se prometieron observar siete d\u00edas de silencio. El primer d\u00eda, todos estuvieron muy callados. Su meditaci\u00f3n hab\u00eda comenzado bajo felices auspicios, pero cuando lleg\u00f3 la noche y\u2026","rel":"","context":"En \u00abLimones\u00bb","block_context":{"text":"Limones","link":"https:\/\/quechilero.com\/blog\/category\/limones\/"},"img":{"alt_text":"","src":"","width":0,"height":0},"classes":[]},{"id":927,"url":"https:\/\/quechilero.com\/blog\/2008\/04\/05\/de-cual-tipo-de-persona-sos\/","url_meta":{"origin":21362,"position":5},"title":"\u00bfDe cu\u00e1l tipo de persona sos?","author":"Pepe Barrascout Ortiz","date":"5 abril 2008","format":false,"excerpt":"Luego de que cualquiera camine un breve tiempo en la vida y trate de trabajar encontrar\u00e1 varios tipos de personas. Me ha parecido un buen ejercicio poder recorrer algunos tipos y \"anti-tipos\" (si es que existe el t\u00e9rmino) para que todos crezcamos y mejoremos cada d\u00eda. Muy probablemente vamos a\u2026","rel":"","context":"En \u00abLimones\u00bb","block_context":{"text":"Limones","link":"https:\/\/quechilero.com\/blog\/category\/limones\/"},"img":{"alt_text":"","src":"","width":0,"height":0},"classes":[]}],"jetpack_featured_media_url":"","_links":{"self":[{"href":"https:\/\/quechilero.com\/blog\/wp-json\/wp\/v2\/posts\/21362","targetHints":{"allow":["GET"]}}],"collection":[{"href":"https:\/\/quechilero.com\/blog\/wp-json\/wp\/v2\/posts"}],"about":[{"href":"https:\/\/quechilero.com\/blog\/wp-json\/wp\/v2\/types\/post"}],"author":[{"embeddable":true,"href":"https:\/\/quechilero.com\/blog\/wp-json\/wp\/v2\/users\/1"}],"replies":[{"embeddable":true,"href":"https:\/\/quechilero.com\/blog\/wp-json\/wp\/v2\/comments?post=21362"}],"version-history":[{"count":0,"href":"https:\/\/quechilero.com\/blog\/wp-json\/wp\/v2\/posts\/21362\/revisions"}],"wp:attachment":[{"href":"https:\/\/quechilero.com\/blog\/wp-json\/wp\/v2\/media?parent=21362"}],"wp:term":[{"taxonomy":"category","embeddable":true,"href":"https:\/\/quechilero.com\/blog\/wp-json\/wp\/v2\/categories?post=21362"},{"taxonomy":"post_tag","embeddable":true,"href":"https:\/\/quechilero.com\/blog\/wp-json\/wp\/v2\/tags?post=21362"},{"taxonomy":"series","embeddable":true,"href":"https:\/\/quechilero.com\/blog\/wp-json\/wp\/v2\/series?post=21362"}],"curies":[{"name":"wp","href":"https:\/\/api.w.org\/{rel}","templated":true}]}}