{"id":21210,"date":"2015-06-14T08:00:24","date_gmt":"2015-06-14T14:00:24","guid":{"rendered":"http:\/\/quechilero.com\/blog\/?p=21210"},"modified":"2015-05-26T15:43:46","modified_gmt":"2015-05-26T21:43:46","slug":"el-jardin-de-rosas","status":"publish","type":"post","link":"https:\/\/quechilero.com\/blog\/2015\/06\/14\/el-jardin-de-rosas\/","title":{"rendered":"El Jard\u00edn de Rosas"},"content":{"rendered":"<p>El primer a\u00f1o que viv\u00ed en esta casa sembr\u00e9 quince rosales que me hab\u00edan regalado mis amigos. Fue un trabajo duro, pero yo pod\u00eda imaginarme un jard\u00edn como los de las revistas. Al final de la primavera las rosas florecieron y durante un mes, el jard\u00edn fue maravilloso; pero luego las rosas comenzaron a desaparecer.<\/p>\n<p>Intrigada, me di cuenta de que lo que estaba acabando con mis rosas era algo m\u00e1s grande que un insecto y tom\u00e9 la decisi\u00f3n de capturarlo con las manos en la masa.<\/p>\n<p>Una ma\u00f1ana me levant\u00e9 a la madrugada y me asom\u00e9 a la ventana; qued\u00e9 paralizada al ver al ciervo por primera vez.<\/p>\n<p>Parec\u00eda la ilustraci\u00f3n de uno de mis libros de infancia. Mientras lo observaba asombrada, el ciervo cruz\u00f3 lentamente el jard\u00edn, olfate\u00f3 las rosas y luego se comi\u00f3 con delicadeza una de mis especies m\u00e1s finas.<\/p>\n<p>Desde ese d\u00eda, cada a\u00f1o tengo que tomar una decisi\u00f3n dif\u00edcil: \u00bfPondr\u00e9 una cerca m\u00e1s alta para proteger mis rosas, o dejar\u00e9 las cosas as\u00ed para tener un ciervo a tres metros de distancia en el patio trasero de mi casa?<\/p>\n<p>Hasta ahora, cada a\u00f1o, he escogido al ciervo. Despu\u00e9s de dos a\u00f1os de observarnos mutuamente a trav\u00e9s de la ventana, ahora puedo sentarme afuera mientras \u00e9l deambula por el jard\u00edn.<\/p>\n<p>Yo pens\u00e9 que estaba plantando rosales para tener un jard\u00edn de rosas, pero ahora parece que estaba plantando rosales para tener media hora de silencio cada ma\u00f1ana y cada tarde con este m\u00e1gico animal.<\/p>\n","protected":false},"excerpt":{"rendered":"<p>El primer a\u00f1o que viv\u00ed en esta casa sembr\u00e9 quince rosales que me hab\u00edan regalado mis amigos. Fue un trabajo duro, pero yo pod\u00eda imaginarme un jard\u00edn como los de las revistas. Al final de la primavera las rosas florecieron y durante un mes, el jard\u00edn fue maravilloso; pero luego las rosas comenzaron a desaparecer. &#8230; <a title=\"El Jard\u00edn de Rosas\" class=\"read-more\" href=\"https:\/\/quechilero.com\/blog\/2015\/06\/14\/el-jardin-de-rosas\/\" aria-label=\"Leer m\u00e1s sobre El Jard\u00edn de Rosas\">Leer m\u00e1s<\/a><\/p>\n","protected":false},"author":1,"featured_media":0,"comment_status":"open","ping_status":"open","sticky":false,"template":"","format":"standard","meta":{"advanced_seo_description":"","jetpack_seo_html_title":"","jetpack_seo_noindex":false,"jetpack_seo_schema_type":"","episode_type":"","audio_file":"","podmotor_file_id":"","podmotor_episode_id":"","cover_image":"","cover_image_id":"","duration":"","filesize":"","filesize_raw":"","date_recorded":"","explicit":"","block":"","_jetpack_newsletter_access":"","_jetpack_dont_email_post_to_subs":false,"_jetpack_newsletter_tier_id":0,"_jetpack_memberships_contains_paywalled_content":false,"_jetpack_feature_clip_id":0,"_jetpack_memberships_contains_paid_content":false,"footnotes":"","jetpack_publicize_message":"","jetpack_publicize_feature_enabled":true,"jetpack_social_post_already_shared":true,"jetpack_social_options":{"image_generator_settings":{"template":"highway","default_image_id":0,"font":"","enabled":false},"version":2},"jetpack_post_was_ever_published":false},"categories":[2],"tags":[12,102,36],"series":[],"class_list":["post-21210","post","type-post","status-publish","format-standard","hentry","category-limones","tag-cosas","tag-ilustracion","tag-trabajo"],"episode_featured_image":false,"episode_player_image":"https:\/\/i0.wp.com\/quechilero.com\/blog\/imagenes\/podcast.png?fit=1831%2C1831&ssl=1","download_link":"","player_link":"","audio_player":false,"episode_data":{"playerMode":"dark","subscribeUrls":{"amazon":{"key":"amazon","url":"","label":"Amazon","class":"amazon","icon":"amazon.png"},"apple_podcasts":{"key":"apple_podcasts","url":"","label":"Apple Podcasts","class":"apple_podcasts","icon":"apple-podcasts.png"},"castbox":{"key":"castbox","url":"","label":"CastBox","class":"castbox","icon":"castbox.png"},"deezer":{"key":"deezer","url":"","label":"Deezer","class":"deezer","icon":"deezer.png"},"google_podcasts":{"key":"google_podcasts","url":"","label":"Google Podcasts","class":"google_podcasts","icon":"google-podcasts.png"},"listen_notes":{"key":"listen_notes","url":"","label":"Listen Notes","class":"listen_notes","icon":"listen-notes.png"},"pandora":{"key":"pandora","url":"","label":"Pandora","class":"pandora","icon":"pandora.png"},"podbean":{"key":"podbean","url":"","label":"Podbean","class":"podbean","icon":"podbean.png"},"podcast_republic":{"key":"podcast_republic","url":"","label":"Podcast Republic","class":"podcast_republic","icon":"podcast-republic.png"},"rss":{"key":"rss","url":"","label":"RSS","class":"rss","icon":"rss.png"},"spotify":{"key":"spotify","url":"","label":"Spotify","class":"spotify","icon":"spotify.png"},"stitcher":{"key":"stitcher","url":"","label":"Stitcher","class":"stitcher","icon":"stitcher.png"},"tunein":{"key":"tunein","url":"","label":"TuneIn","class":"tunein","icon":"tunein.png"},"youtube":{"key":"youtube","url":"","label":"YouTube","class":"youtube","icon":"youtube.png"},"iheartradio":{"key":"iheartradio","url":"","label":"iHeartRadio","class":"iheartradio","icon":"iheartradio.png"},"ivoox":{"key":"ivoox","url":"","label":"iVoox","class":"ivoox","icon":"ivoox.png"}},"rssFeedUrl":"https:\/\/quechilero.com\/blog\/feed\/podcast\/si-la-vida-nos-da-limones","embedCode":"<blockquote class=\"wp-embedded-content\" data-secret=\"I0y2RJdUND\"><a href=\"https:\/\/quechilero.com\/blog\/2015\/06\/14\/el-jardin-de-rosas\/\">El Jard\u00edn de Rosas<\/a><\/blockquote><iframe sandbox=\"allow-scripts\" security=\"restricted\" src=\"https:\/\/quechilero.com\/blog\/2015\/06\/14\/el-jardin-de-rosas\/embed\/#?secret=I0y2RJdUND\" width=\"500\" height=\"350\" title=\"\u00abEl Jard\u00edn de Rosas\u00bb \u2014 Si la Vida nos da Limones...\" data-secret=\"I0y2RJdUND\" frameborder=\"0\" marginwidth=\"0\" marginheight=\"0\" scrolling=\"no\" class=\"wp-embedded-content\"><\/iframe><script>\n\/*! This file is auto-generated *\/\n!function(d,l){\"use strict\";l.querySelector&&d.addEventListener&&\"undefined\"!=typeof URL&&(d.wp=d.wp||{},d.wp.receiveEmbedMessage||(d.wp.receiveEmbedMessage=function(e){var t=e.data;if((t||t.secret||t.message||t.value)&&!\/[^a-zA-Z0-9]\/.test(t.secret)){for(var s,r,n,a=l.querySelectorAll('iframe[data-secret=\"'+t.secret+'\"]'),o=l.querySelectorAll('blockquote[data-secret=\"'+t.secret+'\"]'),c=new RegExp(\"^https?:$\",\"i\"),i=0;i<o.length;i++)o[i].style.display=\"none\";for(i=0;i<a.length;i++)s=a[i],e.source===s.contentWindow&&(s.removeAttribute(\"style\"),\"height\"===t.message?(1e3<(r=parseInt(t.value,10))?r=1e3:~~r<200&&(r=200),s.height=r):\"link\"===t.message&&(r=new URL(s.getAttribute(\"src\")),n=new URL(t.value),c.test(n.protocol))&&n.host===r.host&&l.activeElement===s&&(d.top.location.href=t.value))}},d.addEventListener(\"message\",d.wp.receiveEmbedMessage,!1),l.addEventListener(\"DOMContentLoaded\",function(){for(var e,t,s=l.querySelectorAll(\"iframe.wp-embedded-content\"),r=0;r<s.length;r++)(t=(e=s[r]).getAttribute(\"data-secret\"))||(t=Math.random().toString(36).substring(2,12),e.src+=\"#?secret=\"+t,e.setAttribute(\"data-secret\",t)),e.contentWindow.postMessage({message:\"ready\",secret:t},\"*\")},!1)))}(window,document);\n\/\/# sourceURL=https:\/\/quechilero.com\/blog\/wp-includes\/js\/wp-embed.min.js\n<\/script>\n"},"jetpack_publicize_connections":[],"jetpack_shortlink":"https:\/\/wp.me\/pDKli-5w6","jetpack_sharing_enabled":true,"jetpack-related-posts":[{"id":19687,"url":"https:\/\/quechilero.com\/blog\/2015\/02\/01\/como-crecer\/","url_meta":{"origin":21210,"position":0},"title":"C\u00f3mo crecer","author":"Pepe Barrascout Ortiz","date":"1 febrero 2015","format":false,"excerpt":"Un Rey fue hasta su jard\u00edn y descubri\u00f3 que sus \u00e1rboles, arbustos y flores se estaban muriendo. El Roble le dijo que se mor\u00eda porque no pod\u00eda ser tan alto como el Pino. Volvi\u00e9ndose al Pino, lo hall\u00f3 ca\u00eddo porque no pod\u00eda dar uvas como la Vid. Y la Vid\u2026","rel":"","context":"En \u00abLimones\u00bb","block_context":{"text":"Limones","link":"https:\/\/quechilero.com\/blog\/category\/limones\/"},"img":{"alt_text":"","src":"","width":0,"height":0},"classes":[]},{"id":13240,"url":"https:\/\/quechilero.com\/blog\/2012\/04\/29\/florece-donde-estes\/","url_meta":{"origin":21210,"position":1},"title":"Florece donde est\u00e9s","author":"Pepe Barrascout Ortiz","date":"29 abril 2012","format":false,"excerpt":"Una joven pareja se mud\u00f3 a otra ciudad, lejos de la familia y los amigos. Lleg\u00f3 la mudanza, la pareja desempac\u00f3 sus pertenencias y el marido empez\u00f3 a trabajar a la semana siguiente. Todos los d\u00edas al llegar a su casa, su esposa lo recib\u00eda en la puerta con una\u2026","rel":"","context":"En \u00abLimones\u00bb","block_context":{"text":"Limones","link":"https:\/\/quechilero.com\/blog\/category\/limones\/"},"img":{"alt_text":"","src":"","width":0,"height":0},"classes":[]},{"id":20113,"url":"https:\/\/quechilero.com\/blog\/2015\/05\/17\/el-leon-y-la-liebre\/","url_meta":{"origin":21210,"position":2},"title":"El le\u00f3n y la liebre","author":"Pepe Barrascout Ortiz","date":"17 mayo 2015","format":false,"excerpt":"Sorprendi\u00f3 un le\u00f3n a una liebre que dorm\u00eda tranquilamente. Pero cuando estaba a punto de devorarla, vio pasar a un ciervo. Dej\u00f3 entonces a la liebre por perseguir al ciervo. Despert\u00f3 la liebre ante los ruidos de la persecuci\u00f3n, y no esperando m\u00e1s, emprendi\u00f3 su hu\u00edda. Mientras tanto el le\u00f3n,\u2026","rel":"","context":"En \u00abLimones\u00bb","block_context":{"text":"Limones","link":"https:\/\/quechilero.com\/blog\/category\/limones\/"},"img":{"alt_text":"","src":"","width":0,"height":0},"classes":[]},{"id":14604,"url":"https:\/\/quechilero.com\/blog\/2012\/09\/26\/paisajes\/","url_meta":{"origin":21210,"position":3},"title":"Paisajes","author":"Pepe Barrascout Ortiz","date":"26 septiembre 2012","format":false,"excerpt":"El entorno de un hogar es casi siempre muy personal y refleja el gusto individual de los propietarios. Hacer que el exterior refleje al propietario es un talento singular que tienen en com\u00fan los arquitectos, paisajistas y los aficionados a la jardiner\u00eda. Admiran tanto su trabajo que los amigos y\u2026","rel":"","context":"En \u00abLimones\u00bb","block_context":{"text":"Limones","link":"https:\/\/quechilero.com\/blog\/category\/limones\/"},"img":{"alt_text":"","src":"","width":0,"height":0},"classes":[]},{"id":19848,"url":"https:\/\/quechilero.com\/blog\/2015\/02\/23\/la-rosa-o-el-cactus\/","url_meta":{"origin":21210,"position":4},"title":"\u00bfLa rosa o el cactus?","author":"Pepe Barrascout Ortiz","date":"23 febrero 2015","format":false,"excerpt":"Un hombre pregunt\u00f3 a un sabio si deb\u00eda quedarse con su esposa o su amante. El sabio tom\u00f3 dos flores en su mano: una rosa y un cactus, y le pregunt\u00f3 al hombre: - Si yo te doy a escoger una flor, \u00bfcu\u00e1l eliges? Y el hombre sonri\u00f3 y dijo:\u2026","rel":"","context":"En \u00abLimones\u00bb","block_context":{"text":"Limones","link":"https:\/\/quechilero.com\/blog\/category\/limones\/"},"img":{"alt_text":"","src":"","width":0,"height":0},"classes":[]},{"id":5457,"url":"https:\/\/quechilero.com\/blog\/2010\/08\/16\/el-leon-y-el-ciervo\/","url_meta":{"origin":21210,"position":5},"title":"El le\u00f3n y el ciervo","author":"Pepe Barrascout Ortiz","date":"16 agosto 2010","format":false,"excerpt":"Estaba un le\u00f3n muy furioso, rugiendo y gritando sin ninguna raz\u00f3n. Lo vio un ciervo a prudente distancia y exclam\u00f3: - \u00a1Desdichados de nosotros, los dem\u00e1s animales del bosque!, si cuando el le\u00f3n estaba sosegado nos era tan insoportable, \u00bfde qu\u00e9 no ser\u00e1 capaz estando en la forma que est\u00e1\u2026","rel":"","context":"En \u00abLimones\u00bb","block_context":{"text":"Limones","link":"https:\/\/quechilero.com\/blog\/category\/limones\/"},"img":{"alt_text":"","src":"","width":0,"height":0},"classes":[]}],"jetpack_featured_media_url":"","_links":{"self":[{"href":"https:\/\/quechilero.com\/blog\/wp-json\/wp\/v2\/posts\/21210","targetHints":{"allow":["GET"]}}],"collection":[{"href":"https:\/\/quechilero.com\/blog\/wp-json\/wp\/v2\/posts"}],"about":[{"href":"https:\/\/quechilero.com\/blog\/wp-json\/wp\/v2\/types\/post"}],"author":[{"embeddable":true,"href":"https:\/\/quechilero.com\/blog\/wp-json\/wp\/v2\/users\/1"}],"replies":[{"embeddable":true,"href":"https:\/\/quechilero.com\/blog\/wp-json\/wp\/v2\/comments?post=21210"}],"version-history":[{"count":0,"href":"https:\/\/quechilero.com\/blog\/wp-json\/wp\/v2\/posts\/21210\/revisions"}],"wp:attachment":[{"href":"https:\/\/quechilero.com\/blog\/wp-json\/wp\/v2\/media?parent=21210"}],"wp:term":[{"taxonomy":"category","embeddable":true,"href":"https:\/\/quechilero.com\/blog\/wp-json\/wp\/v2\/categories?post=21210"},{"taxonomy":"post_tag","embeddable":true,"href":"https:\/\/quechilero.com\/blog\/wp-json\/wp\/v2\/tags?post=21210"},{"taxonomy":"series","embeddable":true,"href":"https:\/\/quechilero.com\/blog\/wp-json\/wp\/v2\/series?post=21210"}],"curies":[{"name":"wp","href":"https:\/\/api.w.org\/{rel}","templated":true}]}}