{"id":21186,"date":"2015-06-03T08:00:24","date_gmt":"2015-06-03T14:00:24","guid":{"rendered":"http:\/\/quechilero.com\/blog\/?p=21186"},"modified":"2015-05-26T09:39:51","modified_gmt":"2015-05-26T15:39:51","slug":"nuestra-senora-de-lourdes","status":"publish","type":"post","link":"https:\/\/quechilero.com\/blog\/2015\/06\/03\/nuestra-senora-de-lourdes\/","title":{"rendered":"Nuestra Se\u00f1ora de Lourdes"},"content":{"rendered":"<p>Cuatro a\u00f1os despu\u00e9s de la proclamaci\u00f3n de su Inmaculada Concepci\u00f3n, la Sant\u00edsima Virgen se apareci\u00f3 en repetidas ocasiones a la humilde joven santa Mar\u00eda Bernarda Soubirous en los montes Pirineos, junto al r\u00edo Gave, en la gruta de Massabielle, de la poblaci\u00f3n de Lourdes, y desde entonces aquel lugar es frecuentado por muchos cristianos, que acuden devotamente a rezar.<\/p>\n<p>Bernardita de Soubirous fue la elegida por Dios para ser testigo y mensajera de tan extraordinaria iniciativa del Creador. La Madre de Jes\u00fas, nuestra Madre tambi\u00e9n, supo como siempre enamorar a las multitudes y convocar a los pueblos de las naciones alrededor de la majestuosa imagen que de Ella se difundi\u00f3.<\/p>\n<p>Lourdes ha sido fuente de sanaci\u00f3n f\u00edsica para mucha gente, y quiz\u00e1s ha sido este el milagro m\u00e1s visible que Dios ha realizado para confirmar y sostener la fe en la obra. Pero sin dudas que la sanaci\u00f3n espiritual, la conversi\u00f3n de las almas, ha sido el fruto m\u00e1s extraordinario que las generaciones han manifestado como evidencia de la potencia de los actos de Dios en esta tierra.<\/p>\n<p>Bernardita fue tambi\u00e9n instrumento de confirmaci\u00f3n del Dogma de la Inmaculada Concepci\u00f3n, para alegr\u00eda de los que amamos la pureza de Mar\u00eda, reconocida de este modo en las propias palabras de la Reina del Cielo: \u00abYo soy la Inmaculada Concepci\u00f3n\u00bb. Hoy, despu\u00e9s de 150 a\u00f1os, las palabras de Mar\u00eda resuenan en nuestros o\u00eddos con la misma fuerza, como un cristal puro que resuena y sacude con su timbre los t\u00edmpanos del mundo.<\/p>\n<p>Gloria a Dios por Su Amor manifestado en regalo tan extraordinario. Nuestra Se\u00f1ora de Lourdes renueve nuestros corazones y nuestras mentes, para que emerja sonriente y esplendorosa nuestra propia conversi\u00f3n.<\/p>\n","protected":false},"excerpt":{"rendered":"<p>Cuatro a\u00f1os despu\u00e9s de la proclamaci\u00f3n de su Inmaculada Concepci\u00f3n, la Sant\u00edsima Virgen se apareci\u00f3 en repetidas ocasiones a la humilde joven santa Mar\u00eda Bernarda Soubirous en los montes Pirineos, junto al r\u00edo Gave, en la gruta de Massabielle, de la poblaci\u00f3n de Lourdes, y desde entonces aquel lugar es frecuentado por muchos cristianos, que &#8230; <a title=\"Nuestra Se\u00f1ora de Lourdes\" class=\"read-more\" href=\"https:\/\/quechilero.com\/blog\/2015\/06\/03\/nuestra-senora-de-lourdes\/\" aria-label=\"Leer m\u00e1s sobre Nuestra Se\u00f1ora de Lourdes\">Leer m\u00e1s<\/a><\/p>\n","protected":false},"author":1,"featured_media":0,"comment_status":"open","ping_status":"open","sticky":false,"template":"","format":"standard","meta":{"advanced_seo_description":"","jetpack_seo_html_title":"","jetpack_seo_noindex":false,"jetpack_seo_schema_type":"","episode_type":"","audio_file":"","podmotor_file_id":"","podmotor_episode_id":"","cover_image":"","cover_image_id":"","duration":"","filesize":"","filesize_raw":"","date_recorded":"","explicit":"","block":"","_jetpack_newsletter_access":"","_jetpack_dont_email_post_to_subs":false,"_jetpack_newsletter_tier_id":0,"_jetpack_memberships_contains_paywalled_content":false,"_jetpack_feature_clip_id":0,"_jetpack_memberships_contains_paid_content":false,"footnotes":"","jetpack_publicize_message":"","jetpack_publicize_feature_enabled":true,"jetpack_social_post_already_shared":true,"jetpack_social_options":{"image_generator_settings":{"template":"highway","default_image_id":0,"font":"","enabled":false},"version":2},"jetpack_post_was_ever_published":false},"categories":[2],"tags":[87,15,51,74,39],"series":[],"class_list":["post-21186","post","type-post","status-publish","format-standard","hentry","category-limones","tag-alegria","tag-amor","tag-dios","tag-jesus","tag-madre"],"episode_featured_image":false,"episode_player_image":"https:\/\/i0.wp.com\/quechilero.com\/blog\/imagenes\/podcast.png?fit=1831%2C1831&ssl=1","download_link":"","player_link":"","audio_player":false,"episode_data":{"playerMode":"dark","subscribeUrls":{"amazon":{"key":"amazon","url":"","label":"Amazon","class":"amazon","icon":"amazon.png"},"apple_podcasts":{"key":"apple_podcasts","url":"","label":"Apple Podcasts","class":"apple_podcasts","icon":"apple-podcasts.png"},"castbox":{"key":"castbox","url":"","label":"CastBox","class":"castbox","icon":"castbox.png"},"deezer":{"key":"deezer","url":"","label":"Deezer","class":"deezer","icon":"deezer.png"},"google_podcasts":{"key":"google_podcasts","url":"","label":"Google Podcasts","class":"google_podcasts","icon":"google-podcasts.png"},"listen_notes":{"key":"listen_notes","url":"","label":"Listen Notes","class":"listen_notes","icon":"listen-notes.png"},"pandora":{"key":"pandora","url":"","label":"Pandora","class":"pandora","icon":"pandora.png"},"podbean":{"key":"podbean","url":"","label":"Podbean","class":"podbean","icon":"podbean.png"},"podcast_republic":{"key":"podcast_republic","url":"","label":"Podcast Republic","class":"podcast_republic","icon":"podcast-republic.png"},"rss":{"key":"rss","url":"","label":"RSS","class":"rss","icon":"rss.png"},"spotify":{"key":"spotify","url":"","label":"Spotify","class":"spotify","icon":"spotify.png"},"stitcher":{"key":"stitcher","url":"","label":"Stitcher","class":"stitcher","icon":"stitcher.png"},"tunein":{"key":"tunein","url":"","label":"TuneIn","class":"tunein","icon":"tunein.png"},"youtube":{"key":"youtube","url":"","label":"YouTube","class":"youtube","icon":"youtube.png"},"iheartradio":{"key":"iheartradio","url":"","label":"iHeartRadio","class":"iheartradio","icon":"iheartradio.png"},"ivoox":{"key":"ivoox","url":"","label":"iVoox","class":"ivoox","icon":"ivoox.png"}},"rssFeedUrl":"https:\/\/quechilero.com\/blog\/feed\/podcast\/si-la-vida-nos-da-limones","embedCode":"<blockquote class=\"wp-embedded-content\" data-secret=\"kySWcHlq7z\"><a href=\"https:\/\/quechilero.com\/blog\/2015\/06\/03\/nuestra-senora-de-lourdes\/\">Nuestra Se\u00f1ora de Lourdes<\/a><\/blockquote><iframe sandbox=\"allow-scripts\" security=\"restricted\" src=\"https:\/\/quechilero.com\/blog\/2015\/06\/03\/nuestra-senora-de-lourdes\/embed\/#?secret=kySWcHlq7z\" width=\"500\" height=\"350\" title=\"\u00abNuestra Se\u00f1ora de Lourdes\u00bb \u2014 Si la Vida nos da Limones...\" data-secret=\"kySWcHlq7z\" frameborder=\"0\" marginwidth=\"0\" marginheight=\"0\" scrolling=\"no\" class=\"wp-embedded-content\"><\/iframe><script>\n\/*! This file is auto-generated *\/\n!function(d,l){\"use strict\";l.querySelector&&d.addEventListener&&\"undefined\"!=typeof URL&&(d.wp=d.wp||{},d.wp.receiveEmbedMessage||(d.wp.receiveEmbedMessage=function(e){var t=e.data;if((t||t.secret||t.message||t.value)&&!\/[^a-zA-Z0-9]\/.test(t.secret)){for(var s,r,n,a=l.querySelectorAll('iframe[data-secret=\"'+t.secret+'\"]'),o=l.querySelectorAll('blockquote[data-secret=\"'+t.secret+'\"]'),c=new RegExp(\"^https?:$\",\"i\"),i=0;i<o.length;i++)o[i].style.display=\"none\";for(i=0;i<a.length;i++)s=a[i],e.source===s.contentWindow&&(s.removeAttribute(\"style\"),\"height\"===t.message?(1e3<(r=parseInt(t.value,10))?r=1e3:~~r<200&&(r=200),s.height=r):\"link\"===t.message&&(r=new URL(s.getAttribute(\"src\")),n=new URL(t.value),c.test(n.protocol))&&n.host===r.host&&l.activeElement===s&&(d.top.location.href=t.value))}},d.addEventListener(\"message\",d.wp.receiveEmbedMessage,!1),l.addEventListener(\"DOMContentLoaded\",function(){for(var e,t,s=l.querySelectorAll(\"iframe.wp-embedded-content\"),r=0;r<s.length;r++)(t=(e=s[r]).getAttribute(\"data-secret\"))||(t=Math.random().toString(36).substring(2,12),e.src+=\"#?secret=\"+t,e.setAttribute(\"data-secret\",t)),e.contentWindow.postMessage({message:\"ready\",secret:t},\"*\")},!1)))}(window,document);\n\/\/# sourceURL=https:\/\/quechilero.com\/blog\/wp-includes\/js\/wp-embed.min.js\n<\/script>\n"},"jetpack_publicize_connections":[],"jetpack_shortlink":"https:\/\/wp.me\/pDKli-5vI","jetpack_sharing_enabled":true,"jetpack-related-posts":[{"id":7599,"url":"https:\/\/quechilero.com\/blog\/2011\/03\/31\/reflexiones-de-cuaresma-dia-23\/","url_meta":{"origin":21186,"position":0},"title":"Reflexiones de Cuaresma d\u00eda 23","author":"Pepe Barrascout Ortiz","date":"31 marzo 2011","format":false,"excerpt":"Oraci\u00f3n inicial Se\u00f1or m\u00edo, Jesucristo, creo firmemente que est\u00e1s aqu\u00ed; en estos pocos minutos de oraci\u00f3n que empiezo ahora quiero pedirte y agradecerte. Pedirte\u00a0la gracia de darme m\u00e1s cuenta de que T\u00fa vives, me escuchas y me amas; tanto, que has querido morir libremente por m\u00ed en la cruz y\u2026","rel":"","context":"En \u00abLimones por mano\u00bb","block_context":{"text":"Limones por mano","link":"https:\/\/quechilero.com\/blog\/category\/limones-por-mano\/"},"img":{"alt_text":"","src":"","width":0,"height":0},"classes":[]},{"id":399,"url":"https:\/\/quechilero.com\/blog\/2006\/12\/12\/virgen-de-guadalupe\/","url_meta":{"origin":21186,"position":1},"title":"Virgen de Guadalupe","author":"Pepe Barrascout Ortiz","date":"12 diciembre 2006","format":false,"excerpt":"\"Madre Sant\u00edsima de Guadalupe. Madre de Jes\u00fas, cond\u00facenos hacia tu Divino Hijo por el camino del Evangelio, para que nuestra vida sea el cumplimiento generoso de la voluntad de Dios Cond\u00facenos a Jes\u00fas, que se nos manifiesta y se nos da en la Palabra revelada y en el Pan de\u2026","rel":"","context":"En \u00abLimones\u00bb","block_context":{"text":"Limones","link":"https:\/\/quechilero.com\/blog\/category\/limones\/"},"img":{"alt_text":"Virgen de Guadalupe","src":"https:\/\/i0.wp.com\/static.flickr.com\/130\/320598978_2a0d7b2785.jpg?resize=350%2C200","width":350,"height":200},"classes":[]},{"id":168,"url":"https:\/\/quechilero.com\/blog\/2006\/08\/17\/en-el-bus\/","url_meta":{"origin":21186,"position":2},"title":"En el bus","author":"Pepe Barrascout Ortiz","date":"17 agosto 2006","format":false,"excerpt":"En un autob\u00fas repleto de viejecitos, en una gira especial a Lourdes para gente de tercera edad, una viejecita le toca el hombro al chofer y le brinda un buen pu\u00f1ado de cacahuates sin c\u00e1scara. El chofer sorprendido le da las gracias y se los come con agrado. Cinco minutos\u2026","rel":"","context":"En \u00abLimones\u00bb","block_context":{"text":"Limones","link":"https:\/\/quechilero.com\/blog\/category\/limones\/"},"img":{"alt_text":"","src":"","width":0,"height":0},"classes":[]},{"id":461,"url":"https:\/\/quechilero.com\/blog\/2007\/02\/21\/el-santo-rosario\/","url_meta":{"origin":21186,"position":3},"title":"El Santo Rosario","author":"Pepe Barrascout Ortiz","date":"21 febrero 2007","format":false,"excerpt":"Preparaci\u00f3n: * Nos hacemos la se\u00f1al de la Cruz * Nos ponemos en presencia de Dios y para que la oraci\u00f3n llegue al Cielo, pedimos humildemente perd\u00f3n al Se\u00f1or por nuestras faltas (en silencio). Rezamos el Acto de Contrici\u00f3n (el \"P\u00e9same\") * Decimos: \"En el primer misterio recordamos...\" (nombramos el\u2026","rel":"","context":"En \u00abLimones\u00bb","block_context":{"text":"Limones","link":"https:\/\/quechilero.com\/blog\/category\/limones\/"},"img":{"alt_text":"","src":"","width":0,"height":0},"classes":[]},{"id":4614,"url":"https:\/\/quechilero.com\/blog\/2010\/04\/02\/viernes-santo\/","url_meta":{"origin":21186,"position":4},"title":"Viernes Santo","author":"Pepe Barrascout Ortiz","date":"2 abril 2010","format":false,"excerpt":"La tarde del Viernes Santo presenta el drama inmenso de la muerte de Cristo en el Calvario. La cruz erguida sobre el mundo sigue en pie como signo de salvaci\u00f3n y de esperanza. Con la Pasi\u00f3n de Jes\u00fas seg\u00fan el\u00a0Evangelio de Juan contemplamos el misterio del Crucificado, con el coraz\u00f3n\u2026","rel":"","context":"En \u00abLimones\u00bb","block_context":{"text":"Limones","link":"https:\/\/quechilero.com\/blog\/category\/limones\/"},"img":{"alt_text":"","src":"","width":0,"height":0},"classes":[]},{"id":15125,"url":"https:\/\/quechilero.com\/blog\/2012\/11\/15\/dar-gracias\/","url_meta":{"origin":21186,"position":5},"title":"Dar Gracias","author":"Pepe Barrascout Ortiz","date":"15 noviembre 2012","format":false,"excerpt":"Una madre sol\u00eda orar en las noches con una hija peque\u00f1a, de unos seis a\u00f1os, al acostarla. Una noche la madre le dijo: - Hoy vamos a pedir a Dios un poco m\u00e1s para que sane a la t\u00eda Marta. Oraron por la t\u00eda Marta, cada noche, durante un par\u2026","rel":"","context":"En \u00abLimones\u00bb","block_context":{"text":"Limones","link":"https:\/\/quechilero.com\/blog\/category\/limones\/"},"img":{"alt_text":"","src":"","width":0,"height":0},"classes":[]}],"jetpack_featured_media_url":"","_links":{"self":[{"href":"https:\/\/quechilero.com\/blog\/wp-json\/wp\/v2\/posts\/21186","targetHints":{"allow":["GET"]}}],"collection":[{"href":"https:\/\/quechilero.com\/blog\/wp-json\/wp\/v2\/posts"}],"about":[{"href":"https:\/\/quechilero.com\/blog\/wp-json\/wp\/v2\/types\/post"}],"author":[{"embeddable":true,"href":"https:\/\/quechilero.com\/blog\/wp-json\/wp\/v2\/users\/1"}],"replies":[{"embeddable":true,"href":"https:\/\/quechilero.com\/blog\/wp-json\/wp\/v2\/comments?post=21186"}],"version-history":[{"count":0,"href":"https:\/\/quechilero.com\/blog\/wp-json\/wp\/v2\/posts\/21186\/revisions"}],"wp:attachment":[{"href":"https:\/\/quechilero.com\/blog\/wp-json\/wp\/v2\/media?parent=21186"}],"wp:term":[{"taxonomy":"category","embeddable":true,"href":"https:\/\/quechilero.com\/blog\/wp-json\/wp\/v2\/categories?post=21186"},{"taxonomy":"post_tag","embeddable":true,"href":"https:\/\/quechilero.com\/blog\/wp-json\/wp\/v2\/tags?post=21186"},{"taxonomy":"series","embeddable":true,"href":"https:\/\/quechilero.com\/blog\/wp-json\/wp\/v2\/series?post=21186"}],"curies":[{"name":"wp","href":"https:\/\/api.w.org\/{rel}","templated":true}]}}