{"id":21184,"date":"2015-05-30T08:00:20","date_gmt":"2015-05-30T14:00:20","guid":{"rendered":"http:\/\/quechilero.com\/blog\/?p=21184"},"modified":"2015-05-26T09:32:43","modified_gmt":"2015-05-26T15:32:43","slug":"el-miedo-puede-ser-contagioso","status":"publish","type":"post","link":"https:\/\/quechilero.com\/blog\/2015\/05\/30\/el-miedo-puede-ser-contagioso\/","title":{"rendered":"El miedo puede ser contagioso"},"content":{"rendered":"<p>Un hombre en un pueblo del medio oeste comenz\u00f3 a correr por la calle, gritando \u00abLa presa se ha roto\u00bb. Los hombres en la peluquer\u00eda le escucharon y al instante se unieron en el p\u00e1nico, corriendo a la calle gritando \u00abLa presa se ha roto\u00bb.<\/p>\n<p>Las mujeres que andaban de compras en el supermercado oyeron a la multitud y se unieron a ellos. La polic\u00eda y los bomberos se unieron a la multitud. Pronto la calle estaba llena de gente gritando \u00abLa presa se ha roto\u00bb.<\/p>\n<p>Un anciano corri\u00f3 tan lejos como pudo y luego se sent\u00f3 en la acera por un momento y pens\u00f3: \u00abHe vivido aqu\u00ed toda mi vida. \u00bfQu\u00e9 represa?\u00bb La verdad era que no hab\u00eda presa. No hab\u00eda peligro. S\u00f3lo hab\u00eda miedo contagioso.<\/p>\n<p>Despu\u00e9s de unos minutos, los sonrojados ciudadanos regresaron al pueblo arrastrando los pies, avergonzados por su respuesta colectiva al miedo.<\/p>\n<p>El esp\u00edritu de temor se extiende en las alas de la duda y destruye como una plaga.<\/p>\n","protected":false},"excerpt":{"rendered":"<p>Un hombre en un pueblo del medio oeste comenz\u00f3 a correr por la calle, gritando \u00abLa presa se ha roto\u00bb. Los hombres en la peluquer\u00eda le escucharon y al instante se unieron en el p\u00e1nico, corriendo a la calle gritando \u00abLa presa se ha roto\u00bb. Las mujeres que andaban de compras en el supermercado oyeron &#8230; <a title=\"El miedo puede ser contagioso\" class=\"read-more\" href=\"https:\/\/quechilero.com\/blog\/2015\/05\/30\/el-miedo-puede-ser-contagioso\/\" aria-label=\"Leer m\u00e1s sobre El miedo puede ser contagioso\">Leer m\u00e1s<\/a><\/p>\n","protected":false},"author":1,"featured_media":0,"comment_status":"open","ping_status":"open","sticky":false,"template":"","format":"standard","meta":{"advanced_seo_description":"","jetpack_seo_html_title":"","jetpack_seo_noindex":false,"jetpack_seo_schema_type":"","episode_type":"","audio_file":"","podmotor_file_id":"","podmotor_episode_id":"","cover_image":"","cover_image_id":"","duration":"","filesize":"","filesize_raw":"","date_recorded":"","explicit":"","block":"","_jetpack_newsletter_access":"","_jetpack_dont_email_post_to_subs":false,"_jetpack_newsletter_tier_id":0,"_jetpack_memberships_contains_paywalled_content":false,"_jetpack_feature_clip_id":0,"_jetpack_memberships_contains_paid_content":false,"footnotes":"","jetpack_publicize_message":"","jetpack_publicize_feature_enabled":true,"jetpack_social_post_already_shared":true,"jetpack_social_options":{"image_generator_settings":{"template":"highway","default_image_id":0,"font":"","enabled":false},"version":2},"jetpack_post_was_ever_published":false},"categories":[2],"tags":[18,22,41,24],"series":[],"class_list":["post-21184","post","type-post","status-publish","format-standard","hentry","category-limones","tag-hombre","tag-respuesta","tag-verdad","tag-vida"],"episode_featured_image":false,"episode_player_image":"https:\/\/i0.wp.com\/quechilero.com\/blog\/imagenes\/podcast.png?fit=1831%2C1831&ssl=1","download_link":"","player_link":"","audio_player":false,"episode_data":{"playerMode":"dark","subscribeUrls":{"amazon":{"key":"amazon","url":"","label":"Amazon","class":"amazon","icon":"amazon.png"},"apple_podcasts":{"key":"apple_podcasts","url":"","label":"Apple Podcasts","class":"apple_podcasts","icon":"apple-podcasts.png"},"castbox":{"key":"castbox","url":"","label":"CastBox","class":"castbox","icon":"castbox.png"},"deezer":{"key":"deezer","url":"","label":"Deezer","class":"deezer","icon":"deezer.png"},"google_podcasts":{"key":"google_podcasts","url":"","label":"Google Podcasts","class":"google_podcasts","icon":"google-podcasts.png"},"listen_notes":{"key":"listen_notes","url":"","label":"Listen Notes","class":"listen_notes","icon":"listen-notes.png"},"pandora":{"key":"pandora","url":"","label":"Pandora","class":"pandora","icon":"pandora.png"},"podbean":{"key":"podbean","url":"","label":"Podbean","class":"podbean","icon":"podbean.png"},"podcast_republic":{"key":"podcast_republic","url":"","label":"Podcast Republic","class":"podcast_republic","icon":"podcast-republic.png"},"rss":{"key":"rss","url":"","label":"RSS","class":"rss","icon":"rss.png"},"spotify":{"key":"spotify","url":"","label":"Spotify","class":"spotify","icon":"spotify.png"},"stitcher":{"key":"stitcher","url":"","label":"Stitcher","class":"stitcher","icon":"stitcher.png"},"tunein":{"key":"tunein","url":"","label":"TuneIn","class":"tunein","icon":"tunein.png"},"youtube":{"key":"youtube","url":"","label":"YouTube","class":"youtube","icon":"youtube.png"},"iheartradio":{"key":"iheartradio","url":"","label":"iHeartRadio","class":"iheartradio","icon":"iheartradio.png"},"ivoox":{"key":"ivoox","url":"","label":"iVoox","class":"ivoox","icon":"ivoox.png"}},"rssFeedUrl":"https:\/\/quechilero.com\/blog\/feed\/podcast\/si-la-vida-nos-da-limones","embedCode":"<blockquote class=\"wp-embedded-content\" data-secret=\"UHkqSvwPv5\"><a href=\"https:\/\/quechilero.com\/blog\/2015\/05\/30\/el-miedo-puede-ser-contagioso\/\">El miedo puede ser contagioso<\/a><\/blockquote><iframe sandbox=\"allow-scripts\" security=\"restricted\" src=\"https:\/\/quechilero.com\/blog\/2015\/05\/30\/el-miedo-puede-ser-contagioso\/embed\/#?secret=UHkqSvwPv5\" width=\"500\" height=\"350\" title=\"\u00abEl miedo puede ser contagioso\u00bb \u2014 Si la Vida nos da Limones...\" data-secret=\"UHkqSvwPv5\" frameborder=\"0\" marginwidth=\"0\" marginheight=\"0\" scrolling=\"no\" class=\"wp-embedded-content\"><\/iframe><script>\n\/*! This file is auto-generated *\/\n!function(d,l){\"use strict\";l.querySelector&&d.addEventListener&&\"undefined\"!=typeof URL&&(d.wp=d.wp||{},d.wp.receiveEmbedMessage||(d.wp.receiveEmbedMessage=function(e){var t=e.data;if((t||t.secret||t.message||t.value)&&!\/[^a-zA-Z0-9]\/.test(t.secret)){for(var s,r,n,a=l.querySelectorAll('iframe[data-secret=\"'+t.secret+'\"]'),o=l.querySelectorAll('blockquote[data-secret=\"'+t.secret+'\"]'),c=new RegExp(\"^https?:$\",\"i\"),i=0;i<o.length;i++)o[i].style.display=\"none\";for(i=0;i<a.length;i++)s=a[i],e.source===s.contentWindow&&(s.removeAttribute(\"style\"),\"height\"===t.message?(1e3<(r=parseInt(t.value,10))?r=1e3:~~r<200&&(r=200),s.height=r):\"link\"===t.message&&(r=new URL(s.getAttribute(\"src\")),n=new URL(t.value),c.test(n.protocol))&&n.host===r.host&&l.activeElement===s&&(d.top.location.href=t.value))}},d.addEventListener(\"message\",d.wp.receiveEmbedMessage,!1),l.addEventListener(\"DOMContentLoaded\",function(){for(var e,t,s=l.querySelectorAll(\"iframe.wp-embedded-content\"),r=0;r<s.length;r++)(t=(e=s[r]).getAttribute(\"data-secret\"))||(t=Math.random().toString(36).substring(2,12),e.src+=\"#?secret=\"+t,e.setAttribute(\"data-secret\",t)),e.contentWindow.postMessage({message:\"ready\",secret:t},\"*\")},!1)))}(window,document);\n\/\/# sourceURL=https:\/\/quechilero.com\/blog\/wp-includes\/js\/wp-embed.min.js\n<\/script>\n"},"jetpack_publicize_connections":[],"jetpack_shortlink":"https:\/\/wp.me\/pDKli-5vG","jetpack_sharing_enabled":true,"jetpack-related-posts":[{"id":16350,"url":"https:\/\/quechilero.com\/blog\/2013\/03\/21\/los-pozos-y-los-grandes-hombres\/","url_meta":{"origin":21184,"position":0},"title":"Los pozos y los grandes hombres","author":"Pepe Barrascout Ortiz","date":"21 marzo 2013","format":false,"excerpt":"Extra\u00f1os pozos aparecieron esa ma\u00f1ana en todos los pueblos y ciudades del mundo; eran muchos y daban miedo \u00bfqu\u00e9 extra\u00f1o animal hab\u00eda salido de esos profundos huecos en la tierra que parec\u00edan no tener fin? La gente, muy alarmada, se reuni\u00f3 en las calles; cerraron los negocios, las f\u00e1bricas, los\u2026","rel":"","context":"En \u00abLimones\u00bb","block_context":{"text":"Limones","link":"https:\/\/quechilero.com\/blog\/category\/limones\/"},"img":{"alt_text":"","src":"","width":0,"height":0},"classes":[]},{"id":16874,"url":"https:\/\/quechilero.com\/blog\/2013\/08\/08\/mirar-y-aprender\/","url_meta":{"origin":21184,"position":1},"title":"Mirar y aprender","author":"Pepe Barrascout Ortiz","date":"8 agosto 2013","format":false,"excerpt":"Mientras un \u00e1rbitro estaba parado detr\u00e1s de la base durante un partido de softbol femenino, oy\u00f3 que la madre de una jugadora empez\u00f3 a cantar: \"\u00a1Queremos un nuevo \u00e1rbitro! \u00a1Queremos un nuevo \u00e1rbitro!\". Al momento, otros padres se unieron al coro. El \u00e1rbitro sonri\u00f3, se dio vuelta hacia la multitud\u2026","rel":"","context":"En \u00abLimones\u00bb","block_context":{"text":"Limones","link":"https:\/\/quechilero.com\/blog\/category\/limones\/"},"img":{"alt_text":"","src":"","width":0,"height":0},"classes":[]},{"id":19661,"url":"https:\/\/quechilero.com\/blog\/2015\/01\/20\/hazme-igual-joe\/","url_meta":{"origin":21184,"position":2},"title":"\u00a1Hazme igual a Joe!","author":"Pepe Barrascout Ortiz","date":"20 enero 2015","format":false,"excerpt":"Joe era un borracho que milagrosamente se hab\u00eda convertido en la Misi\u00f3n Bowery. Antes de su conversi\u00f3n, se hab\u00eda ganado la fama de ser un sucio borracho para quien no hab\u00eda esperanza, era solamente una miserable existencia en el suburbio. Pero luego de su conversi\u00f3n a una nueva vida con\u2026","rel":"","context":"En \u00abLimones\u00bb","block_context":{"text":"Limones","link":"https:\/\/quechilero.com\/blog\/category\/limones\/"},"img":{"alt_text":"","src":"","width":0,"height":0},"classes":[]},{"id":20044,"url":"https:\/\/quechilero.com\/blog\/2015\/04\/13\/en-donde-te-refugias\/","url_meta":{"origin":21184,"position":3},"title":"\u00bfEn d\u00f3nde te refugias?","author":"Pepe Barrascout Ortiz","date":"13 abril 2015","format":false,"excerpt":"Mi amigo cuenta la historia de algo que sucedi\u00f3 mientras su pap\u00e1 estaba cazando venados en los bosques de Oregon. Con el rifle acunado en el hueco de sus brazos, su padre iba por un antiguo camino de le\u00f1adores casi borrado por la exuberante espesura. Ca\u00eda la tarde y estaba\u2026","rel":"","context":"En \u00abLimones\u00bb","block_context":{"text":"Limones","link":"https:\/\/quechilero.com\/blog\/category\/limones\/"},"img":{"alt_text":"","src":"","width":0,"height":0},"classes":[]},{"id":930,"url":"https:\/\/quechilero.com\/blog\/2008\/04\/08\/no-se-rompio-la-fila\/","url_meta":{"origin":21184,"position":4},"title":"No se rompi\u00f3 la fila","author":"Pepe Barrascout Ortiz","date":"8 abril 2008","format":false,"excerpt":"En una de las islas del Pac\u00edfico, escenario de la segunda guerra mundial, un oficial orden\u00f3 formar filas a una compa\u00f1\u00eda de soldados para solicitar voluntarios para una misi\u00f3n de gran peligro. Les explic\u00f3 el peligro que exist\u00eda. Enseguida pidi\u00f3 que quienes estuvieran dispuestos a enfrentarlo dieran dos pasos al\u2026","rel":"","context":"En \u00abLimones\u00bb","block_context":{"text":"Limones","link":"https:\/\/quechilero.com\/blog\/category\/limones\/"},"img":{"alt_text":"","src":"","width":0,"height":0},"classes":[]},{"id":902,"url":"https:\/\/quechilero.com\/blog\/2008\/03\/16\/cuaresma-evangelio-16-mar-08\/","url_meta":{"origin":21184,"position":5},"title":"Cuaresma &#8211; Evangelio 16 mar 08","author":"Pepe Barrascout Ortiz","date":"16 marzo 2008","format":false,"excerpt":"Evangelio seg\u00fan San Mateo 26,14-75.27,1-66. Entonces uno de los Doce, llamado Judas Iscariote, fue a ver a los sumos sacerdotes y les dijo: \"\u00bfCu\u00e1nto me dar\u00e1n si se lo entrego?\". Y resolvieron darle treinta monedas de plata. Desde ese momento, Judas buscaba una ocasi\u00f3n favorable para entregarlo. El primer d\u00eda\u2026","rel":"","context":"En \u00abLimones\u00bb","block_context":{"text":"Limones","link":"https:\/\/quechilero.com\/blog\/category\/limones\/"},"img":{"alt_text":"","src":"","width":0,"height":0},"classes":[]}],"jetpack_featured_media_url":"","_links":{"self":[{"href":"https:\/\/quechilero.com\/blog\/wp-json\/wp\/v2\/posts\/21184","targetHints":{"allow":["GET"]}}],"collection":[{"href":"https:\/\/quechilero.com\/blog\/wp-json\/wp\/v2\/posts"}],"about":[{"href":"https:\/\/quechilero.com\/blog\/wp-json\/wp\/v2\/types\/post"}],"author":[{"embeddable":true,"href":"https:\/\/quechilero.com\/blog\/wp-json\/wp\/v2\/users\/1"}],"replies":[{"embeddable":true,"href":"https:\/\/quechilero.com\/blog\/wp-json\/wp\/v2\/comments?post=21184"}],"version-history":[{"count":0,"href":"https:\/\/quechilero.com\/blog\/wp-json\/wp\/v2\/posts\/21184\/revisions"}],"wp:attachment":[{"href":"https:\/\/quechilero.com\/blog\/wp-json\/wp\/v2\/media?parent=21184"}],"wp:term":[{"taxonomy":"category","embeddable":true,"href":"https:\/\/quechilero.com\/blog\/wp-json\/wp\/v2\/categories?post=21184"},{"taxonomy":"post_tag","embeddable":true,"href":"https:\/\/quechilero.com\/blog\/wp-json\/wp\/v2\/tags?post=21184"},{"taxonomy":"series","embeddable":true,"href":"https:\/\/quechilero.com\/blog\/wp-json\/wp\/v2\/series?post=21184"}],"curies":[{"name":"wp","href":"https:\/\/api.w.org\/{rel}","templated":true}]}}