{"id":205,"date":"2006-08-27T22:29:03","date_gmt":"2006-08-28T04:29:03","guid":{"rendered":"http:\/\/quechilero.com\/blog\/2006\/08\/27\/tuquito\/"},"modified":"2006-08-27T22:29:03","modified_gmt":"2006-08-28T04:29:03","slug":"tuquito","status":"publish","type":"post","link":"https:\/\/quechilero.com\/blog\/2006\/08\/27\/tuquito\/","title":{"rendered":"Tuquito"},"content":{"rendered":"<p><a target=\"_new\" href=\"http:\/\/www.tuquito.org.ar\/\"> <img data-recalc-dims=\"1\" loading=\"lazy\" decoding=\"async\" width=\"400\" height=\"88\" border=\"0\" src=\"https:\/\/i0.wp.com\/www.tuquito.org.ar\/afiliate\/imgs\/Tuquito_400_3d.jpg?resize=400%2C88\" \/> <\/a><\/p>\n<p>Buscando documentaci\u00f3n para mi reci\u00e9n instalado Ubuntu, me encuentro que ahora hay un sinf\u00edn de distribuciones de GNU\/Linux y una de ellas se llama <a target=\"_blank\" href=\"http:\/\/tuquito.org.ar\"><strong>Tuqito<\/strong><\/a>, realizada por un grupo de estudiantes argentinos de la provincia de Tucum\u00e1n.<\/p>\n<p>A continuaci\u00f3n transcribo la nota de prensa por la agencia de noticias EFE. Est\u00e1 bueno para los que creen que no hay vida despu\u00e9s de Windows, o para todos aquellos que creen que Windows es el <em>\u00fanico<\/em> sistema operativo que existe.<\/p>\n<blockquote><p>(EFE) &#8211; Un sistema operativo adaptable a las necesidades del usuario, inmune a los virus y compatible con los programas de Windows resume las cualidades de \u00abTuquito\u00bb, creado por un grupo de estudiantes argentinos que ya se usa en el exterior.<\/p>\n<p>Usuarios de Espa\u00f1a, M\u00e9xico, Cuba, Canad\u00e1, Brasil e Irlanda ya pusieron en pr\u00e1ctica este sistema inform\u00e1tico libre, creado por estudiantes de la carrera de Ingenier\u00eda en Computaci\u00f3n de la Universidad argentina de Tucum\u00e1n.<\/p>\n<p>\u00abSe trata de una alternativa a las aplicaciones que tienen licencia privada y c\u00f3digo cerrado como Microsoft. &#8216;Tuquito&#8217;, en cambio, es gratuito y tiene c\u00f3digo fuente abierto, lo que permite que el usuario tenga la libertad de modificar el programa a su necesidad\u00bb, explic\u00f3 a Mauro Torres, uno de los cuatro estudiantes creadores del sistema.<\/p>\n<p>La herramienta, que se instala a trav\u00e9s de un disco y cuenta con diversos programas, se basa en la arquitectura de Linux, el sistema operativo creado en 1984 por Richard Stallman, padre del movimiento del \u00absoftware libre\u00bb.<\/p>\n<p>La aplicaci\u00f3n creada por estos j\u00f3venes de 22 a\u00f1os, que demand\u00f3 cuatro a\u00f1os de investigaci\u00f3n y diversas pruebas, cuenta con programas similares a los de Microsoft, como el navegador Mozilla, la herramienta para \u00abchat\u00bb Amsn, el reproductor de v\u00eddeo Mplayer, el editor de programaci\u00f3n Quanta y hasta el OpenOffice, un \u00abclon del MS Office\u00bb, entre otros.<\/p>\n<p>Chris Arenas, otro de los creadores del programa, asegur\u00f3 que adem\u00e1s detecta cualquier esc\u00e1ner, impresoras, c\u00e1maras de v\u00eddeo y de fotograf\u00eda digital.<\/p>\n<p>\u00abY es compatible con los programas de Windows, ya que un archivo del MS Office puede ser abierto dentro de un programa de &#8216;Tuquito'\u00bb, resalt\u00f3.<\/p>\n<p>Este entorno puede ser bajado de Internet e instalado en un ordenador que tambi\u00e9n posea otro sistema operativo dado que, una vez encendida la m\u00e1quina, el usuario puede optar por utilizar cualquiera de las dos alternativas, sin generar conflictos.<\/p>\n<p>Los creadores de esta aplicaci\u00f3n, que ya comenzaron a desarrollar una nueva versi\u00f3n del sistema, aseguran que otra atracci\u00f3n consiste en ser \u00abinmune a los bichos inform\u00e1ticos\u00bb, ya que \u00abno existen virus para la arquitectura que utilizan estos programas\u00bb.<\/p>\n<p>En tanto, la difusi\u00f3n de esta aplicaci\u00f3n en el exterior hizo que los cuatro j\u00f3venes de la provincia de Tucum\u00e1n, situada a unos 1.300 kil\u00f3metros al noroeste de Buenos Aires, fueran invitados a brindar charlas acad\u00e9micas en Espa\u00f1a y Brasil.<\/p>\n<p>\u00abLos programas ya comenzaron a ser utilizados por algunas universidades del exterior y est\u00e1n a punto de ser implementados en la gobernaci\u00f3n de Tucum\u00e1n. La idea es que tambi\u00e9n empiece a ser usado por empresas\u00bb, enfatiz\u00f3 Torres, quien dise\u00f1\u00f3 el software y el hardware de \u00abTuquito\u00bb junto a Arenas, Alfredo Ignacio D\u00edaz y Franco Iacomella.<\/p>\n<p>Para estos j\u00f3venes estudiantes, que se jactan de no haber encontrado fallas en el sistema que no pudieran resolver, el objetivo de esta herramienta es \u00abintentar reemplazar los entornos privativos por otros totalmente libres y gratuitos como lo es &#8216;Tuquito'\u00bb.<\/p>\n<p>\u00abEs muy f\u00e1cil de manejar y, adem\u00e1s, se instala r\u00e1pido, aunque los programas tambi\u00e9n pueden correr desde el disco, sin necesidad de instalarlo. Nuestro prop\u00f3sito es, en un futuro, formar una comunidad alrededor de este proyecto para que se pueda mantener solo\u00bb, sintetizaron los creadores de este programa, que debe su nombre a un insecto t\u00edpico de Tucum\u00e1n.<\/p><\/blockquote>\n","protected":false},"excerpt":{"rendered":"<p>Buscando documentaci\u00f3n para mi reci\u00e9n instalado Ubuntu, me encuentro que ahora hay un sinf\u00edn de distribuciones de GNU\/Linux y una de ellas se llama Tuqito, realizada por un grupo de estudiantes argentinos de la provincia de Tucum\u00e1n. A continuaci\u00f3n transcribo la nota de prensa por la agencia de noticias EFE. Est\u00e1 bueno para los que &#8230; <a title=\"Tuquito\" class=\"read-more\" href=\"https:\/\/quechilero.com\/blog\/2006\/08\/27\/tuquito\/\" aria-label=\"Leer m\u00e1s sobre Tuquito\">Leer m\u00e1s<\/a><\/p>\n","protected":false},"author":1,"featured_media":0,"comment_status":"open","ping_status":"open","sticky":false,"template":"","format":"standard","meta":{"advanced_seo_description":"","jetpack_seo_html_title":"","jetpack_seo_noindex":false,"jetpack_seo_schema_type":"","episode_type":"","audio_file":"","podmotor_file_id":"","podmotor_episode_id":"","cover_image":"","cover_image_id":"","duration":"","filesize":"","filesize_raw":"","date_recorded":"","explicit":"","block":"","_jetpack_newsletter_access":"","_jetpack_dont_email_post_to_subs":false,"_jetpack_newsletter_tier_id":0,"_jetpack_memberships_contains_paywalled_content":false,"_jetpack_feature_clip_id":0,"_jetpack_memberships_contains_paid_content":false,"footnotes":"","jetpack_publicize_message":"","jetpack_publicize_feature_enabled":true,"jetpack_social_post_already_shared":false,"jetpack_social_options":{"image_generator_settings":{"template":"highway","default_image_id":0,"font":"","enabled":false},"version":2},"jetpack_post_was_ever_published":false},"categories":[2],"tags":[14,8,9,27,77,43,24,13],"series":[],"class_list":["post-205","post","type-post","status-publish","format-standard","hentry","category-limones","tag-accion","tag-fotografia","tag-idea","tag-internet","tag-linux","tag-proyecto","tag-vida","tag-windows"],"episode_featured_image":false,"episode_player_image":"https:\/\/i0.wp.com\/quechilero.com\/blog\/imagenes\/podcast.png?fit=1831%2C1831&ssl=1","download_link":"","player_link":"","audio_player":false,"episode_data":{"playerMode":"dark","subscribeUrls":{"amazon":{"key":"amazon","url":"","label":"Amazon","class":"amazon","icon":"amazon.png"},"apple_podcasts":{"key":"apple_podcasts","url":"","label":"Apple Podcasts","class":"apple_podcasts","icon":"apple-podcasts.png"},"castbox":{"key":"castbox","url":"","label":"CastBox","class":"castbox","icon":"castbox.png"},"deezer":{"key":"deezer","url":"","label":"Deezer","class":"deezer","icon":"deezer.png"},"google_podcasts":{"key":"google_podcasts","url":"","label":"Google Podcasts","class":"google_podcasts","icon":"google-podcasts.png"},"listen_notes":{"key":"listen_notes","url":"","label":"Listen Notes","class":"listen_notes","icon":"listen-notes.png"},"pandora":{"key":"pandora","url":"","label":"Pandora","class":"pandora","icon":"pandora.png"},"podbean":{"key":"podbean","url":"","label":"Podbean","class":"podbean","icon":"podbean.png"},"podcast_republic":{"key":"podcast_republic","url":"","label":"Podcast Republic","class":"podcast_republic","icon":"podcast-republic.png"},"rss":{"key":"rss","url":"","label":"RSS","class":"rss","icon":"rss.png"},"spotify":{"key":"spotify","url":"","label":"Spotify","class":"spotify","icon":"spotify.png"},"stitcher":{"key":"stitcher","url":"","label":"Stitcher","class":"stitcher","icon":"stitcher.png"},"tunein":{"key":"tunein","url":"","label":"TuneIn","class":"tunein","icon":"tunein.png"},"youtube":{"key":"youtube","url":"","label":"YouTube","class":"youtube","icon":"youtube.png"},"iheartradio":{"key":"iheartradio","url":"","label":"iHeartRadio","class":"iheartradio","icon":"iheartradio.png"},"ivoox":{"key":"ivoox","url":"","label":"iVoox","class":"ivoox","icon":"ivoox.png"}},"rssFeedUrl":"https:\/\/quechilero.com\/blog\/feed\/podcast\/si-la-vida-nos-da-limones","embedCode":"<blockquote class=\"wp-embedded-content\" data-secret=\"oHAABna7PE\"><a href=\"https:\/\/quechilero.com\/blog\/2006\/08\/27\/tuquito\/\">Tuquito<\/a><\/blockquote><iframe sandbox=\"allow-scripts\" security=\"restricted\" src=\"https:\/\/quechilero.com\/blog\/2006\/08\/27\/tuquito\/embed\/#?secret=oHAABna7PE\" width=\"500\" height=\"350\" title=\"\u00abTuquito\u00bb \u2014 Si la Vida nos da Limones...\" data-secret=\"oHAABna7PE\" frameborder=\"0\" marginwidth=\"0\" marginheight=\"0\" scrolling=\"no\" class=\"wp-embedded-content\"><\/iframe><script>\n\/*! This file is auto-generated *\/\n!function(d,l){\"use strict\";l.querySelector&&d.addEventListener&&\"undefined\"!=typeof URL&&(d.wp=d.wp||{},d.wp.receiveEmbedMessage||(d.wp.receiveEmbedMessage=function(e){var t=e.data;if((t||t.secret||t.message||t.value)&&!\/[^a-zA-Z0-9]\/.test(t.secret)){for(var s,r,n,a=l.querySelectorAll('iframe[data-secret=\"'+t.secret+'\"]'),o=l.querySelectorAll('blockquote[data-secret=\"'+t.secret+'\"]'),c=new RegExp(\"^https?:$\",\"i\"),i=0;i<o.length;i++)o[i].style.display=\"none\";for(i=0;i<a.length;i++)s=a[i],e.source===s.contentWindow&&(s.removeAttribute(\"style\"),\"height\"===t.message?(1e3<(r=parseInt(t.value,10))?r=1e3:~~r<200&&(r=200),s.height=r):\"link\"===t.message&&(r=new URL(s.getAttribute(\"src\")),n=new URL(t.value),c.test(n.protocol))&&n.host===r.host&&l.activeElement===s&&(d.top.location.href=t.value))}},d.addEventListener(\"message\",d.wp.receiveEmbedMessage,!1),l.addEventListener(\"DOMContentLoaded\",function(){for(var e,t,s=l.querySelectorAll(\"iframe.wp-embedded-content\"),r=0;r<s.length;r++)(t=(e=s[r]).getAttribute(\"data-secret\"))||(t=Math.random().toString(36).substring(2,12),e.src+=\"#?secret=\"+t,e.setAttribute(\"data-secret\",t)),e.contentWindow.postMessage({message:\"ready\",secret:t},\"*\")},!1)))}(window,document);\n\/\/# sourceURL=https:\/\/quechilero.com\/blog\/wp-includes\/js\/wp-embed.min.js\n<\/script>\n"},"jetpack_publicize_connections":[],"jetpack_shortlink":"https:\/\/wp.me\/sDKli-tuquito","jetpack_sharing_enabled":true,"jetpack-related-posts":[{"id":3934,"url":"https:\/\/quechilero.com\/blog\/2009\/11\/23\/el-sistema-operativo-mas-rapido\/","url_meta":{"origin":205,"position":0},"title":"El sistema operativo mas r\u00e1pido","author":"Pepe Barrascout Ortiz","date":"23 noviembre 2009","format":false,"excerpt":"En su publicidad, Microsoft ha dicho que la \u00faltima versi\u00f3n de su sistema operativo, Windows 7, ser\u00eda mas r\u00e1pido, estable y f\u00e1cil de usar, que sus predecesores. Sin embargo, como siempre, no han cumplido con su palabra y siguen invadiendo la mente del consumidor, con propaganda falsa. Microsoft espera resultados\u2026","rel":"","context":"En \u00abLimones\u00bb","block_context":{"text":"Limones","link":"https:\/\/quechilero.com\/blog\/category\/limones\/"},"img":{"alt_text":"","src":"","width":0,"height":0},"classes":[]},{"id":1224,"url":"https:\/\/quechilero.com\/blog\/2008\/08\/08\/obux-hecho-por-jose-kont\/","url_meta":{"origin":205,"position":1},"title":"Marat\u00f3n &#8211; ObuX hecho por Jose Kont","author":"Pepe Barrascout Ortiz","date":"8 agosto 2008","format":false,"excerpt":"\"Otro blog mas de Ubuntu\" es lo que significa el nombre Obux, pero con muchas cosas mas, hace la salvedad Jos\u00e9 Kont, autor del blog. De un valor incalculable se puede definir a Obux, en cuanto a Linux y software libre se refiere y es que esta es su especialidad.\u2026","rel":"","context":"En \u00abBlogs de Guatemala\u00bb","block_context":{"text":"Blogs de Guatemala","link":"https:\/\/quechilero.com\/blog\/category\/blogs-de-guatemala\/"},"img":{"alt_text":"Obux","src":"https:\/\/i0.wp.com\/img228.imageshack.us\/img228\/8681\/maratonif5.jpg?resize=350%2C200","width":350,"height":200},"classes":[]},{"id":3271,"url":"https:\/\/quechilero.com\/blog\/2009\/08\/26\/maraton-de-blogs-obux-hecho-por-jose-kont\/","url_meta":{"origin":205,"position":2},"title":"Marat\u00f3n de Blogs: ObuX hecho por Jose Kont","author":"Pepe Barrascout Ortiz","date":"26 agosto 2009","format":false,"excerpt":"Jos\u00e9 Kont, escribe desde hace varios a\u00f1os, el blog que ha titulado Obux, dedicado casi exclusivamente a Ubuntu y a las tecnolog\u00edas que usan el software libre, en Obux encontramos desde tutoriales, gu\u00edas, wallpapers y comentarios de utilidad sobre el uso de este sistema operativo (Ubuntu) y sus derivados. Desde\u2026","rel":"","context":"En \u00abBlogs de Guatemala\u00bb","block_context":{"text":"Blogs de Guatemala","link":"https:\/\/quechilero.com\/blog\/category\/blogs-de-guatemala\/"},"img":{"alt_text":"Marat\u00f3n de Blogs 2009","src":"https:\/\/i0.wp.com\/i392.photobucket.com\/albums\/pp7\/pepejaguar\/maraton2009\/maraton2009.jpg?resize=350%2C200","width":350,"height":200,"srcset":"https:\/\/i0.wp.com\/i392.photobucket.com\/albums\/pp7\/pepejaguar\/maraton2009\/maraton2009.jpg?resize=350%2C200 1x, https:\/\/i0.wp.com\/i392.photobucket.com\/albums\/pp7\/pepejaguar\/maraton2009\/maraton2009.jpg?resize=525%2C300 1.5x"},"classes":[]},{"id":473,"url":"https:\/\/quechilero.com\/blog\/2007\/02\/27\/aventrua-linux-dia-3\/","url_meta":{"origin":205,"position":3},"title":"Aventrua Linux. D\u00eda 3","author":"Pepe Barrascout Ortiz","date":"27 febrero 2007","format":false,"excerpt":"En un inicio tuve problemas con el monitor, todo era muy lento y mover una ventana de un lugar a otro o desplazarse hacia abajo en una p\u00e1gina era horrible, hasta par\u00e9 mareado. Todo se arregl\u00f3 al descargar los drivers para mi tarjeta de video, de tal suerte ya el\u2026","rel":"","context":"En \u00abLimones\u00bb","block_context":{"text":"Limones","link":"https:\/\/quechilero.com\/blog\/category\/limones\/"},"img":{"alt_text":"","src":"","width":0,"height":0},"classes":[]},{"id":3763,"url":"https:\/\/quechilero.com\/blog\/2009\/10\/24\/particion-del-disco-duro-metodo-alternativo\/","url_meta":{"origin":205,"position":4},"title":"Partici\u00f3n del disco duro (m\u00e9todo alternativo)","author":"Pepe Barrascout Ortiz","date":"24 octubre 2009","format":false,"excerpt":"Hay muchas formas de hacer particiones al disco duro, b\u00e1sicamente depender\u00e1 mucho del sistema operativo que se utilice. Sin importar bajo que SO tengamos trabajando nuestra computadora, es altamente recomendable hacer la partici\u00f3n del disco, para evitarnos much\u00edsimos problemas en el futuro que pueden ir desde perder nuestra informaci\u00f3n por\u2026","rel":"","context":"En \u00abLimones\u00bb","block_context":{"text":"Limones","link":"https:\/\/quechilero.com\/blog\/category\/limones\/"},"img":{"alt_text":"","src":"https:\/\/i0.wp.com\/i392.photobucket.com\/albums\/pp7\/pepejaguar\/blog\/partir_disco_duro.jpg?resize=350%2C200","width":350,"height":200},"classes":[]},{"id":3255,"url":"https:\/\/quechilero.com\/blog\/2009\/08\/17\/maraton-de-blogs-chamangt\/","url_meta":{"origin":205,"position":5},"title":"Marat\u00f3n de Blogs: ChamanGT","author":"Pepe Barrascout Ortiz","date":"17 agosto 2009","format":false,"excerpt":"ChamanGT es un blog de tipo personal, que es publicado por Byron Chaman, originario de San Juan Chamelco y que ahora estudia sistemas en la universidad estatal. Confiesa que desde que descubrio el software libre, literalmente se abrio un mundo nuevo y en el que esta muy contento de pertenecer.\u2026","rel":"","context":"En \u00abBlogs de Guatemala\u00bb","block_context":{"text":"Blogs de Guatemala","link":"https:\/\/quechilero.com\/blog\/category\/blogs-de-guatemala\/"},"img":{"alt_text":"Marat\u00f3n de Blogs 2009","src":"https:\/\/i0.wp.com\/i392.photobucket.com\/albums\/pp7\/pepejaguar\/maraton2009\/maraton2009.jpg?resize=350%2C200","width":350,"height":200,"srcset":"https:\/\/i0.wp.com\/i392.photobucket.com\/albums\/pp7\/pepejaguar\/maraton2009\/maraton2009.jpg?resize=350%2C200 1x, https:\/\/i0.wp.com\/i392.photobucket.com\/albums\/pp7\/pepejaguar\/maraton2009\/maraton2009.jpg?resize=525%2C300 1.5x"},"classes":[]}],"jetpack_featured_media_url":"","_links":{"self":[{"href":"https:\/\/quechilero.com\/blog\/wp-json\/wp\/v2\/posts\/205","targetHints":{"allow":["GET"]}}],"collection":[{"href":"https:\/\/quechilero.com\/blog\/wp-json\/wp\/v2\/posts"}],"about":[{"href":"https:\/\/quechilero.com\/blog\/wp-json\/wp\/v2\/types\/post"}],"author":[{"embeddable":true,"href":"https:\/\/quechilero.com\/blog\/wp-json\/wp\/v2\/users\/1"}],"replies":[{"embeddable":true,"href":"https:\/\/quechilero.com\/blog\/wp-json\/wp\/v2\/comments?post=205"}],"version-history":[{"count":0,"href":"https:\/\/quechilero.com\/blog\/wp-json\/wp\/v2\/posts\/205\/revisions"}],"wp:attachment":[{"href":"https:\/\/quechilero.com\/blog\/wp-json\/wp\/v2\/media?parent=205"}],"wp:term":[{"taxonomy":"category","embeddable":true,"href":"https:\/\/quechilero.com\/blog\/wp-json\/wp\/v2\/categories?post=205"},{"taxonomy":"post_tag","embeddable":true,"href":"https:\/\/quechilero.com\/blog\/wp-json\/wp\/v2\/tags?post=205"},{"taxonomy":"series","embeddable":true,"href":"https:\/\/quechilero.com\/blog\/wp-json\/wp\/v2\/series?post=205"}],"curies":[{"name":"wp","href":"https:\/\/api.w.org\/{rel}","templated":true}]}}