{"id":2046,"date":"2009-01-30T08:00:10","date_gmt":"2009-01-30T14:00:10","guid":{"rendered":"http:\/\/quechilero.com\/blog\/?p=2046"},"modified":"2009-01-30T08:00:10","modified_gmt":"2009-01-30T14:00:10","slug":"la-era-de-la-depresion","status":"publish","type":"post","link":"https:\/\/quechilero.com\/blog\/2009\/01\/30\/la-era-de-la-depresion\/","title":{"rendered":"La era de la depresi\u00f3n"},"content":{"rendered":"<p>El doctor Luis Rojas Marcos, psiquiatra, quien fuera presidente del Sistema  P\u00fablico de Salud de Nueva York, a la pregunta \u00ab\u00bfPor qu\u00e9 se queja tanto la  gente?\u00bb, responde:<\/p>\n<p>\u00abLa queja es como una neurosis colectiva. El s\u00edntoma de tener pena de s\u00ed  mismo tal vez habla de desmoralizaci\u00f3n. Es posible que estemos en la era de la  depresi\u00f3n&#8230; y tambi\u00e9n porque somos m\u00e1s capaces de ver nuestras  limitaciones. \u00ab<\/p>\n","protected":false},"excerpt":{"rendered":"<p>El doctor Luis Rojas Marcos, psiquiatra, quien fuera presidente del Sistema P\u00fablico de Salud de Nueva York, a la pregunta \u00ab\u00bfPor qu\u00e9 se queja tanto la gente?\u00bb, responde: \u00abLa queja es como una neurosis colectiva. El s\u00edntoma de tener pena de s\u00ed mismo tal vez habla de desmoralizaci\u00f3n. Es posible que estemos en la era &#8230; <a title=\"La era de la depresi\u00f3n\" class=\"read-more\" href=\"https:\/\/quechilero.com\/blog\/2009\/01\/30\/la-era-de-la-depresion\/\" aria-label=\"Leer m\u00e1s sobre La era de la depresi\u00f3n\">Leer m\u00e1s<\/a><\/p>\n","protected":false},"author":1,"featured_media":0,"comment_status":"open","ping_status":"open","sticky":false,"template":"","format":"standard","meta":{"advanced_seo_description":"","jetpack_seo_html_title":"","jetpack_seo_noindex":false,"jetpack_seo_schema_type":"","episode_type":"","audio_file":"","podmotor_file_id":"","podmotor_episode_id":"","cover_image":"","cover_image_id":"","duration":"","filesize":"","filesize_raw":"","date_recorded":"","explicit":"","block":"","_jetpack_newsletter_access":"","_jetpack_dont_email_post_to_subs":false,"_jetpack_newsletter_tier_id":0,"_jetpack_memberships_contains_paywalled_content":false,"_jetpack_feature_clip_id":0,"_jetpack_memberships_contains_paid_content":false,"footnotes":"","jetpack_publicize_message":"","jetpack_publicize_feature_enabled":true,"jetpack_social_post_already_shared":false,"jetpack_social_options":{"image_generator_settings":{"template":"highway","default_image_id":0,"font":"","enabled":false},"version":2},"jetpack_post_was_ever_published":false},"categories":[2],"tags":[85,89],"series":[],"class_list":["post-2046","post","type-post","status-publish","format-standard","hentry","category-limones","tag-depresion","tag-limitaciones"],"episode_featured_image":false,"episode_player_image":"https:\/\/i0.wp.com\/quechilero.com\/blog\/imagenes\/podcast.png?fit=1831%2C1831&ssl=1","download_link":"","player_link":"","audio_player":false,"episode_data":{"playerMode":"dark","subscribeUrls":{"amazon":{"key":"amazon","url":"","label":"Amazon","class":"amazon","icon":"amazon.png"},"apple_podcasts":{"key":"apple_podcasts","url":"","label":"Apple Podcasts","class":"apple_podcasts","icon":"apple-podcasts.png"},"castbox":{"key":"castbox","url":"","label":"CastBox","class":"castbox","icon":"castbox.png"},"deezer":{"key":"deezer","url":"","label":"Deezer","class":"deezer","icon":"deezer.png"},"google_podcasts":{"key":"google_podcasts","url":"","label":"Google Podcasts","class":"google_podcasts","icon":"google-podcasts.png"},"listen_notes":{"key":"listen_notes","url":"","label":"Listen Notes","class":"listen_notes","icon":"listen-notes.png"},"pandora":{"key":"pandora","url":"","label":"Pandora","class":"pandora","icon":"pandora.png"},"podbean":{"key":"podbean","url":"","label":"Podbean","class":"podbean","icon":"podbean.png"},"podcast_republic":{"key":"podcast_republic","url":"","label":"Podcast Republic","class":"podcast_republic","icon":"podcast-republic.png"},"rss":{"key":"rss","url":"","label":"RSS","class":"rss","icon":"rss.png"},"spotify":{"key":"spotify","url":"","label":"Spotify","class":"spotify","icon":"spotify.png"},"stitcher":{"key":"stitcher","url":"","label":"Stitcher","class":"stitcher","icon":"stitcher.png"},"tunein":{"key":"tunein","url":"","label":"TuneIn","class":"tunein","icon":"tunein.png"},"youtube":{"key":"youtube","url":"","label":"YouTube","class":"youtube","icon":"youtube.png"},"iheartradio":{"key":"iheartradio","url":"","label":"iHeartRadio","class":"iheartradio","icon":"iheartradio.png"},"ivoox":{"key":"ivoox","url":"","label":"iVoox","class":"ivoox","icon":"ivoox.png"}},"rssFeedUrl":"https:\/\/quechilero.com\/blog\/feed\/podcast\/si-la-vida-nos-da-limones","embedCode":"<blockquote class=\"wp-embedded-content\" data-secret=\"eQoGJDt3tw\"><a href=\"https:\/\/quechilero.com\/blog\/2009\/01\/30\/la-era-de-la-depresion\/\">La era de la depresi\u00f3n<\/a><\/blockquote><iframe sandbox=\"allow-scripts\" security=\"restricted\" src=\"https:\/\/quechilero.com\/blog\/2009\/01\/30\/la-era-de-la-depresion\/embed\/#?secret=eQoGJDt3tw\" width=\"500\" height=\"350\" title=\"\u00abLa era de la depresi\u00f3n\u00bb \u2014 Si la Vida nos da Limones...\" data-secret=\"eQoGJDt3tw\" frameborder=\"0\" marginwidth=\"0\" marginheight=\"0\" scrolling=\"no\" class=\"wp-embedded-content\"><\/iframe><script>\n\/*! This file is auto-generated *\/\n!function(d,l){\"use strict\";l.querySelector&&d.addEventListener&&\"undefined\"!=typeof URL&&(d.wp=d.wp||{},d.wp.receiveEmbedMessage||(d.wp.receiveEmbedMessage=function(e){var t=e.data;if((t||t.secret||t.message||t.value)&&!\/[^a-zA-Z0-9]\/.test(t.secret)){for(var s,r,n,a=l.querySelectorAll('iframe[data-secret=\"'+t.secret+'\"]'),o=l.querySelectorAll('blockquote[data-secret=\"'+t.secret+'\"]'),c=new RegExp(\"^https?:$\",\"i\"),i=0;i<o.length;i++)o[i].style.display=\"none\";for(i=0;i<a.length;i++)s=a[i],e.source===s.contentWindow&&(s.removeAttribute(\"style\"),\"height\"===t.message?(1e3<(r=parseInt(t.value,10))?r=1e3:~~r<200&&(r=200),s.height=r):\"link\"===t.message&&(r=new URL(s.getAttribute(\"src\")),n=new URL(t.value),c.test(n.protocol))&&n.host===r.host&&l.activeElement===s&&(d.top.location.href=t.value))}},d.addEventListener(\"message\",d.wp.receiveEmbedMessage,!1),l.addEventListener(\"DOMContentLoaded\",function(){for(var e,t,s=l.querySelectorAll(\"iframe.wp-embedded-content\"),r=0;r<s.length;r++)(t=(e=s[r]).getAttribute(\"data-secret\"))||(t=Math.random().toString(36).substring(2,12),e.src+=\"#?secret=\"+t,e.setAttribute(\"data-secret\",t)),e.contentWindow.postMessage({message:\"ready\",secret:t},\"*\")},!1)))}(window,document);\n\/\/# sourceURL=https:\/\/quechilero.com\/blog\/wp-includes\/js\/wp-embed.min.js\n<\/script>\n"},"jetpack_publicize_connections":[],"jetpack_shortlink":"https:\/\/wp.me\/pDKli-x0","jetpack_sharing_enabled":true,"jetpack-related-posts":[{"id":3937,"url":"https:\/\/quechilero.com\/blog\/2009\/11\/25\/claro-de-luna\/","url_meta":{"origin":2046,"position":0},"title":"Claro de Luna","author":"Pepe Barrascout Ortiz","date":"25 noviembre 2009","format":false,"excerpt":"Cuenta la historia que Beethoven, el famoso compositor alem\u00e1n, se encontraba sumergido en una profunda depresi\u00f3n debido a la muerte de un pr\u00edncipe de Alemania que era como un padre para \u00e9l, la cual vino a sumarse al hecho que d\u00eda tras d\u00eda se estaba quedando sordo. Era tal la\u2026","rel":"","context":"En \u00abLimones\u00bb","block_context":{"text":"Limones","link":"https:\/\/quechilero.com\/blog\/category\/limones\/"},"img":{"alt_text":"","src":"","width":0,"height":0},"classes":[]},{"id":21492,"url":"https:\/\/quechilero.com\/blog\/2015\/08\/19\/quejas\/","url_meta":{"origin":2046,"position":1},"title":"Quejas","author":"Pepe Barrascout Ortiz","date":"19 agosto 2015","format":false,"excerpt":"Hay personas que pasan todo el tiempo quej\u00e1ndose de esta manera: El mundo hoy, va mal... El gobierno no satisface mis necesidades... La Iglesia no me da respuestas... Mis amigos se desaparecieron... La se\u00f1al de televisi\u00f3n no comenz\u00f3 a transmitir a tiempo... Mi equipo ha perdido y es posible que\u2026","rel":"","context":"En \u00abLimones\u00bb","block_context":{"text":"Limones","link":"https:\/\/quechilero.com\/blog\/category\/limones\/"},"img":{"alt_text":"","src":"","width":0,"height":0},"classes":[]},{"id":12786,"url":"https:\/\/quechilero.com\/blog\/2012\/03\/09\/solo-sus-manos\/","url_meta":{"origin":2046,"position":2},"title":"S\u00f3lo sus manos","author":"Pepe Barrascout Ortiz","date":"9 marzo 2012","format":false,"excerpt":"Jennifer acababa de escuchar un informe perturbador acerca de un aumento en los casos de depresi\u00f3n entre las mujeres. El informe citaba un incremento del alcoholismo relacionado con la depresi\u00f3n y una mayor dependencia en las drogas que requieren prescripci\u00f3n m\u00e9dica. \"Y, \u00bfqu\u00e9 est\u00e1s haciendo al respecto, Se\u00f1or?\" -or\u00f3 Jennifer.\u2026","rel":"","context":"En \u00abLimones\u00bb","block_context":{"text":"Limones","link":"https:\/\/quechilero.com\/blog\/category\/limones\/"},"img":{"alt_text":"","src":"","width":0,"height":0},"classes":[]},{"id":538,"url":"https:\/\/quechilero.com\/blog\/2007\/04\/23\/dos-graves-errores\/","url_meta":{"origin":2046,"position":3},"title":"Dos graves errores","author":"Pepe Barrascout Ortiz","date":"23 abril 2007","format":false,"excerpt":"Dos muy graves errores que puede cometer una persona que aspire a realizarse y a lograr algo importante en la vida, y los cuales son las principales razones de fracasos, amarguras, depresiones, relaciones deterioradas y muchas otras calamidades que nos llevan a la tristeza y la desesperanza, son: 1 -\u2026","rel":"","context":"En \u00abLimones\u00bb","block_context":{"text":"Limones","link":"https:\/\/quechilero.com\/blog\/category\/limones\/"},"img":{"alt_text":"","src":"","width":0,"height":0},"classes":[]},{"id":2615,"url":"https:\/\/quechilero.com\/blog\/2009\/04\/04\/fue-secuestrado\/","url_meta":{"origin":2046,"position":4},"title":"Fue secuestrado","author":"Pepe Barrascout Ortiz","date":"4 abril 2009","format":false,"excerpt":"El Dr. Tom Sutherland, fue nombrado como director en una universidad de Beirut, cuando en esta naci\u00f3n pasaba por momentos de gran violencia. \u00c9l, como era un hombre de paz, no quiso aceptar el guardaespaldas. En 1985 fue secuestrado por los chi\u00edtas; su cautiverio fue horrible y pas\u00f3 por una\u2026","rel":"","context":"En \u00abLimones\u00bb","block_context":{"text":"Limones","link":"https:\/\/quechilero.com\/blog\/category\/limones\/"},"img":{"alt_text":"","src":"","width":0,"height":0},"classes":[]},{"id":3721,"url":"https:\/\/quechilero.com\/blog\/2009\/10\/16\/el-cielo-lo-arregla-todo\/","url_meta":{"origin":2046,"position":5},"title":"El Cielo lo arregla todo","author":"Pepe Barrascout Ortiz","date":"16 octubre 2009","format":false,"excerpt":"Un d\u00eda, San Juan Bosco fue a visitar a Cottolengo. Buscaba un consejo: \"\u00bfQu\u00e9 remedio debo recomendar a las personas aburridas de la vida, desesperadas y llenas de mal genio y de depresi\u00f3n por la pobreza, las enfermedades y problemas de la vida o por el mal trato que les\u2026","rel":"","context":"En \u00abLimones\u00bb","block_context":{"text":"Limones","link":"https:\/\/quechilero.com\/blog\/category\/limones\/"},"img":{"alt_text":"","src":"","width":0,"height":0},"classes":[]}],"jetpack_featured_media_url":"","_links":{"self":[{"href":"https:\/\/quechilero.com\/blog\/wp-json\/wp\/v2\/posts\/2046","targetHints":{"allow":["GET"]}}],"collection":[{"href":"https:\/\/quechilero.com\/blog\/wp-json\/wp\/v2\/posts"}],"about":[{"href":"https:\/\/quechilero.com\/blog\/wp-json\/wp\/v2\/types\/post"}],"author":[{"embeddable":true,"href":"https:\/\/quechilero.com\/blog\/wp-json\/wp\/v2\/users\/1"}],"replies":[{"embeddable":true,"href":"https:\/\/quechilero.com\/blog\/wp-json\/wp\/v2\/comments?post=2046"}],"version-history":[{"count":0,"href":"https:\/\/quechilero.com\/blog\/wp-json\/wp\/v2\/posts\/2046\/revisions"}],"wp:attachment":[{"href":"https:\/\/quechilero.com\/blog\/wp-json\/wp\/v2\/media?parent=2046"}],"wp:term":[{"taxonomy":"category","embeddable":true,"href":"https:\/\/quechilero.com\/blog\/wp-json\/wp\/v2\/categories?post=2046"},{"taxonomy":"post_tag","embeddable":true,"href":"https:\/\/quechilero.com\/blog\/wp-json\/wp\/v2\/tags?post=2046"},{"taxonomy":"series","embeddable":true,"href":"https:\/\/quechilero.com\/blog\/wp-json\/wp\/v2\/series?post=2046"}],"curies":[{"name":"wp","href":"https:\/\/api.w.org\/{rel}","templated":true}]}}