{"id":2030,"date":"2009-01-29T08:28:11","date_gmt":"2009-01-29T14:28:11","guid":{"rendered":"http:\/\/quechilero.com\/blog\/?p=2030"},"modified":"2009-01-29T08:28:11","modified_gmt":"2009-01-29T14:28:11","slug":"de-mirar-para-si","status":"publish","type":"post","link":"https:\/\/quechilero.com\/blog\/2009\/01\/29\/de-mirar-para-si\/","title":{"rendered":"De mirar para s\u00ed"},"content":{"rendered":"<p>Cuando me encontraba haciendo el camino de Roma, uno de los cuatro caminos  sagrados de mi tradici\u00f3n m\u00e1gica, me di cuenta, despu\u00e9s de casi veinte d\u00edas  pr\u00e1cticamente abandonado, que estaba mucho peor que cuando hab\u00eda comenzado. Con  la soledad, comenc\u00e9 a tener sentimientos mezquinos, amargos, peque\u00f1os.<\/p>\n<p>Busqu\u00e9 a la gu\u00eda del camino, y le coment\u00e9 lo sucedido, Le dije que, al  iniciar aquella peregrinaci\u00f3n, hall\u00e9 que me aproximar\u00eda m\u00e1s a Dios. Entretanto,  despu\u00e9s de tantos d\u00edas, me estaba sintiendo mucho peor.<\/p>\n<p>\u00ab\u00a1Usted est\u00e1 mejor, no se preocupe!\u00bb, dijo ella. \u00abEn verdad, cuando  encendemos la luz de nuestras almas, la primera cosa que vemos sin las telas de  ara\u00f1a y el polvo, son nuestros puntos d\u00e9biles. Mas esta es la oportunidad de  corregirlos. Nunca deje que la conciencia de sus flaquezas lo asuste.\u00bb<\/p>\n<p><strong><em>Del libro \u00abMaktub\u00bb, de Paulo  Coelho<\/em><\/strong><\/p>\n","protected":false},"excerpt":{"rendered":"<p>Cuando me encontraba haciendo el camino de Roma, uno de los cuatro caminos sagrados de mi tradici\u00f3n m\u00e1gica, me di cuenta, despu\u00e9s de casi veinte d\u00edas pr\u00e1cticamente abandonado, que estaba mucho peor que cuando hab\u00eda comenzado. Con la soledad, comenc\u00e9 a tener sentimientos mezquinos, amargos, peque\u00f1os. Busqu\u00e9 a la gu\u00eda del camino, y le coment\u00e9 &#8230; <a title=\"De mirar para s\u00ed\" class=\"read-more\" href=\"https:\/\/quechilero.com\/blog\/2009\/01\/29\/de-mirar-para-si\/\" aria-label=\"Leer m\u00e1s sobre De mirar para s\u00ed\">Leer m\u00e1s<\/a><\/p>\n","protected":false},"author":1,"featured_media":0,"comment_status":"open","ping_status":"open","sticky":false,"template":"","format":"standard","meta":{"advanced_seo_description":"","jetpack_seo_html_title":"","jetpack_seo_noindex":false,"jetpack_seo_schema_type":"","episode_type":"","audio_file":"","podmotor_file_id":"","podmotor_episode_id":"","cover_image":"","cover_image_id":"","duration":"","filesize":"","filesize_raw":"","date_recorded":"","explicit":"","block":"","_jetpack_newsletter_access":"","_jetpack_dont_email_post_to_subs":false,"_jetpack_newsletter_tier_id":0,"_jetpack_memberships_contains_paywalled_content":false,"_jetpack_feature_clip_id":0,"_jetpack_memberships_contains_paid_content":false,"footnotes":"","jetpack_publicize_message":"","jetpack_publicize_feature_enabled":true,"jetpack_social_post_already_shared":false,"jetpack_social_options":{"image_generator_settings":{"template":"highway","default_image_id":0,"font":"","enabled":false},"version":2},"jetpack_post_was_ever_published":false},"categories":[2],"tags":[51,72,82,41],"series":[],"class_list":["post-2030","post","type-post","status-publish","format-standard","hentry","category-limones","tag-dios","tag-libro","tag-sentimiento","tag-verdad"],"episode_featured_image":false,"episode_player_image":"https:\/\/i0.wp.com\/quechilero.com\/blog\/imagenes\/podcast.png?fit=1831%2C1831&ssl=1","download_link":"","player_link":"","audio_player":false,"episode_data":{"playerMode":"dark","subscribeUrls":{"amazon":{"key":"amazon","url":"","label":"Amazon","class":"amazon","icon":"amazon.png"},"apple_podcasts":{"key":"apple_podcasts","url":"","label":"Apple Podcasts","class":"apple_podcasts","icon":"apple-podcasts.png"},"castbox":{"key":"castbox","url":"","label":"CastBox","class":"castbox","icon":"castbox.png"},"deezer":{"key":"deezer","url":"","label":"Deezer","class":"deezer","icon":"deezer.png"},"google_podcasts":{"key":"google_podcasts","url":"","label":"Google Podcasts","class":"google_podcasts","icon":"google-podcasts.png"},"listen_notes":{"key":"listen_notes","url":"","label":"Listen Notes","class":"listen_notes","icon":"listen-notes.png"},"pandora":{"key":"pandora","url":"","label":"Pandora","class":"pandora","icon":"pandora.png"},"podbean":{"key":"podbean","url":"","label":"Podbean","class":"podbean","icon":"podbean.png"},"podcast_republic":{"key":"podcast_republic","url":"","label":"Podcast Republic","class":"podcast_republic","icon":"podcast-republic.png"},"rss":{"key":"rss","url":"","label":"RSS","class":"rss","icon":"rss.png"},"spotify":{"key":"spotify","url":"","label":"Spotify","class":"spotify","icon":"spotify.png"},"stitcher":{"key":"stitcher","url":"","label":"Stitcher","class":"stitcher","icon":"stitcher.png"},"tunein":{"key":"tunein","url":"","label":"TuneIn","class":"tunein","icon":"tunein.png"},"youtube":{"key":"youtube","url":"","label":"YouTube","class":"youtube","icon":"youtube.png"},"iheartradio":{"key":"iheartradio","url":"","label":"iHeartRadio","class":"iheartradio","icon":"iheartradio.png"},"ivoox":{"key":"ivoox","url":"","label":"iVoox","class":"ivoox","icon":"ivoox.png"}},"rssFeedUrl":"https:\/\/quechilero.com\/blog\/feed\/podcast\/si-la-vida-nos-da-limones","embedCode":"<blockquote class=\"wp-embedded-content\" data-secret=\"tAnYPqRrZ5\"><a href=\"https:\/\/quechilero.com\/blog\/2009\/01\/29\/de-mirar-para-si\/\">De mirar para s\u00ed<\/a><\/blockquote><iframe sandbox=\"allow-scripts\" security=\"restricted\" src=\"https:\/\/quechilero.com\/blog\/2009\/01\/29\/de-mirar-para-si\/embed\/#?secret=tAnYPqRrZ5\" width=\"500\" height=\"350\" title=\"\u00abDe mirar para s\u00ed\u00bb \u2014 Si la Vida nos da Limones...\" data-secret=\"tAnYPqRrZ5\" frameborder=\"0\" marginwidth=\"0\" marginheight=\"0\" scrolling=\"no\" class=\"wp-embedded-content\"><\/iframe><script>\n\/*! This file is auto-generated *\/\n!function(d,l){\"use strict\";l.querySelector&&d.addEventListener&&\"undefined\"!=typeof URL&&(d.wp=d.wp||{},d.wp.receiveEmbedMessage||(d.wp.receiveEmbedMessage=function(e){var t=e.data;if((t||t.secret||t.message||t.value)&&!\/[^a-zA-Z0-9]\/.test(t.secret)){for(var s,r,n,a=l.querySelectorAll('iframe[data-secret=\"'+t.secret+'\"]'),o=l.querySelectorAll('blockquote[data-secret=\"'+t.secret+'\"]'),c=new RegExp(\"^https?:$\",\"i\"),i=0;i<o.length;i++)o[i].style.display=\"none\";for(i=0;i<a.length;i++)s=a[i],e.source===s.contentWindow&&(s.removeAttribute(\"style\"),\"height\"===t.message?(1e3<(r=parseInt(t.value,10))?r=1e3:~~r<200&&(r=200),s.height=r):\"link\"===t.message&&(r=new URL(s.getAttribute(\"src\")),n=new URL(t.value),c.test(n.protocol))&&n.host===r.host&&l.activeElement===s&&(d.top.location.href=t.value))}},d.addEventListener(\"message\",d.wp.receiveEmbedMessage,!1),l.addEventListener(\"DOMContentLoaded\",function(){for(var e,t,s=l.querySelectorAll(\"iframe.wp-embedded-content\"),r=0;r<s.length;r++)(t=(e=s[r]).getAttribute(\"data-secret\"))||(t=Math.random().toString(36).substring(2,12),e.src+=\"#?secret=\"+t,e.setAttribute(\"data-secret\",t)),e.contentWindow.postMessage({message:\"ready\",secret:t},\"*\")},!1)))}(window,document);\n\/\/# sourceURL=https:\/\/quechilero.com\/blog\/wp-includes\/js\/wp-embed.min.js\n<\/script>\n"},"jetpack_publicize_connections":[],"jetpack_shortlink":"https:\/\/wp.me\/pDKli-wK","jetpack_sharing_enabled":true,"jetpack-related-posts":[{"id":937,"url":"https:\/\/quechilero.com\/blog\/2008\/04\/15\/la-libertad-es-una-decision\/","url_meta":{"origin":2030,"position":0},"title":"La libertad es una decisi\u00f3n","author":"Pepe Barrascout Ortiz","date":"15 abril 2008","format":false,"excerpt":"Conoc\u00ed a Ra\u00fal en un seminario, tres a\u00f1os despues de haber sido liberado de un secuestro. Sus captores lo hab\u00edan encerrado en un armario durante seis meses amarrado con cadenas. Me hablaba con un entusiasmo pleno de ilusiones y de afecto, parec\u00eda feliz a pesar de haber soportado una experiencia\u2026","rel":"","context":"En \u00abLimones\u00bb","block_context":{"text":"Limones","link":"https:\/\/quechilero.com\/blog\/category\/limones\/"},"img":{"alt_text":"","src":"","width":0,"height":0},"classes":[]},{"id":2788,"url":"https:\/\/quechilero.com\/blog\/2009\/06\/10\/la-palabra-shalom\/","url_meta":{"origin":2030,"position":1},"title":"La palabra SHALOM","author":"Pepe Barrascout Ortiz","date":"10 junio 2009","format":false,"excerpt":"SHALOM es una palabra hebrea que acostumbra a traducirse al portugu\u00e9s\/espa\u00f1ol como \"paz\". Es verdad... Pero su profundidad y significado tiene un alcance mucho mayor. En su ra\u00edz semita (sh-l-m) significa \"estar lleno, sentirse completo, abarcado, en plenitud\". SHALOM no es una simple ausencia de conflicto, entre naciones o entre\u2026","rel":"","context":"En \u00abLimones\u00bb","block_context":{"text":"Limones","link":"https:\/\/quechilero.com\/blog\/category\/limones\/"},"img":{"alt_text":"","src":"","width":0,"height":0},"classes":[]},{"id":893,"url":"https:\/\/quechilero.com\/blog\/2008\/03\/09\/cuaresma-evangelio-09-mar-08\/","url_meta":{"origin":2030,"position":2},"title":"Cuaresma &#8211; Evangelio 09 mar 08","author":"Pepe Barrascout Ortiz","date":"9 marzo 2008","format":false,"excerpt":"Evangelio seg\u00fan San Juan 11,1-45. Hab\u00eda un hombre enfermo, L\u00e1zaro de Betania, del pueblo de Mar\u00eda y de su hermana Marta.\u00a0Mar\u00eda era la misma que derram\u00f3 perfume sobre el Se\u00f1or y le sec\u00f3 los pies con sus cabellos. Su hermano L\u00e1zaro era el que estaba enfermo. Las hermanas enviaron a\u2026","rel":"","context":"En \u00abLimones\u00bb","block_context":{"text":"Limones","link":"https:\/\/quechilero.com\/blog\/category\/limones\/"},"img":{"alt_text":"","src":"","width":0,"height":0},"classes":[]},{"id":15222,"url":"https:\/\/quechilero.com\/blog\/2012\/11\/25\/triunfo-interior\/","url_meta":{"origin":2030,"position":3},"title":"Triunfo interior","author":"Pepe Barrascout Ortiz","date":"25 noviembre 2012","format":false,"excerpt":"Un joven que iba en silla de ruedas entr\u00f3 a la biblioteca, acompa\u00f1ado de su maestra. \u00c9sta me pregunt\u00f3 si yo, como bibliotecario, podr\u00eda recomendarle al muchacho alg\u00fan libro acerca de personas que hubieran superado un impedimento f\u00edsico. - \u00c9l sufri\u00f3 un accidente automovil\u00edstico hace un a\u00f1o y los m\u00e9dicos\u2026","rel":"","context":"En \u00abLimones\u00bb","block_context":{"text":"Limones","link":"https:\/\/quechilero.com\/blog\/category\/limones\/"},"img":{"alt_text":"","src":"","width":0,"height":0},"classes":[]},{"id":1028,"url":"https:\/\/quechilero.com\/blog\/2008\/07\/24\/a-costa-de-los-demas\/","url_meta":{"origin":2030,"position":4},"title":"A costa de los dem\u00e1s","author":"Pepe Barrascout Ortiz","date":"24 julio 2008","format":false,"excerpt":"Se cuenta que un disc\u00edpulo se acerc\u00f3 un d\u00eda a Mahoma y le dijo: \"Maestro, mis seis hermanos est\u00e1n dormidos y yo solo he permanecido despierto para adorar a Al\u00e1\" Mahoma le respondi\u00f3: \"M\u00e1s te valiera haber estado dormido, si tu adoraci\u00f3n a Al\u00e1 consiste en acusaciones contra tus hermanos\".\u2026","rel":"","context":"En \u00abLimones\u00bb","block_context":{"text":"Limones","link":"https:\/\/quechilero.com\/blog\/category\/limones\/"},"img":{"alt_text":"","src":"","width":0,"height":0},"classes":[]},{"id":21601,"url":"https:\/\/quechilero.com\/blog\/2015\/09\/22\/si-quieres-puedes\/","url_meta":{"origin":2030,"position":5},"title":"Si quieres, puedes","author":"Pepe Barrascout Ortiz","date":"22 septiembre 2015","format":false,"excerpt":"En tu vida hay dos piezas que no encajan: la cabeza y el sentimiento. La inteligencia -iluminada por la fe- te muestra claramente no s\u00f3lo el camino, sino la diferencia entre la manera heroica y la est\u00fapida de recorrerlo. Sobre todo, te pone delante la grandeza y la hermosura divina\u2026","rel":"","context":"En \u00abLimones\u00bb","block_context":{"text":"Limones","link":"https:\/\/quechilero.com\/blog\/category\/limones\/"},"img":{"alt_text":"","src":"","width":0,"height":0},"classes":[]}],"jetpack_featured_media_url":"","_links":{"self":[{"href":"https:\/\/quechilero.com\/blog\/wp-json\/wp\/v2\/posts\/2030","targetHints":{"allow":["GET"]}}],"collection":[{"href":"https:\/\/quechilero.com\/blog\/wp-json\/wp\/v2\/posts"}],"about":[{"href":"https:\/\/quechilero.com\/blog\/wp-json\/wp\/v2\/types\/post"}],"author":[{"embeddable":true,"href":"https:\/\/quechilero.com\/blog\/wp-json\/wp\/v2\/users\/1"}],"replies":[{"embeddable":true,"href":"https:\/\/quechilero.com\/blog\/wp-json\/wp\/v2\/comments?post=2030"}],"version-history":[{"count":0,"href":"https:\/\/quechilero.com\/blog\/wp-json\/wp\/v2\/posts\/2030\/revisions"}],"wp:attachment":[{"href":"https:\/\/quechilero.com\/blog\/wp-json\/wp\/v2\/media?parent=2030"}],"wp:term":[{"taxonomy":"category","embeddable":true,"href":"https:\/\/quechilero.com\/blog\/wp-json\/wp\/v2\/categories?post=2030"},{"taxonomy":"post_tag","embeddable":true,"href":"https:\/\/quechilero.com\/blog\/wp-json\/wp\/v2\/tags?post=2030"},{"taxonomy":"series","embeddable":true,"href":"https:\/\/quechilero.com\/blog\/wp-json\/wp\/v2\/series?post=2030"}],"curies":[{"name":"wp","href":"https:\/\/api.w.org\/{rel}","templated":true}]}}