{"id":2026,"date":"2009-01-25T08:28:02","date_gmt":"2009-01-25T14:28:02","guid":{"rendered":"http:\/\/quechilero.com\/blog\/?p=2026"},"modified":"2009-01-25T08:28:02","modified_gmt":"2009-01-25T14:28:02","slug":"el-apostol","status":"publish","type":"post","link":"https:\/\/quechilero.com\/blog\/2009\/01\/25\/el-apostol\/","title":{"rendered":"El ap\u00f3stol"},"content":{"rendered":"<p>Cierto atardecer, despu\u00e9s de predicar a las multitudes que se acercaban para  o\u00edrme, vino a m\u00ed un joven entusiasta que quer\u00eda recibir algo m\u00e1s de mis sabias  ense\u00f1anzas.<\/p>\n<p>Y yo, que me sent\u00eda con el Don de la Verdad, inici\u00e9 un ampuloso discurso con  el que predije que hasta los sordos escuchar\u00edan las palabras del libro de mi  alma, porque mi palabra no era provisional, sino eterna; no era un ruido vac\u00edo,  sino capaz de difundir mi riqueza contenida. Por eso, como una antorcha que  comunica un fuego capaz de escrutar e iluminar los corazones, no tem\u00eda que el  viento de mi soberbia lo apagase.<\/p>\n<p>Cuanto termin\u00e9 tan fatigoso discurso, el joven se aproxim\u00f3 a mi o\u00eddo para  decirme: \u00abPor favor, \u00bfpodr\u00eda repet\u00edrmelo todo un poco m\u00e1s alto? Es que soy  sordo.\u00bb<\/p>\n<p><strong><em>Padre Jos\u00e9 Alc\u00e1zar Godoy<\/em><\/strong><\/p>\n","protected":false},"excerpt":{"rendered":"<p>Cierto atardecer, despu\u00e9s de predicar a las multitudes que se acercaban para o\u00edrme, vino a m\u00ed un joven entusiasta que quer\u00eda recibir algo m\u00e1s de mis sabias ense\u00f1anzas. Y yo, que me sent\u00eda con el Don de la Verdad, inici\u00e9 un ampuloso discurso con el que predije que hasta los sordos escuchar\u00edan las palabras del &#8230; <a title=\"El ap\u00f3stol\" class=\"read-more\" href=\"https:\/\/quechilero.com\/blog\/2009\/01\/25\/el-apostol\/\" aria-label=\"Leer m\u00e1s sobre El ap\u00f3stol\">Leer m\u00e1s<\/a><\/p>\n","protected":false},"author":1,"featured_media":0,"comment_status":"open","ping_status":"open","sticky":false,"template":"","format":"standard","meta":{"advanced_seo_description":"","jetpack_seo_html_title":"","jetpack_seo_noindex":false,"jetpack_seo_schema_type":"","episode_type":"","audio_file":"","podmotor_file_id":"","podmotor_episode_id":"","cover_image":"","cover_image_id":"","duration":"","filesize":"","filesize_raw":"","date_recorded":"","explicit":"","block":"","_jetpack_newsletter_access":"","_jetpack_dont_email_post_to_subs":false,"_jetpack_newsletter_tier_id":0,"_jetpack_memberships_contains_paywalled_content":false,"_jetpack_feature_clip_id":0,"_jetpack_memberships_contains_paid_content":false,"footnotes":"","jetpack_publicize_message":"","jetpack_publicize_feature_enabled":true,"jetpack_social_post_already_shared":false,"jetpack_social_options":{"image_generator_settings":{"template":"highway","default_image_id":0,"font":"","enabled":false},"version":2},"jetpack_post_was_ever_published":false},"categories":[2],"tags":[72,42,40,41],"series":[],"class_list":["post-2026","post","type-post","status-publish","format-standard","hentry","category-limones","tag-libro","tag-palabra","tag-paz","tag-verdad"],"episode_featured_image":false,"episode_player_image":"https:\/\/i0.wp.com\/quechilero.com\/blog\/imagenes\/podcast.png?fit=1831%2C1831&ssl=1","download_link":"","player_link":"","audio_player":false,"episode_data":{"playerMode":"dark","subscribeUrls":{"amazon":{"key":"amazon","url":"","label":"Amazon","class":"amazon","icon":"amazon.png"},"apple_podcasts":{"key":"apple_podcasts","url":"","label":"Apple Podcasts","class":"apple_podcasts","icon":"apple-podcasts.png"},"castbox":{"key":"castbox","url":"","label":"CastBox","class":"castbox","icon":"castbox.png"},"deezer":{"key":"deezer","url":"","label":"Deezer","class":"deezer","icon":"deezer.png"},"google_podcasts":{"key":"google_podcasts","url":"","label":"Google Podcasts","class":"google_podcasts","icon":"google-podcasts.png"},"listen_notes":{"key":"listen_notes","url":"","label":"Listen Notes","class":"listen_notes","icon":"listen-notes.png"},"pandora":{"key":"pandora","url":"","label":"Pandora","class":"pandora","icon":"pandora.png"},"podbean":{"key":"podbean","url":"","label":"Podbean","class":"podbean","icon":"podbean.png"},"podcast_republic":{"key":"podcast_republic","url":"","label":"Podcast Republic","class":"podcast_republic","icon":"podcast-republic.png"},"rss":{"key":"rss","url":"","label":"RSS","class":"rss","icon":"rss.png"},"spotify":{"key":"spotify","url":"","label":"Spotify","class":"spotify","icon":"spotify.png"},"stitcher":{"key":"stitcher","url":"","label":"Stitcher","class":"stitcher","icon":"stitcher.png"},"tunein":{"key":"tunein","url":"","label":"TuneIn","class":"tunein","icon":"tunein.png"},"youtube":{"key":"youtube","url":"","label":"YouTube","class":"youtube","icon":"youtube.png"},"iheartradio":{"key":"iheartradio","url":"","label":"iHeartRadio","class":"iheartradio","icon":"iheartradio.png"},"ivoox":{"key":"ivoox","url":"","label":"iVoox","class":"ivoox","icon":"ivoox.png"}},"rssFeedUrl":"https:\/\/quechilero.com\/blog\/feed\/podcast\/si-la-vida-nos-da-limones","embedCode":"<blockquote class=\"wp-embedded-content\" data-secret=\"2NJdGM9WLQ\"><a href=\"https:\/\/quechilero.com\/blog\/2009\/01\/25\/el-apostol\/\">El ap\u00f3stol<\/a><\/blockquote><iframe sandbox=\"allow-scripts\" security=\"restricted\" src=\"https:\/\/quechilero.com\/blog\/2009\/01\/25\/el-apostol\/embed\/#?secret=2NJdGM9WLQ\" width=\"500\" height=\"350\" title=\"\u00abEl ap\u00f3stol\u00bb \u2014 Si la Vida nos da Limones...\" data-secret=\"2NJdGM9WLQ\" frameborder=\"0\" marginwidth=\"0\" marginheight=\"0\" scrolling=\"no\" class=\"wp-embedded-content\"><\/iframe><script>\n\/*! This file is auto-generated *\/\n!function(d,l){\"use strict\";l.querySelector&&d.addEventListener&&\"undefined\"!=typeof URL&&(d.wp=d.wp||{},d.wp.receiveEmbedMessage||(d.wp.receiveEmbedMessage=function(e){var t=e.data;if((t||t.secret||t.message||t.value)&&!\/[^a-zA-Z0-9]\/.test(t.secret)){for(var s,r,n,a=l.querySelectorAll('iframe[data-secret=\"'+t.secret+'\"]'),o=l.querySelectorAll('blockquote[data-secret=\"'+t.secret+'\"]'),c=new RegExp(\"^https?:$\",\"i\"),i=0;i<o.length;i++)o[i].style.display=\"none\";for(i=0;i<a.length;i++)s=a[i],e.source===s.contentWindow&&(s.removeAttribute(\"style\"),\"height\"===t.message?(1e3<(r=parseInt(t.value,10))?r=1e3:~~r<200&&(r=200),s.height=r):\"link\"===t.message&&(r=new URL(s.getAttribute(\"src\")),n=new URL(t.value),c.test(n.protocol))&&n.host===r.host&&l.activeElement===s&&(d.top.location.href=t.value))}},d.addEventListener(\"message\",d.wp.receiveEmbedMessage,!1),l.addEventListener(\"DOMContentLoaded\",function(){for(var e,t,s=l.querySelectorAll(\"iframe.wp-embedded-content\"),r=0;r<s.length;r++)(t=(e=s[r]).getAttribute(\"data-secret\"))||(t=Math.random().toString(36).substring(2,12),e.src+=\"#?secret=\"+t,e.setAttribute(\"data-secret\",t)),e.contentWindow.postMessage({message:\"ready\",secret:t},\"*\")},!1)))}(window,document);\n\/\/# sourceURL=https:\/\/quechilero.com\/blog\/wp-includes\/js\/wp-embed.min.js\n<\/script>\n"},"jetpack_publicize_connections":[],"jetpack_shortlink":"https:\/\/wp.me\/pDKli-wG","jetpack_sharing_enabled":true,"jetpack-related-posts":[{"id":6212,"url":"https:\/\/quechilero.com\/blog\/2010\/12\/15\/por-que\/","url_meta":{"origin":2026,"position":0},"title":"\u00bfPor qu\u00e9?","author":"Pepe Barrascout Ortiz","date":"15 diciembre 2010","format":false,"excerpt":"Una persona que visitaba una escuela para sordos escribi\u00f3 en la pizarra unas preguntas para los alumnos. Entre ellas escribi\u00f3 la siguiente: \"\u00bfPor qu\u00e9 ser\u00e1 que Dios me ha hecho a mi capaz de o\u00edr y hablar y los ha hecho sordos a Ustedes?\" Esta terrible pregunta afect\u00f3 a los\u2026","rel":"","context":"En \u00abLimones\u00bb","block_context":{"text":"Limones","link":"https:\/\/quechilero.com\/blog\/category\/limones\/"},"img":{"alt_text":"","src":"","width":0,"height":0},"classes":[]},{"id":21425,"url":"https:\/\/quechilero.com\/blog\/2015\/08\/01\/por-que-2\/","url_meta":{"origin":2026,"position":1},"title":"\u00bfPor qu\u00e9?","author":"Pepe Barrascout Ortiz","date":"1 agosto 2015","format":false,"excerpt":"Una persona que visitaba una escuela para sordos escribi\u00f3 en la pizarra unas preguntas para los alumnos. Entre ellas escribi\u00f3 la siguiente: \"\u00bfPor qu\u00e9 ser\u00e1 que Dios me ha hecho a mi capaz de o\u00edr y hablar y los ha hecho sordos a Ustedes?\" Esta terrible pregunta afect\u00f3 a los\u2026","rel":"","context":"En \u00abLimones\u00bb","block_context":{"text":"Limones","link":"https:\/\/quechilero.com\/blog\/category\/limones\/"},"img":{"alt_text":"","src":"","width":0,"height":0},"classes":[]},{"id":3937,"url":"https:\/\/quechilero.com\/blog\/2009\/11\/25\/claro-de-luna\/","url_meta":{"origin":2026,"position":2},"title":"Claro de Luna","author":"Pepe Barrascout Ortiz","date":"25 noviembre 2009","format":false,"excerpt":"Cuenta la historia que Beethoven, el famoso compositor alem\u00e1n, se encontraba sumergido en una profunda depresi\u00f3n debido a la muerte de un pr\u00edncipe de Alemania que era como un padre para \u00e9l, la cual vino a sumarse al hecho que d\u00eda tras d\u00eda se estaba quedando sordo. Era tal la\u2026","rel":"","context":"En \u00abLimones\u00bb","block_context":{"text":"Limones","link":"https:\/\/quechilero.com\/blog\/category\/limones\/"},"img":{"alt_text":"","src":"","width":0,"height":0},"classes":[]},{"id":175,"url":"https:\/\/quechilero.com\/blog\/2006\/08\/24\/frases-casi-celebres\/","url_meta":{"origin":2026,"position":3},"title":"Frases casi c\u00e9lebres","author":"Pepe Barrascout Ortiz","date":"24 agosto 2006","format":false,"excerpt":"No soy un completo in\u00fatil, por lo menos sirvo de mal ejemplo. Esta obsesi\u00f3n de suicidio me est\u00e1 matando. No m\u00e1s medios de comunicaci\u00f3n, los queremos completos. Si no eres parte de la soluci\u00f3n, eres parte del problema. Errar es humano, pero echarle la culpa al otro es m\u00e1s humano\u2026","rel":"","context":"En \u00abLimones\u00bb","block_context":{"text":"Limones","link":"https:\/\/quechilero.com\/blog\/category\/limones\/"},"img":{"alt_text":"","src":"","width":0,"height":0},"classes":[]},{"id":4393,"url":"https:\/\/quechilero.com\/blog\/2010\/03\/14\/musica-para-sordos\/","url_meta":{"origin":2026,"position":4},"title":"M\u00fasica para sordos","author":"Pepe Barrascout Ortiz","date":"14 marzo 2010","format":false,"excerpt":"Yo antes estaba completamente sordo, y ve\u00eda a la gente de pie, y dando toda clase de vueltas. Lo llamaban baile. A m\u00ed me parec\u00eda absurdo... Hasta que un d\u00eda o\u00ed la m\u00fasica. Entonces comprend\u00ed lo hermosa que era la danza Del libro \"El canto del p\u00e1jaro\", de Anthony de\u2026","rel":"","context":"En \u00abLimones\u00bb","block_context":{"text":"Limones","link":"https:\/\/quechilero.com\/blog\/category\/limones\/"},"img":{"alt_text":"","src":"","width":0,"height":0},"classes":[]},{"id":13233,"url":"https:\/\/quechilero.com\/blog\/2012\/04\/24\/principios-importantes-de-la-oracion\/","url_meta":{"origin":2026,"position":5},"title":"Principios importantes de la Oraci\u00f3n","author":"Pepe Barrascout Ortiz","date":"24 abril 2012","format":false,"excerpt":"Si tienes un problema muy agobiante, una necesidad muy grande en tu vida; tal vez el problema es que monopolizas toda la pl\u00e1tica con Dios y no le est\u00e1s escuchando a \u00c9l para nada. \u00a1Deja de hablar tanto y toma tiempo para escuchar! Escucha la Palabra de Dios. Qu\u00e9date en\u2026","rel":"","context":"En \u00abLimones\u00bb","block_context":{"text":"Limones","link":"https:\/\/quechilero.com\/blog\/category\/limones\/"},"img":{"alt_text":"","src":"","width":0,"height":0},"classes":[]}],"jetpack_featured_media_url":"","_links":{"self":[{"href":"https:\/\/quechilero.com\/blog\/wp-json\/wp\/v2\/posts\/2026","targetHints":{"allow":["GET"]}}],"collection":[{"href":"https:\/\/quechilero.com\/blog\/wp-json\/wp\/v2\/posts"}],"about":[{"href":"https:\/\/quechilero.com\/blog\/wp-json\/wp\/v2\/types\/post"}],"author":[{"embeddable":true,"href":"https:\/\/quechilero.com\/blog\/wp-json\/wp\/v2\/users\/1"}],"replies":[{"embeddable":true,"href":"https:\/\/quechilero.com\/blog\/wp-json\/wp\/v2\/comments?post=2026"}],"version-history":[{"count":0,"href":"https:\/\/quechilero.com\/blog\/wp-json\/wp\/v2\/posts\/2026\/revisions"}],"wp:attachment":[{"href":"https:\/\/quechilero.com\/blog\/wp-json\/wp\/v2\/media?parent=2026"}],"wp:term":[{"taxonomy":"category","embeddable":true,"href":"https:\/\/quechilero.com\/blog\/wp-json\/wp\/v2\/categories?post=2026"},{"taxonomy":"post_tag","embeddable":true,"href":"https:\/\/quechilero.com\/blog\/wp-json\/wp\/v2\/tags?post=2026"},{"taxonomy":"series","embeddable":true,"href":"https:\/\/quechilero.com\/blog\/wp-json\/wp\/v2\/series?post=2026"}],"curies":[{"name":"wp","href":"https:\/\/api.w.org\/{rel}","templated":true}]}}