{"id":2016,"date":"2008-12-18T08:06:04","date_gmt":"2008-12-18T14:06:04","guid":{"rendered":"http:\/\/quechilero.com\/blog\/?p=2016"},"modified":"2008-12-18T08:06:04","modified_gmt":"2008-12-18T14:06:04","slug":"hay-milagros-que-no-son-suficientes","status":"publish","type":"post","link":"https:\/\/quechilero.com\/blog\/2008\/12\/18\/hay-milagros-que-no-son-suficientes\/","title":{"rendered":"Hay milagros que no son suficientes"},"content":{"rendered":"<blockquote><p><em>Se trataba de un buen hombre, un jud\u00edo muy piadoso, organizado y    meticuloso. Era apegado a sus tradiciones. A su hijo, siguiendo la costumbre    hebrea, le ped\u00eda que siempre llevara sobre su cabeza el kip\u00e1, un peque\u00f1o    sombrero que se centra sobre el remolino.<\/p>\n<p>Un d\u00eda, al llegar a su casa, encontr\u00f3 muerto a su amado hijo. Desesperado    por el dolor y el desconsuelo al ver el cuerpo sin vida del muchacho, quien    a\u00fan vest\u00eda el sombrerito, lo tom\u00f3 entre sus brazos y corri\u00f3 a una playa.    Empez\u00f3 a orar, arrodillado, con la frente hacia el sol de colores ocres y    amarillos, que, en un imponente atardecer, parec\u00eda sumergirse en el  oc\u00e9ano:<\/p>\n<p>&#8211; Dios, mi Se\u00f1or -imploraba desde su coraz\u00f3n-, devu\u00e9lveme la vida de mi    hijo. Yo he sido un buen hombre, te he servido toda mi vida.<\/p>\n<p>&#8211; Se\u00f1or -continuaba con intensidad, sujetando el ni\u00f1o sin vida entre sus    brazos-, estoy dispuesto a hacer lo que sea para recuperar a mi hijo. Te ruego    no me despojes de \u00e9l.<\/p>\n<p>En ese instante, el firmamento se torn\u00f3 p\u00farpura, las nubes se abrieron    vislumbrando un cielo claro, el mar de repente se agit\u00f3 y una fuerza    misteriosa le arrebat\u00f3 al ni\u00f1o de sus brazos. En un santiam\u00e9n reapareci\u00f3,    frente a \u00e9l, el ni\u00f1o vivo, pleno de salud y sonriente. El hombre, feliz,    abraz\u00f3 al muchacho, lo mir\u00f3 de arriba a abajo y dirigi\u00e9ndose al cielo, dijo en    tono de ruego:<\/p>\n<p>&#8211; Dios, mi Se\u00f1or, muchas gracias, pero&#8230; \u00bfpodr\u00edas tambi\u00e9n devolverme el    sombrerito de mi hijo?<\/p>\n<p><\/em><\/p><\/blockquote>\n<p>Decir adi\u00f3s, es cerrar y abrir una nueva etapa de nuestra vida&#8230; y volar tan  alto, ser libres de esas cadenas que nos hacen prisioneros. .. recordar con  cari\u00f1o lo hermosamente vivido y olvidar lo que nos hizo sufrir&#8230;<\/p>\n<p>A mi paso por la vida, he tenido la necesidad de decir adi\u00f3s a una serie de  personas y situaciones que en su momento ten\u00edan que apartarse de mi&#8230; es una  palabra dif\u00edcil de pronunciar pero necesaria. Mueren las costumbres, las  rutinas, dejando un vac\u00edo en nuestra existencia, cabeza y coraz\u00f3n&#8230; pero ese  vac\u00edo es el que me permite seguir viviendo, aprendiendo y madurando&#8230;<\/p>\n<p>Cada d\u00eda de mi existencia me gusta releer mi historia y asumir los adioses  que han cerrado cap\u00edtulos y abierto espacios en m\u00ed vida. En ocasiones es  necesario e indispensable aprender a decir adi\u00f3s&#8230;<\/p>\n","protected":false},"excerpt":{"rendered":"<p>Se trataba de un buen hombre, un jud\u00edo muy piadoso, organizado y meticuloso. Era apegado a sus tradiciones. A su hijo, siguiendo la costumbre hebrea, le ped\u00eda que siempre llevara sobre su cabeza el kip\u00e1, un peque\u00f1o sombrero que se centra sobre el remolino. Un d\u00eda, al llegar a su casa, encontr\u00f3 muerto a su &#8230; <a title=\"Hay milagros que no son suficientes\" class=\"read-more\" href=\"https:\/\/quechilero.com\/blog\/2008\/12\/18\/hay-milagros-que-no-son-suficientes\/\" aria-label=\"Leer m\u00e1s sobre Hay milagros que no son suficientes\">Leer m\u00e1s<\/a><\/p>\n","protected":false},"author":1,"featured_media":0,"comment_status":"open","ping_status":"open","sticky":false,"template":"","format":"standard","meta":{"advanced_seo_description":"","jetpack_seo_html_title":"","jetpack_seo_noindex":false,"jetpack_seo_schema_type":"","episode_type":"","audio_file":"","podmotor_file_id":"","podmotor_episode_id":"","cover_image":"","cover_image_id":"","duration":"","filesize":"","filesize_raw":"","date_recorded":"","explicit":"","block":"","_jetpack_newsletter_access":"","_jetpack_dont_email_post_to_subs":false,"_jetpack_newsletter_tier_id":0,"_jetpack_memberships_contains_paywalled_content":false,"_jetpack_feature_clip_id":0,"_jetpack_memberships_contains_paid_content":false,"footnotes":"","jetpack_publicize_message":"","jetpack_publicize_feature_enabled":true,"jetpack_social_post_already_shared":false,"jetpack_social_options":{"image_generator_settings":{"template":"highway","default_image_id":0,"font":"","enabled":false},"version":2},"jetpack_post_was_ever_published":false},"categories":[2],"tags":[29,51,46,17,18,42,24],"series":[],"class_list":["post-2016","post","type-post","status-publish","format-standard","hentry","category-limones","tag-aprender","tag-dios","tag-feliz","tag-historia","tag-hombre","tag-palabra","tag-vida"],"episode_featured_image":false,"episode_player_image":"https:\/\/i0.wp.com\/quechilero.com\/blog\/imagenes\/podcast.png?fit=1831%2C1831&ssl=1","download_link":"","player_link":"","audio_player":false,"episode_data":{"playerMode":"dark","subscribeUrls":{"amazon":{"key":"amazon","url":"","label":"Amazon","class":"amazon","icon":"amazon.png"},"apple_podcasts":{"key":"apple_podcasts","url":"","label":"Apple Podcasts","class":"apple_podcasts","icon":"apple-podcasts.png"},"castbox":{"key":"castbox","url":"","label":"CastBox","class":"castbox","icon":"castbox.png"},"deezer":{"key":"deezer","url":"","label":"Deezer","class":"deezer","icon":"deezer.png"},"google_podcasts":{"key":"google_podcasts","url":"","label":"Google Podcasts","class":"google_podcasts","icon":"google-podcasts.png"},"listen_notes":{"key":"listen_notes","url":"","label":"Listen Notes","class":"listen_notes","icon":"listen-notes.png"},"pandora":{"key":"pandora","url":"","label":"Pandora","class":"pandora","icon":"pandora.png"},"podbean":{"key":"podbean","url":"","label":"Podbean","class":"podbean","icon":"podbean.png"},"podcast_republic":{"key":"podcast_republic","url":"","label":"Podcast Republic","class":"podcast_republic","icon":"podcast-republic.png"},"rss":{"key":"rss","url":"","label":"RSS","class":"rss","icon":"rss.png"},"spotify":{"key":"spotify","url":"","label":"Spotify","class":"spotify","icon":"spotify.png"},"stitcher":{"key":"stitcher","url":"","label":"Stitcher","class":"stitcher","icon":"stitcher.png"},"tunein":{"key":"tunein","url":"","label":"TuneIn","class":"tunein","icon":"tunein.png"},"youtube":{"key":"youtube","url":"","label":"YouTube","class":"youtube","icon":"youtube.png"},"iheartradio":{"key":"iheartradio","url":"","label":"iHeartRadio","class":"iheartradio","icon":"iheartradio.png"},"ivoox":{"key":"ivoox","url":"","label":"iVoox","class":"ivoox","icon":"ivoox.png"}},"rssFeedUrl":"https:\/\/quechilero.com\/blog\/feed\/podcast\/si-la-vida-nos-da-limones","embedCode":"<blockquote class=\"wp-embedded-content\" data-secret=\"23EFV3GflZ\"><a href=\"https:\/\/quechilero.com\/blog\/2008\/12\/18\/hay-milagros-que-no-son-suficientes\/\">Hay milagros que no son suficientes<\/a><\/blockquote><iframe sandbox=\"allow-scripts\" security=\"restricted\" src=\"https:\/\/quechilero.com\/blog\/2008\/12\/18\/hay-milagros-que-no-son-suficientes\/embed\/#?secret=23EFV3GflZ\" width=\"500\" height=\"350\" title=\"\u00abHay milagros que no son suficientes\u00bb \u2014 Si la Vida nos da Limones...\" data-secret=\"23EFV3GflZ\" frameborder=\"0\" marginwidth=\"0\" marginheight=\"0\" scrolling=\"no\" class=\"wp-embedded-content\"><\/iframe><script>\n\/*! This file is auto-generated *\/\n!function(d,l){\"use strict\";l.querySelector&&d.addEventListener&&\"undefined\"!=typeof URL&&(d.wp=d.wp||{},d.wp.receiveEmbedMessage||(d.wp.receiveEmbedMessage=function(e){var t=e.data;if((t||t.secret||t.message||t.value)&&!\/[^a-zA-Z0-9]\/.test(t.secret)){for(var s,r,n,a=l.querySelectorAll('iframe[data-secret=\"'+t.secret+'\"]'),o=l.querySelectorAll('blockquote[data-secret=\"'+t.secret+'\"]'),c=new RegExp(\"^https?:$\",\"i\"),i=0;i<o.length;i++)o[i].style.display=\"none\";for(i=0;i<a.length;i++)s=a[i],e.source===s.contentWindow&&(s.removeAttribute(\"style\"),\"height\"===t.message?(1e3<(r=parseInt(t.value,10))?r=1e3:~~r<200&&(r=200),s.height=r):\"link\"===t.message&&(r=new URL(s.getAttribute(\"src\")),n=new URL(t.value),c.test(n.protocol))&&n.host===r.host&&l.activeElement===s&&(d.top.location.href=t.value))}},d.addEventListener(\"message\",d.wp.receiveEmbedMessage,!1),l.addEventListener(\"DOMContentLoaded\",function(){for(var e,t,s=l.querySelectorAll(\"iframe.wp-embedded-content\"),r=0;r<s.length;r++)(t=(e=s[r]).getAttribute(\"data-secret\"))||(t=Math.random().toString(36).substring(2,12),e.src+=\"#?secret=\"+t,e.setAttribute(\"data-secret\",t)),e.contentWindow.postMessage({message:\"ready\",secret:t},\"*\")},!1)))}(window,document);\n\/\/# sourceURL=https:\/\/quechilero.com\/blog\/wp-includes\/js\/wp-embed.min.js\n<\/script>\n"},"jetpack_publicize_connections":[],"jetpack_shortlink":"https:\/\/wp.me\/pDKli-ww","jetpack_sharing_enabled":true,"jetpack-related-posts":[{"id":4607,"url":"https:\/\/quechilero.com\/blog\/2010\/04\/02\/meditacion-de-las-siete-palabras\/","url_meta":{"origin":2016,"position":0},"title":"Meditaci\u00f3n de las Siete Palabras","author":"Pepe Barrascout Ortiz","date":"2 abril 2010","format":false,"excerpt":"Oraci\u00f3n Jes\u00fas en la Cruz aboga: da al ladr\u00f3n: lega su Madre: qu\u00e9jase: la sed le ahoga: cumple: entrega el alma al Padre Al Calvario hay que llegar porque Cristo, nuestra Luz, hoy tambi\u00e9n nos quiere hablar desde el ara de la Cruz. \u00a1Virgen de dolores y Madre m\u00eda! Que,\u2026","rel":"","context":"En \u00abLimones\u00bb","block_context":{"text":"Limones","link":"https:\/\/quechilero.com\/blog\/category\/limones\/"},"img":{"alt_text":"","src":"","width":0,"height":0},"classes":[]},{"id":17976,"url":"https:\/\/quechilero.com\/blog\/2014\/06\/17\/oracion-para-el-padre\/","url_meta":{"origin":2016,"position":1},"title":"Oraci\u00f3n para el Padre","author":"Pepe Barrascout Ortiz","date":"17 junio 2014","format":false,"excerpt":"Se\u00f1or Dios, Padre bueno, creador del g\u00e9nero humano, T\u00fa enviaste a tu Hijo Jes\u00fas, para redimir y salvar a los hombres, El quiso nacer en una familia como la nuestra, le diste a la Virgen Mar\u00eda como madre y a San Jos\u00e9 como padre; te pedimos por estos padres para\u2026","rel":"","context":"En \u00abLimones\u00bb","block_context":{"text":"Limones","link":"https:\/\/quechilero.com\/blog\/category\/limones\/"},"img":{"alt_text":"","src":"","width":0,"height":0},"classes":[]},{"id":2964,"url":"https:\/\/quechilero.com\/blog\/2009\/07\/16\/me-perdona\/","url_meta":{"origin":2016,"position":2},"title":"\u00bfMe perdona?","author":"Pepe Barrascout Ortiz","date":"16 julio 2009","format":false,"excerpt":"En la noche de Navidad del a\u00f1o 1929, la se\u00f1ora Asunta, mam\u00e1 de Santa Mar\u00eda de Goretti, que estaba de sirvienta en una casa cural, sinti\u00f3 que tocaban a la puerta. Sali\u00f3 a abrir, y era Alejandro, quien hab\u00eda asesinado a su hija. - \"Se\u00f1ora, \u00bfme conoce?\" -y baj\u00f3 los\u2026","rel":"","context":"En \u00abLimones\u00bb","block_context":{"text":"Limones","link":"https:\/\/quechilero.com\/blog\/category\/limones\/"},"img":{"alt_text":"","src":"","width":0,"height":0},"classes":[]},{"id":21388,"url":"https:\/\/quechilero.com\/blog\/2015\/07\/22\/espera-no-tan-rapido\/","url_meta":{"origin":2016,"position":3},"title":"Espera, no tan r\u00e1pido&#8230;","author":"Pepe Barrascout Ortiz","date":"22 julio 2015","format":false,"excerpt":"Cuentan que una vez un cient\u00edfico soberbio fue con Dios y le dijo: - Se\u00f1or, convocamos a una junta cient\u00edfica mundial y hemos decidido que ya no te necesitamos. El Se\u00f1or con su infinita paciencia oy\u00f3 al hombre y le pregunt\u00f3: - \u00bfAh s\u00ed? \u00bfY c\u00f3mo llegaron a esa decisi\u00f3n?\u2026","rel":"","context":"En \u00abLimones\u00bb","block_context":{"text":"Limones","link":"https:\/\/quechilero.com\/blog\/category\/limones\/"},"img":{"alt_text":"","src":"","width":0,"height":0},"classes":[]},{"id":17303,"url":"https:\/\/quechilero.com\/blog\/2013\/10\/01\/%ef%bb%bfque-espera-dios-de-mi\/","url_meta":{"origin":2016,"position":4},"title":"\ufeff\u00bfQu\u00e9 espera Dios de m\u00ed?","author":"Pepe Barrascout Ortiz","date":"1 octubre 2013","format":false,"excerpt":"Esta era una de las preguntas m\u00e1s profundas y urgentes que me plante\u00e9 en mi juventud. Quer\u00eda elegir bien, quer\u00eda asegurarme de tomar un camino que fuera conforme al Plan de Dios sobre mi vida. \u00c9l como Padre tendr\u00eda un sue\u00f1o para su hijo, como Creador un plan para su\u2026","rel":"","context":"En \u00abLimones\u00bb","block_context":{"text":"Limones","link":"https:\/\/quechilero.com\/blog\/category\/limones\/"},"img":{"alt_text":"","src":"","width":0,"height":0},"classes":[]},{"id":15558,"url":"https:\/\/quechilero.com\/blog\/2012\/12\/24\/la-navidad\/","url_meta":{"origin":2016,"position":5},"title":"La Navidad","author":"Pepe Barrascout Ortiz","date":"24 diciembre 2012","format":false,"excerpt":"La Iglesia en su misi\u00f3n de ir por el mundo llevando la Buena Nueva ha querido dedicar un tiempo a profundizar, contemplar y asimilar el Misterio de la Encarnaci\u00f3n del Hijo de Dios; a este tiempo lo conocemos como Navidad. Cerca de la antigua fiesta jud\u00eda de las luces y\u2026","rel":"","context":"En \u00abLimones\u00bb","block_context":{"text":"Limones","link":"https:\/\/quechilero.com\/blog\/category\/limones\/"},"img":{"alt_text":"","src":"","width":0,"height":0},"classes":[]}],"jetpack_featured_media_url":"","_links":{"self":[{"href":"https:\/\/quechilero.com\/blog\/wp-json\/wp\/v2\/posts\/2016","targetHints":{"allow":["GET"]}}],"collection":[{"href":"https:\/\/quechilero.com\/blog\/wp-json\/wp\/v2\/posts"}],"about":[{"href":"https:\/\/quechilero.com\/blog\/wp-json\/wp\/v2\/types\/post"}],"author":[{"embeddable":true,"href":"https:\/\/quechilero.com\/blog\/wp-json\/wp\/v2\/users\/1"}],"replies":[{"embeddable":true,"href":"https:\/\/quechilero.com\/blog\/wp-json\/wp\/v2\/comments?post=2016"}],"version-history":[{"count":0,"href":"https:\/\/quechilero.com\/blog\/wp-json\/wp\/v2\/posts\/2016\/revisions"}],"wp:attachment":[{"href":"https:\/\/quechilero.com\/blog\/wp-json\/wp\/v2\/media?parent=2016"}],"wp:term":[{"taxonomy":"category","embeddable":true,"href":"https:\/\/quechilero.com\/blog\/wp-json\/wp\/v2\/categories?post=2016"},{"taxonomy":"post_tag","embeddable":true,"href":"https:\/\/quechilero.com\/blog\/wp-json\/wp\/v2\/tags?post=2016"},{"taxonomy":"series","embeddable":true,"href":"https:\/\/quechilero.com\/blog\/wp-json\/wp\/v2\/series?post=2016"}],"curies":[{"name":"wp","href":"https:\/\/api.w.org\/{rel}","templated":true}]}}