{"id":20106,"date":"2015-05-13T08:00:03","date_gmt":"2015-05-13T14:00:03","guid":{"rendered":"http:\/\/quechilero.com\/blog\/?p=20106"},"modified":"2015-04-08T17:51:57","modified_gmt":"2015-04-08T23:51:57","slug":"el-fabricante-de-jabon","status":"publish","type":"post","link":"https:\/\/quechilero.com\/blog\/2015\/05\/13\/el-fabricante-de-jabon\/","title":{"rendered":"El fabricante de jab\u00f3n"},"content":{"rendered":"<p>Dios cre\u00f3 al hombre libre. Frente a la verdad puede abrirse o cerrarse, aceptar o negar. Este es el misterio del hombre frente a la generosa oferta de salvaci\u00f3n que Jes\u00fas, el Hijo de Dios nos hace. Si el Evangelio, levadura santa de Dios, no penetra en los corazones, jam\u00e1s podr\u00e1 mejorarse la masa humana y hacer retroceder la oscuridad del mal y del ego\u00edsmo.<\/p>\n<p>Un fabricante de jab\u00f3n dijo a un sacerdote: \u00abEl cristianismo no ha logrado nada. Hace 2000 a\u00f1os que se predica y el mundo no ha mejorado. Todav\u00eda hay mucho mal y gente mala.\u00bb El sacerdote se\u00f1al\u00f3 a un chico sucio de la cabeza a los pies, y respondi\u00f3: \u00abEl jab\u00f3n no ha logrado nada. Todav\u00eda hay suciedad y gente sucia en el mundo\u00bb. \u00abEl jab\u00f3n -contest\u00f3 el empresario- sirve solamente si se lo aplica.\u00bb Y el cura volvi\u00f3 a replicar: \u00abLa fe cristiana tambi\u00e9n.\u00bb<\/p>\n<p>No basta escuchar y conocer las verdades de la fe: hay que vivirlas. \u00abDichoso el hombre que escucha la Palabra de Dios y la practica\u00bb. S\u00f3lo as\u00ed tu vida adquirir\u00e1 consistencia y nada la derribar\u00e1, pasar\u00e1s victorioso las pruebas de este mundo perecedero y tendr\u00e1s junto a Dios una morada de eterna felicidad. El Se\u00f1or te asista en el combate de la fe.<\/p>\n","protected":false},"excerpt":{"rendered":"<p>Dios cre\u00f3 al hombre libre. Frente a la verdad puede abrirse o cerrarse, aceptar o negar. Este es el misterio del hombre frente a la generosa oferta de salvaci\u00f3n que Jes\u00fas, el Hijo de Dios nos hace. Si el Evangelio, levadura santa de Dios, no penetra en los corazones, jam\u00e1s podr\u00e1 mejorarse la masa humana &#8230; <a title=\"El fabricante de jab\u00f3n\" class=\"read-more\" href=\"https:\/\/quechilero.com\/blog\/2015\/05\/13\/el-fabricante-de-jabon\/\" aria-label=\"Leer m\u00e1s sobre El fabricante de jab\u00f3n\">Leer m\u00e1s<\/a><\/p>\n","protected":false},"author":1,"featured_media":0,"comment_status":"open","ping_status":"open","sticky":false,"template":"","format":"standard","meta":{"advanced_seo_description":"","jetpack_seo_html_title":"","jetpack_seo_noindex":false,"jetpack_seo_schema_type":"","episode_type":"","audio_file":"","podmotor_file_id":"","podmotor_episode_id":"","cover_image":"","cover_image_id":"","duration":"","filesize":"","filesize_raw":"","date_recorded":"","explicit":"","block":"","_jetpack_newsletter_access":"","_jetpack_dont_email_post_to_subs":false,"_jetpack_newsletter_tier_id":0,"_jetpack_memberships_contains_paywalled_content":false,"_jetpack_feature_clip_id":0,"_jetpack_memberships_contains_paid_content":false,"footnotes":"","jetpack_publicize_message":"","jetpack_publicize_feature_enabled":true,"jetpack_social_post_already_shared":true,"jetpack_social_options":{"image_generator_settings":{"template":"highway","default_image_id":0,"font":"","enabled":false},"version":2},"jetpack_post_was_ever_published":false},"categories":[2],"tags":[51,90,18,74,42,41,24],"series":[],"class_list":["post-20106","post","type-post","status-publish","format-standard","hentry","category-limones","tag-dios","tag-evangelio","tag-hombre","tag-jesus","tag-palabra","tag-verdad","tag-vida"],"episode_featured_image":false,"episode_player_image":"https:\/\/i0.wp.com\/quechilero.com\/blog\/imagenes\/podcast.png?fit=1831%2C1831&ssl=1","download_link":"","player_link":"","audio_player":false,"episode_data":{"playerMode":"dark","subscribeUrls":{"amazon":{"key":"amazon","url":"","label":"Amazon","class":"amazon","icon":"amazon.png"},"apple_podcasts":{"key":"apple_podcasts","url":"","label":"Apple Podcasts","class":"apple_podcasts","icon":"apple-podcasts.png"},"castbox":{"key":"castbox","url":"","label":"CastBox","class":"castbox","icon":"castbox.png"},"deezer":{"key":"deezer","url":"","label":"Deezer","class":"deezer","icon":"deezer.png"},"google_podcasts":{"key":"google_podcasts","url":"","label":"Google Podcasts","class":"google_podcasts","icon":"google-podcasts.png"},"listen_notes":{"key":"listen_notes","url":"","label":"Listen Notes","class":"listen_notes","icon":"listen-notes.png"},"pandora":{"key":"pandora","url":"","label":"Pandora","class":"pandora","icon":"pandora.png"},"podbean":{"key":"podbean","url":"","label":"Podbean","class":"podbean","icon":"podbean.png"},"podcast_republic":{"key":"podcast_republic","url":"","label":"Podcast Republic","class":"podcast_republic","icon":"podcast-republic.png"},"rss":{"key":"rss","url":"","label":"RSS","class":"rss","icon":"rss.png"},"spotify":{"key":"spotify","url":"","label":"Spotify","class":"spotify","icon":"spotify.png"},"stitcher":{"key":"stitcher","url":"","label":"Stitcher","class":"stitcher","icon":"stitcher.png"},"tunein":{"key":"tunein","url":"","label":"TuneIn","class":"tunein","icon":"tunein.png"},"youtube":{"key":"youtube","url":"","label":"YouTube","class":"youtube","icon":"youtube.png"},"iheartradio":{"key":"iheartradio","url":"","label":"iHeartRadio","class":"iheartradio","icon":"iheartradio.png"},"ivoox":{"key":"ivoox","url":"","label":"iVoox","class":"ivoox","icon":"ivoox.png"}},"rssFeedUrl":"https:\/\/quechilero.com\/blog\/feed\/podcast\/si-la-vida-nos-da-limones","embedCode":"<blockquote class=\"wp-embedded-content\" data-secret=\"uTyguFGNhP\"><a href=\"https:\/\/quechilero.com\/blog\/2015\/05\/13\/el-fabricante-de-jabon\/\">El fabricante de jab\u00f3n<\/a><\/blockquote><iframe sandbox=\"allow-scripts\" security=\"restricted\" src=\"https:\/\/quechilero.com\/blog\/2015\/05\/13\/el-fabricante-de-jabon\/embed\/#?secret=uTyguFGNhP\" width=\"500\" height=\"350\" title=\"\u00abEl fabricante de jab\u00f3n\u00bb \u2014 Si la Vida nos da Limones...\" data-secret=\"uTyguFGNhP\" frameborder=\"0\" marginwidth=\"0\" marginheight=\"0\" scrolling=\"no\" class=\"wp-embedded-content\"><\/iframe><script>\n\/*! This file is auto-generated *\/\n!function(d,l){\"use strict\";l.querySelector&&d.addEventListener&&\"undefined\"!=typeof URL&&(d.wp=d.wp||{},d.wp.receiveEmbedMessage||(d.wp.receiveEmbedMessage=function(e){var t=e.data;if((t||t.secret||t.message||t.value)&&!\/[^a-zA-Z0-9]\/.test(t.secret)){for(var s,r,n,a=l.querySelectorAll('iframe[data-secret=\"'+t.secret+'\"]'),o=l.querySelectorAll('blockquote[data-secret=\"'+t.secret+'\"]'),c=new RegExp(\"^https?:$\",\"i\"),i=0;i<o.length;i++)o[i].style.display=\"none\";for(i=0;i<a.length;i++)s=a[i],e.source===s.contentWindow&&(s.removeAttribute(\"style\"),\"height\"===t.message?(1e3<(r=parseInt(t.value,10))?r=1e3:~~r<200&&(r=200),s.height=r):\"link\"===t.message&&(r=new URL(s.getAttribute(\"src\")),n=new URL(t.value),c.test(n.protocol))&&n.host===r.host&&l.activeElement===s&&(d.top.location.href=t.value))}},d.addEventListener(\"message\",d.wp.receiveEmbedMessage,!1),l.addEventListener(\"DOMContentLoaded\",function(){for(var e,t,s=l.querySelectorAll(\"iframe.wp-embedded-content\"),r=0;r<s.length;r++)(t=(e=s[r]).getAttribute(\"data-secret\"))||(t=Math.random().toString(36).substring(2,12),e.src+=\"#?secret=\"+t,e.setAttribute(\"data-secret\",t)),e.contentWindow.postMessage({message:\"ready\",secret:t},\"*\")},!1)))}(window,document);\n\/\/# sourceURL=https:\/\/quechilero.com\/blog\/wp-includes\/js\/wp-embed.min.js\n<\/script>\n"},"jetpack_publicize_connections":[],"jetpack_shortlink":"https:\/\/wp.me\/pDKli-5ei","jetpack_sharing_enabled":true,"jetpack-related-posts":[{"id":907,"url":"https:\/\/quechilero.com\/blog\/2008\/03\/21\/cuaresma-evangelio-21-mar-08\/","url_meta":{"origin":20106,"position":0},"title":"Cuaresma &#8211; Evangelio 21 mar 08","author":"Pepe Barrascout Ortiz","date":"21 marzo 2008","format":false,"excerpt":"Evangelio seg\u00fan San Juan 18,1-40.19,1-42. Despu\u00e9s de haber dicho esto, Jes\u00fas fue con sus disc\u00edpulos al otro lado del torrente Cedr\u00f3n. Hab\u00eda en ese lugar una huerta y all\u00e1 entr\u00f3 con ellos. Judas, el traidor, tambi\u00e9n conoc\u00eda el lugar porque Jes\u00fas y sus disc\u00edpulos se reun\u00edan all\u00ed con frecuencia. Entonces\u2026","rel":"","context":"En \u00abLimones\u00bb","block_context":{"text":"Limones","link":"https:\/\/quechilero.com\/blog\/category\/limones\/"},"img":{"alt_text":"","src":"","width":0,"height":0},"classes":[]},{"id":899,"url":"https:\/\/quechilero.com\/blog\/2008\/03\/14\/cuaresma-evangelio-14-mar-08\/","url_meta":{"origin":20106,"position":1},"title":"Cuaresma &#8211; Evangelio 14 mar 08","author":"Pepe Barrascout Ortiz","date":"14 marzo 2008","format":false,"excerpt":"Evangelio seg\u00fan San Juan 10,31-42. Los jud\u00edos tomaron piedras para apedrearlo. Entonces Jes\u00fas dijo: \"Les hice ver muchas obras buenas que vienen del Padre; \u00bfPor cu\u00e1l de ellas me quieren apedrear?\". Los jud\u00edos le respondieron: \"No queremos apedrearte por ninguna obra buena, sino porque blasfemas, ya que, siendo hombre, te\u2026","rel":"","context":"En \u00abLimones\u00bb","block_context":{"text":"Limones","link":"https:\/\/quechilero.com\/blog\/category\/limones\/"},"img":{"alt_text":"","src":"","width":0,"height":0},"classes":[]},{"id":15360,"url":"https:\/\/quechilero.com\/blog\/2012\/12\/16\/tercer-domingo-de-adviento\/","url_meta":{"origin":20106,"position":2},"title":"Tercer Domingo de Adviento","author":"Pepe Barrascout Ortiz","date":"16 diciembre 2012","format":false,"excerpt":"Tercer Domingo de Adviento (ciclo B) Reunida la familia o grupo de personas, se encienden las candelas del primero domingo, la del segundo y la del tercer domingo. Hermanos: A medida que avanza el Adviento y crece nuestra expectativa por un encuentro m\u00e1s intenso con Jes\u00fas, la Palabra de Dios,\u2026","rel":"","context":"En \u00abLimones\u00bb","block_context":{"text":"Limones","link":"https:\/\/quechilero.com\/blog\/category\/limones\/"},"img":{"alt_text":"","src":"https:\/\/i0.wp.com\/i392.photobucket.com\/albums\/pp7\/pepejaguar\/blog\/3-domingo-adviento.png?resize=350%2C200","width":350,"height":200,"srcset":"https:\/\/i0.wp.com\/i392.photobucket.com\/albums\/pp7\/pepejaguar\/blog\/3-domingo-adviento.png?resize=350%2C200 1x, https:\/\/i0.wp.com\/i392.photobucket.com\/albums\/pp7\/pepejaguar\/blog\/3-domingo-adviento.png?resize=525%2C300 1.5x"},"classes":[]},{"id":902,"url":"https:\/\/quechilero.com\/blog\/2008\/03\/16\/cuaresma-evangelio-16-mar-08\/","url_meta":{"origin":20106,"position":3},"title":"Cuaresma &#8211; Evangelio 16 mar 08","author":"Pepe Barrascout Ortiz","date":"16 marzo 2008","format":false,"excerpt":"Evangelio seg\u00fan San Mateo 26,14-75.27,1-66. Entonces uno de los Doce, llamado Judas Iscariote, fue a ver a los sumos sacerdotes y les dijo: \"\u00bfCu\u00e1nto me dar\u00e1n si se lo entrego?\". Y resolvieron darle treinta monedas de plata. Desde ese momento, Judas buscaba una ocasi\u00f3n favorable para entregarlo. El primer d\u00eda\u2026","rel":"","context":"En \u00abLimones\u00bb","block_context":{"text":"Limones","link":"https:\/\/quechilero.com\/blog\/category\/limones\/"},"img":{"alt_text":"","src":"","width":0,"height":0},"classes":[]},{"id":22551,"url":"https:\/\/quechilero.com\/blog\/2017\/05\/08\/es-posible-alcanzar-la-santidad\/","url_meta":{"origin":20106,"position":4},"title":"Es posible alcanzar la santidad","author":"Pepe Barrascout Ortiz","date":"8 mayo 2017","format":false,"excerpt":"Hoy, confiando en Jes\u00fas resucitado, hemos de redescubrir el Evangelio como una \u201cbuena nueva\u201d. El Evangelio no es una ley que nos oprime. Alguna vez hemos podido caer en la tentaci\u00f3n de pensar que los que no son cristianos est\u00e1n m\u00e1s tranquilos que nosotros y hacen lo que quieren, mientras\u2026","rel":"","context":"En \u00abLimones\u00bb","block_context":{"text":"Limones","link":"https:\/\/quechilero.com\/blog\/category\/limones\/"},"img":{"alt_text":"","src":"","width":0,"height":0},"classes":[]},{"id":896,"url":"https:\/\/quechilero.com\/blog\/2008\/03\/12\/cuaresma-evangelio-12-mar-08\/","url_meta":{"origin":20106,"position":5},"title":"Cuaresma &#8211; Evangelio 12 mar 08","author":"Pepe Barrascout Ortiz","date":"12 marzo 2008","format":false,"excerpt":"Evangelio seg\u00fan San Juan 8,31-42. Jes\u00fas dijo a aquellos jud\u00edos que hab\u00edan cre\u00eddo en \u00c9l: \"Si ustedes permanecen fieles a mi palabra, ser\u00e1n verdaderamente mis disc\u00edpulos: conocer\u00e1n la verdad y la verdad los har\u00e1 libres\". Ellos le respondieron: \"Somos descendientes de Abraham y jam\u00e1s hemos sido esclavos de nadie. \u00bfC\u00f3mo\u2026","rel":"","context":"En \u00abLimones\u00bb","block_context":{"text":"Limones","link":"https:\/\/quechilero.com\/blog\/category\/limones\/"},"img":{"alt_text":"","src":"","width":0,"height":0},"classes":[]}],"jetpack_featured_media_url":"","_links":{"self":[{"href":"https:\/\/quechilero.com\/blog\/wp-json\/wp\/v2\/posts\/20106","targetHints":{"allow":["GET"]}}],"collection":[{"href":"https:\/\/quechilero.com\/blog\/wp-json\/wp\/v2\/posts"}],"about":[{"href":"https:\/\/quechilero.com\/blog\/wp-json\/wp\/v2\/types\/post"}],"author":[{"embeddable":true,"href":"https:\/\/quechilero.com\/blog\/wp-json\/wp\/v2\/users\/1"}],"replies":[{"embeddable":true,"href":"https:\/\/quechilero.com\/blog\/wp-json\/wp\/v2\/comments?post=20106"}],"version-history":[{"count":0,"href":"https:\/\/quechilero.com\/blog\/wp-json\/wp\/v2\/posts\/20106\/revisions"}],"wp:attachment":[{"href":"https:\/\/quechilero.com\/blog\/wp-json\/wp\/v2\/media?parent=20106"}],"wp:term":[{"taxonomy":"category","embeddable":true,"href":"https:\/\/quechilero.com\/blog\/wp-json\/wp\/v2\/categories?post=20106"},{"taxonomy":"post_tag","embeddable":true,"href":"https:\/\/quechilero.com\/blog\/wp-json\/wp\/v2\/tags?post=20106"},{"taxonomy":"series","embeddable":true,"href":"https:\/\/quechilero.com\/blog\/wp-json\/wp\/v2\/series?post=20106"}],"curies":[{"name":"wp","href":"https:\/\/api.w.org\/{rel}","templated":true}]}}