{"id":20104,"date":"2015-05-12T08:00:34","date_gmt":"2015-05-12T14:00:34","guid":{"rendered":"http:\/\/quechilero.com\/blog\/?p=20104"},"modified":"2015-04-08T17:45:25","modified_gmt":"2015-04-08T23:45:25","slug":"quiero-preparar-tu-camino","status":"publish","type":"post","link":"https:\/\/quechilero.com\/blog\/2015\/05\/12\/quiero-preparar-tu-camino\/","title":{"rendered":"Quiero preparar tu camino"},"content":{"rendered":"<p style=\"text-align: center;\">Donde la locura vuela m\u00e1s deprisa que la sensatez,<br \/>\nall\u00e1 donde la pobreza ya no llama la atenci\u00f3n<br \/>\ny se convierte en estandarte de un mundo infeliz&#8230;<br \/>\nquiero, Se\u00f1or, preparar tu camino.<\/p>\n<p style=\"text-align: center;\">En la soledad del que busca y no encuentra compa\u00f1\u00eda,<br \/>\nen la desesperanza de familias que han perdido el horizonte&#8230;<br \/>\nquiero, Se\u00f1or, preparar tu camino.<\/p>\n<p style=\"text-align: center;\">Luchando, por rebajar todas esas colinas de autosuficiencia,<br \/>\navanzando, para llenar lo que la sociedad<br \/>\ncaprichosa e insolidaria, mezquina y sin sentido<br \/>\npretende dejar, lo m\u00e1s sagrado, vac\u00edo y sin contenido&#8230;<br \/>\nquiero, de verdad Se\u00f1or, preparar tu camino.<\/p>\n<p style=\"text-align: center;\">Despejar nuestras mentes embarulladas por lo ef\u00edmero<br \/>\ny colmarlas con tu presencia, con tu Nacimiento,<br \/>\ndenunciar falsedades o verdades a medias<br \/>\ny, con la trompeta de tu nuevo d\u00eda,<br \/>\npregonar a este mundo que todav\u00eda es posible la esperanza<br \/>\nque T\u00fa, Se\u00f1or, est\u00e1s por llegar,<br \/>\npero que los caminos por donde avanzamos<br \/>\nno son los aut\u00e9nticos para poderte alcanzar.<\/p>\n<p style=\"text-align: center;\">T\u00fa Se\u00f1or, puedes cambiar el ritmo de la historia<br \/>\nsi somos capaces de dejar aquello que nos atenaza,<br \/>\nduerme, amordaza, esclaviza<br \/>\ny nos impide caminar Contigo, Se\u00f1or.<\/p>\n<p style=\"text-align: center;\">Para Ti, Se\u00f1or. Por Ti, Se\u00f1or.<br \/>\nQuiero preparar mis caminos: que sean los tuyos<br \/>\nQuiero andar por tus caminos: sal a mi encuentro<br \/>\nQuiero dejar los viejos: renu\u00e9vame con tu gracia<br \/>\n\u00a1Ven, Se\u00f1or! \u00a1Apresura tu llegada!<br \/>\n\u00a1Contigo, para siempre, por tus caminos!<\/p>\n<p><em><strong>P. Javier Leoz<\/strong><\/em><\/p>\n","protected":false},"excerpt":{"rendered":"<p>Donde la locura vuela m\u00e1s deprisa que la sensatez, all\u00e1 donde la pobreza ya no llama la atenci\u00f3n y se convierte en estandarte de un mundo infeliz&#8230; quiero, Se\u00f1or, preparar tu camino. En la soledad del que busca y no encuentra compa\u00f1\u00eda, en la desesperanza de familias que han perdido el horizonte&#8230; quiero, Se\u00f1or, preparar &#8230; <a title=\"Quiero preparar tu camino\" class=\"read-more\" href=\"https:\/\/quechilero.com\/blog\/2015\/05\/12\/quiero-preparar-tu-camino\/\" aria-label=\"Leer m\u00e1s sobre Quiero preparar tu camino\">Leer m\u00e1s<\/a><\/p>\n","protected":false},"author":1,"featured_media":0,"comment_status":"open","ping_status":"open","sticky":false,"template":"","format":"standard","meta":{"advanced_seo_description":"","jetpack_seo_html_title":"","jetpack_seo_noindex":false,"jetpack_seo_schema_type":"","episode_type":"","audio_file":"","podmotor_file_id":"","podmotor_episode_id":"","cover_image":"","cover_image_id":"","duration":"","filesize":"","filesize_raw":"","date_recorded":"","explicit":"","block":"","_jetpack_newsletter_access":"","_jetpack_dont_email_post_to_subs":false,"_jetpack_newsletter_tier_id":0,"_jetpack_memberships_contains_paywalled_content":false,"_jetpack_feature_clip_id":0,"_jetpack_memberships_contains_paid_content":false,"footnotes":"","jetpack_publicize_message":"","jetpack_publicize_feature_enabled":true,"jetpack_social_post_already_shared":true,"jetpack_social_options":{"image_generator_settings":{"template":"highway","default_image_id":0,"font":"","enabled":false},"version":2},"jetpack_post_was_ever_published":false},"categories":[2],"tags":[17,41],"series":[],"class_list":["post-20104","post","type-post","status-publish","format-standard","hentry","category-limones","tag-historia","tag-verdad"],"episode_featured_image":false,"episode_player_image":"https:\/\/i0.wp.com\/quechilero.com\/blog\/imagenes\/podcast.png?fit=1831%2C1831&ssl=1","download_link":"","player_link":"","audio_player":false,"episode_data":{"playerMode":"dark","subscribeUrls":{"amazon":{"key":"amazon","url":"","label":"Amazon","class":"amazon","icon":"amazon.png"},"apple_podcasts":{"key":"apple_podcasts","url":"","label":"Apple Podcasts","class":"apple_podcasts","icon":"apple-podcasts.png"},"castbox":{"key":"castbox","url":"","label":"CastBox","class":"castbox","icon":"castbox.png"},"deezer":{"key":"deezer","url":"","label":"Deezer","class":"deezer","icon":"deezer.png"},"google_podcasts":{"key":"google_podcasts","url":"","label":"Google Podcasts","class":"google_podcasts","icon":"google-podcasts.png"},"listen_notes":{"key":"listen_notes","url":"","label":"Listen Notes","class":"listen_notes","icon":"listen-notes.png"},"pandora":{"key":"pandora","url":"","label":"Pandora","class":"pandora","icon":"pandora.png"},"podbean":{"key":"podbean","url":"","label":"Podbean","class":"podbean","icon":"podbean.png"},"podcast_republic":{"key":"podcast_republic","url":"","label":"Podcast Republic","class":"podcast_republic","icon":"podcast-republic.png"},"rss":{"key":"rss","url":"","label":"RSS","class":"rss","icon":"rss.png"},"spotify":{"key":"spotify","url":"","label":"Spotify","class":"spotify","icon":"spotify.png"},"stitcher":{"key":"stitcher","url":"","label":"Stitcher","class":"stitcher","icon":"stitcher.png"},"tunein":{"key":"tunein","url":"","label":"TuneIn","class":"tunein","icon":"tunein.png"},"youtube":{"key":"youtube","url":"","label":"YouTube","class":"youtube","icon":"youtube.png"},"iheartradio":{"key":"iheartradio","url":"","label":"iHeartRadio","class":"iheartradio","icon":"iheartradio.png"},"ivoox":{"key":"ivoox","url":"","label":"iVoox","class":"ivoox","icon":"ivoox.png"}},"rssFeedUrl":"https:\/\/quechilero.com\/blog\/feed\/podcast\/si-la-vida-nos-da-limones","embedCode":"<blockquote class=\"wp-embedded-content\" data-secret=\"c5PfDIxNN1\"><a href=\"https:\/\/quechilero.com\/blog\/2015\/05\/12\/quiero-preparar-tu-camino\/\">Quiero preparar tu camino<\/a><\/blockquote><iframe sandbox=\"allow-scripts\" security=\"restricted\" src=\"https:\/\/quechilero.com\/blog\/2015\/05\/12\/quiero-preparar-tu-camino\/embed\/#?secret=c5PfDIxNN1\" width=\"500\" height=\"350\" title=\"\u00abQuiero preparar tu camino\u00bb \u2014 Si la Vida nos da Limones...\" data-secret=\"c5PfDIxNN1\" frameborder=\"0\" marginwidth=\"0\" marginheight=\"0\" scrolling=\"no\" class=\"wp-embedded-content\"><\/iframe><script>\n\/*! This file is auto-generated *\/\n!function(d,l){\"use strict\";l.querySelector&&d.addEventListener&&\"undefined\"!=typeof URL&&(d.wp=d.wp||{},d.wp.receiveEmbedMessage||(d.wp.receiveEmbedMessage=function(e){var t=e.data;if((t||t.secret||t.message||t.value)&&!\/[^a-zA-Z0-9]\/.test(t.secret)){for(var s,r,n,a=l.querySelectorAll('iframe[data-secret=\"'+t.secret+'\"]'),o=l.querySelectorAll('blockquote[data-secret=\"'+t.secret+'\"]'),c=new RegExp(\"^https?:$\",\"i\"),i=0;i<o.length;i++)o[i].style.display=\"none\";for(i=0;i<a.length;i++)s=a[i],e.source===s.contentWindow&&(s.removeAttribute(\"style\"),\"height\"===t.message?(1e3<(r=parseInt(t.value,10))?r=1e3:~~r<200&&(r=200),s.height=r):\"link\"===t.message&&(r=new URL(s.getAttribute(\"src\")),n=new URL(t.value),c.test(n.protocol))&&n.host===r.host&&l.activeElement===s&&(d.top.location.href=t.value))}},d.addEventListener(\"message\",d.wp.receiveEmbedMessage,!1),l.addEventListener(\"DOMContentLoaded\",function(){for(var e,t,s=l.querySelectorAll(\"iframe.wp-embedded-content\"),r=0;r<s.length;r++)(t=(e=s[r]).getAttribute(\"data-secret\"))||(t=Math.random().toString(36).substring(2,12),e.src+=\"#?secret=\"+t,e.setAttribute(\"data-secret\",t)),e.contentWindow.postMessage({message:\"ready\",secret:t},\"*\")},!1)))}(window,document);\n\/\/# sourceURL=https:\/\/quechilero.com\/blog\/wp-includes\/js\/wp-embed.min.js\n<\/script>\n"},"jetpack_publicize_connections":[],"jetpack_shortlink":"https:\/\/wp.me\/pDKli-5eg","jetpack_sharing_enabled":true,"jetpack-related-posts":[{"id":15360,"url":"https:\/\/quechilero.com\/blog\/2012\/12\/16\/tercer-domingo-de-adviento\/","url_meta":{"origin":20104,"position":0},"title":"Tercer Domingo de Adviento","author":"Pepe Barrascout Ortiz","date":"16 diciembre 2012","format":false,"excerpt":"Tercer Domingo de Adviento (ciclo B) Reunida la familia o grupo de personas, se encienden las candelas del primero domingo, la del segundo y la del tercer domingo. Hermanos: A medida que avanza el Adviento y crece nuestra expectativa por un encuentro m\u00e1s intenso con Jes\u00fas, la Palabra de Dios,\u2026","rel":"","context":"En \u00abLimones\u00bb","block_context":{"text":"Limones","link":"https:\/\/quechilero.com\/blog\/category\/limones\/"},"img":{"alt_text":"","src":"https:\/\/i0.wp.com\/i392.photobucket.com\/albums\/pp7\/pepejaguar\/blog\/3-domingo-adviento.png?resize=350%2C200","width":350,"height":200,"srcset":"https:\/\/i0.wp.com\/i392.photobucket.com\/albums\/pp7\/pepejaguar\/blog\/3-domingo-adviento.png?resize=350%2C200 1x, https:\/\/i0.wp.com\/i392.photobucket.com\/albums\/pp7\/pepejaguar\/blog\/3-domingo-adviento.png?resize=525%2C300 1.5x"},"classes":[]},{"id":19923,"url":"https:\/\/quechilero.com\/blog\/2015\/03\/15\/senor-hoy-he-buscado-tu-rostro\/","url_meta":{"origin":20104,"position":1},"title":"Se\u00f1or, hoy he buscado Tu Rostro","author":"Pepe Barrascout Ortiz","date":"15 marzo 2015","format":false,"excerpt":"En una ocasi\u00f3n un joven tuvo el deseo de subir a la cumbre de una monta\u00f1a pues pensaba que ah\u00ed podr\u00eda ver el rostro del Se\u00f1or. Prepar\u00f3 todo lo necesario, y un d\u00eda al amanecer empez\u00f3 su gran aventura; al llegar a las faldas de la inmensa monta\u00f1a se top\u00f3\u2026","rel":"","context":"En \u00abLimones\u00bb","block_context":{"text":"Limones","link":"https:\/\/quechilero.com\/blog\/category\/limones\/"},"img":{"alt_text":"","src":"","width":0,"height":0},"classes":[]},{"id":7578,"url":"https:\/\/quechilero.com\/blog\/2011\/03\/10\/reflexiones-de-cuaresma-dia-2\/","url_meta":{"origin":20104,"position":2},"title":"Reflexiones de Cuaresma d\u00eda 2","author":"Pepe Barrascout Ortiz","date":"10 marzo 2011","format":false,"excerpt":"Oraci\u00f3n inicial Se\u00f1or m\u00edo, Jesucristo, creo firmemente que est\u00e1s aqu\u00ed; en estos pocos minutos de oraci\u00f3n que empiezo ahora quiero pedirte y agradecerte. Pedirte\u00a0la gracia de darme m\u00e1s cuenta de que T\u00fa vives, me escuchas y me amas; tanto, que has querido morir libremente por m\u00ed en la cruz y\u2026","rel":"","context":"En \u00abLimones por mano\u00bb","block_context":{"text":"Limones por mano","link":"https:\/\/quechilero.com\/blog\/category\/limones-por-mano\/"},"img":{"alt_text":"","src":"","width":0,"height":0},"classes":[]},{"id":15359,"url":"https:\/\/quechilero.com\/blog\/2012\/12\/09\/segundo-domingo-de-adviento\/","url_meta":{"origin":20104,"position":3},"title":"Segundo Domingo de Adviento","author":"Pepe Barrascout Ortiz","date":"9 diciembre 2012","format":false,"excerpt":"Segundo Domingo de Adviento (ciclo B) Reunida la familia o el grupo de personas, se encienden: la vela del primer domingo y la que corresponde al segundo domingo. Hermanos: Al introducirnos m\u00e1s de lleno en el tiempo de Adviento, la Palabra de Dios nos urge a una reflexi\u00f3n m\u00e1s profunda.\u2026","rel":"","context":"En \u00abLimones\u00bb","block_context":{"text":"Limones","link":"https:\/\/quechilero.com\/blog\/category\/limones\/"},"img":{"alt_text":"","src":"https:\/\/i0.wp.com\/i392.photobucket.com\/albums\/pp7\/pepejaguar\/blog\/2-domingo-adviento.png?resize=350%2C200","width":350,"height":200,"srcset":"https:\/\/i0.wp.com\/i392.photobucket.com\/albums\/pp7\/pepejaguar\/blog\/2-domingo-adviento.png?resize=350%2C200 1x, https:\/\/i0.wp.com\/i392.photobucket.com\/albums\/pp7\/pepejaguar\/blog\/2-domingo-adviento.png?resize=525%2C300 1.5x"},"classes":[]},{"id":7601,"url":"https:\/\/quechilero.com\/blog\/2011\/04\/02\/reflexiones-de-cuaresma-dia-25\/","url_meta":{"origin":20104,"position":4},"title":"Reflexiones de Cuaresma d\u00eda 25","author":"Pepe Barrascout Ortiz","date":"2 abril 2011","format":false,"excerpt":"Oraci\u00f3n inicial Se\u00f1or m\u00edo, Jesucristo, creo firmemente que est\u00e1s aqu\u00ed; en estos pocos minutos de oraci\u00f3n que empiezo ahora quiero pedirte y agradecerte. Pedirte\u00a0la gracia de darme m\u00e1s cuenta de que T\u00fa vives, me escuchas y me amas; tanto, que has querido morir libremente por m\u00ed en la cruz y\u2026","rel":"","context":"En \u00abLimones por mano\u00bb","block_context":{"text":"Limones por mano","link":"https:\/\/quechilero.com\/blog\/category\/limones-por-mano\/"},"img":{"alt_text":"","src":"","width":0,"height":0},"classes":[]},{"id":17119,"url":"https:\/\/quechilero.com\/blog\/2013\/09\/11\/el-domingo-ya-empieza-el-adviento\/","url_meta":{"origin":20104,"position":5},"title":"\u00a1El domingo ya empieza el Adviento!","author":"Pepe Barrascout Ortiz","date":"11 septiembre 2013","format":false,"excerpt":"Cuatro domingos de Adviento tendr\u00e1n que pasar para que ya, una vez m\u00e1s, estemos en Navidad. Es tiempo de preparaci\u00f3n puesto que siempre que esperamos recibir a una persona importante, nos preparamos. La Iglesia nos invita a que introduzcamos en nuestro esp\u00edritu y en nuestro cotidiano vivir un nuevo aspecto\u2026","rel":"","context":"En \u00abLimones\u00bb","block_context":{"text":"Limones","link":"https:\/\/quechilero.com\/blog\/category\/limones\/"},"img":{"alt_text":"","src":"","width":0,"height":0},"classes":[]}],"jetpack_featured_media_url":"","_links":{"self":[{"href":"https:\/\/quechilero.com\/blog\/wp-json\/wp\/v2\/posts\/20104","targetHints":{"allow":["GET"]}}],"collection":[{"href":"https:\/\/quechilero.com\/blog\/wp-json\/wp\/v2\/posts"}],"about":[{"href":"https:\/\/quechilero.com\/blog\/wp-json\/wp\/v2\/types\/post"}],"author":[{"embeddable":true,"href":"https:\/\/quechilero.com\/blog\/wp-json\/wp\/v2\/users\/1"}],"replies":[{"embeddable":true,"href":"https:\/\/quechilero.com\/blog\/wp-json\/wp\/v2\/comments?post=20104"}],"version-history":[{"count":0,"href":"https:\/\/quechilero.com\/blog\/wp-json\/wp\/v2\/posts\/20104\/revisions"}],"wp:attachment":[{"href":"https:\/\/quechilero.com\/blog\/wp-json\/wp\/v2\/media?parent=20104"}],"wp:term":[{"taxonomy":"category","embeddable":true,"href":"https:\/\/quechilero.com\/blog\/wp-json\/wp\/v2\/categories?post=20104"},{"taxonomy":"post_tag","embeddable":true,"href":"https:\/\/quechilero.com\/blog\/wp-json\/wp\/v2\/tags?post=20104"},{"taxonomy":"series","embeddable":true,"href":"https:\/\/quechilero.com\/blog\/wp-json\/wp\/v2\/series?post=20104"}],"curies":[{"name":"wp","href":"https:\/\/api.w.org\/{rel}","templated":true}]}}