{"id":20102,"date":"2015-05-11T08:00:02","date_gmt":"2015-05-11T14:00:02","guid":{"rendered":"http:\/\/quechilero.com\/blog\/?p=20102"},"modified":"2015-04-08T17:43:13","modified_gmt":"2015-04-08T23:43:13","slug":"algo-no-anda-bien","status":"publish","type":"post","link":"https:\/\/quechilero.com\/blog\/2015\/05\/11\/algo-no-anda-bien\/","title":{"rendered":"Algo no anda bien&#8230;"},"content":{"rendered":"<p>Yo ten\u00eda 16 a\u00f1os y estaba viviendo con mis padres en el instituto que mi abuelo hab\u00eda fundado a 18 millas en las afueras de la ciudad de Durban, en Sud\u00e1frica, en medio de plantaciones de az\u00facar. Est\u00e1bamos bien en el interior del pa\u00eds y no ten\u00edamos vecinos, as\u00ed que a mis dos hermanas y a m\u00ed siempre nos entusiasmaba el poder ir a la ciudad a visitar amigos o ir al cine.<\/p>\n<p>Un d\u00eda mi padre me pidi\u00f3 que le llevara a la ciudad para atender una conferencia que duraba el d\u00eda entero y yo salt\u00e9 a la oportunidad. Como iba a la ciudad, mi madre me dio una lista de cosas del supermercado que necesitaba y, como iba a pasar todo el d\u00eda en la ciudad, mi padre me pidi\u00f3 que me hiciera cargo de algunas cosas pendientes como llevar el auto al taller.<\/p>\n<p>Cuando desped\u00ed a mi padre, \u00e9l me dijo: \u00abNos vemos aqu\u00ed a las 5 p.m. para irnos a casa.\u00bb. Despu\u00e9s de completar muy r\u00e1pidamente todos los encargos, me fui hasta el cine m\u00e1s cercano. Me enfoqu\u00e9 tanto con una doble-funci\u00f3n de John Wayne que me olvid\u00e9 del tiempo. Eran las 5:30 p.m. cuando me acord\u00e9. Corr\u00ed al taller, consegu\u00ed el auto y me apur\u00e9 hasta donde mi padre me estaba esperando. Eran casi las 6 p.m.<\/p>\n<p>El me pregunt\u00f3 con ansiedad: \u00ab\u00bfPor qu\u00e9 llegas tarde?\u00bb. Me sent\u00eda mal por eso y no le pod\u00eda decir que estaba viendo una pel\u00edcula de John Wayne; entonces le dije que el auto no estaba listo y tuve que esperar&#8230; esto lo dije sin saber que mi padre ya hab\u00eda llamado al taller.<\/p>\n<p>Cuando se dio cuenta que hab\u00eda mentido, me dijo: \u00abAlgo no anda bien en la manera que te he criado que no te ha dado la confianza de decirme la verdad. Voy a reflexionar qu\u00e9 es lo que hice mal contigo. Voy a caminar las 18 millas a la casa y pensar sobre esto.\u00bb.<\/p>\n<p>As\u00ed que vestido con su traje y sus zapatos elegantes, empez\u00f3 a caminar hasta la casa por caminos de terracer\u00eda, sin iluminaci\u00f3n. No lo pod\u00eda dejar solo&#8230; as\u00ed que yo manej\u00e9 5 horas y media detr\u00e1s de \u00e9l&#8230; viendo a mi padre sufrir la agon\u00eda de una mentira est\u00fapida que yo hab\u00eda dicho.<\/p>\n<p>En ese momento, en ese lugar, decid\u00ed que nunca m\u00e1s iba a mentir. A menudo pienso en ese episodio y me pregunto, si \u00e9l me hubiera castigado en la forma en que castigamos a nuestros hijos, \u00bfhubiera yo aprendido alguna una lecci\u00f3n? No lo creo. Habr\u00eda sufrido el castigo y luego volver\u00eda a hacer la misma cosa. Pero esta sola acci\u00f3n no violenta fue tan poderosa que todav\u00eda es como si hubiera sucedido ayer. Ese es el poder de la no violencia.<\/p>\n<p><em><strong>Dr. Arun Gandhi<\/strong><\/em><\/p>\n","protected":false},"excerpt":{"rendered":"<p>Yo ten\u00eda 16 a\u00f1os y estaba viviendo con mis padres en el instituto que mi abuelo hab\u00eda fundado a 18 millas en las afueras de la ciudad de Durban, en Sud\u00e1frica, en medio de plantaciones de az\u00facar. Est\u00e1bamos bien en el interior del pa\u00eds y no ten\u00edamos vecinos, as\u00ed que a mis dos hermanas y &#8230; <a title=\"Algo no anda bien&#8230;\" class=\"read-more\" href=\"https:\/\/quechilero.com\/blog\/2015\/05\/11\/algo-no-anda-bien\/\" aria-label=\"Leer m\u00e1s sobre Algo no anda bien&#8230;\">Leer m\u00e1s<\/a><\/p>\n","protected":false},"author":1,"featured_media":0,"comment_status":"open","ping_status":"open","sticky":false,"template":"","format":"standard","meta":{"advanced_seo_description":"","jetpack_seo_html_title":"","jetpack_seo_noindex":false,"jetpack_seo_schema_type":"","episode_type":"","audio_file":"","podmotor_file_id":"","podmotor_episode_id":"","cover_image":"","cover_image_id":"","duration":"","filesize":"","filesize_raw":"","date_recorded":"","explicit":"","block":"","_jetpack_newsletter_access":"","_jetpack_dont_email_post_to_subs":false,"_jetpack_newsletter_tier_id":0,"_jetpack_memberships_contains_paywalled_content":false,"_jetpack_feature_clip_id":0,"_jetpack_memberships_contains_paid_content":false,"footnotes":"","jetpack_publicize_message":"","jetpack_publicize_feature_enabled":true,"jetpack_social_post_already_shared":true,"jetpack_social_options":{"image_generator_settings":{"template":"highway","default_image_id":0,"font":"","enabled":false},"version":2},"jetpack_post_was_ever_published":false},"categories":[2],"tags":[14,38,12,39,5,41],"series":[],"class_list":["post-20102","post","type-post","status-publish","format-standard","hentry","category-limones","tag-accion","tag-confianza","tag-cosas","tag-madre","tag-tiempo","tag-verdad"],"episode_featured_image":false,"episode_player_image":"https:\/\/i0.wp.com\/quechilero.com\/blog\/imagenes\/podcast.png?fit=1831%2C1831&ssl=1","download_link":"","player_link":"","audio_player":false,"episode_data":{"playerMode":"dark","subscribeUrls":{"amazon":{"key":"amazon","url":"","label":"Amazon","class":"amazon","icon":"amazon.png"},"apple_podcasts":{"key":"apple_podcasts","url":"","label":"Apple Podcasts","class":"apple_podcasts","icon":"apple-podcasts.png"},"castbox":{"key":"castbox","url":"","label":"CastBox","class":"castbox","icon":"castbox.png"},"deezer":{"key":"deezer","url":"","label":"Deezer","class":"deezer","icon":"deezer.png"},"google_podcasts":{"key":"google_podcasts","url":"","label":"Google Podcasts","class":"google_podcasts","icon":"google-podcasts.png"},"listen_notes":{"key":"listen_notes","url":"","label":"Listen Notes","class":"listen_notes","icon":"listen-notes.png"},"pandora":{"key":"pandora","url":"","label":"Pandora","class":"pandora","icon":"pandora.png"},"podbean":{"key":"podbean","url":"","label":"Podbean","class":"podbean","icon":"podbean.png"},"podcast_republic":{"key":"podcast_republic","url":"","label":"Podcast Republic","class":"podcast_republic","icon":"podcast-republic.png"},"rss":{"key":"rss","url":"","label":"RSS","class":"rss","icon":"rss.png"},"spotify":{"key":"spotify","url":"","label":"Spotify","class":"spotify","icon":"spotify.png"},"stitcher":{"key":"stitcher","url":"","label":"Stitcher","class":"stitcher","icon":"stitcher.png"},"tunein":{"key":"tunein","url":"","label":"TuneIn","class":"tunein","icon":"tunein.png"},"youtube":{"key":"youtube","url":"","label":"YouTube","class":"youtube","icon":"youtube.png"},"iheartradio":{"key":"iheartradio","url":"","label":"iHeartRadio","class":"iheartradio","icon":"iheartradio.png"},"ivoox":{"key":"ivoox","url":"","label":"iVoox","class":"ivoox","icon":"ivoox.png"}},"rssFeedUrl":"https:\/\/quechilero.com\/blog\/feed\/podcast\/si-la-vida-nos-da-limones","embedCode":"<blockquote class=\"wp-embedded-content\" data-secret=\"5y5mIeX5sJ\"><a href=\"https:\/\/quechilero.com\/blog\/2015\/05\/11\/algo-no-anda-bien\/\">Algo no anda bien&#8230;<\/a><\/blockquote><iframe sandbox=\"allow-scripts\" security=\"restricted\" src=\"https:\/\/quechilero.com\/blog\/2015\/05\/11\/algo-no-anda-bien\/embed\/#?secret=5y5mIeX5sJ\" width=\"500\" height=\"350\" title=\"\u00abAlgo no anda bien&#8230;\u00bb \u2014 Si la Vida nos da Limones...\" data-secret=\"5y5mIeX5sJ\" frameborder=\"0\" marginwidth=\"0\" marginheight=\"0\" scrolling=\"no\" class=\"wp-embedded-content\"><\/iframe><script>\n\/*! This file is auto-generated *\/\n!function(d,l){\"use strict\";l.querySelector&&d.addEventListener&&\"undefined\"!=typeof URL&&(d.wp=d.wp||{},d.wp.receiveEmbedMessage||(d.wp.receiveEmbedMessage=function(e){var t=e.data;if((t||t.secret||t.message||t.value)&&!\/[^a-zA-Z0-9]\/.test(t.secret)){for(var s,r,n,a=l.querySelectorAll('iframe[data-secret=\"'+t.secret+'\"]'),o=l.querySelectorAll('blockquote[data-secret=\"'+t.secret+'\"]'),c=new RegExp(\"^https?:$\",\"i\"),i=0;i<o.length;i++)o[i].style.display=\"none\";for(i=0;i<a.length;i++)s=a[i],e.source===s.contentWindow&&(s.removeAttribute(\"style\"),\"height\"===t.message?(1e3<(r=parseInt(t.value,10))?r=1e3:~~r<200&&(r=200),s.height=r):\"link\"===t.message&&(r=new URL(s.getAttribute(\"src\")),n=new URL(t.value),c.test(n.protocol))&&n.host===r.host&&l.activeElement===s&&(d.top.location.href=t.value))}},d.addEventListener(\"message\",d.wp.receiveEmbedMessage,!1),l.addEventListener(\"DOMContentLoaded\",function(){for(var e,t,s=l.querySelectorAll(\"iframe.wp-embedded-content\"),r=0;r<s.length;r++)(t=(e=s[r]).getAttribute(\"data-secret\"))||(t=Math.random().toString(36).substring(2,12),e.src+=\"#?secret=\"+t,e.setAttribute(\"data-secret\",t)),e.contentWindow.postMessage({message:\"ready\",secret:t},\"*\")},!1)))}(window,document);\n\/\/# sourceURL=https:\/\/quechilero.com\/blog\/wp-includes\/js\/wp-embed.min.js\n<\/script>\n"},"jetpack_publicize_connections":[],"jetpack_shortlink":"https:\/\/wp.me\/pDKli-5ee","jetpack_sharing_enabled":true,"jetpack-related-posts":[{"id":27328,"url":"https:\/\/quechilero.com\/blog\/2010\/10\/02\/el-santo-rosario-misterios-gozosos\/","url_meta":{"origin":20102,"position":0},"title":"El Santo Rosario: Misterios Gozosos","author":"Pepe Barrascout Ortiz","date":"2 octubre 2010","format":false,"excerpt":"Los Misterios Gozosos los rezamos los Lunes y S\u00e1bados \u00a0 En el nombre del Padre, y del Hijo, y del Esp\u00edritu Santo. Am\u00e9n. Dios m\u00edo, ven en mi auxilio. Se\u00f1or, date prisa en socorrerme. Gloria al Padre, Gloria al Hijo y Gloria al Esp\u00edritu Santo, Am\u00e9n. Primer Misterio Gozoso. La\u2026","rel":"","context":"En \u00abEl Santo Rosario\u00bb","block_context":{"text":"El Santo Rosario","link":"https:\/\/quechilero.com\/blog\/category\/podcast\/el-santo-rosario\/"},"img":{"alt_text":"Misterios Gozosos","src":"https:\/\/i0.wp.com\/i392.photobucket.com\/albums\/pp7\/pepejaguar\/blog\/Misterios-Gozosos_zps4a26ae91.jpg?resize=350%2C200","width":350,"height":200,"srcset":"https:\/\/i0.wp.com\/i392.photobucket.com\/albums\/pp7\/pepejaguar\/blog\/Misterios-Gozosos_zps4a26ae91.jpg?resize=350%2C200 1x, https:\/\/i0.wp.com\/i392.photobucket.com\/albums\/pp7\/pepejaguar\/blog\/Misterios-Gozosos_zps4a26ae91.jpg?resize=525%2C300 1.5x"},"classes":[]},{"id":14395,"url":"https:\/\/quechilero.com\/blog\/2012\/09\/11\/la-devocion-a-maria-auxiliadora\/","url_meta":{"origin":20102,"position":1},"title":"La devoci\u00f3n a Mar\u00eda Auxiliadora","author":"Pepe Barrascout Ortiz","date":"11 septiembre 2012","format":false,"excerpt":"El emperador Napole\u00f3n llevado por la ambici\u00f3n y el orgullo se atrevi\u00f3 a poner prisionero al Sumo Pont\u00edfice, el Papa P\u00edo VII. Varios a\u00f1os llevaba en prisi\u00f3n el Vicario de Cristo y no se ve\u00edan esperanzas de obtener la libertad, pues el emperador era el m\u00e1s poderoso gobernante de ese\u2026","rel":"","context":"En \u00abLimones\u00bb","block_context":{"text":"Limones","link":"https:\/\/quechilero.com\/blog\/category\/limones\/"},"img":{"alt_text":"","src":"","width":0,"height":0},"classes":[]},{"id":4334,"url":"https:\/\/quechilero.com\/blog\/2010\/02\/20\/no-saludo-a-su-padre\/","url_meta":{"origin":20102,"position":2},"title":"No salud\u00f3 a su Padre","author":"Pepe Barrascout Ortiz","date":"20 febrero 2010","format":false,"excerpt":"Una ma\u00f1ana, relata Nayda N\u00fa\u00f1ez, mientras me preparaba para ir a la monta\u00f1a a visitar unas amigas, el viejo Jos\u00e9 me pidi\u00f3 que lo llevara a ver su hija. Hab\u00eda tenido una reca\u00edda pues padece de epilepsia y tem\u00eda morir sin verla. Jos\u00e9 lleva en el Hogar seis a\u00f1os abandonado\u2026","rel":"","context":"En \u00abLimones\u00bb","block_context":{"text":"Limones","link":"https:\/\/quechilero.com\/blog\/category\/limones\/"},"img":{"alt_text":"","src":"","width":0,"height":0},"classes":[]},{"id":455,"url":"https:\/\/quechilero.com\/blog\/2007\/03\/01\/el-padre-solitario\/","url_meta":{"origin":20102,"position":3},"title":"El padre solitario","author":"Pepe Barrascout Ortiz","date":"1 marzo 2007","format":false,"excerpt":"La rebeld\u00eda atac\u00f3 el mundo de Joe como una ventisca a Minnesota. Cuando ya ten\u00eda edad suficiente como para conducir un autom\u00f3vil, Madeline decidi\u00f3 que era suficiente mayor como para dirigir su propia vida. Y esa vida no inclu\u00eda a su padre. \"Deb\u00ed hab\u00e9rmelo imaginado\", dir\u00eda Joe m\u00e1s tarde, \"pero\u2026","rel":"","context":"En \u00abLimones\u00bb","block_context":{"text":"Limones","link":"https:\/\/quechilero.com\/blog\/category\/limones\/"},"img":{"alt_text":"","src":"","width":0,"height":0},"classes":[]},{"id":10091,"url":"https:\/\/quechilero.com\/blog\/2011\/08\/17\/el-vino-agrio\/","url_meta":{"origin":20102,"position":4},"title":"El vino agrio","author":"Pepe Barrascout Ortiz","date":"17 agosto 2011","format":false,"excerpt":"Su Qin nunca hab\u00eda podido conseguir un puesto de funcionario. Un d\u00eda que se celebraba el cumplea\u00f1os de su padre, el hermano mayor llev\u00f3 un jarro de vino con el cual llen\u00f3 los vasos de su padre y de su madre. - \u00a1Qu\u00e9 buen vino! -dijeron los viejos. Pero cuando\u2026","rel":"","context":"En \u00abLimones\u00bb","block_context":{"text":"Limones","link":"https:\/\/quechilero.com\/blog\/category\/limones\/"},"img":{"alt_text":"","src":"","width":0,"height":0},"classes":[]},{"id":17741,"url":"https:\/\/quechilero.com\/blog\/2014\/02\/16\/momentos-felices\/","url_meta":{"origin":20102,"position":5},"title":"Momentos Felices","author":"Pepe Barrascout Ortiz","date":"16 febrero 2014","format":false,"excerpt":"Una vez una familia plane\u00f3 unas vacaciones a la costa oeste durante meses. A \u00faltimo momento, el padre no pudo ir por responsabilidades de trabajo. La madre insisti\u00f3 en que ella era capaz de manejar, as\u00ed que ella y los ni\u00f1os avanzaron con el viaje. El padre ayud\u00f3 a planear\u2026","rel":"","context":"En \u00abLimones\u00bb","block_context":{"text":"Limones","link":"https:\/\/quechilero.com\/blog\/category\/limones\/"},"img":{"alt_text":"","src":"","width":0,"height":0},"classes":[]}],"jetpack_featured_media_url":"","_links":{"self":[{"href":"https:\/\/quechilero.com\/blog\/wp-json\/wp\/v2\/posts\/20102","targetHints":{"allow":["GET"]}}],"collection":[{"href":"https:\/\/quechilero.com\/blog\/wp-json\/wp\/v2\/posts"}],"about":[{"href":"https:\/\/quechilero.com\/blog\/wp-json\/wp\/v2\/types\/post"}],"author":[{"embeddable":true,"href":"https:\/\/quechilero.com\/blog\/wp-json\/wp\/v2\/users\/1"}],"replies":[{"embeddable":true,"href":"https:\/\/quechilero.com\/blog\/wp-json\/wp\/v2\/comments?post=20102"}],"version-history":[{"count":0,"href":"https:\/\/quechilero.com\/blog\/wp-json\/wp\/v2\/posts\/20102\/revisions"}],"wp:attachment":[{"href":"https:\/\/quechilero.com\/blog\/wp-json\/wp\/v2\/media?parent=20102"}],"wp:term":[{"taxonomy":"category","embeddable":true,"href":"https:\/\/quechilero.com\/blog\/wp-json\/wp\/v2\/categories?post=20102"},{"taxonomy":"post_tag","embeddable":true,"href":"https:\/\/quechilero.com\/blog\/wp-json\/wp\/v2\/tags?post=20102"},{"taxonomy":"series","embeddable":true,"href":"https:\/\/quechilero.com\/blog\/wp-json\/wp\/v2\/series?post=20102"}],"curies":[{"name":"wp","href":"https:\/\/api.w.org\/{rel}","templated":true}]}}