{"id":20094,"date":"2015-05-06T08:00:28","date_gmt":"2015-05-06T14:00:28","guid":{"rendered":"http:\/\/quechilero.com\/blog\/?p=20094"},"modified":"2015-04-08T17:34:31","modified_gmt":"2015-04-08T23:34:31","slug":"de-que-tamano-es-dios","status":"publish","type":"post","link":"https:\/\/quechilero.com\/blog\/2015\/05\/06\/de-que-tamano-es-dios\/","title":{"rendered":"\u00bfDe que tama\u00f1o es Dios?"},"content":{"rendered":"<p>Un ni\u00f1o le pregunt\u00f3 a su pap\u00e1:<\/p>\n<p>&#8211; \u00bfDe que tama\u00f1o es Dios?<\/p>\n<p>Entonces, al mirar al cielo, su padre vio un avi\u00f3n y le pregunt\u00f3 a su hijo:<\/p>\n<p>&#8211; \u00bfDe qu\u00e9 tama\u00f1o ves aquel avi\u00f3n?<\/p>\n<p>El chico le respondi\u00f3:<\/p>\n<p>&#8211; Es peque\u00f1o, casi ni se alcanza a ver.<\/p>\n<p>Entonces el pap\u00e1 lo llev\u00f3 al aeropuerto y al estar cerca de un avi\u00f3n le volvi\u00f3 a preguntar:<\/p>\n<p>&#8211; \u00bfY ahora de qu\u00e9 tama\u00f1o dices que es el avi\u00f3n?<\/p>\n<p>El chico respondi\u00f3 con asombro:<\/p>\n<p>&#8211; \u00a1Pap\u00e1, es enorme!<\/p>\n<p>El pap\u00e1 le dijo entonces:<\/p>\n<p>&#8211; Dios es as\u00ed, el tama\u00f1o va a depender de la distancia a que t\u00fa est\u00e9s de \u00c9l. Cuanto m\u00e1s cerca est\u00e9s de \u00c9l, mayor \u00c9l ser\u00e1 en tu vida.<\/p>\n<p>Dios es mucho m\u00e1s grande y poderoso de lo que nosotros imaginamos, s\u00f3lo debemos estar cerca de \u00c9l para ver sus promesas, sus milagros y sus grandes obras en nuestra vida.<\/p>\n","protected":false},"excerpt":{"rendered":"<p>Un ni\u00f1o le pregunt\u00f3 a su pap\u00e1: &#8211; \u00bfDe que tama\u00f1o es Dios? Entonces, al mirar al cielo, su padre vio un avi\u00f3n y le pregunt\u00f3 a su hijo: &#8211; \u00bfDe qu\u00e9 tama\u00f1o ves aquel avi\u00f3n? El chico le respondi\u00f3: &#8211; Es peque\u00f1o, casi ni se alcanza a ver. Entonces el pap\u00e1 lo llev\u00f3 al &#8230; <a title=\"\u00bfDe que tama\u00f1o es Dios?\" class=\"read-more\" href=\"https:\/\/quechilero.com\/blog\/2015\/05\/06\/de-que-tamano-es-dios\/\" aria-label=\"Leer m\u00e1s sobre \u00bfDe que tama\u00f1o es Dios?\">Leer m\u00e1s<\/a><\/p>\n","protected":false},"author":1,"featured_media":0,"comment_status":"open","ping_status":"open","sticky":false,"template":"","format":"standard","meta":{"advanced_seo_description":"","jetpack_seo_html_title":"","jetpack_seo_noindex":false,"jetpack_seo_schema_type":"","episode_type":"","audio_file":"","podmotor_file_id":"","podmotor_episode_id":"","cover_image":"","cover_image_id":"","duration":"","filesize":"","filesize_raw":"","date_recorded":"","explicit":"","block":"","_jetpack_newsletter_access":"","_jetpack_dont_email_post_to_subs":false,"_jetpack_newsletter_tier_id":0,"_jetpack_memberships_contains_paywalled_content":false,"_jetpack_feature_clip_id":0,"_jetpack_memberships_contains_paid_content":false,"footnotes":"","jetpack_publicize_message":"","jetpack_publicize_feature_enabled":true,"jetpack_social_post_already_shared":true,"jetpack_social_options":{"image_generator_settings":{"template":"highway","default_image_id":0,"font":"","enabled":false},"version":2},"jetpack_post_was_ever_published":false},"categories":[2],"tags":[51,24],"series":[],"class_list":["post-20094","post","type-post","status-publish","format-standard","hentry","category-limones","tag-dios","tag-vida"],"episode_featured_image":false,"episode_player_image":"https:\/\/i0.wp.com\/quechilero.com\/blog\/imagenes\/podcast.png?fit=1831%2C1831&ssl=1","download_link":"","player_link":"","audio_player":false,"episode_data":{"playerMode":"dark","subscribeUrls":{"amazon":{"key":"amazon","url":"","label":"Amazon","class":"amazon","icon":"amazon.png"},"apple_podcasts":{"key":"apple_podcasts","url":"","label":"Apple Podcasts","class":"apple_podcasts","icon":"apple-podcasts.png"},"castbox":{"key":"castbox","url":"","label":"CastBox","class":"castbox","icon":"castbox.png"},"deezer":{"key":"deezer","url":"","label":"Deezer","class":"deezer","icon":"deezer.png"},"google_podcasts":{"key":"google_podcasts","url":"","label":"Google Podcasts","class":"google_podcasts","icon":"google-podcasts.png"},"listen_notes":{"key":"listen_notes","url":"","label":"Listen Notes","class":"listen_notes","icon":"listen-notes.png"},"pandora":{"key":"pandora","url":"","label":"Pandora","class":"pandora","icon":"pandora.png"},"podbean":{"key":"podbean","url":"","label":"Podbean","class":"podbean","icon":"podbean.png"},"podcast_republic":{"key":"podcast_republic","url":"","label":"Podcast Republic","class":"podcast_republic","icon":"podcast-republic.png"},"rss":{"key":"rss","url":"","label":"RSS","class":"rss","icon":"rss.png"},"spotify":{"key":"spotify","url":"","label":"Spotify","class":"spotify","icon":"spotify.png"},"stitcher":{"key":"stitcher","url":"","label":"Stitcher","class":"stitcher","icon":"stitcher.png"},"tunein":{"key":"tunein","url":"","label":"TuneIn","class":"tunein","icon":"tunein.png"},"youtube":{"key":"youtube","url":"","label":"YouTube","class":"youtube","icon":"youtube.png"},"iheartradio":{"key":"iheartradio","url":"","label":"iHeartRadio","class":"iheartradio","icon":"iheartradio.png"},"ivoox":{"key":"ivoox","url":"","label":"iVoox","class":"ivoox","icon":"ivoox.png"}},"rssFeedUrl":"https:\/\/quechilero.com\/blog\/feed\/podcast\/si-la-vida-nos-da-limones","embedCode":"<blockquote class=\"wp-embedded-content\" data-secret=\"UMu0IounCn\"><a href=\"https:\/\/quechilero.com\/blog\/2015\/05\/06\/de-que-tamano-es-dios\/\">\u00bfDe que tama\u00f1o es Dios?<\/a><\/blockquote><iframe sandbox=\"allow-scripts\" security=\"restricted\" src=\"https:\/\/quechilero.com\/blog\/2015\/05\/06\/de-que-tamano-es-dios\/embed\/#?secret=UMu0IounCn\" width=\"500\" height=\"350\" title=\"\u00ab\u00bfDe que tama\u00f1o es Dios?\u00bb \u2014 Si la Vida nos da Limones...\" data-secret=\"UMu0IounCn\" frameborder=\"0\" marginwidth=\"0\" marginheight=\"0\" scrolling=\"no\" class=\"wp-embedded-content\"><\/iframe><script>\n\/*! This file is auto-generated *\/\n!function(d,l){\"use strict\";l.querySelector&&d.addEventListener&&\"undefined\"!=typeof URL&&(d.wp=d.wp||{},d.wp.receiveEmbedMessage||(d.wp.receiveEmbedMessage=function(e){var t=e.data;if((t||t.secret||t.message||t.value)&&!\/[^a-zA-Z0-9]\/.test(t.secret)){for(var s,r,n,a=l.querySelectorAll('iframe[data-secret=\"'+t.secret+'\"]'),o=l.querySelectorAll('blockquote[data-secret=\"'+t.secret+'\"]'),c=new RegExp(\"^https?:$\",\"i\"),i=0;i<o.length;i++)o[i].style.display=\"none\";for(i=0;i<a.length;i++)s=a[i],e.source===s.contentWindow&&(s.removeAttribute(\"style\"),\"height\"===t.message?(1e3<(r=parseInt(t.value,10))?r=1e3:~~r<200&&(r=200),s.height=r):\"link\"===t.message&&(r=new URL(s.getAttribute(\"src\")),n=new URL(t.value),c.test(n.protocol))&&n.host===r.host&&l.activeElement===s&&(d.top.location.href=t.value))}},d.addEventListener(\"message\",d.wp.receiveEmbedMessage,!1),l.addEventListener(\"DOMContentLoaded\",function(){for(var e,t,s=l.querySelectorAll(\"iframe.wp-embedded-content\"),r=0;r<s.length;r++)(t=(e=s[r]).getAttribute(\"data-secret\"))||(t=Math.random().toString(36).substring(2,12),e.src+=\"#?secret=\"+t,e.setAttribute(\"data-secret\",t)),e.contentWindow.postMessage({message:\"ready\",secret:t},\"*\")},!1)))}(window,document);\n\/\/# sourceURL=https:\/\/quechilero.com\/blog\/wp-includes\/js\/wp-embed.min.js\n<\/script>\n"},"jetpack_publicize_connections":[],"jetpack_shortlink":"https:\/\/wp.me\/pDKli-5e6","jetpack_sharing_enabled":true,"jetpack-related-posts":[{"id":16737,"url":"https:\/\/quechilero.com\/blog\/2013\/06\/01\/hoy-%ef%bb%bfdire-gracias-por-todo-papa\/","url_meta":{"origin":20094,"position":0},"title":"Hoy&#8230; \ufeffDir\u00e9 gracias por todo Pap\u00e1","author":"Pepe Barrascout Ortiz","date":"1 junio 2013","format":false,"excerpt":"En medio de fuerzas y acontecimientos demasiado grandes para que nosotros solos forcejeemos con ellos, se nos presenta un mensaje intimidante de aislamiento. Empeque\u00f1ecidos frente al tama\u00f1o del universo, la incertidumbre del futuro, las necesidades de comida y amistad, somos como ese estudiante de primer a\u00f1o de bachillerato que acaba\u2026","rel":"","context":"En \u00abLimones\u00bb","block_context":{"text":"Limones","link":"https:\/\/quechilero.com\/blog\/category\/limones\/"},"img":{"alt_text":"","src":"","width":0,"height":0},"classes":[]},{"id":16391,"url":"https:\/\/quechilero.com\/blog\/2013\/04\/06\/que-quieres-ser-cuando-seas-grande\/","url_meta":{"origin":20094,"position":1},"title":"\u00bfQu\u00e9 quieres ser, cuando seas grande?","author":"Pepe Barrascout Ortiz","date":"6 abril 2013","format":false,"excerpt":"Texto original de Luciano Pires Al ser anunciado el nuevo Papa, qued\u00e9 imaginando lo que pas\u00f3 por la cabeza de las personas que conocieron a Jorge Mario Bergoglio cuando era ni\u00f1o, en Buenos Aires. Gente que convivi\u00f3 con \u00e9l, bien cerca y que ahora conocen de su nombramiento para uno\u2026","rel":"","context":"En \u00abLimones\u00bb","block_context":{"text":"Limones","link":"https:\/\/quechilero.com\/blog\/category\/limones\/"},"img":{"alt_text":"","src":"","width":0,"height":0},"classes":[]},{"id":5164,"url":"https:\/\/quechilero.com\/blog\/2010\/08\/02\/la-papa\/","url_meta":{"origin":20094,"position":2},"title":"La papa","author":"Pepe Barrascout Ortiz","date":"2 agosto 2010","format":false,"excerpt":"Ten\u00eda toda la apariencia de una piedra com\u00fan. Estaba redondeada, y era de color gris. Parec\u00eda una papa, y por cierto, papa la llamaban. La piedra estaba de venta en una exposici\u00f3n de minerales poco comunes en Plano, Texas. Un hombre la compr\u00f3 por diez d\u00f3lares, se la llev\u00f3 a\u2026","rel":"","context":"En \u00abLimones\u00bb","block_context":{"text":"Limones","link":"https:\/\/quechilero.com\/blog\/category\/limones\/"},"img":{"alt_text":"","src":"","width":0,"height":0},"classes":[]},{"id":2449,"url":"https:\/\/quechilero.com\/blog\/2009\/03\/25\/las-piedras-grandes\/","url_meta":{"origin":20094,"position":3},"title":"Las piedras grandes","author":"Pepe Barrascout Ortiz","date":"25 marzo 2009","format":false,"excerpt":"Hace algunos a\u00f1os, escuch\u00e9 esta reflexi\u00f3n, cuando asist\u00ed a un curso relacionado con liderazgo, fue hasta hace poco que la volv\u00ed a ver en TitoSan, es un texto tan bueno, que lo publico para tenerlo siempre a la vista y volverlo a leer de vez en cuando, para de esta\u2026","rel":"","context":"En \u00abLimones\u00bb","block_context":{"text":"Limones","link":"https:\/\/quechilero.com\/blog\/category\/limones\/"},"img":{"alt_text":"","src":"","width":0,"height":0},"classes":[]},{"id":450,"url":"https:\/\/quechilero.com\/blog\/2007\/02\/06\/es-posible-entender-a-dios\/","url_meta":{"origin":20094,"position":4},"title":"\u00bfEs posible entender a Dios?","author":"Pepe Barrascout Ortiz","date":"6 febrero 2007","format":false,"excerpt":"Caminando un d\u00eda por la calle, un hombre observ\u00f3 una bandada de hambrientos gorriones que se banqueteaban con unos granos derramados. El hombre observ\u00f3 que con cada paso que daba aumentaba la inquietud de las aves. Cuando estaba a punto de llegar a ellas, levantaron de pronto el vuelo. El\u2026","rel":"","context":"En \u00abLimones\u00bb","block_context":{"text":"Limones","link":"https:\/\/quechilero.com\/blog\/category\/limones\/"},"img":{"alt_text":"","src":"","width":0,"height":0},"classes":[]},{"id":584,"url":"https:\/\/quechilero.com\/blog\/2007\/06\/20\/dejalo-a-mi-cargo\/","url_meta":{"origin":20094,"position":5},"title":"D\u00e9jalo a mi cargo","author":"Pepe Barrascout Ortiz","date":"20 junio 2007","format":false,"excerpt":"Una mujer de nombre Mary Ellen, experiment\u00f3 en cierta ocasi\u00f3n una gran carga. Se sent\u00eda turbada que no pod\u00eda dormir ni comer, arriesgaba su salud f\u00edsica y emocional, estaba a punto de una crisis nerviosa. Sin embargo, pudo reconocer que ella nada pod\u00eda hacer para cambiar sus circunstancias. Entonces ley\u00f3\u2026","rel":"","context":"En \u00abLimones\u00bb","block_context":{"text":"Limones","link":"https:\/\/quechilero.com\/blog\/category\/limones\/"},"img":{"alt_text":"","src":"","width":0,"height":0},"classes":[]}],"jetpack_featured_media_url":"","_links":{"self":[{"href":"https:\/\/quechilero.com\/blog\/wp-json\/wp\/v2\/posts\/20094","targetHints":{"allow":["GET"]}}],"collection":[{"href":"https:\/\/quechilero.com\/blog\/wp-json\/wp\/v2\/posts"}],"about":[{"href":"https:\/\/quechilero.com\/blog\/wp-json\/wp\/v2\/types\/post"}],"author":[{"embeddable":true,"href":"https:\/\/quechilero.com\/blog\/wp-json\/wp\/v2\/users\/1"}],"replies":[{"embeddable":true,"href":"https:\/\/quechilero.com\/blog\/wp-json\/wp\/v2\/comments?post=20094"}],"version-history":[{"count":0,"href":"https:\/\/quechilero.com\/blog\/wp-json\/wp\/v2\/posts\/20094\/revisions"}],"wp:attachment":[{"href":"https:\/\/quechilero.com\/blog\/wp-json\/wp\/v2\/media?parent=20094"}],"wp:term":[{"taxonomy":"category","embeddable":true,"href":"https:\/\/quechilero.com\/blog\/wp-json\/wp\/v2\/categories?post=20094"},{"taxonomy":"post_tag","embeddable":true,"href":"https:\/\/quechilero.com\/blog\/wp-json\/wp\/v2\/tags?post=20094"},{"taxonomy":"series","embeddable":true,"href":"https:\/\/quechilero.com\/blog\/wp-json\/wp\/v2\/series?post=20094"}],"curies":[{"name":"wp","href":"https:\/\/api.w.org\/{rel}","templated":true}]}}