{"id":20088,"date":"2015-05-04T08:00:16","date_gmt":"2015-05-04T14:00:16","guid":{"rendered":"http:\/\/quechilero.com\/blog\/?p=20088"},"modified":"2015-04-08T11:53:12","modified_gmt":"2015-04-08T17:53:12","slug":"se-agradecido","status":"publish","type":"post","link":"https:\/\/quechilero.com\/blog\/2015\/05\/04\/se-agradecido\/","title":{"rendered":"S\u00e9 agradecido"},"content":{"rendered":"<p>Muchas veces he le\u00eddo estas sugerencias: Mant\u00e9n un registro de las cosas por las que est\u00e1s agradecido, escribi\u00f3 Donald C. Everhart. Cada ma\u00f1ana has una lista de los regalos de Dios para ti. Al final del d\u00eda, escribe en tu calendario una cosa por la que puedes alabar al Se\u00f1or.<\/p>\n<p>Por mucho tiempo vacilaba. Me parec\u00eda demasiado simplista contar mis bendiciones. Consideraba apropiado darle gracias a Dios en los d\u00edas buenos, \u00bfpero que iba a decirle en esos horribles d\u00edas cuando estaba deprimido o en problemas o cuando parec\u00eda que todo iba mal? Sin duda, ten\u00eda muchos d\u00edas cuando la alabanza no era apropiada. Al final, hice el intento. Todos los d\u00edas por un mes escrib\u00ed en mi calendario una cosa por lo que estaba agradecido. \u00a1Fue sorprendente! Hasta en los d\u00edas rutinarios, aburridos y malos pod\u00eda encontrar una raz\u00f3n para alabar a Dios.<\/p>\n<p>Ya no llevo un registro en mi calendario, pero casi no pasa un d\u00eda en que no piense en una buena raz\u00f3n para estar agradecido. Llevar un registro de las cosas que agradecemos es una forma de vivir en el esp\u00edritu de la Escritura.<\/p>\n<p>Si est\u00e1s solo y desanimado con tu vida y buscas una raz\u00f3n para seguir adelante, la esperanza est\u00e1 tan cercana como las palabras de la Biblia. Prueba la sugerencia anterior por 30 d\u00edas. Escribe todas las cosas por las que est\u00e1s agradecido, a\u00fan si es tan simple como estar agradecido por el p\u00e1jaro cantor que viste en el parque o al observar a un ni\u00f1ito abrazando a su madre.<\/p>\n<p>Si\u00e9ntate en el portal al atardecer y mira la obra de Dios. Mientras miras a tu alrededor al mundo y su belleza, no puedes dejar de darte cuenta de la mano de Dios en tu propia vida.<\/p>\n<p>En las palabras de Nathaniel Hawthorne: \u00abLa felicidad es una mariposa, que cuando se quiere atrapar, siempre se encuentra un poco m\u00e1s lejos de nuestro alcance, pero si permaneces quieto, tal vez se pose en ti.\u00bb<\/p>\n","protected":false},"excerpt":{"rendered":"<p>Muchas veces he le\u00eddo estas sugerencias: Mant\u00e9n un registro de las cosas por las que est\u00e1s agradecido, escribi\u00f3 Donald C. Everhart. Cada ma\u00f1ana has una lista de los regalos de Dios para ti. Al final del d\u00eda, escribe en tu calendario una cosa por la que puedes alabar al Se\u00f1or. Por mucho tiempo vacilaba. Me &#8230; <a title=\"S\u00e9 agradecido\" class=\"read-more\" href=\"https:\/\/quechilero.com\/blog\/2015\/05\/04\/se-agradecido\/\" aria-label=\"Leer m\u00e1s sobre S\u00e9 agradecido\">Leer m\u00e1s<\/a><\/p>\n","protected":false},"author":1,"featured_media":0,"comment_status":"open","ping_status":"open","sticky":false,"template":"","format":"standard","meta":{"advanced_seo_description":"","jetpack_seo_html_title":"","jetpack_seo_noindex":false,"jetpack_seo_schema_type":"","episode_type":"","audio_file":"","podmotor_file_id":"","podmotor_episode_id":"","cover_image":"","cover_image_id":"","duration":"","filesize":"","filesize_raw":"","date_recorded":"","explicit":"","block":"","_jetpack_newsletter_access":"","_jetpack_dont_email_post_to_subs":false,"_jetpack_newsletter_tier_id":0,"_jetpack_memberships_contains_paywalled_content":false,"_jetpack_feature_clip_id":0,"_jetpack_memberships_contains_paid_content":false,"footnotes":"","jetpack_publicize_message":"","jetpack_publicize_feature_enabled":true,"jetpack_social_post_already_shared":true,"jetpack_social_options":{"image_generator_settings":{"template":"highway","default_image_id":0,"font":"","enabled":false},"version":2},"jetpack_post_was_ever_published":false},"categories":[2],"tags":[12,51,39,5,24],"series":[],"class_list":["post-20088","post","type-post","status-publish","format-standard","hentry","category-limones","tag-cosas","tag-dios","tag-madre","tag-tiempo","tag-vida"],"episode_featured_image":false,"episode_player_image":"https:\/\/i0.wp.com\/quechilero.com\/blog\/imagenes\/podcast.png?fit=1831%2C1831&ssl=1","download_link":"","player_link":"","audio_player":false,"episode_data":{"playerMode":"dark","subscribeUrls":{"amazon":{"key":"amazon","url":"","label":"Amazon","class":"amazon","icon":"amazon.png"},"apple_podcasts":{"key":"apple_podcasts","url":"","label":"Apple Podcasts","class":"apple_podcasts","icon":"apple-podcasts.png"},"castbox":{"key":"castbox","url":"","label":"CastBox","class":"castbox","icon":"castbox.png"},"deezer":{"key":"deezer","url":"","label":"Deezer","class":"deezer","icon":"deezer.png"},"google_podcasts":{"key":"google_podcasts","url":"","label":"Google Podcasts","class":"google_podcasts","icon":"google-podcasts.png"},"listen_notes":{"key":"listen_notes","url":"","label":"Listen Notes","class":"listen_notes","icon":"listen-notes.png"},"pandora":{"key":"pandora","url":"","label":"Pandora","class":"pandora","icon":"pandora.png"},"podbean":{"key":"podbean","url":"","label":"Podbean","class":"podbean","icon":"podbean.png"},"podcast_republic":{"key":"podcast_republic","url":"","label":"Podcast Republic","class":"podcast_republic","icon":"podcast-republic.png"},"rss":{"key":"rss","url":"","label":"RSS","class":"rss","icon":"rss.png"},"spotify":{"key":"spotify","url":"","label":"Spotify","class":"spotify","icon":"spotify.png"},"stitcher":{"key":"stitcher","url":"","label":"Stitcher","class":"stitcher","icon":"stitcher.png"},"tunein":{"key":"tunein","url":"","label":"TuneIn","class":"tunein","icon":"tunein.png"},"youtube":{"key":"youtube","url":"","label":"YouTube","class":"youtube","icon":"youtube.png"},"iheartradio":{"key":"iheartradio","url":"","label":"iHeartRadio","class":"iheartradio","icon":"iheartradio.png"},"ivoox":{"key":"ivoox","url":"","label":"iVoox","class":"ivoox","icon":"ivoox.png"}},"rssFeedUrl":"https:\/\/quechilero.com\/blog\/feed\/podcast\/si-la-vida-nos-da-limones","embedCode":"<blockquote class=\"wp-embedded-content\" data-secret=\"7Z4TgKzbah\"><a href=\"https:\/\/quechilero.com\/blog\/2015\/05\/04\/se-agradecido\/\">S\u00e9 agradecido<\/a><\/blockquote><iframe sandbox=\"allow-scripts\" security=\"restricted\" src=\"https:\/\/quechilero.com\/blog\/2015\/05\/04\/se-agradecido\/embed\/#?secret=7Z4TgKzbah\" width=\"500\" height=\"350\" title=\"\u00abS\u00e9 agradecido\u00bb \u2014 Si la Vida nos da Limones...\" data-secret=\"7Z4TgKzbah\" frameborder=\"0\" marginwidth=\"0\" marginheight=\"0\" scrolling=\"no\" class=\"wp-embedded-content\"><\/iframe><script>\n\/*! This file is auto-generated *\/\n!function(d,l){\"use strict\";l.querySelector&&d.addEventListener&&\"undefined\"!=typeof URL&&(d.wp=d.wp||{},d.wp.receiveEmbedMessage||(d.wp.receiveEmbedMessage=function(e){var t=e.data;if((t||t.secret||t.message||t.value)&&!\/[^a-zA-Z0-9]\/.test(t.secret)){for(var s,r,n,a=l.querySelectorAll('iframe[data-secret=\"'+t.secret+'\"]'),o=l.querySelectorAll('blockquote[data-secret=\"'+t.secret+'\"]'),c=new RegExp(\"^https?:$\",\"i\"),i=0;i<o.length;i++)o[i].style.display=\"none\";for(i=0;i<a.length;i++)s=a[i],e.source===s.contentWindow&&(s.removeAttribute(\"style\"),\"height\"===t.message?(1e3<(r=parseInt(t.value,10))?r=1e3:~~r<200&&(r=200),s.height=r):\"link\"===t.message&&(r=new URL(s.getAttribute(\"src\")),n=new URL(t.value),c.test(n.protocol))&&n.host===r.host&&l.activeElement===s&&(d.top.location.href=t.value))}},d.addEventListener(\"message\",d.wp.receiveEmbedMessage,!1),l.addEventListener(\"DOMContentLoaded\",function(){for(var e,t,s=l.querySelectorAll(\"iframe.wp-embedded-content\"),r=0;r<s.length;r++)(t=(e=s[r]).getAttribute(\"data-secret\"))||(t=Math.random().toString(36).substring(2,12),e.src+=\"#?secret=\"+t,e.setAttribute(\"data-secret\",t)),e.contentWindow.postMessage({message:\"ready\",secret:t},\"*\")},!1)))}(window,document);\n\/\/# sourceURL=https:\/\/quechilero.com\/blog\/wp-includes\/js\/wp-embed.min.js\n<\/script>\n"},"jetpack_publicize_connections":[],"jetpack_shortlink":"https:\/\/wp.me\/pDKli-5e0","jetpack_sharing_enabled":true,"jetpack-related-posts":[{"id":5981,"url":"https:\/\/quechilero.com\/blog\/2010\/12\/27\/quien-recibe-las-gracias\/","url_meta":{"origin":20088,"position":0},"title":"\u00bfQui\u00e9n recibe las gracias?","author":"Pepe Barrascout Ortiz","date":"27 diciembre 2010","format":false,"excerpt":"Seg\u00fan un art\u00edculo de una revista norteamericana, una mujer residente de Costa Mesa, California, encontr\u00f3 un peque\u00f1o paquete en el escal\u00f3n de la puerta que conten\u00eda las llaves de un auto y una nota que dec\u00eda: \"Este regalo es para ti porque te amo.\" Adem\u00e1s inclu\u00eda un vers\u00edculo de la\u2026","rel":"","context":"En \u00abLimones\u00bb","block_context":{"text":"Limones","link":"https:\/\/quechilero.com\/blog\/category\/limones\/"},"img":{"alt_text":"","src":"","width":0,"height":0},"classes":[]},{"id":20100,"url":"https:\/\/quechilero.com\/blog\/2015\/05\/09\/accion-de-gracias-2\/","url_meta":{"origin":20088,"position":1},"title":"Acci\u00f3n de Gracias","author":"Pepe Barrascout Ortiz","date":"9 mayo 2015","format":false,"excerpt":"Estaba leyendo esta semana acerca de esta mujer que, como toda buena madre de familia, andaba a la carrera tratando de lograr todas las metas diarias que se hab\u00eda trazado y, encima de todo, ten\u00eda una cita m\u00e9dica con el especialista, a la que estaba llegando tarde; en medio de\u2026","rel":"","context":"En \u00abLimones\u00bb","block_context":{"text":"Limones","link":"https:\/\/quechilero.com\/blog\/category\/limones\/"},"img":{"alt_text":"","src":"","width":0,"height":0},"classes":[]},{"id":16360,"url":"https:\/\/quechilero.com\/blog\/2013\/03\/31\/el-milagro-de-la-ovejita\/","url_meta":{"origin":20088,"position":2},"title":"El milagro de la ovejita","author":"Pepe Barrascout Ortiz","date":"31 marzo 2013","format":false,"excerpt":"San Buenaventura refiere que, cierto d\u00eda, estando San Francisco de As\u00eds en el convento de Nuestra Se\u00f1ora de los \u00c1ngeles, una persona tuvo a bien regalarle una ovejita, y la recibi\u00f3 con mucho agradecimiento, porque le complac\u00eda ver en ella la imagen de la mansedumbre. Despu\u00e9s de recibida, mand\u00f3 San\u2026","rel":"","context":"En \u00abLimones\u00bb","block_context":{"text":"Limones","link":"https:\/\/quechilero.com\/blog\/category\/limones\/"},"img":{"alt_text":"","src":"","width":0,"height":0},"classes":[]},{"id":3569,"url":"https:\/\/quechilero.com\/blog\/2009\/08\/15\/virgen-de-la-asuncion\/","url_meta":{"origin":20088,"position":3},"title":"Virgen de la Asunci\u00f3n","author":"Pepe Barrascout Ortiz","date":"15 agosto 2009","format":false,"excerpt":"Explicaci\u00f3n de la fiesta La Asunci\u00f3n es un mensaje de esperanza que nos hace pensar en la dicha de alcanzar el Cielo, la gloria de Dios y en la alegr\u00eda de tener una madre que ha alcanzado la meta a la que nosotros caminamos. Este d\u00eda, recordamos que Mar\u00eda es\u2026","rel":"","context":"En \u00abLimones\u00bb","block_context":{"text":"Limones","link":"https:\/\/quechilero.com\/blog\/category\/limones\/"},"img":{"alt_text":"","src":"","width":0,"height":0},"classes":[]},{"id":3546,"url":"https:\/\/quechilero.com\/blog\/2009\/08\/10\/agosto-2\/","url_meta":{"origin":20088,"position":4},"title":"Agosto","author":"Pepe Barrascout Ortiz","date":"10 agosto 2009","format":false,"excerpt":"Para el d\u00eda de hoy, hab\u00eda pensado en publicar algo profundo, trascendente e interesante, sin embargo, no veo la importancia del d\u00eda, pens\u00e9 en hacer una efem\u00e9ride de los \u00faltimos treinta y tantos a\u00f1os de la historia del pa\u00eds, pero no contaba que la Biblioteca y la Hemeroteca, no abren\u2026","rel":"","context":"En \u00abLimones\u00bb","block_context":{"text":"Limones","link":"https:\/\/quechilero.com\/blog\/category\/limones\/"},"img":{"alt_text":"","src":"https:\/\/i0.wp.com\/i392.photobucket.com\/albums\/pp7\/pepejaguar\/blog\/N06009.jpg?resize=350%2C200","width":350,"height":200},"classes":[]},{"id":16737,"url":"https:\/\/quechilero.com\/blog\/2013\/06\/01\/hoy-%ef%bb%bfdire-gracias-por-todo-papa\/","url_meta":{"origin":20088,"position":5},"title":"Hoy&#8230; \ufeffDir\u00e9 gracias por todo Pap\u00e1","author":"Pepe Barrascout Ortiz","date":"1 junio 2013","format":false,"excerpt":"En medio de fuerzas y acontecimientos demasiado grandes para que nosotros solos forcejeemos con ellos, se nos presenta un mensaje intimidante de aislamiento. Empeque\u00f1ecidos frente al tama\u00f1o del universo, la incertidumbre del futuro, las necesidades de comida y amistad, somos como ese estudiante de primer a\u00f1o de bachillerato que acaba\u2026","rel":"","context":"En \u00abLimones\u00bb","block_context":{"text":"Limones","link":"https:\/\/quechilero.com\/blog\/category\/limones\/"},"img":{"alt_text":"","src":"","width":0,"height":0},"classes":[]}],"jetpack_featured_media_url":"","_links":{"self":[{"href":"https:\/\/quechilero.com\/blog\/wp-json\/wp\/v2\/posts\/20088","targetHints":{"allow":["GET"]}}],"collection":[{"href":"https:\/\/quechilero.com\/blog\/wp-json\/wp\/v2\/posts"}],"about":[{"href":"https:\/\/quechilero.com\/blog\/wp-json\/wp\/v2\/types\/post"}],"author":[{"embeddable":true,"href":"https:\/\/quechilero.com\/blog\/wp-json\/wp\/v2\/users\/1"}],"replies":[{"embeddable":true,"href":"https:\/\/quechilero.com\/blog\/wp-json\/wp\/v2\/comments?post=20088"}],"version-history":[{"count":0,"href":"https:\/\/quechilero.com\/blog\/wp-json\/wp\/v2\/posts\/20088\/revisions"}],"wp:attachment":[{"href":"https:\/\/quechilero.com\/blog\/wp-json\/wp\/v2\/media?parent=20088"}],"wp:term":[{"taxonomy":"category","embeddable":true,"href":"https:\/\/quechilero.com\/blog\/wp-json\/wp\/v2\/categories?post=20088"},{"taxonomy":"post_tag","embeddable":true,"href":"https:\/\/quechilero.com\/blog\/wp-json\/wp\/v2\/tags?post=20088"},{"taxonomy":"series","embeddable":true,"href":"https:\/\/quechilero.com\/blog\/wp-json\/wp\/v2\/series?post=20088"}],"curies":[{"name":"wp","href":"https:\/\/api.w.org\/{rel}","templated":true}]}}