{"id":20073,"date":"2015-04-27T08:00:52","date_gmt":"2015-04-27T14:00:52","guid":{"rendered":"http:\/\/quechilero.com\/blog\/?p=20073"},"modified":"2015-04-08T11:43:52","modified_gmt":"2015-04-08T17:43:52","slug":"celulares-en-la-tumba","status":"publish","type":"post","link":"https:\/\/quechilero.com\/blog\/2015\/04\/27\/celulares-en-la-tumba\/","title":{"rendered":"Celulares en la tumba"},"content":{"rendered":"<p>Seg\u00fan un estudio de la cadena brit\u00e1nica BBC, cada vez m\u00e1s personas solicitan que los entierren con sus celulares. Esta tendencia naci\u00f3 en Sud\u00e1frica, inform\u00f3 Mart\u00edn Raymond, Director del Estudio.<\/p>\n<p>Esta se est\u00e1 dando porque las personas tienen temor de sufrir hechizos o brujer\u00edas que los dejen en un estado similar al de un muerto, y quieren tener la posibilidad de pedir ayuda desde la tumba si llegaren a despertar estando enterrados.<\/p>\n<p>Seg\u00fan, Raymond, ahora se sabe que tambi\u00e9n los estadounidenses se llevan sus tel\u00e9fonos al \u00abm\u00e1s all\u00e1\u00bb, porque cada vez son m\u00e1s las explosiones en las cremaciones, pues las bater\u00edas de esos aparatos no resisten altas temperaturas y se enteran que fueron cremados con los celulares cuando estas bater\u00edas explotan.<\/p>\n<p>Un celular puede servir en casos de ser enterrados vivos&#8230; pero no servir\u00e1 de nada para entrar en comunicaci\u00f3n con Dios, ya que si no tomamos decisi\u00f3n de amarle en vida, despu\u00e9s de muerto es demasiado tarde.<\/p>\n<p>No hay celulares que sirvan para la eternidad.<\/p>\n<p>Este es el d\u00eda de hablar con Dios y sin necesidad de celular. Un coraz\u00f3n contrito y humillado, Dios jam\u00e1s lo ignorar\u00e1.<\/p>\n","protected":false},"excerpt":{"rendered":"<p>Seg\u00fan un estudio de la cadena brit\u00e1nica BBC, cada vez m\u00e1s personas solicitan que los entierren con sus celulares. Esta tendencia naci\u00f3 en Sud\u00e1frica, inform\u00f3 Mart\u00edn Raymond, Director del Estudio. Esta se est\u00e1 dando porque las personas tienen temor de sufrir hechizos o brujer\u00edas que los dejen en un estado similar al de un muerto, &#8230; <a title=\"Celulares en la tumba\" class=\"read-more\" href=\"https:\/\/quechilero.com\/blog\/2015\/04\/27\/celulares-en-la-tumba\/\" aria-label=\"Leer m\u00e1s sobre Celulares en la tumba\">Leer m\u00e1s<\/a><\/p>\n","protected":false},"author":1,"featured_media":0,"comment_status":"open","ping_status":"open","sticky":false,"template":"","format":"standard","meta":{"advanced_seo_description":"","jetpack_seo_html_title":"","jetpack_seo_noindex":false,"jetpack_seo_schema_type":"","episode_type":"","audio_file":"","podmotor_file_id":"","podmotor_episode_id":"","cover_image":"","cover_image_id":"","duration":"","filesize":"","filesize_raw":"","date_recorded":"","explicit":"","block":"","_jetpack_newsletter_access":"","_jetpack_dont_email_post_to_subs":false,"_jetpack_newsletter_tier_id":0,"_jetpack_memberships_contains_paywalled_content":false,"_jetpack_feature_clip_id":0,"_jetpack_memberships_contains_paid_content":false,"footnotes":"","jetpack_publicize_message":"","jetpack_publicize_feature_enabled":true,"jetpack_social_post_already_shared":true,"jetpack_social_options":{"image_generator_settings":{"template":"highway","default_image_id":0,"font":"","enabled":false},"version":2},"jetpack_post_was_ever_published":false},"categories":[2],"tags":[37,51,24],"series":[],"class_list":["post-20073","post","type-post","status-publish","format-standard","hentry","category-limones","tag-ayuda","tag-dios","tag-vida"],"episode_featured_image":false,"episode_player_image":"https:\/\/i0.wp.com\/quechilero.com\/blog\/imagenes\/podcast.png?fit=1831%2C1831&ssl=1","download_link":"","player_link":"","audio_player":false,"episode_data":{"playerMode":"dark","subscribeUrls":{"amazon":{"key":"amazon","url":"","label":"Amazon","class":"amazon","icon":"amazon.png"},"apple_podcasts":{"key":"apple_podcasts","url":"","label":"Apple Podcasts","class":"apple_podcasts","icon":"apple-podcasts.png"},"castbox":{"key":"castbox","url":"","label":"CastBox","class":"castbox","icon":"castbox.png"},"deezer":{"key":"deezer","url":"","label":"Deezer","class":"deezer","icon":"deezer.png"},"google_podcasts":{"key":"google_podcasts","url":"","label":"Google Podcasts","class":"google_podcasts","icon":"google-podcasts.png"},"listen_notes":{"key":"listen_notes","url":"","label":"Listen Notes","class":"listen_notes","icon":"listen-notes.png"},"pandora":{"key":"pandora","url":"","label":"Pandora","class":"pandora","icon":"pandora.png"},"podbean":{"key":"podbean","url":"","label":"Podbean","class":"podbean","icon":"podbean.png"},"podcast_republic":{"key":"podcast_republic","url":"","label":"Podcast Republic","class":"podcast_republic","icon":"podcast-republic.png"},"rss":{"key":"rss","url":"","label":"RSS","class":"rss","icon":"rss.png"},"spotify":{"key":"spotify","url":"","label":"Spotify","class":"spotify","icon":"spotify.png"},"stitcher":{"key":"stitcher","url":"","label":"Stitcher","class":"stitcher","icon":"stitcher.png"},"tunein":{"key":"tunein","url":"","label":"TuneIn","class":"tunein","icon":"tunein.png"},"youtube":{"key":"youtube","url":"","label":"YouTube","class":"youtube","icon":"youtube.png"},"iheartradio":{"key":"iheartradio","url":"","label":"iHeartRadio","class":"iheartradio","icon":"iheartradio.png"},"ivoox":{"key":"ivoox","url":"","label":"iVoox","class":"ivoox","icon":"ivoox.png"}},"rssFeedUrl":"https:\/\/quechilero.com\/blog\/feed\/podcast\/si-la-vida-nos-da-limones","embedCode":"<blockquote class=\"wp-embedded-content\" data-secret=\"yjRGfegFxs\"><a href=\"https:\/\/quechilero.com\/blog\/2015\/04\/27\/celulares-en-la-tumba\/\">Celulares en la tumba<\/a><\/blockquote><iframe sandbox=\"allow-scripts\" security=\"restricted\" src=\"https:\/\/quechilero.com\/blog\/2015\/04\/27\/celulares-en-la-tumba\/embed\/#?secret=yjRGfegFxs\" width=\"500\" height=\"350\" title=\"\u00abCelulares en la tumba\u00bb \u2014 Si la Vida nos da Limones...\" data-secret=\"yjRGfegFxs\" frameborder=\"0\" marginwidth=\"0\" marginheight=\"0\" scrolling=\"no\" class=\"wp-embedded-content\"><\/iframe><script>\n\/*! This file is auto-generated *\/\n!function(d,l){\"use strict\";l.querySelector&&d.addEventListener&&\"undefined\"!=typeof URL&&(d.wp=d.wp||{},d.wp.receiveEmbedMessage||(d.wp.receiveEmbedMessage=function(e){var t=e.data;if((t||t.secret||t.message||t.value)&&!\/[^a-zA-Z0-9]\/.test(t.secret)){for(var s,r,n,a=l.querySelectorAll('iframe[data-secret=\"'+t.secret+'\"]'),o=l.querySelectorAll('blockquote[data-secret=\"'+t.secret+'\"]'),c=new RegExp(\"^https?:$\",\"i\"),i=0;i<o.length;i++)o[i].style.display=\"none\";for(i=0;i<a.length;i++)s=a[i],e.source===s.contentWindow&&(s.removeAttribute(\"style\"),\"height\"===t.message?(1e3<(r=parseInt(t.value,10))?r=1e3:~~r<200&&(r=200),s.height=r):\"link\"===t.message&&(r=new URL(s.getAttribute(\"src\")),n=new URL(t.value),c.test(n.protocol))&&n.host===r.host&&l.activeElement===s&&(d.top.location.href=t.value))}},d.addEventListener(\"message\",d.wp.receiveEmbedMessage,!1),l.addEventListener(\"DOMContentLoaded\",function(){for(var e,t,s=l.querySelectorAll(\"iframe.wp-embedded-content\"),r=0;r<s.length;r++)(t=(e=s[r]).getAttribute(\"data-secret\"))||(t=Math.random().toString(36).substring(2,12),e.src+=\"#?secret=\"+t,e.setAttribute(\"data-secret\",t)),e.contentWindow.postMessage({message:\"ready\",secret:t},\"*\")},!1)))}(window,document);\n\/\/# sourceURL=https:\/\/quechilero.com\/blog\/wp-includes\/js\/wp-embed.min.js\n<\/script>\n"},"jetpack_publicize_connections":[],"jetpack_shortlink":"https:\/\/wp.me\/pDKli-5dL","jetpack_sharing_enabled":true,"jetpack-related-posts":[{"id":15124,"url":"https:\/\/quechilero.com\/blog\/2012\/11\/14\/el-hombre-mas-grande-en-la-historia\/","url_meta":{"origin":20073,"position":0},"title":"El hombre m\u00e1s grande en la historia","author":"Pepe Barrascout Ortiz","date":"14 noviembre 2012","format":false,"excerpt":"No ten\u00eda siervos, pero le llamaban Se\u00f1or. No ten\u00eda ning\u00fan grado de estudio, pero le llamaban Maestro. No ten\u00eda medicamentos, pero le llamaban Sanador. No ten\u00eda ej\u00e9rcito, pero los reyes le tem\u00edan. No gan\u00f3 batallas militares, pero conquist\u00f3 el mundo. No cometi\u00f3 delito alguno, pero le crucificaron. Fue enterrado en\u2026","rel":"","context":"En \u00abLimones\u00bb","block_context":{"text":"Limones","link":"https:\/\/quechilero.com\/blog\/category\/limones\/"},"img":{"alt_text":"","src":"","width":0,"height":0},"classes":[]},{"id":62,"url":"https:\/\/quechilero.com\/blog\/2006\/08\/05\/lo-que-las-mujeres-quieren-en-su-celular\/","url_meta":{"origin":20073,"position":1},"title":"Lo que las mujeres quieren&#8230; en su celular","author":"Pepe Barrascout Ortiz","date":"5 agosto 2006","format":false,"excerpt":"De acuerdo con una encuesta hecha por Sprint, llamada ?Mujeres en un mundo inal\u00e1mbrico?, los resultados indican que: 71% Quiere tomar fotos con su c\u00e1mara durante sus vacaciones de invierno 61% Desea personalizar su tel\u00e9fono con objetos externos. 56% Desean personalizar su celular, mientras que el 68% desea personalizar la\u2026","rel":"","context":"En \u00abLimones\u00bb","block_context":{"text":"Limones","link":"https:\/\/quechilero.com\/blog\/category\/limones\/"},"img":{"alt_text":"","src":"","width":0,"height":0},"classes":[]},{"id":11670,"url":"https:\/\/quechilero.com\/blog\/2012\/01\/11\/entre-el-primer-y-el-tercer-mundo\/","url_meta":{"origin":20073,"position":2},"title":"Entre el \u00abprimer\u00bb y el \u00abtercer\u00bb mundo","author":"Pepe Barrascout Ortiz","date":"11 enero 2012","format":false,"excerpt":"Muchas cosas, son las que definen el concepto de primer mundo y tercer mundo, que tanto se repite y se menciona en diferentes contextos y tonalidades, desde los que le dan un tono econ\u00f3mico, hasta quienes lo hacen como una forma elegante de ofensa\u00a0y menosprecio hacia otras personas. La idea\u2026","rel":"","context":"En \u00abLimones\u00bb","block_context":{"text":"Limones","link":"https:\/\/quechilero.com\/blog\/category\/limones\/"},"img":{"alt_text":"","src":"","width":0,"height":0},"classes":[]},{"id":3684,"url":"https:\/\/quechilero.com\/blog\/2009\/09\/27\/el-testimonio-de-lincoln\/","url_meta":{"origin":20073,"position":3},"title":"El testimonio de Lincoln","author":"Pepe Barrascout Ortiz","date":"27 septiembre 2009","format":false,"excerpt":"Abraham Lincoln era un provinciano de humilde origen que fue creciendo hasta llegar a las cumbres del poder pol\u00edtico. Durante los oscuros d\u00edas de la Guerra Civil de los EE.UU., sirvi\u00f3 como un presidente compasivo y resuelto. La depresi\u00f3n y el sufrimiento mental fueron sus compa\u00f1eros frecuentes. Sin embargo, el\u2026","rel":"","context":"En \u00abLimones\u00bb","block_context":{"text":"Limones","link":"https:\/\/quechilero.com\/blog\/category\/limones\/"},"img":{"alt_text":"","src":"","width":0,"height":0},"classes":[]},{"id":17322,"url":"https:\/\/quechilero.com\/blog\/2013\/10\/06\/un-%ef%bb%bfcaracter-demasiado-debil\/","url_meta":{"origin":20073,"position":4},"title":"Un \ufeffcar\u00e1cter demasiado d\u00e9bil","author":"Pepe Barrascout Ortiz","date":"6 octubre 2013","format":false,"excerpt":"Hab\u00eda una vez un viejo campesino que viv\u00eda del producto de algunos mu de tierra que \u00e9l mismo cultivaba. Era un hombre d\u00e9bil de car\u00e1cter, pero tomaba su debilidad con esp\u00edritu apacible. Un d\u00eda fueron a decirle: - Su vecino ha metido su vaca en el campo de usted y\u2026","rel":"","context":"En \u00abLimones\u00bb","block_context":{"text":"Limones","link":"https:\/\/quechilero.com\/blog\/category\/limones\/"},"img":{"alt_text":"","src":"","width":0,"height":0},"classes":[]},{"id":5247,"url":"https:\/\/quechilero.com\/blog\/2010\/08\/16\/maraton-de-blogs-geekgt\/","url_meta":{"origin":20073,"position":5},"title":"Marat\u00f3n de Blogs: GeekGT","author":"Pepe Barrascout Ortiz","date":"16 agosto 2010","format":false,"excerpt":"GeekGT es el blog que publica Jonathan Canel, quien se define a si mismo como amante de la tecnolog\u00eda, el web 2.0, lector compulsivo de RSS y los juegos de video, blogger de corazon y pseudofotografo, fan\u00e1tico del microblogging, se dice una persona normal pero la mayor\u00eda le reconoce como:\u2026","rel":"","context":"En \u00abBlogs de Guatemala\u00bb","block_context":{"text":"Blogs de Guatemala","link":"https:\/\/quechilero.com\/blog\/category\/blogs-de-guatemala\/"},"img":{"alt_text":"","src":"https:\/\/i0.wp.com\/i392.photobucket.com\/albums\/pp7\/pepejaguar\/maraton\/geekgt.png?resize=350%2C200","width":350,"height":200,"srcset":"https:\/\/i0.wp.com\/i392.photobucket.com\/albums\/pp7\/pepejaguar\/maraton\/geekgt.png?resize=350%2C200 1x, https:\/\/i0.wp.com\/i392.photobucket.com\/albums\/pp7\/pepejaguar\/maraton\/geekgt.png?resize=525%2C300 1.5x"},"classes":[]}],"jetpack_featured_media_url":"","_links":{"self":[{"href":"https:\/\/quechilero.com\/blog\/wp-json\/wp\/v2\/posts\/20073","targetHints":{"allow":["GET"]}}],"collection":[{"href":"https:\/\/quechilero.com\/blog\/wp-json\/wp\/v2\/posts"}],"about":[{"href":"https:\/\/quechilero.com\/blog\/wp-json\/wp\/v2\/types\/post"}],"author":[{"embeddable":true,"href":"https:\/\/quechilero.com\/blog\/wp-json\/wp\/v2\/users\/1"}],"replies":[{"embeddable":true,"href":"https:\/\/quechilero.com\/blog\/wp-json\/wp\/v2\/comments?post=20073"}],"version-history":[{"count":0,"href":"https:\/\/quechilero.com\/blog\/wp-json\/wp\/v2\/posts\/20073\/revisions"}],"wp:attachment":[{"href":"https:\/\/quechilero.com\/blog\/wp-json\/wp\/v2\/media?parent=20073"}],"wp:term":[{"taxonomy":"category","embeddable":true,"href":"https:\/\/quechilero.com\/blog\/wp-json\/wp\/v2\/categories?post=20073"},{"taxonomy":"post_tag","embeddable":true,"href":"https:\/\/quechilero.com\/blog\/wp-json\/wp\/v2\/tags?post=20073"},{"taxonomy":"series","embeddable":true,"href":"https:\/\/quechilero.com\/blog\/wp-json\/wp\/v2\/series?post=20073"}],"curies":[{"name":"wp","href":"https:\/\/api.w.org\/{rel}","templated":true}]}}