{"id":20036,"date":"2015-04-09T08:00:35","date_gmt":"2015-04-09T14:00:35","guid":{"rendered":"http:\/\/quechilero.com\/blog\/?p=20036"},"modified":"2015-04-08T11:05:48","modified_gmt":"2015-04-08T17:05:48","slug":"para-curar-heridas-de-amor","status":"publish","type":"post","link":"https:\/\/quechilero.com\/blog\/2015\/04\/09\/para-curar-heridas-de-amor\/","title":{"rendered":"Para curar heridas de amor"},"content":{"rendered":"<p>Muchas personas sufren por la falta de amor. Porque desde ni\u00f1os han hecho todo lo posible por ser apreciados y amados, pero no recibieron la atenci\u00f3n y el cari\u00f1o que necesitaban. As\u00ed les ha quedado el coraz\u00f3n herido y nunca tienen el amor que buscan, siempre se sienten defraudados. Porque en realidad esa herida de amor no se cura con compa\u00f1\u00eda, caricias y atenciones. Eso es como una droga que a la larga no hace m\u00e1s que agrandar su necesidad interior, y la herida se vuelve m\u00e1s profunda.<\/p>\n<p>Esa herida de amor se cura s\u00f3lo en la soledad, enfrentando lo que uno siente, reconoci\u00e9ndolo con claridad, mir\u00e1ndolo de frente, poni\u00e9ndole un nombre al propio dolor, y d\u00e1ndose cuenta de que no vale la pena vivir pendiente de esa necesidad, como mendigos y esclavos. Porque si uno no enfrenta esa soledad dolorosa y no acepta morir a esa necesidad enfermiza de amor, s\u00f3lo utilizar\u00e1 a las personas para satisfacer esa necesidad, y as\u00ed nunca podr\u00e1 vivir un amor o una amistad de verdad.<\/p>\n<p>Cuando uno enfrenta hasta el fondo su soledad interior, descubre que all\u00ed est\u00e1 el Se\u00f1or golpeando a la puerta, con toda la fuerza sanadora de su amor divino. Recibiendo ese amor nos sentimos dignos, nos sentimos valorados de verdad, nos sentimos reconocidos gratuitamente, y entonces s\u00ed podremos dedicarnos a dar amor a los dem\u00e1s sin esperar que nos devuelvan algo. S\u00f3lo as\u00ed sabremos por fin lo que es el amor.<\/p>\n<p><em><strong>Mons. V\u00edctor Manuel Fern\u00e1ndez<\/strong><\/em><\/p>\n","protected":false},"excerpt":{"rendered":"<p>Muchas personas sufren por la falta de amor. Porque desde ni\u00f1os han hecho todo lo posible por ser apreciados y amados, pero no recibieron la atenci\u00f3n y el cari\u00f1o que necesitaban. As\u00ed les ha quedado el coraz\u00f3n herido y nunca tienen el amor que buscan, siempre se sienten defraudados. Porque en realidad esa herida de &#8230; <a title=\"Para curar heridas de amor\" class=\"read-more\" href=\"https:\/\/quechilero.com\/blog\/2015\/04\/09\/para-curar-heridas-de-amor\/\" aria-label=\"Leer m\u00e1s sobre Para curar heridas de amor\">Leer m\u00e1s<\/a><\/p>\n","protected":false},"author":1,"featured_media":0,"comment_status":"open","ping_status":"open","sticky":false,"template":"","format":"standard","meta":{"advanced_seo_description":"","jetpack_seo_html_title":"","jetpack_seo_noindex":false,"jetpack_seo_schema_type":"","episode_type":"","audio_file":"","podmotor_file_id":"","podmotor_episode_id":"","cover_image":"","cover_image_id":"","duration":"","filesize":"","filesize_raw":"","date_recorded":"","explicit":"","block":"","_jetpack_newsletter_access":"","_jetpack_dont_email_post_to_subs":false,"_jetpack_newsletter_tier_id":0,"_jetpack_memberships_contains_paywalled_content":false,"_jetpack_feature_clip_id":0,"_jetpack_memberships_contains_paid_content":false,"footnotes":"","jetpack_publicize_message":"","jetpack_publicize_feature_enabled":true,"jetpack_social_post_already_shared":true,"jetpack_social_options":{"image_generator_settings":{"template":"highway","default_image_id":0,"font":"","enabled":false},"version":2},"jetpack_post_was_ever_published":false},"categories":[2],"tags":[84,15,41],"series":[],"class_list":["post-20036","post","type-post","status-publish","format-standard","hentry","category-limones","tag-amistad","tag-amor","tag-verdad"],"episode_featured_image":false,"episode_player_image":"https:\/\/i0.wp.com\/quechilero.com\/blog\/imagenes\/podcast.png?fit=1831%2C1831&ssl=1","download_link":"","player_link":"","audio_player":false,"episode_data":{"playerMode":"dark","subscribeUrls":{"amazon":{"key":"amazon","url":"","label":"Amazon","class":"amazon","icon":"amazon.png"},"apple_podcasts":{"key":"apple_podcasts","url":"","label":"Apple Podcasts","class":"apple_podcasts","icon":"apple-podcasts.png"},"castbox":{"key":"castbox","url":"","label":"CastBox","class":"castbox","icon":"castbox.png"},"deezer":{"key":"deezer","url":"","label":"Deezer","class":"deezer","icon":"deezer.png"},"google_podcasts":{"key":"google_podcasts","url":"","label":"Google Podcasts","class":"google_podcasts","icon":"google-podcasts.png"},"listen_notes":{"key":"listen_notes","url":"","label":"Listen Notes","class":"listen_notes","icon":"listen-notes.png"},"pandora":{"key":"pandora","url":"","label":"Pandora","class":"pandora","icon":"pandora.png"},"podbean":{"key":"podbean","url":"","label":"Podbean","class":"podbean","icon":"podbean.png"},"podcast_republic":{"key":"podcast_republic","url":"","label":"Podcast Republic","class":"podcast_republic","icon":"podcast-republic.png"},"rss":{"key":"rss","url":"","label":"RSS","class":"rss","icon":"rss.png"},"spotify":{"key":"spotify","url":"","label":"Spotify","class":"spotify","icon":"spotify.png"},"stitcher":{"key":"stitcher","url":"","label":"Stitcher","class":"stitcher","icon":"stitcher.png"},"tunein":{"key":"tunein","url":"","label":"TuneIn","class":"tunein","icon":"tunein.png"},"youtube":{"key":"youtube","url":"","label":"YouTube","class":"youtube","icon":"youtube.png"},"iheartradio":{"key":"iheartradio","url":"","label":"iHeartRadio","class":"iheartradio","icon":"iheartradio.png"},"ivoox":{"key":"ivoox","url":"","label":"iVoox","class":"ivoox","icon":"ivoox.png"}},"rssFeedUrl":"https:\/\/quechilero.com\/blog\/feed\/podcast\/si-la-vida-nos-da-limones","embedCode":"<blockquote class=\"wp-embedded-content\" data-secret=\"PdiI5ERMki\"><a href=\"https:\/\/quechilero.com\/blog\/2015\/04\/09\/para-curar-heridas-de-amor\/\">Para curar heridas de amor<\/a><\/blockquote><iframe sandbox=\"allow-scripts\" security=\"restricted\" src=\"https:\/\/quechilero.com\/blog\/2015\/04\/09\/para-curar-heridas-de-amor\/embed\/#?secret=PdiI5ERMki\" width=\"500\" height=\"350\" title=\"\u00abPara curar heridas de amor\u00bb \u2014 Si la Vida nos da Limones...\" data-secret=\"PdiI5ERMki\" frameborder=\"0\" marginwidth=\"0\" marginheight=\"0\" scrolling=\"no\" class=\"wp-embedded-content\"><\/iframe><script>\n\/*! This file is auto-generated *\/\n!function(d,l){\"use strict\";l.querySelector&&d.addEventListener&&\"undefined\"!=typeof URL&&(d.wp=d.wp||{},d.wp.receiveEmbedMessage||(d.wp.receiveEmbedMessage=function(e){var t=e.data;if((t||t.secret||t.message||t.value)&&!\/[^a-zA-Z0-9]\/.test(t.secret)){for(var s,r,n,a=l.querySelectorAll('iframe[data-secret=\"'+t.secret+'\"]'),o=l.querySelectorAll('blockquote[data-secret=\"'+t.secret+'\"]'),c=new RegExp(\"^https?:$\",\"i\"),i=0;i<o.length;i++)o[i].style.display=\"none\";for(i=0;i<a.length;i++)s=a[i],e.source===s.contentWindow&&(s.removeAttribute(\"style\"),\"height\"===t.message?(1e3<(r=parseInt(t.value,10))?r=1e3:~~r<200&&(r=200),s.height=r):\"link\"===t.message&&(r=new URL(s.getAttribute(\"src\")),n=new URL(t.value),c.test(n.protocol))&&n.host===r.host&&l.activeElement===s&&(d.top.location.href=t.value))}},d.addEventListener(\"message\",d.wp.receiveEmbedMessage,!1),l.addEventListener(\"DOMContentLoaded\",function(){for(var e,t,s=l.querySelectorAll(\"iframe.wp-embedded-content\"),r=0;r<s.length;r++)(t=(e=s[r]).getAttribute(\"data-secret\"))||(t=Math.random().toString(36).substring(2,12),e.src+=\"#?secret=\"+t,e.setAttribute(\"data-secret\",t)),e.contentWindow.postMessage({message:\"ready\",secret:t},\"*\")},!1)))}(window,document);\n\/\/# sourceURL=https:\/\/quechilero.com\/blog\/wp-includes\/js\/wp-embed.min.js\n<\/script>\n"},"jetpack_publicize_connections":[],"jetpack_shortlink":"https:\/\/wp.me\/pDKli-5da","jetpack_sharing_enabled":true,"jetpack-related-posts":[{"id":21462,"url":"https:\/\/quechilero.com\/blog\/2015\/08\/18\/cuando-uno-se-siente-solo-y-desesperado\/","url_meta":{"origin":20036,"position":0},"title":"Cuando uno se siente solo y desesperado","author":"Pepe Barrascout Ortiz","date":"18 agosto 2015","format":false,"excerpt":"Oraci\u00f3n para rezar cuando uno se siente solo y desesperado, y con necesidad de ser sanado por Dios. Cuando no nos hacen caso, cuando pensamos que no somos importantes, cuando no nos tienen en cuenta, nuestra alma queda herida. Con heridas profundas al sentirnos invisibles, indiferentes para otros. Las heridas\u2026","rel":"","context":"En \u00abLimones\u00bb","block_context":{"text":"Limones","link":"https:\/\/quechilero.com\/blog\/category\/limones\/"},"img":{"alt_text":"","src":"","width":0,"height":0},"classes":[]},{"id":478,"url":"https:\/\/quechilero.com\/blog\/2007\/03\/13\/como-cambiar-nuestros-moldes-mentales\/","url_meta":{"origin":20036,"position":1},"title":"C\u00f3mo cambiar nuestros moldes mentales","author":"Pepe Barrascout Ortiz","date":"13 marzo 2007","format":false,"excerpt":"El m\u00e9todo de la asertividad espiritual ense\u00f1a c\u00f3mo orientar nuestra vida seg\u00fan nuestros deseos, y c\u00f3mo adquirir herramientas para cambiar los moldes de pensamiento y con nuevos canales. Autor: Silvia Aber El proceso incluye varios pasos: Con\u00f3cete a ti mismo Este paso requiere valor, puesto que en su transcurso analizamos\u2026","rel":"","context":"En \u00abLimones\u00bb","block_context":{"text":"Limones","link":"https:\/\/quechilero.com\/blog\/category\/limones\/"},"img":{"alt_text":"","src":"","width":0,"height":0},"classes":[]},{"id":17668,"url":"https:\/\/quechilero.com\/blog\/2014\/01\/12\/una-cita-importante\/","url_meta":{"origin":20036,"position":2},"title":"Una cita importante","author":"Pepe Barrascout Ortiz","date":"12 enero 2014","format":false,"excerpt":"Era una ma\u00f1ana agitada, eran las 8:30 cuando un se\u00f1or mayor, de unos 80 a\u00f1os, lleg\u00f3 al hospital para que le sacaran los puntos de su pulgar. El se\u00f1or dijo que estaba apurado y que ten\u00eda una cita a las 9:00. Comprob\u00e9 sus se\u00f1ales vitales y le ped\u00ed que tomara\u2026","rel":"","context":"En \u00abLimones\u00bb","block_context":{"text":"Limones","link":"https:\/\/quechilero.com\/blog\/category\/limones\/"},"img":{"alt_text":"","src":"","width":0,"height":0},"classes":[]},{"id":19828,"url":"https:\/\/quechilero.com\/blog\/2015\/02\/15\/el-temor-debilitarse\/","url_meta":{"origin":20036,"position":3},"title":"El temor a debilitarse","author":"Pepe Barrascout Ortiz","date":"15 febrero 2015","format":false,"excerpt":"Las personas que son d\u00e9biles espiritualmente tienen muchos temores a debilitarse. Se sienten fr\u00e1giles, y por eso creen que se pueden desgastar y enfermar por cualquier cosa. Pero ese mismo temor los debilita m\u00e1s y los expone a enfermarse. Adem\u00e1s, como est\u00e1n pendientes de cualquier dolor, cada vez que comienzan\u2026","rel":"","context":"En \u00abLimones\u00bb","block_context":{"text":"Limones","link":"https:\/\/quechilero.com\/blog\/category\/limones\/"},"img":{"alt_text":"","src":"","width":0,"height":0},"classes":[]},{"id":17482,"url":"https:\/\/quechilero.com\/blog\/2013\/12\/06\/mendigos\/","url_meta":{"origin":20036,"position":4},"title":"Mendigos","author":"Pepe Barrascout Ortiz","date":"6 diciembre 2013","format":false,"excerpt":"No s\u00f3lo son mendigos los que andan por las calles mal vestidos, pidiendo de comer o beber porque tienen hambre, sed o fr\u00edo. Hay en muchos rincones del mundo, miles de limosneros escondidos; elegantes, con techo, pan y vino, pero carentes de amor y sinti\u00e9ndose por dentro vac\u00edos. Mendigos de\u2026","rel":"","context":"En \u00abLimones\u00bb","block_context":{"text":"Limones","link":"https:\/\/quechilero.com\/blog\/category\/limones\/"},"img":{"alt_text":"","src":"","width":0,"height":0},"classes":[]},{"id":4853,"url":"https:\/\/quechilero.com\/blog\/2010\/06\/04\/oracion-2\/","url_meta":{"origin":20036,"position":5},"title":"Oraci\u00f3n","author":"Pepe Barrascout Ortiz","date":"4 junio 2010","format":false,"excerpt":"T\u00fa sabes, Se\u00f1or, que la persona que est\u00e1 leyendo esto es muy especial para m\u00ed. Por eso, mi Se\u00f1or, te pido para ella que derrames Tu gran Misericordia en su vida. Llena su coraz\u00f3n de Amor, de Paz y de Alegr\u00eda. Toca su mente, sus emociones, sus recuerdos... Elimina sus\u2026","rel":"","context":"En \u00abLimones\u00bb","block_context":{"text":"Limones","link":"https:\/\/quechilero.com\/blog\/category\/limones\/"},"img":{"alt_text":"","src":"","width":0,"height":0},"classes":[]}],"jetpack_featured_media_url":"","_links":{"self":[{"href":"https:\/\/quechilero.com\/blog\/wp-json\/wp\/v2\/posts\/20036","targetHints":{"allow":["GET"]}}],"collection":[{"href":"https:\/\/quechilero.com\/blog\/wp-json\/wp\/v2\/posts"}],"about":[{"href":"https:\/\/quechilero.com\/blog\/wp-json\/wp\/v2\/types\/post"}],"author":[{"embeddable":true,"href":"https:\/\/quechilero.com\/blog\/wp-json\/wp\/v2\/users\/1"}],"replies":[{"embeddable":true,"href":"https:\/\/quechilero.com\/blog\/wp-json\/wp\/v2\/comments?post=20036"}],"version-history":[{"count":0,"href":"https:\/\/quechilero.com\/blog\/wp-json\/wp\/v2\/posts\/20036\/revisions"}],"wp:attachment":[{"href":"https:\/\/quechilero.com\/blog\/wp-json\/wp\/v2\/media?parent=20036"}],"wp:term":[{"taxonomy":"category","embeddable":true,"href":"https:\/\/quechilero.com\/blog\/wp-json\/wp\/v2\/categories?post=20036"},{"taxonomy":"post_tag","embeddable":true,"href":"https:\/\/quechilero.com\/blog\/wp-json\/wp\/v2\/tags?post=20036"},{"taxonomy":"series","embeddable":true,"href":"https:\/\/quechilero.com\/blog\/wp-json\/wp\/v2\/series?post=20036"}],"curies":[{"name":"wp","href":"https:\/\/api.w.org\/{rel}","templated":true}]}}