{"id":20032,"date":"2015-04-07T08:00:10","date_gmt":"2015-04-07T14:00:10","guid":{"rendered":"http:\/\/quechilero.com\/blog\/?p=20032"},"modified":"2015-04-08T11:02:18","modified_gmt":"2015-04-08T17:02:18","slug":"el-clavador-de-maderas","status":"publish","type":"post","link":"https:\/\/quechilero.com\/blog\/2015\/04\/07\/el-clavador-de-maderas\/","title":{"rendered":"El clavador de maderas"},"content":{"rendered":"<p>Cuenta la historia de un hombre cuya vida transcurr\u00eda entre madera, clavos y martillo, que, sin ser carpintero, pasaba sus horas de trabajo metiendo clavos a las maderas, construyendo cajones o tarimas para maquinaria de exportaci\u00f3n.<\/p>\n<p>Se le hab\u00eda hecho tan rutinaria esta labor a este hombre, que en los \u00faltimos tiempos trabajaba mal, enojado y ya demostraba, de \u00faltimo, ira descontrolada y hasta odio a su cotidiana tarea.<\/p>\n<p>\u00c9l secretamente quer\u00eda y aspiraba ascender en su labor. Uno de esos d\u00edas, hubo un llamado a aspirante encargado, anot\u00e1ndose a concursar por el cargo, pero curiosamente el puesto le fue dado a otro compa\u00f1ero.<\/p>\n<p>Se enfureci\u00f3 de tal forma, levantando su brazo, y al bajarlo con furia para golpear su mesada de trabajo, no vio un madero que tenia un gran clavo de punta arriba, el que atraves\u00f3 su palma de lado a lado. No se dio cuenta si el dolor que sinti\u00f3 en ese momento fue mayor al de no ser promovido. Su vida cambiar\u00eda radicalmente a partir de ese momento.<\/p>\n<p>Al curarse la herida, se encontrar\u00eda con otro problema, la p\u00e9rdida de fuerza y la atrofia de no poder cerrar su pu\u00f1o, lo que le vali\u00f3 la p\u00e9rdida de su trabajo.<\/p>\n<p>Como rayo de luz, vino a su mente la imagen de alguien que como \u00e9l no s\u00f3lo una mano tiene herida y las mismas atrofias, sino las dos manos.<\/p>\n<p>Pens\u00f3 para s\u00ed: Talvez Jes\u00fas muchas veces ha querido dejar llenar su coraz\u00f3n de ira y cerrar sus pu\u00f1os para golpearme con fuerza, por mis necedades, rebeliones, como desobediencias, pero esa imposibilidad es la que me recuerda el sacrificio que hizo por m\u00ed.<\/p>\n","protected":false},"excerpt":{"rendered":"<p>Cuenta la historia de un hombre cuya vida transcurr\u00eda entre madera, clavos y martillo, que, sin ser carpintero, pasaba sus horas de trabajo metiendo clavos a las maderas, construyendo cajones o tarimas para maquinaria de exportaci\u00f3n. Se le hab\u00eda hecho tan rutinaria esta labor a este hombre, que en los \u00faltimos tiempos trabajaba mal, enojado &#8230; <a title=\"El clavador de maderas\" class=\"read-more\" href=\"https:\/\/quechilero.com\/blog\/2015\/04\/07\/el-clavador-de-maderas\/\" aria-label=\"Leer m\u00e1s sobre El clavador de maderas\">Leer m\u00e1s<\/a><\/p>\n","protected":false},"author":1,"featured_media":0,"comment_status":"open","ping_status":"open","sticky":false,"template":"","format":"standard","meta":{"advanced_seo_description":"","jetpack_seo_html_title":"","jetpack_seo_noindex":false,"jetpack_seo_schema_type":"","episode_type":"","audio_file":"","podmotor_file_id":"","podmotor_episode_id":"","cover_image":"","cover_image_id":"","duration":"","filesize":"","filesize_raw":"","date_recorded":"","explicit":"","block":"","_jetpack_newsletter_access":"","_jetpack_dont_email_post_to_subs":false,"_jetpack_newsletter_tier_id":0,"_jetpack_memberships_contains_paywalled_content":false,"_jetpack_feature_clip_id":0,"_jetpack_memberships_contains_paid_content":false,"footnotes":"","jetpack_publicize_message":"","jetpack_publicize_feature_enabled":true,"jetpack_social_post_already_shared":true,"jetpack_social_options":{"image_generator_settings":{"template":"highway","default_image_id":0,"font":"","enabled":false},"version":2},"jetpack_post_was_ever_published":false},"categories":[2],"tags":[17,18,74,21,36,24],"series":[],"class_list":["post-20032","post","type-post","status-publish","format-standard","hentry","category-limones","tag-historia","tag-hombre","tag-jesus","tag-problema","tag-trabajo","tag-vida"],"episode_featured_image":false,"episode_player_image":"https:\/\/i0.wp.com\/quechilero.com\/blog\/imagenes\/podcast.png?fit=1831%2C1831&ssl=1","download_link":"","player_link":"","audio_player":false,"episode_data":{"playerMode":"dark","subscribeUrls":{"amazon":{"key":"amazon","url":"","label":"Amazon","class":"amazon","icon":"amazon.png"},"apple_podcasts":{"key":"apple_podcasts","url":"","label":"Apple Podcasts","class":"apple_podcasts","icon":"apple-podcasts.png"},"castbox":{"key":"castbox","url":"","label":"CastBox","class":"castbox","icon":"castbox.png"},"deezer":{"key":"deezer","url":"","label":"Deezer","class":"deezer","icon":"deezer.png"},"google_podcasts":{"key":"google_podcasts","url":"","label":"Google Podcasts","class":"google_podcasts","icon":"google-podcasts.png"},"listen_notes":{"key":"listen_notes","url":"","label":"Listen Notes","class":"listen_notes","icon":"listen-notes.png"},"pandora":{"key":"pandora","url":"","label":"Pandora","class":"pandora","icon":"pandora.png"},"podbean":{"key":"podbean","url":"","label":"Podbean","class":"podbean","icon":"podbean.png"},"podcast_republic":{"key":"podcast_republic","url":"","label":"Podcast Republic","class":"podcast_republic","icon":"podcast-republic.png"},"rss":{"key":"rss","url":"","label":"RSS","class":"rss","icon":"rss.png"},"spotify":{"key":"spotify","url":"","label":"Spotify","class":"spotify","icon":"spotify.png"},"stitcher":{"key":"stitcher","url":"","label":"Stitcher","class":"stitcher","icon":"stitcher.png"},"tunein":{"key":"tunein","url":"","label":"TuneIn","class":"tunein","icon":"tunein.png"},"youtube":{"key":"youtube","url":"","label":"YouTube","class":"youtube","icon":"youtube.png"},"iheartradio":{"key":"iheartradio","url":"","label":"iHeartRadio","class":"iheartradio","icon":"iheartradio.png"},"ivoox":{"key":"ivoox","url":"","label":"iVoox","class":"ivoox","icon":"ivoox.png"}},"rssFeedUrl":"https:\/\/quechilero.com\/blog\/feed\/podcast\/si-la-vida-nos-da-limones","embedCode":"<blockquote class=\"wp-embedded-content\" data-secret=\"RY2d2WA8Mm\"><a href=\"https:\/\/quechilero.com\/blog\/2015\/04\/07\/el-clavador-de-maderas\/\">El clavador de maderas<\/a><\/blockquote><iframe sandbox=\"allow-scripts\" security=\"restricted\" src=\"https:\/\/quechilero.com\/blog\/2015\/04\/07\/el-clavador-de-maderas\/embed\/#?secret=RY2d2WA8Mm\" width=\"500\" height=\"350\" title=\"\u00abEl clavador de maderas\u00bb \u2014 Si la Vida nos da Limones...\" data-secret=\"RY2d2WA8Mm\" frameborder=\"0\" marginwidth=\"0\" marginheight=\"0\" scrolling=\"no\" class=\"wp-embedded-content\"><\/iframe><script>\n\/*! This file is auto-generated *\/\n!function(d,l){\"use strict\";l.querySelector&&d.addEventListener&&\"undefined\"!=typeof URL&&(d.wp=d.wp||{},d.wp.receiveEmbedMessage||(d.wp.receiveEmbedMessage=function(e){var t=e.data;if((t||t.secret||t.message||t.value)&&!\/[^a-zA-Z0-9]\/.test(t.secret)){for(var s,r,n,a=l.querySelectorAll('iframe[data-secret=\"'+t.secret+'\"]'),o=l.querySelectorAll('blockquote[data-secret=\"'+t.secret+'\"]'),c=new RegExp(\"^https?:$\",\"i\"),i=0;i<o.length;i++)o[i].style.display=\"none\";for(i=0;i<a.length;i++)s=a[i],e.source===s.contentWindow&&(s.removeAttribute(\"style\"),\"height\"===t.message?(1e3<(r=parseInt(t.value,10))?r=1e3:~~r<200&&(r=200),s.height=r):\"link\"===t.message&&(r=new URL(s.getAttribute(\"src\")),n=new URL(t.value),c.test(n.protocol))&&n.host===r.host&&l.activeElement===s&&(d.top.location.href=t.value))}},d.addEventListener(\"message\",d.wp.receiveEmbedMessage,!1),l.addEventListener(\"DOMContentLoaded\",function(){for(var e,t,s=l.querySelectorAll(\"iframe.wp-embedded-content\"),r=0;r<s.length;r++)(t=(e=s[r]).getAttribute(\"data-secret\"))||(t=Math.random().toString(36).substring(2,12),e.src+=\"#?secret=\"+t,e.setAttribute(\"data-secret\",t)),e.contentWindow.postMessage({message:\"ready\",secret:t},\"*\")},!1)))}(window,document);\n\/\/# sourceURL=https:\/\/quechilero.com\/blog\/wp-includes\/js\/wp-embed.min.js\n<\/script>\n"},"jetpack_publicize_connections":[],"jetpack_shortlink":"https:\/\/wp.me\/pDKli-5d6","jetpack_sharing_enabled":true,"jetpack-related-posts":[{"id":531,"url":"https:\/\/quechilero.com\/blog\/2007\/04\/27\/ansioso-por-conocer-la-madera-de-sandalo\/","url_meta":{"origin":20032,"position":0},"title":"Ansioso por conocer la madera de s\u00e1ndalo","author":"Pepe Barrascout Ortiz","date":"27 abril 2007","format":false,"excerpt":"Muchas veces el aspirante procede respecto a la verdad tan ignorantemente como el hombre de esta historia. No conoc\u00eda la madera de s\u00e1ndalo, pero hab\u00eda escuchado mucho sobre sus excelencias. Naci\u00f3 as\u00ed en \u00e9l un fuerte deseo por conocer esa clase de madera tan ponderada y entonces decidi\u00f3 escribir a\u2026","rel":"","context":"En \u00abLimones\u00bb","block_context":{"text":"Limones","link":"https:\/\/quechilero.com\/blog\/category\/limones\/"},"img":{"alt_text":"","src":"","width":0,"height":0},"classes":[]},{"id":16894,"url":"https:\/\/quechilero.com\/blog\/2013\/08\/17\/lo-grande-de-los-detalles\/","url_meta":{"origin":20032,"position":1},"title":"Lo grande de los detalles","author":"Pepe Barrascout Ortiz","date":"17 agosto 2013","format":false,"excerpt":"No debemos pensar que la felicidad est\u00e1 en los grandes acontecimientos. Hay que rastrearla en esas peque\u00f1as luces que se encuentran y se desperdigan en los detalles. Por ejemplo, en el trabajo, a lo mejor no podemos aspirar hoy a grandes logros, porque quiz\u00e1 no se presente la ocasi\u00f3n, pero\u2026","rel":"","context":"En \u00abLimones\u00bb","block_context":{"text":"Limones","link":"https:\/\/quechilero.com\/blog\/category\/limones\/"},"img":{"alt_text":"","src":"","width":0,"height":0},"classes":[]},{"id":193,"url":"https:\/\/quechilero.com\/blog\/2006\/08\/26\/companeros-en-el-trabajo\/","url_meta":{"origin":20032,"position":2},"title":"Compa\u00f1eros en el Trabajo","author":"Pepe Barrascout Ortiz","date":"26 agosto 2006","format":false,"excerpt":"A todos nos ha pasado, siempre hay alguien en nuestro trabajo que se comporta de manera muy especial, esta lista te ayudar\u00e1 a identificarlo y clasificarlo. Y seguro que tambi\u00e9n hay un \u00edtem que nos clasifica a nosotros. \u00bfcual es el tuyo? * Motor de refrigerador: Trabaja 5 minutos y\u2026","rel":"","context":"En \u00abLimones\u00bb","block_context":{"text":"Limones","link":"https:\/\/quechilero.com\/blog\/category\/limones\/"},"img":{"alt_text":"","src":"","width":0,"height":0},"classes":[]},{"id":15232,"url":"https:\/\/quechilero.com\/blog\/2012\/12\/07\/decide-por-ti-mismo\/","url_meta":{"origin":20032,"position":3},"title":"Decide por ti mismo","author":"Pepe Barrascout Ortiz","date":"7 diciembre 2012","format":false,"excerpt":"Un granjero contrat\u00f3 a un pe\u00f3n y lo destin\u00f3 a que cortara le\u00f1a. A media ma\u00f1ana, el granjero fue a ver si hab\u00eda adelantado algo. Para su sorpresa, encontr\u00f3 que toda la madera ya estaba cortada. Le orden\u00f3 al hombre que la almacenara, creyendo que esta labor tomar\u00eda varias horas,\u2026","rel":"","context":"En \u00abLimones\u00bb","block_context":{"text":"Limones","link":"https:\/\/quechilero.com\/blog\/category\/limones\/"},"img":{"alt_text":"","src":"","width":0,"height":0},"classes":[]},{"id":17697,"url":"https:\/\/quechilero.com\/blog\/2014\/01\/25\/nosotros-generamos-todo\/","url_meta":{"origin":20032,"position":4},"title":"Nosotros generamos todo","author":"Pepe Barrascout Ortiz","date":"25 enero 2014","format":false,"excerpt":"El trabajo deber\u00eda ser para llenar de innovaciones la mente, y de orgullo el coraz\u00f3n. No para que el coraz\u00f3n se corrompa y la mente se envilezca, y uno se sienta desagraciado con \u00e9l. No procedemos de buena madera. Venimos de un sistema capitalista desacertado y deformado. O de un\u2026","rel":"","context":"En \u00abLimones\u00bb","block_context":{"text":"Limones","link":"https:\/\/quechilero.com\/blog\/category\/limones\/"},"img":{"alt_text":"","src":"","width":0,"height":0},"classes":[]},{"id":922,"url":"https:\/\/quechilero.com\/blog\/2008\/04\/04\/parabola-del-arbol\/","url_meta":{"origin":20032,"position":5},"title":"Par\u00e1bola del \u00e1rbol","author":"Pepe Barrascout Ortiz","date":"4 abril 2008","format":false,"excerpt":"En aquel tiempo, Jes\u00fas se acerc\u00f3 a un grupo de estudiantes y les dijo: - Venid conmigo. Os necesito para llevar el Evangelio a todos los pueblos. Los j\u00f3venes se quedaron sorprendidos. Uno de ellos se atrevi\u00f3 a decir en nombre de todos: - Se\u00f1or, estamos convencidos de que nuestra\u2026","rel":"","context":"En \u00abLimones\u00bb","block_context":{"text":"Limones","link":"https:\/\/quechilero.com\/blog\/category\/limones\/"},"img":{"alt_text":"","src":"","width":0,"height":0},"classes":[]}],"jetpack_featured_media_url":"","_links":{"self":[{"href":"https:\/\/quechilero.com\/blog\/wp-json\/wp\/v2\/posts\/20032","targetHints":{"allow":["GET"]}}],"collection":[{"href":"https:\/\/quechilero.com\/blog\/wp-json\/wp\/v2\/posts"}],"about":[{"href":"https:\/\/quechilero.com\/blog\/wp-json\/wp\/v2\/types\/post"}],"author":[{"embeddable":true,"href":"https:\/\/quechilero.com\/blog\/wp-json\/wp\/v2\/users\/1"}],"replies":[{"embeddable":true,"href":"https:\/\/quechilero.com\/blog\/wp-json\/wp\/v2\/comments?post=20032"}],"version-history":[{"count":0,"href":"https:\/\/quechilero.com\/blog\/wp-json\/wp\/v2\/posts\/20032\/revisions"}],"wp:attachment":[{"href":"https:\/\/quechilero.com\/blog\/wp-json\/wp\/v2\/media?parent=20032"}],"wp:term":[{"taxonomy":"category","embeddable":true,"href":"https:\/\/quechilero.com\/blog\/wp-json\/wp\/v2\/categories?post=20032"},{"taxonomy":"post_tag","embeddable":true,"href":"https:\/\/quechilero.com\/blog\/wp-json\/wp\/v2\/tags?post=20032"},{"taxonomy":"series","embeddable":true,"href":"https:\/\/quechilero.com\/blog\/wp-json\/wp\/v2\/series?post=20032"}],"curies":[{"name":"wp","href":"https:\/\/api.w.org\/{rel}","templated":true}]}}