{"id":20030,"date":"2015-04-06T08:00:25","date_gmt":"2015-04-06T14:00:25","guid":{"rendered":"http:\/\/quechilero.com\/blog\/?p=20030"},"modified":"2015-04-08T11:00:48","modified_gmt":"2015-04-08T17:00:48","slug":"calidad-humana","status":"publish","type":"post","link":"https:\/\/quechilero.com\/blog\/2015\/04\/06\/calidad-humana\/","title":{"rendered":"Calidad humana"},"content":{"rendered":"<p>En esta \u00e9poca todos hablan de calidad de productos, de calidad de procesos, calidad de servicios, calidad de sistemas. Muy poca gente habla de calidad humana, calidad de vida&#8230; y sin ella, todo lo dem\u00e1s es apariencia, sin fundamento.<\/p>\n<p>Hablar de calidad humana es cuidar nuestros v\u00ednculos con los dem\u00e1s. Necesitamos rehacer nuestros v\u00ednculos humanos.<\/p>\n<p>De nada sirve trabajar de sol a sol en un lugar donde no tenemos amigos y llegar cansados a un hogar en el que nadie se interesa en saber c\u00f3mo nos fue. \u00bfPara qu\u00e9 trabajar tanto si nos sentimos solos?<\/p>\n<p>Es triste leer un libro y no tener a alguien con quien comentarlo, es doloroso sentirse preocupado y no contar con una persona a quien abrirle el coraz\u00f3n.<\/p>\n<p>De nada vale estar al frente de una cancha de tenis, de f\u00fatbol o frente a un juego de sal\u00f3n si no tenemos con quien jugar, con quien disfrutar ese momento. \u00bfPara qu\u00e9 tener lo que no se puede compartir?<\/p>\n<p>Ni las cosas ni el dinero poseen valor intr\u00ednseco. El valor de lo material esta en su aplicaci\u00f3n, en el servicio a alguien m\u00e1s o la convivencia con alguien m\u00e1s.<\/p>\n<p>La belleza de tener est\u00e1 en compartir. La magia de luchar por una prosperidad econ\u00f3mica, estriba, ni m\u00e1s ni menos, en poder ver sonre\u00edr a alguien a quien le damos el privilegio de disfrutar lo que ganamos.<\/p>\n<p>Eso es parte de la naturaleza humana: dar, convivir, amar, servir&#8230; ayudar.<\/p>\n","protected":false},"excerpt":{"rendered":"<p>En esta \u00e9poca todos hablan de calidad de productos, de calidad de procesos, calidad de servicios, calidad de sistemas. Muy poca gente habla de calidad humana, calidad de vida&#8230; y sin ella, todo lo dem\u00e1s es apariencia, sin fundamento. Hablar de calidad humana es cuidar nuestros v\u00ednculos con los dem\u00e1s. Necesitamos rehacer nuestros v\u00ednculos humanos. &#8230; <a title=\"Calidad humana\" class=\"read-more\" href=\"https:\/\/quechilero.com\/blog\/2015\/04\/06\/calidad-humana\/\" aria-label=\"Leer m\u00e1s sobre Calidad humana\">Leer m\u00e1s<\/a><\/p>\n","protected":false},"author":1,"featured_media":0,"comment_status":"open","ping_status":"open","sticky":false,"template":"","format":"standard","meta":{"advanced_seo_description":"","jetpack_seo_html_title":"","jetpack_seo_noindex":false,"jetpack_seo_schema_type":"","episode_type":"","audio_file":"","podmotor_file_id":"","podmotor_episode_id":"","cover_image":"","cover_image_id":"","duration":"","filesize":"","filesize_raw":"","date_recorded":"","explicit":"","block":"","_jetpack_newsletter_access":"","_jetpack_dont_email_post_to_subs":false,"_jetpack_newsletter_tier_id":0,"_jetpack_memberships_contains_paywalled_content":false,"_jetpack_feature_clip_id":0,"_jetpack_memberships_contains_paid_content":false,"footnotes":"","jetpack_publicize_message":"","jetpack_publicize_feature_enabled":true,"jetpack_social_post_already_shared":true,"jetpack_social_options":{"image_generator_settings":{"template":"highway","default_image_id":0,"font":"","enabled":false},"version":2},"jetpack_post_was_ever_published":false},"categories":[2],"tags":[12,26,33,72,24],"series":[],"class_list":["post-20030","post","type-post","status-publish","format-standard","hentry","category-limones","tag-cosas","tag-dinero","tag-humanos","tag-libro","tag-vida"],"episode_featured_image":false,"episode_player_image":"https:\/\/i0.wp.com\/quechilero.com\/blog\/imagenes\/podcast.png?fit=1831%2C1831&ssl=1","download_link":"","player_link":"","audio_player":false,"episode_data":{"playerMode":"dark","subscribeUrls":{"amazon":{"key":"amazon","url":"","label":"Amazon","class":"amazon","icon":"amazon.png"},"apple_podcasts":{"key":"apple_podcasts","url":"","label":"Apple Podcasts","class":"apple_podcasts","icon":"apple-podcasts.png"},"castbox":{"key":"castbox","url":"","label":"CastBox","class":"castbox","icon":"castbox.png"},"deezer":{"key":"deezer","url":"","label":"Deezer","class":"deezer","icon":"deezer.png"},"google_podcasts":{"key":"google_podcasts","url":"","label":"Google Podcasts","class":"google_podcasts","icon":"google-podcasts.png"},"listen_notes":{"key":"listen_notes","url":"","label":"Listen Notes","class":"listen_notes","icon":"listen-notes.png"},"pandora":{"key":"pandora","url":"","label":"Pandora","class":"pandora","icon":"pandora.png"},"podbean":{"key":"podbean","url":"","label":"Podbean","class":"podbean","icon":"podbean.png"},"podcast_republic":{"key":"podcast_republic","url":"","label":"Podcast Republic","class":"podcast_republic","icon":"podcast-republic.png"},"rss":{"key":"rss","url":"","label":"RSS","class":"rss","icon":"rss.png"},"spotify":{"key":"spotify","url":"","label":"Spotify","class":"spotify","icon":"spotify.png"},"stitcher":{"key":"stitcher","url":"","label":"Stitcher","class":"stitcher","icon":"stitcher.png"},"tunein":{"key":"tunein","url":"","label":"TuneIn","class":"tunein","icon":"tunein.png"},"youtube":{"key":"youtube","url":"","label":"YouTube","class":"youtube","icon":"youtube.png"},"iheartradio":{"key":"iheartradio","url":"","label":"iHeartRadio","class":"iheartradio","icon":"iheartradio.png"},"ivoox":{"key":"ivoox","url":"","label":"iVoox","class":"ivoox","icon":"ivoox.png"}},"rssFeedUrl":"https:\/\/quechilero.com\/blog\/feed\/podcast\/si-la-vida-nos-da-limones","embedCode":"<blockquote class=\"wp-embedded-content\" data-secret=\"wsh7AIlfyb\"><a href=\"https:\/\/quechilero.com\/blog\/2015\/04\/06\/calidad-humana\/\">Calidad humana<\/a><\/blockquote><iframe sandbox=\"allow-scripts\" security=\"restricted\" src=\"https:\/\/quechilero.com\/blog\/2015\/04\/06\/calidad-humana\/embed\/#?secret=wsh7AIlfyb\" width=\"500\" height=\"350\" title=\"\u00abCalidad humana\u00bb \u2014 Si la Vida nos da Limones...\" data-secret=\"wsh7AIlfyb\" frameborder=\"0\" marginwidth=\"0\" marginheight=\"0\" scrolling=\"no\" class=\"wp-embedded-content\"><\/iframe><script>\n\/*! This file is auto-generated *\/\n!function(d,l){\"use strict\";l.querySelector&&d.addEventListener&&\"undefined\"!=typeof URL&&(d.wp=d.wp||{},d.wp.receiveEmbedMessage||(d.wp.receiveEmbedMessage=function(e){var t=e.data;if((t||t.secret||t.message||t.value)&&!\/[^a-zA-Z0-9]\/.test(t.secret)){for(var s,r,n,a=l.querySelectorAll('iframe[data-secret=\"'+t.secret+'\"]'),o=l.querySelectorAll('blockquote[data-secret=\"'+t.secret+'\"]'),c=new RegExp(\"^https?:$\",\"i\"),i=0;i<o.length;i++)o[i].style.display=\"none\";for(i=0;i<a.length;i++)s=a[i],e.source===s.contentWindow&&(s.removeAttribute(\"style\"),\"height\"===t.message?(1e3<(r=parseInt(t.value,10))?r=1e3:~~r<200&&(r=200),s.height=r):\"link\"===t.message&&(r=new URL(s.getAttribute(\"src\")),n=new URL(t.value),c.test(n.protocol))&&n.host===r.host&&l.activeElement===s&&(d.top.location.href=t.value))}},d.addEventListener(\"message\",d.wp.receiveEmbedMessage,!1),l.addEventListener(\"DOMContentLoaded\",function(){for(var e,t,s=l.querySelectorAll(\"iframe.wp-embedded-content\"),r=0;r<s.length;r++)(t=(e=s[r]).getAttribute(\"data-secret\"))||(t=Math.random().toString(36).substring(2,12),e.src+=\"#?secret=\"+t,e.setAttribute(\"data-secret\",t)),e.contentWindow.postMessage({message:\"ready\",secret:t},\"*\")},!1)))}(window,document);\n\/\/# sourceURL=https:\/\/quechilero.com\/blog\/wp-includes\/js\/wp-embed.min.js\n<\/script>\n"},"jetpack_publicize_connections":[],"jetpack_shortlink":"https:\/\/wp.me\/pDKli-5d4","jetpack_sharing_enabled":true,"jetpack-related-posts":[{"id":3689,"url":"https:\/\/quechilero.com\/blog\/2009\/09\/30\/con-dios-todo-funciona\/","url_meta":{"origin":20030,"position":0},"title":"Con Dios, todo funciona","author":"Pepe Barrascout Ortiz","date":"30 septiembre 2009","format":false,"excerpt":"La periodista Dorothy Thompson estaba entrevistando a un sobreviviente de un campo de concentraci\u00f3n nazi y le pregunt\u00f3 si alguien hab\u00eda conservado su calidad humana en el campo de concentraci\u00f3n. \u00c9l respondi\u00f3 inmediatamente: \"No, absolutamente nadie\". Pero, sorprendido, record\u00f3: \"No es cierto, hab\u00eda un grupo de personas que s\u00ed conservaron\u2026","rel":"","context":"En \u00abLimones\u00bb","block_context":{"text":"Limones","link":"https:\/\/quechilero.com\/blog\/category\/limones\/"},"img":{"alt_text":"","src":"","width":0,"height":0},"classes":[]},{"id":19838,"url":"https:\/\/quechilero.com\/blog\/2015\/06\/17\/ser-padres-con-liderazgo\/","url_meta":{"origin":20030,"position":1},"title":"Ser padres con liderazgo","author":"Pepe Barrascout Ortiz","date":"17 junio 2015","format":false,"excerpt":"De acuerdo al orden natural o jerarqu\u00eda, los padres somos los gu\u00edas, somos los h\u00e9roes, los primeros maestros, enfermeros, ch\u00f3feres y mucho m\u00e1s en la vida de nuestros hijos. Los padres desempe\u00f1amos m\u00faltiples roles de liderazgo en la vida de ellos, tan s\u00f3lo por ser los padres, por ser mayores,\u2026","rel":"","context":"En \u00abLimones\u00bb","block_context":{"text":"Limones","link":"https:\/\/quechilero.com\/blog\/category\/limones\/"},"img":{"alt_text":"","src":"","width":0,"height":0},"classes":[]},{"id":922,"url":"https:\/\/quechilero.com\/blog\/2008\/04\/04\/parabola-del-arbol\/","url_meta":{"origin":20030,"position":2},"title":"Par\u00e1bola del \u00e1rbol","author":"Pepe Barrascout Ortiz","date":"4 abril 2008","format":false,"excerpt":"En aquel tiempo, Jes\u00fas se acerc\u00f3 a un grupo de estudiantes y les dijo: - Venid conmigo. Os necesito para llevar el Evangelio a todos los pueblos. Los j\u00f3venes se quedaron sorprendidos. Uno de ellos se atrevi\u00f3 a decir en nombre de todos: - Se\u00f1or, estamos convencidos de que nuestra\u2026","rel":"","context":"En \u00abLimones\u00bb","block_context":{"text":"Limones","link":"https:\/\/quechilero.com\/blog\/category\/limones\/"},"img":{"alt_text":"","src":"","width":0,"height":0},"classes":[]},{"id":606,"url":"https:\/\/quechilero.com\/blog\/2007\/08\/07\/el-nectar-de-la-vida\/","url_meta":{"origin":20030,"position":3},"title":"El n\u00e9ctar de la vida","author":"Pepe Barrascout Ortiz","date":"7 agosto 2007","format":false,"excerpt":"Un grupo de ex estudiantes, ya muy establecidos en sus carreras, se reuni\u00f3 para visitar a su viejo profesor de la universidad. Una vez en casa del maestro, la conversaci\u00f3n se concentr\u00f3 en quejas sobre el estr\u00e9s en el trabajo y la vida. Al ofrecerles n\u00e9ctar a sus visitas, el\u2026","rel":"","context":"En \u00abLimones\u00bb","block_context":{"text":"Limones","link":"https:\/\/quechilero.com\/blog\/category\/limones\/"},"img":{"alt_text":"","src":"","width":0,"height":0},"classes":[]},{"id":1268,"url":"https:\/\/quechilero.com\/blog\/2008\/08\/18\/la-antigua-guatemala-daily-photo-2\/","url_meta":{"origin":20030,"position":4},"title":"Marat\u00f3n &#8211; La Antigua Guatemala Daily Photo","author":"Pepe Barrascout Ortiz","date":"18 agosto 2008","format":false,"excerpt":"Un fotoblog de una calidad extraordinaria, sin precedentes en Guatemala, que muy merecidamente, acumula reconocimientos generados en todo el mundo. La Antigua Guatemala Daily Photo (Fotograf\u00edas diarias de La Antigua Guatemala, traducci\u00f3n libre) es a la fecha, el mejor fotoblog hecho de Guatemala. Y es que La Antigua Guatemala Daily\u2026","rel":"","context":"En \u00abBlogs de Guatemala\u00bb","block_context":{"text":"Blogs de Guatemala","link":"https:\/\/quechilero.com\/blog\/category\/blogs-de-guatemala\/"},"img":{"alt_text":"Antigua Daily Photo","src":"https:\/\/i0.wp.com\/img98.imageshack.us\/img98\/6043\/maratonlu7.jpg?resize=350%2C200","width":350,"height":200},"classes":[]},{"id":363,"url":"https:\/\/quechilero.com\/blog\/2007\/01\/08\/25-fuentes-tipograficas-de-calidad\/","url_meta":{"origin":20030,"position":5},"title":"25 fuentes tipogr\u00e1ficas de calidad","author":"Pepe Barrascout Ortiz","date":"8 enero 2007","format":false,"excerpt":"En esta p\u00e1gina, presentan un listado, de lo que ellos consideran las 25 mejores fuentes tipogr\u00e1ficas. En realidad no son la octava maravilla, en cuanto a dise\u00f1o, as\u00ed que no pueden esperar ver un listado de fuentes extra\u00f1as, rebuscadas o m\u00e1s bien originales. Sin embargo su valor radica en que\u2026","rel":"","context":"En \u00abLimones\u00bb","block_context":{"text":"Limones","link":"https:\/\/quechilero.com\/blog\/category\/limones\/"},"img":{"alt_text":"","src":"","width":0,"height":0},"classes":[]}],"jetpack_featured_media_url":"","_links":{"self":[{"href":"https:\/\/quechilero.com\/blog\/wp-json\/wp\/v2\/posts\/20030","targetHints":{"allow":["GET"]}}],"collection":[{"href":"https:\/\/quechilero.com\/blog\/wp-json\/wp\/v2\/posts"}],"about":[{"href":"https:\/\/quechilero.com\/blog\/wp-json\/wp\/v2\/types\/post"}],"author":[{"embeddable":true,"href":"https:\/\/quechilero.com\/blog\/wp-json\/wp\/v2\/users\/1"}],"replies":[{"embeddable":true,"href":"https:\/\/quechilero.com\/blog\/wp-json\/wp\/v2\/comments?post=20030"}],"version-history":[{"count":0,"href":"https:\/\/quechilero.com\/blog\/wp-json\/wp\/v2\/posts\/20030\/revisions"}],"wp:attachment":[{"href":"https:\/\/quechilero.com\/blog\/wp-json\/wp\/v2\/media?parent=20030"}],"wp:term":[{"taxonomy":"category","embeddable":true,"href":"https:\/\/quechilero.com\/blog\/wp-json\/wp\/v2\/categories?post=20030"},{"taxonomy":"post_tag","embeddable":true,"href":"https:\/\/quechilero.com\/blog\/wp-json\/wp\/v2\/tags?post=20030"},{"taxonomy":"series","embeddable":true,"href":"https:\/\/quechilero.com\/blog\/wp-json\/wp\/v2\/series?post=20030"}],"curies":[{"name":"wp","href":"https:\/\/api.w.org\/{rel}","templated":true}]}}